{"id":4452,"date":"2025-09-02T09:19:40","date_gmt":"2025-09-02T12:19:40","guid":{"rendered":"https:\/\/diariodelsurdigital.com.ar\/?p=4452"},"modified":"2025-09-02T09:19:40","modified_gmt":"2025-09-02T12:19:40","slug":"avanza-la-construccion-de-los-primeros-parques-solares-de-enersa-en-la-provincia","status":"publish","type":"post","link":"https:\/\/diariodelsurdigital.com.ar\/?p=4452","title":{"rendered":"Avanza la construcci\u00f3n de los primeros parques solares de Enersa en la provincia"},"content":{"rendered":"\n<p>En Sauce Pinto la obra se encuentra en su etapa final, en donde ya fueron instalados casi 600 paneles y 30 inversores. Mientras que en el predio del aut\u00f3dromo de Sauce Montrull se est\u00e1n realizando las tareas de acomodamiento del suelo, marcado de pilotes y armado de estructuras para el montaje.<\/p>\n\n\n\n<p>Enersa contin\u00faa trabajando en sus primeros parques solares como distribuidora de energ\u00eda: uno en Sauce Pinto y otro en el predio del aut\u00f3dromo ubicado en Sauce Montrull.<\/p>\n\n\n\n<p>Sauce Pinto: el primero en inaugurarse<br>En Sauce Pinto la obra se encuentra en su etapa final. Si las condiciones clim\u00e1ticas acompa\u00f1an, pronto quedar\u00e1 inaugurado y conectado al sistema el\u00e9ctrico provincial, aportando energ\u00eda limpia y estable para la producci\u00f3n y los vecinos de la zona.<\/p>\n\n\n\n<p>Ya fueron instalados casi 600 paneles y 30 inversores, con una potencia de 300 kW. Restan \u00fanicamente las \u00faltimas conexiones a los inversores y a la red.<\/p>\n\n\n\n<p>Al respecto, el presidente de Enersa, Uriel Brupbacher, afirm\u00f3: \u201cEstos parques solares marcan un antes y un despu\u00e9s en la historia de la Empresa. Como distribuidora estatal, damos un paso firme hacia una matriz energ\u00e9tica m\u00e1s limpia, garantizando al mismo tiempo energ\u00eda de calidad para todos los entrerrianos\u201d.<\/p>\n\n\n\n<p>Sauce Montrull: obras en marcha<br>En el predio del aut\u00f3dromo ubicado en Sauce Montrull se est\u00e1n realizando las tareas de acomodamiento del suelo, marcado de pilotes y armado de estructuras para el montaje. La dimensi\u00f3n del parque ser\u00e1 similar a la de Sauce Pinto, con una potencia de 300 kW.<\/p>\n\n\n\n<p>La presidenta comunal de Sauce Montrull, Mar\u00eda Daneri, destac\u00f3 la importancia del proyecto para la localidad y se\u00f1al\u00f3 que \u201crepresenta desarrollo, innovaci\u00f3n y la posibilidad de contar con energ\u00eda sustentable que beneficiar\u00e1 no solo a la comunidad, sino tambi\u00e9n a toda la provincia\u201d.<\/p>\n\n\n\n<p>Un hito para Entre R\u00edos<br>Con estos proyectos, Enersa busca estabilizar la red el\u00e9ctrica y garantizar energ\u00eda de calidad en la provincia. La puesta en marcha de los parques de Sauce Pinto y Sauce Montrull marcar\u00e1 un hito hist\u00f3rico, al ser los primeros desarrollados por la Empresa, y representa un paso firme hacia una matriz energ\u00e9tica m\u00e1s sostenible.<\/p>\n","protected":false},"excerpt":{"rendered":"<p>En Sauce Pinto la obra se encuentra en su etapa final, en donde ya fueron instalados casi 600 paneles y 30 inversores. Mientras que en el predio del aut\u00f3dromo de Sauce Montrull se est\u00e1n realizando las tareas de acomodamiento del suelo, marcado de pilotes y armado de estructuras para el montaje. Enersa contin\u00faa trabajando en [&hellip;]<\/p>\n","protected":false},"author":4,"featured_media":4453,"comment_status":"open","ping_status":"open","sticky":false,"template":"","format":"standard","meta":{"footnotes":""},"categories":[19,17],"tags":[],"class_list":{"0":"post-4452","1":"post","2":"type-post","3":"status-publish","4":"format-standard","5":"has-post-thumbnail","7":"category-interes-general","8":"category-provinciales"},"yoast_head":"<!-- This site is optimized with the Yoast SEO plugin v27.4 - https:\/\/yoast.com\/product\/yoast-seo-wordpress\/ -->\n<title>Avanza la construcci\u00f3n de los primeros parques solares de Enersa en la provincia - Diario del Sur<\/title>\n<meta name=\"robots\" content=\"index, follow, max-snippet:-1, max-image-preview:large, max-video-preview:-1\" \/>\n<link rel=\"canonical\" href=\"https:\/\/diariodelsurdigital.com.ar\/?p=4452\" \/>\n<meta property=\"og:locale\" content=\"es_ES\" \/>\n<meta property=\"og:type\" content=\"article\" \/>\n<meta property=\"og:title\" content=\"Avanza la construcci\u00f3n de los primeros parques solares de Enersa en la provincia - Diario del Sur\" \/>\n<meta property=\"og:description\" content=\"En Sauce Pinto la obra se encuentra en su etapa final, en donde ya fueron instalados casi 600 paneles y 30 inversores. Mientras que en el predio del aut\u00f3dromo de Sauce Montrull se est\u00e1n realizando las tareas de acomodamiento del suelo, marcado de pilotes y armado de estructuras para el montaje. Enersa contin\u00faa trabajando en [&hellip;]\" \/>\n<meta property=\"og:url\" content=\"https:\/\/diariodelsurdigital.com.ar\/?p=4452\" \/>\n<meta property=\"og:site_name\" content=\"Diario del Sur\" \/>\n<meta property=\"article:published_time\" content=\"2025-09-02T12:19:40+00:00\" \/>\n<meta property=\"og:image\" content=\"https:\/\/diariodelsurdigital.com.ar\/wp-content\/uploads\/2025\/09\/md-9.webp\" \/>\n\t<meta property=\"og:image:width\" content=\"992\" \/>\n\t<meta property=\"og:image:height\" content=\"620\" \/>\n\t<meta property=\"og:image:type\" content=\"image\/webp\" \/>\n<meta name=\"author\" content=\"Diario del Sur Digital\" \/>\n<meta name=\"twitter:card\" content=\"summary_large_image\" \/>\n<meta name=\"twitter:label1\" content=\"Escrito por\" \/>\n\t<meta name=\"twitter:data1\" content=\"Diario del Sur Digital\" \/>\n\t<meta name=\"twitter:label2\" content=\"Tiempo de lectura\" \/>\n\t<meta name=\"twitter:data2\" content=\"2 minutos\" \/>\n<script type=\"application\/ld+json\" class=\"yoast-schema-graph\">{\"@context\":\"https:\\\/\\\/schema.org\",\"@graph\":[{\"@type\":\"Article\",\"@id\":\"https:\\\/\\\/diariodelsurdigital.com.ar\\\/?p=4452#article\",\"isPartOf\":{\"@id\":\"https:\\\/\\\/diariodelsurdigital.com.ar\\\/?p=4452\"},\"author\":{\"name\":\"Diario del Sur Digital\",\"@id\":\"https:\\\/\\\/diariodelsurdigital.com.ar\\\/#\\\/schema\\\/person\\\/1a4992532ed62965c968031b49195c81\"},\"headline\":\"Avanza la construcci\u00f3n de los primeros parques solares de Enersa en la provincia\",\"datePublished\":\"2025-09-02T12:19:40+00:00\",\"mainEntityOfPage\":{\"@id\":\"https:\\\/\\\/diariodelsurdigital.com.ar\\\/?p=4452\"},\"wordCount\":382,\"commentCount\":0,\"image\":{\"@id\":\"https:\\\/\\\/diariodelsurdigital.com.ar\\\/?p=4452#primaryimage\"},\"thumbnailUrl\":\"https:\\\/\\\/diariodelsurdigital.com.ar\\\/wp-content\\\/uploads\\\/2025\\\/09\\\/md-9.webp\",\"articleSection\":[\"Inter\u00e9s General\",\"Provinciales\"],\"inLanguage\":\"es\",\"potentialAction\":[{\"@type\":\"CommentAction\",\"name\":\"Comment\",\"target\":[\"https:\\\/\\\/diariodelsurdigital.com.ar\\\/?p=4452#respond\"]}]},{\"@type\":\"WebPage\",\"@id\":\"https:\\\/\\\/diariodelsurdigital.com.ar\\\/?p=4452\",\"url\":\"https:\\\/\\\/diariodelsurdigital.com.ar\\\/?p=4452\",\"name\":\"Avanza la construcci\u00f3n de los primeros parques solares de Enersa en la provincia - Diario del Sur\",\"isPartOf\":{\"@id\":\"https:\\\/\\\/diariodelsurdigital.com.ar\\\/#website\"},\"primaryImageOfPage\":{\"@id\":\"https:\\\/\\\/diariodelsurdigital.com.ar\\\/?p=4452#primaryimage\"},\"image\":{\"@id\":\"https:\\\/\\\/diariodelsurdigital.com.ar\\\/?p=4452#primaryimage\"},\"thumbnailUrl\":\"https:\\\/\\\/diariodelsurdigital.com.ar\\\/wp-content\\\/uploads\\\/2025\\\/09\\\/md-9.webp\",\"datePublished\":\"2025-09-02T12:19:40+00:00\",\"author\":{\"@id\":\"https:\\\/\\\/diariodelsurdigital.com.ar\\\/#\\\/schema\\\/person\\\/1a4992532ed62965c968031b49195c81\"},\"breadcrumb\":{\"@id\":\"https:\\\/\\\/diariodelsurdigital.com.ar\\\/?p=4452#breadcrumb\"},\"inLanguage\":\"es\",\"potentialAction\":[{\"@type\":\"ReadAction\",\"target\":[\"https:\\\/\\\/diariodelsurdigital.com.ar\\\/?p=4452\"]}]},{\"@type\":\"ImageObject\",\"inLanguage\":\"es\",\"@id\":\"https:\\\/\\\/diariodelsurdigital.com.ar\\\/?p=4452#primaryimage\",\"url\":\"https:\\\/\\\/diariodelsurdigital.com.ar\\\/wp-content\\\/uploads\\\/2025\\\/09\\\/md-9.webp\",\"contentUrl\":\"https:\\\/\\\/diariodelsurdigital.com.ar\\\/wp-content\\\/uploads\\\/2025\\\/09\\\/md-9.webp\",\"width\":992,\"height\":620},{\"@type\":\"BreadcrumbList\",\"@id\":\"https:\\\/\\\/diariodelsurdigital.com.ar\\\/?p=4452#breadcrumb\",\"itemListElement\":[{\"@type\":\"ListItem\",\"position\":1,\"name\":\"Portada\",\"item\":\"https:\\\/\\\/diariodelsurdigital.com.ar\\\/\"},{\"@type\":\"ListItem\",\"position\":2,\"name\":\"Avanza la construcci\u00f3n de los primeros parques solares de Enersa en la provincia\"}]},{\"@type\":\"WebSite\",\"@id\":\"https:\\\/\\\/diariodelsurdigital.com.ar\\\/#website\",\"url\":\"https:\\\/\\\/diariodelsurdigital.com.ar\\\/\",\"name\":\"Diario del Sur\",\"description\":\"Digital\",\"potentialAction\":[{\"@type\":\"SearchAction\",\"target\":{\"@type\":\"EntryPoint\",\"urlTemplate\":\"https:\\\/\\\/diariodelsurdigital.com.ar\\\/?s={search_term_string}\"},\"query-input\":{\"@type\":\"PropertyValueSpecification\",\"valueRequired\":true,\"valueName\":\"search_term_string\"}}],\"inLanguage\":\"es\"},{\"@type\":\"Person\",\"@id\":\"https:\\\/\\\/diariodelsurdigital.com.ar\\\/#\\\/schema\\\/person\\\/1a4992532ed62965c968031b49195c81\",\"name\":\"Diario del Sur Digital\",\"image\":{\"@type\":\"ImageObject\",\"inLanguage\":\"es\",\"@id\":\"https:\\\/\\\/secure.gravatar.com\\\/avatar\\\/f0c7c47fc7146d19828273b9b8eda651c9c7ab583767e6338d3d3bee825adf76?s=96&d=mm&r=g\",\"url\":\"https:\\\/\\\/secure.gravatar.com\\\/avatar\\\/f0c7c47fc7146d19828273b9b8eda651c9c7ab583767e6338d3d3bee825adf76?s=96&d=mm&r=g\",\"contentUrl\":\"https:\\\/\\\/secure.gravatar.com\\\/avatar\\\/f0c7c47fc7146d19828273b9b8eda651c9c7ab583767e6338d3d3bee825adf76?s=96&d=mm&r=g\",\"caption\":\"Diario del Sur Digital\"},\"url\":\"https:\\\/\\\/diariodelsurdigital.com.ar\\\/?author=4\"}]}<\/script>\n<!-- \/ Yoast SEO plugin. -->","yoast_head_json":{"title":"Avanza la construcci\u00f3n de los primeros parques solares de Enersa en la provincia - Diario del Sur","robots":{"index":"index","follow":"follow","max-snippet":"max-snippet:-1","max-image-preview":"max-image-preview:large","max-video-preview":"max-video-preview:-1"},"canonical":"https:\/\/diariodelsurdigital.com.ar\/?p=4452","og_locale":"es_ES","og_type":"article","og_title":"Avanza la construcci\u00f3n de los primeros parques solares de Enersa en la provincia - Diario del Sur","og_description":"En Sauce Pinto la obra se encuentra en su etapa final, en donde ya fueron instalados casi 600 paneles y 30 inversores. Mientras que en el predio del aut\u00f3dromo de Sauce Montrull se est\u00e1n realizando las tareas de acomodamiento del suelo, marcado de pilotes y armado de estructuras para el montaje. Enersa contin\u00faa trabajando en [&hellip;]","og_url":"https:\/\/diariodelsurdigital.com.ar\/?p=4452","og_site_name":"Diario del Sur","article_published_time":"2025-09-02T12:19:40+00:00","og_image":[{"width":992,"height":620,"url":"https:\/\/diariodelsurdigital.com.ar\/wp-content\/uploads\/2025\/09\/md-9.webp","type":"image\/webp"}],"author":"Diario del Sur Digital","twitter_card":"summary_large_image","twitter_misc":{"Escrito por":"Diario del Sur Digital","Tiempo de lectura":"2 minutos"},"schema":{"@context":"https:\/\/schema.org","@graph":[{"@type":"Article","@id":"https:\/\/diariodelsurdigital.com.ar\/?p=4452#article","isPartOf":{"@id":"https:\/\/diariodelsurdigital.com.ar\/?p=4452"},"author":{"name":"Diario del Sur Digital","@id":"https:\/\/diariodelsurdigital.com.ar\/#\/schema\/person\/1a4992532ed62965c968031b49195c81"},"headline":"Avanza la construcci\u00f3n de los primeros parques solares de Enersa en la provincia","datePublished":"2025-09-02T12:19:40+00:00","mainEntityOfPage":{"@id":"https:\/\/diariodelsurdigital.com.ar\/?p=4452"},"wordCount":382,"commentCount":0,"image":{"@id":"https:\/\/diariodelsurdigital.com.ar\/?p=4452#primaryimage"},"thumbnailUrl":"https:\/\/diariodelsurdigital.com.ar\/wp-content\/uploads\/2025\/09\/md-9.webp","articleSection":["Inter\u00e9s General","Provinciales"],"inLanguage":"es","potentialAction":[{"@type":"CommentAction","name":"Comment","target":["https:\/\/diariodelsurdigital.com.ar\/?p=4452#respond"]}]},{"@type":"WebPage","@id":"https:\/\/diariodelsurdigital.com.ar\/?p=4452","url":"https:\/\/diariodelsurdigital.com.ar\/?p=4452","name":"Avanza la construcci\u00f3n de los primeros parques solares de Enersa en la provincia - Diario del Sur","isPartOf":{"@id":"https:\/\/diariodelsurdigital.com.ar\/#website"},"primaryImageOfPage":{"@id":"https:\/\/diariodelsurdigital.com.ar\/?p=4452#primaryimage"},"image":{"@id":"https:\/\/diariodelsurdigital.com.ar\/?p=4452#primaryimage"},"thumbnailUrl":"https:\/\/diariodelsurdigital.com.ar\/wp-content\/uploads\/2025\/09\/md-9.webp","datePublished":"2025-09-02T12:19:40+00:00","author":{"@id":"https:\/\/diariodelsurdigital.com.ar\/#\/schema\/person\/1a4992532ed62965c968031b49195c81"},"breadcrumb":{"@id":"https:\/\/diariodelsurdigital.com.ar\/?p=4452#breadcrumb"},"inLanguage":"es","potentialAction":[{"@type":"ReadAction","target":["https:\/\/diariodelsurdigital.com.ar\/?p=4452"]}]},{"@type":"ImageObject","inLanguage":"es","@id":"https:\/\/diariodelsurdigital.com.ar\/?p=4452#primaryimage","url":"https:\/\/diariodelsurdigital.com.ar\/wp-content\/uploads\/2025\/09\/md-9.webp","contentUrl":"https:\/\/diariodelsurdigital.com.ar\/wp-content\/uploads\/2025\/09\/md-9.webp","width":992,"height":620},{"@type":"BreadcrumbList","@id":"https:\/\/diariodelsurdigital.com.ar\/?p=4452#breadcrumb","itemListElement":[{"@type":"ListItem","position":1,"name":"Portada","item":"https:\/\/diariodelsurdigital.com.ar\/"},{"@type":"ListItem","position":2,"name":"Avanza la construcci\u00f3n de los primeros parques solares de Enersa en la provincia"}]},{"@type":"WebSite","@id":"https:\/\/diariodelsurdigital.com.ar\/#website","url":"https:\/\/diariodelsurdigital.com.ar\/","name":"Diario del Sur","description":"Digital","potentialAction":[{"@type":"SearchAction","target":{"@type":"EntryPoint","urlTemplate":"https:\/\/diariodelsurdigital.com.ar\/?s={search_term_string}"},"query-input":{"@type":"PropertyValueSpecification","valueRequired":true,"valueName":"search_term_string"}}],"inLanguage":"es"},{"@type":"Person","@id":"https:\/\/diariodelsurdigital.com.ar\/#\/schema\/person\/1a4992532ed62965c968031b49195c81","name":"Diario del Sur Digital","image":{"@type":"ImageObject","inLanguage":"es","@id":"https:\/\/secure.gravatar.com\/avatar\/f0c7c47fc7146d19828273b9b8eda651c9c7ab583767e6338d3d3bee825adf76?s=96&d=mm&r=g","url":"https:\/\/secure.gravatar.com\/avatar\/f0c7c47fc7146d19828273b9b8eda651c9c7ab583767e6338d3d3bee825adf76?s=96&d=mm&r=g","contentUrl":"https:\/\/secure.gravatar.com\/avatar\/f0c7c47fc7146d19828273b9b8eda651c9c7ab583767e6338d3d3bee825adf76?s=96&d=mm&r=g","caption":"Diario del Sur Digital"},"url":"https:\/\/diariodelsurdigital.com.ar\/?author=4"}]}},"_links":{"self":[{"href":"https:\/\/diariodelsurdigital.com.ar\/index.php?rest_route=\/wp\/v2\/posts\/4452","targetHints":{"allow":["GET"]}}],"collection":[{"href":"https:\/\/diariodelsurdigital.com.ar\/index.php?rest_route=\/wp\/v2\/posts"}],"about":[{"href":"https:\/\/diariodelsurdigital.com.ar\/index.php?rest_route=\/wp\/v2\/types\/post"}],"author":[{"embeddable":true,"href":"https:\/\/diariodelsurdigital.com.ar\/index.php?rest_route=\/wp\/v2\/users\/4"}],"replies":[{"embeddable":true,"href":"https:\/\/diariodelsurdigital.com.ar\/index.php?rest_route=%2Fwp%2Fv2%2Fcomments&post=4452"}],"version-history":[{"count":1,"href":"https:\/\/diariodelsurdigital.com.ar\/index.php?rest_route=\/wp\/v2\/posts\/4452\/revisions"}],"predecessor-version":[{"id":4454,"href":"https:\/\/diariodelsurdigital.com.ar\/index.php?rest_route=\/wp\/v2\/posts\/4452\/revisions\/4454"}],"wp:featuredmedia":[{"embeddable":true,"href":"https:\/\/diariodelsurdigital.com.ar\/index.php?rest_route=\/wp\/v2\/media\/4453"}],"wp:attachment":[{"href":"https:\/\/diariodelsurdigital.com.ar\/index.php?rest_route=%2Fwp%2Fv2%2Fmedia&parent=4452"}],"wp:term":[{"taxonomy":"category","embeddable":true,"href":"https:\/\/diariodelsurdigital.com.ar\/index.php?rest_route=%2Fwp%2Fv2%2Fcategories&post=4452"},{"taxonomy":"post_tag","embeddable":true,"href":"https:\/\/diariodelsurdigital.com.ar\/index.php?rest_route=%2Fwp%2Fv2%2Ftags&post=4452"}],"curies":[{"name":"wp","href":"https:\/\/api.w.org\/{rel}","templated":true}]}}