{"id":4455,"date":"2025-09-02T09:21:38","date_gmt":"2025-09-02T12:21:38","guid":{"rendered":"https:\/\/diariodelsurdigital.com.ar\/?p=4455"},"modified":"2025-09-02T09:21:39","modified_gmt":"2025-09-02T12:21:39","slug":"con-aumentos-el-instituto-becario-anuncio-su-cronograma-de-pagos","status":"publish","type":"post","link":"https:\/\/diariodelsurdigital.com.ar\/?p=4455","title":{"rendered":"Con aumentos, el Instituto Becario anunci\u00f3 su cronograma de pagos"},"content":{"rendered":"\n<p>Con beneficios nuevos y renovaciones en el nivel secundario, terciario y universitario, el gobierno de Entre R\u00edos abonar\u00e1 la beca a estudiantes de toda la provincia. Ser\u00e1 en tres tramos, y comenzar\u00e1 este viernes 5 de septiembre.<\/p>\n\n\n\n<p>\u00abEste proceso de mejorar el beneficio comenz\u00f3 en diciembre del 2023, cuando como gobierno provincial decidimos optimizar la beca y volver a recuperar valores hist\u00f3ricos para seguir acompa\u00f1ando los sue\u00f1os de nuestros estudiantes\u00bb, subray\u00f3 el director ejecutivo del organismo, Mariano Berdi\u00f1as.<\/p>\n\n\n\n<p>Adelant\u00f3 luego que \u00abeste viernes comenzaremos a dar cumplimiento al cronograma de pagos de becas provinciales, correspondiente al mes de septiembre\u00bb, y precis\u00f3 que \u00abser\u00e1 en tres tramos, y los estudiantes recibir\u00e1n su beca con el monto actualizado, as\u00ed como lo anunci\u00f3 el gobernador Rogelio Frigerio en su visita a nuestra Casa Central\u00bb.<\/p>\n\n\n\n<p>Cronograma septiembre<\/p>\n\n\n\n<p>Viernes 5 \/ Finalizaci\u00f3n de DNI en 0 , 1, 2 y 3 \/ Banco Entre R\u00edos<\/p>\n\n\n\n<p>Lunes 8 \/ Finalizaci\u00f3n de DNI en 4, 5 y 6 \/ Banco Entre R\u00edos<\/p>\n\n\n\n<p>Martes 9 \/ Finalizaci\u00f3n de DNI en 7, 8 y 9 \/ Banco Entre R\u00edos<\/p>\n\n\n\n<p>Nuevos montos- Becas Ordinarias<\/p>\n\n\n\n<p>Secundaria \/ 37.000 pesos<\/p>\n\n\n\n<p>Terciaria \/ 52.000 pesos<\/p>\n\n\n\n<p>Universitaria \/ 80.000 pesos.<\/p>\n","protected":false},"excerpt":{"rendered":"<p>Con beneficios nuevos y renovaciones en el nivel secundario, terciario y universitario, el gobierno de Entre R\u00edos abonar\u00e1 la beca a estudiantes de toda la provincia. Ser\u00e1 en tres tramos, y comenzar\u00e1 este viernes 5 de septiembre. \u00abEste proceso de mejorar el beneficio comenz\u00f3 en diciembre del 2023, cuando como gobierno provincial decidimos optimizar la [&hellip;]<\/p>\n","protected":false},"author":4,"featured_media":4456,"comment_status":"open","ping_status":"open","sticky":false,"template":"","format":"standard","meta":{"footnotes":""},"categories":[17],"tags":[],"class_list":{"0":"post-4455","1":"post","2":"type-post","3":"status-publish","4":"format-standard","5":"has-post-thumbnail","7":"category-provinciales"},"yoast_head":"<!-- This site is optimized with the Yoast SEO plugin v27.4 - https:\/\/yoast.com\/product\/yoast-seo-wordpress\/ -->\n<title>Con aumentos, el Instituto Becario anunci\u00f3 su cronograma de pagos - Diario del Sur<\/title>\n<meta name=\"robots\" content=\"index, follow, max-snippet:-1, max-image-preview:large, max-video-preview:-1\" \/>\n<link rel=\"canonical\" href=\"https:\/\/diariodelsurdigital.com.ar\/?p=4455\" \/>\n<meta property=\"og:locale\" content=\"es_ES\" \/>\n<meta property=\"og:type\" content=\"article\" \/>\n<meta property=\"og:title\" content=\"Con aumentos, el Instituto Becario anunci\u00f3 su cronograma de pagos - Diario del Sur\" \/>\n<meta property=\"og:description\" content=\"Con beneficios nuevos y renovaciones en el nivel secundario, terciario y universitario, el gobierno de Entre R\u00edos abonar\u00e1 la beca a estudiantes de toda la provincia. Ser\u00e1 en tres tramos, y comenzar\u00e1 este viernes 5 de septiembre. \u00abEste proceso de mejorar el beneficio comenz\u00f3 en diciembre del 2023, cuando como gobierno provincial decidimos optimizar la [&hellip;]\" \/>\n<meta property=\"og:url\" content=\"https:\/\/diariodelsurdigital.com.ar\/?p=4455\" \/>\n<meta property=\"og:site_name\" content=\"Diario del Sur\" \/>\n<meta property=\"article:published_time\" content=\"2025-09-02T12:21:38+00:00\" \/>\n<meta property=\"article:modified_time\" content=\"2025-09-02T12:21:39+00:00\" \/>\n<meta property=\"og:image\" content=\"https:\/\/diariodelsurdigital.com.ar\/wp-content\/uploads\/2025\/09\/md-10.webp\" \/>\n\t<meta property=\"og:image:width\" content=\"992\" \/>\n\t<meta property=\"og:image:height\" content=\"413\" \/>\n\t<meta property=\"og:image:type\" content=\"image\/webp\" \/>\n<meta name=\"author\" content=\"Diario del Sur Digital\" \/>\n<meta name=\"twitter:card\" content=\"summary_large_image\" \/>\n<meta name=\"twitter:label1\" content=\"Escrito por\" \/>\n\t<meta name=\"twitter:data1\" content=\"Diario del Sur Digital\" \/>\n\t<meta name=\"twitter:label2\" content=\"Tiempo de lectura\" \/>\n\t<meta name=\"twitter:data2\" content=\"2 minutos\" \/>\n<script type=\"application\/ld+json\" class=\"yoast-schema-graph\">{\"@context\":\"https:\\\/\\\/schema.org\",\"@graph\":[{\"@type\":\"Article\",\"@id\":\"https:\\\/\\\/diariodelsurdigital.com.ar\\\/?p=4455#article\",\"isPartOf\":{\"@id\":\"https:\\\/\\\/diariodelsurdigital.com.ar\\\/?p=4455\"},\"author\":{\"name\":\"Diario del Sur Digital\",\"@id\":\"https:\\\/\\\/diariodelsurdigital.com.ar\\\/#\\\/schema\\\/person\\\/1a4992532ed62965c968031b49195c81\"},\"headline\":\"Con aumentos, el Instituto Becario anunci\u00f3 su cronograma de pagos\",\"datePublished\":\"2025-09-02T12:21:38+00:00\",\"dateModified\":\"2025-09-02T12:21:39+00:00\",\"mainEntityOfPage\":{\"@id\":\"https:\\\/\\\/diariodelsurdigital.com.ar\\\/?p=4455\"},\"wordCount\":190,\"commentCount\":0,\"image\":{\"@id\":\"https:\\\/\\\/diariodelsurdigital.com.ar\\\/?p=4455#primaryimage\"},\"thumbnailUrl\":\"https:\\\/\\\/diariodelsurdigital.com.ar\\\/wp-content\\\/uploads\\\/2025\\\/09\\\/md-10.webp\",\"articleSection\":[\"Provinciales\"],\"inLanguage\":\"es\",\"potentialAction\":[{\"@type\":\"CommentAction\",\"name\":\"Comment\",\"target\":[\"https:\\\/\\\/diariodelsurdigital.com.ar\\\/?p=4455#respond\"]}]},{\"@type\":\"WebPage\",\"@id\":\"https:\\\/\\\/diariodelsurdigital.com.ar\\\/?p=4455\",\"url\":\"https:\\\/\\\/diariodelsurdigital.com.ar\\\/?p=4455\",\"name\":\"Con aumentos, el Instituto Becario anunci\u00f3 su cronograma de pagos - Diario del Sur\",\"isPartOf\":{\"@id\":\"https:\\\/\\\/diariodelsurdigital.com.ar\\\/#website\"},\"primaryImageOfPage\":{\"@id\":\"https:\\\/\\\/diariodelsurdigital.com.ar\\\/?p=4455#primaryimage\"},\"image\":{\"@id\":\"https:\\\/\\\/diariodelsurdigital.com.ar\\\/?p=4455#primaryimage\"},\"thumbnailUrl\":\"https:\\\/\\\/diariodelsurdigital.com.ar\\\/wp-content\\\/uploads\\\/2025\\\/09\\\/md-10.webp\",\"datePublished\":\"2025-09-02T12:21:38+00:00\",\"dateModified\":\"2025-09-02T12:21:39+00:00\",\"author\":{\"@id\":\"https:\\\/\\\/diariodelsurdigital.com.ar\\\/#\\\/schema\\\/person\\\/1a4992532ed62965c968031b49195c81\"},\"breadcrumb\":{\"@id\":\"https:\\\/\\\/diariodelsurdigital.com.ar\\\/?p=4455#breadcrumb\"},\"inLanguage\":\"es\",\"potentialAction\":[{\"@type\":\"ReadAction\",\"target\":[\"https:\\\/\\\/diariodelsurdigital.com.ar\\\/?p=4455\"]}]},{\"@type\":\"ImageObject\",\"inLanguage\":\"es\",\"@id\":\"https:\\\/\\\/diariodelsurdigital.com.ar\\\/?p=4455#primaryimage\",\"url\":\"https:\\\/\\\/diariodelsurdigital.com.ar\\\/wp-content\\\/uploads\\\/2025\\\/09\\\/md-10.webp\",\"contentUrl\":\"https:\\\/\\\/diariodelsurdigital.com.ar\\\/wp-content\\\/uploads\\\/2025\\\/09\\\/md-10.webp\",\"width\":992,\"height\":413},{\"@type\":\"BreadcrumbList\",\"@id\":\"https:\\\/\\\/diariodelsurdigital.com.ar\\\/?p=4455#breadcrumb\",\"itemListElement\":[{\"@type\":\"ListItem\",\"position\":1,\"name\":\"Portada\",\"item\":\"https:\\\/\\\/diariodelsurdigital.com.ar\\\/\"},{\"@type\":\"ListItem\",\"position\":2,\"name\":\"Con aumentos, el Instituto Becario anunci\u00f3 su cronograma de pagos\"}]},{\"@type\":\"WebSite\",\"@id\":\"https:\\\/\\\/diariodelsurdigital.com.ar\\\/#website\",\"url\":\"https:\\\/\\\/diariodelsurdigital.com.ar\\\/\",\"name\":\"Diario del Sur\",\"description\":\"Digital\",\"potentialAction\":[{\"@type\":\"SearchAction\",\"target\":{\"@type\":\"EntryPoint\",\"urlTemplate\":\"https:\\\/\\\/diariodelsurdigital.com.ar\\\/?s={search_term_string}\"},\"query-input\":{\"@type\":\"PropertyValueSpecification\",\"valueRequired\":true,\"valueName\":\"search_term_string\"}}],\"inLanguage\":\"es\"},{\"@type\":\"Person\",\"@id\":\"https:\\\/\\\/diariodelsurdigital.com.ar\\\/#\\\/schema\\\/person\\\/1a4992532ed62965c968031b49195c81\",\"name\":\"Diario del Sur Digital\",\"image\":{\"@type\":\"ImageObject\",\"inLanguage\":\"es\",\"@id\":\"https:\\\/\\\/secure.gravatar.com\\\/avatar\\\/f0c7c47fc7146d19828273b9b8eda651c9c7ab583767e6338d3d3bee825adf76?s=96&d=mm&r=g\",\"url\":\"https:\\\/\\\/secure.gravatar.com\\\/avatar\\\/f0c7c47fc7146d19828273b9b8eda651c9c7ab583767e6338d3d3bee825adf76?s=96&d=mm&r=g\",\"contentUrl\":\"https:\\\/\\\/secure.gravatar.com\\\/avatar\\\/f0c7c47fc7146d19828273b9b8eda651c9c7ab583767e6338d3d3bee825adf76?s=96&d=mm&r=g\",\"caption\":\"Diario del Sur Digital\"},\"url\":\"https:\\\/\\\/diariodelsurdigital.com.ar\\\/?author=4\"}]}<\/script>\n<!-- \/ Yoast SEO plugin. -->","yoast_head_json":{"title":"Con aumentos, el Instituto Becario anunci\u00f3 su cronograma de pagos - Diario del Sur","robots":{"index":"index","follow":"follow","max-snippet":"max-snippet:-1","max-image-preview":"max-image-preview:large","max-video-preview":"max-video-preview:-1"},"canonical":"https:\/\/diariodelsurdigital.com.ar\/?p=4455","og_locale":"es_ES","og_type":"article","og_title":"Con aumentos, el Instituto Becario anunci\u00f3 su cronograma de pagos - Diario del Sur","og_description":"Con beneficios nuevos y renovaciones en el nivel secundario, terciario y universitario, el gobierno de Entre R\u00edos abonar\u00e1 la beca a estudiantes de toda la provincia. Ser\u00e1 en tres tramos, y comenzar\u00e1 este viernes 5 de septiembre. \u00abEste proceso de mejorar el beneficio comenz\u00f3 en diciembre del 2023, cuando como gobierno provincial decidimos optimizar la [&hellip;]","og_url":"https:\/\/diariodelsurdigital.com.ar\/?p=4455","og_site_name":"Diario del Sur","article_published_time":"2025-09-02T12:21:38+00:00","article_modified_time":"2025-09-02T12:21:39+00:00","og_image":[{"width":992,"height":413,"url":"https:\/\/diariodelsurdigital.com.ar\/wp-content\/uploads\/2025\/09\/md-10.webp","type":"image\/webp"}],"author":"Diario del Sur Digital","twitter_card":"summary_large_image","twitter_misc":{"Escrito por":"Diario del Sur Digital","Tiempo de lectura":"2 minutos"},"schema":{"@context":"https:\/\/schema.org","@graph":[{"@type":"Article","@id":"https:\/\/diariodelsurdigital.com.ar\/?p=4455#article","isPartOf":{"@id":"https:\/\/diariodelsurdigital.com.ar\/?p=4455"},"author":{"name":"Diario del Sur Digital","@id":"https:\/\/diariodelsurdigital.com.ar\/#\/schema\/person\/1a4992532ed62965c968031b49195c81"},"headline":"Con aumentos, el Instituto Becario anunci\u00f3 su cronograma de pagos","datePublished":"2025-09-02T12:21:38+00:00","dateModified":"2025-09-02T12:21:39+00:00","mainEntityOfPage":{"@id":"https:\/\/diariodelsurdigital.com.ar\/?p=4455"},"wordCount":190,"commentCount":0,"image":{"@id":"https:\/\/diariodelsurdigital.com.ar\/?p=4455#primaryimage"},"thumbnailUrl":"https:\/\/diariodelsurdigital.com.ar\/wp-content\/uploads\/2025\/09\/md-10.webp","articleSection":["Provinciales"],"inLanguage":"es","potentialAction":[{"@type":"CommentAction","name":"Comment","target":["https:\/\/diariodelsurdigital.com.ar\/?p=4455#respond"]}]},{"@type":"WebPage","@id":"https:\/\/diariodelsurdigital.com.ar\/?p=4455","url":"https:\/\/diariodelsurdigital.com.ar\/?p=4455","name":"Con aumentos, el Instituto Becario anunci\u00f3 su cronograma de pagos - Diario del Sur","isPartOf":{"@id":"https:\/\/diariodelsurdigital.com.ar\/#website"},"primaryImageOfPage":{"@id":"https:\/\/diariodelsurdigital.com.ar\/?p=4455#primaryimage"},"image":{"@id":"https:\/\/diariodelsurdigital.com.ar\/?p=4455#primaryimage"},"thumbnailUrl":"https:\/\/diariodelsurdigital.com.ar\/wp-content\/uploads\/2025\/09\/md-10.webp","datePublished":"2025-09-02T12:21:38+00:00","dateModified":"2025-09-02T12:21:39+00:00","author":{"@id":"https:\/\/diariodelsurdigital.com.ar\/#\/schema\/person\/1a4992532ed62965c968031b49195c81"},"breadcrumb":{"@id":"https:\/\/diariodelsurdigital.com.ar\/?p=4455#breadcrumb"},"inLanguage":"es","potentialAction":[{"@type":"ReadAction","target":["https:\/\/diariodelsurdigital.com.ar\/?p=4455"]}]},{"@type":"ImageObject","inLanguage":"es","@id":"https:\/\/diariodelsurdigital.com.ar\/?p=4455#primaryimage","url":"https:\/\/diariodelsurdigital.com.ar\/wp-content\/uploads\/2025\/09\/md-10.webp","contentUrl":"https:\/\/diariodelsurdigital.com.ar\/wp-content\/uploads\/2025\/09\/md-10.webp","width":992,"height":413},{"@type":"BreadcrumbList","@id":"https:\/\/diariodelsurdigital.com.ar\/?p=4455#breadcrumb","itemListElement":[{"@type":"ListItem","position":1,"name":"Portada","item":"https:\/\/diariodelsurdigital.com.ar\/"},{"@type":"ListItem","position":2,"name":"Con aumentos, el Instituto Becario anunci\u00f3 su cronograma de pagos"}]},{"@type":"WebSite","@id":"https:\/\/diariodelsurdigital.com.ar\/#website","url":"https:\/\/diariodelsurdigital.com.ar\/","name":"Diario del Sur","description":"Digital","potentialAction":[{"@type":"SearchAction","target":{"@type":"EntryPoint","urlTemplate":"https:\/\/diariodelsurdigital.com.ar\/?s={search_term_string}"},"query-input":{"@type":"PropertyValueSpecification","valueRequired":true,"valueName":"search_term_string"}}],"inLanguage":"es"},{"@type":"Person","@id":"https:\/\/diariodelsurdigital.com.ar\/#\/schema\/person\/1a4992532ed62965c968031b49195c81","name":"Diario del Sur Digital","image":{"@type":"ImageObject","inLanguage":"es","@id":"https:\/\/secure.gravatar.com\/avatar\/f0c7c47fc7146d19828273b9b8eda651c9c7ab583767e6338d3d3bee825adf76?s=96&d=mm&r=g","url":"https:\/\/secure.gravatar.com\/avatar\/f0c7c47fc7146d19828273b9b8eda651c9c7ab583767e6338d3d3bee825adf76?s=96&d=mm&r=g","contentUrl":"https:\/\/secure.gravatar.com\/avatar\/f0c7c47fc7146d19828273b9b8eda651c9c7ab583767e6338d3d3bee825adf76?s=96&d=mm&r=g","caption":"Diario del Sur Digital"},"url":"https:\/\/diariodelsurdigital.com.ar\/?author=4"}]}},"_links":{"self":[{"href":"https:\/\/diariodelsurdigital.com.ar\/index.php?rest_route=\/wp\/v2\/posts\/4455","targetHints":{"allow":["GET"]}}],"collection":[{"href":"https:\/\/diariodelsurdigital.com.ar\/index.php?rest_route=\/wp\/v2\/posts"}],"about":[{"href":"https:\/\/diariodelsurdigital.com.ar\/index.php?rest_route=\/wp\/v2\/types\/post"}],"author":[{"embeddable":true,"href":"https:\/\/diariodelsurdigital.com.ar\/index.php?rest_route=\/wp\/v2\/users\/4"}],"replies":[{"embeddable":true,"href":"https:\/\/diariodelsurdigital.com.ar\/index.php?rest_route=%2Fwp%2Fv2%2Fcomments&post=4455"}],"version-history":[{"count":1,"href":"https:\/\/diariodelsurdigital.com.ar\/index.php?rest_route=\/wp\/v2\/posts\/4455\/revisions"}],"predecessor-version":[{"id":4457,"href":"https:\/\/diariodelsurdigital.com.ar\/index.php?rest_route=\/wp\/v2\/posts\/4455\/revisions\/4457"}],"wp:featuredmedia":[{"embeddable":true,"href":"https:\/\/diariodelsurdigital.com.ar\/index.php?rest_route=\/wp\/v2\/media\/4456"}],"wp:attachment":[{"href":"https:\/\/diariodelsurdigital.com.ar\/index.php?rest_route=%2Fwp%2Fv2%2Fmedia&parent=4455"}],"wp:term":[{"taxonomy":"category","embeddable":true,"href":"https:\/\/diariodelsurdigital.com.ar\/index.php?rest_route=%2Fwp%2Fv2%2Fcategories&post=4455"},{"taxonomy":"post_tag","embeddable":true,"href":"https:\/\/diariodelsurdigital.com.ar\/index.php?rest_route=%2Fwp%2Fv2%2Ftags&post=4455"}],"curies":[{"name":"wp","href":"https:\/\/api.w.org\/{rel}","templated":true}]}}