{"id":4458,"date":"2025-09-02T09:25:33","date_gmt":"2025-09-02T12:25:33","guid":{"rendered":"https:\/\/diariodelsurdigital.com.ar\/?p=4458"},"modified":"2025-09-02T09:25:34","modified_gmt":"2025-09-02T12:25:34","slug":"escandalo-en-el-pami-oftalmologos-denuncian-sobreprecios-millonarios-en-la-compra-de-lentes-para-cirugias","status":"publish","type":"post","link":"https:\/\/diariodelsurdigital.com.ar\/?p=4458","title":{"rendered":"Esc\u00e1ndalo en el PAMI: oftalm\u00f3logos denuncian sobreprecios millonarios en la compra de lentes para cirug\u00edas"},"content":{"rendered":"\n<p>Profesionales de todo el pa\u00eds alertan que el organismo paga hasta diez veces m\u00e1s por insumos clave para cirug\u00edas de cataratas.<\/p>\n\n\n\n<p>El PAMI volvi\u00f3 a quedar bajo la lupa por una acusaci\u00f3n que sacudi\u00f3 al sistema de salud: oftalm\u00f3logos de distintas provincias aseguran que el organismo lleg\u00f3 a pagar casi diez veces m\u00e1s por los lentes intraoculares que se usan en las cirug\u00edas de cataratas.<\/p>\n\n\n\n<p>Hasta julio cada m\u00e9dico compraba los lentes directamente a los laboratorios y luego rend\u00eda la factura al PAMI, que reintegraba el monto junto con los honorarios fijos por la pr\u00e1ctica quir\u00fargica. El costo era transparente: alrededor de $35.000 por cada lente monofocal, un valor de mercado en el que coincid\u00edan los cuatro laboratorios productores.<\/p>\n\n\n\n<p>Sin embargo, en agosto todo cambi\u00f3 y el PAMI licit\u00f3 la compra masiva de lentes intraoculares por un per\u00edodo de 12 meses (renovable un a\u00f1o m\u00e1s) por m\u00e1s de $80.000 millones. Al mismo tiempo, dio de baja el esquema anterior a trav\u00e9s de la resoluci\u00f3n 1737\/2025, que oblig\u00f3 a los m\u00e9dicos a pedir los insumos directamente al organismo.<\/p>\n\n\n\n<p>La l\u00f3gica del nuevo sistema parec\u00eda evidente: centralizar la compra y garantizar stock deber\u00eda abaratar costos, pero ocurri\u00f3 lo contrario. Los precios se dispararon y generaron un esc\u00e1ndalo que hoy tiene indignados a m\u00e1s de 500 oftalm\u00f3logos en un chat nacional de prestadores de PAMI.<\/p>\n\n\n\n<p>Los n\u00fameros del esc\u00e1ndalo<\/p>\n\n\n\n<p>La resoluci\u00f3n 1560\/2025, publicada en el Bolet\u00edn Oficial, expone los valores adjudicados a cinco laboratorios. All\u00ed se observa que el PAMI paga por cada lente entre $150.000 y casi $300.000, entre cinco y diez veces m\u00e1s que el valor de mercado.<\/p>\n\n\n\n<p>Algunos ejemplos:<\/p>\n\n\n\n<p>-Implantec S.A. vendi\u00f3 100 lentes Acryfold a un oftalm\u00f3logo a $24.800 cada uno. El mismo producto fue facturado al PAMI a $162.166.<\/p>\n\n\n\n<p>-Visi\u00f3n M\u00e9dica S.A. cotiz\u00f3 lentes Eyeol a $28.249. El PAMI las pag\u00f3 $279.704 cada uno.<\/p>\n\n\n\n<p>-MSZ pas\u00f3 un presupuesto de $32.000 m\u00e1s IVA por una lente Auroflex. El organismo, en tanto, desembols\u00f3 $177.939.<\/p>\n\n\n\n<p>Los documentos adjuntados por los profesionales \u2014facturas de compra directa, pedidos de presupuesto, capturas de la licitaci\u00f3n y resoluciones oficiales\u2014 refuerzan la acusaci\u00f3n.<\/p>\n\n\n\n<p>La centralizaci\u00f3n tambi\u00e9n gener\u00f3 un problema operativo. Seg\u00fan denuncian los m\u00e9dicos, el env\u00edo de las lentes no llega a tiempo en muchos casos y esto provoca que se reprogramen cirug\u00edas de cataratas ya pautadas con afiliados.<\/p>\n\n\n\n<p>La respuesta del PAMI<\/p>\n\n\n\n<p>Frente al esc\u00e1ndalo, desde el organismo justificaron el cambio de sistema en \u201cfalencias graves\u201d del esquema anterior: falta de trazabilidad, ausencia de control en la provisi\u00f3n de insumos y casos detectados de cobro de copagos indebidos a los afiliados.<\/p>\n\n\n\n<p>En cuanto a los precios, PAMI asegur\u00f3 que \u201cno hay lugar a la comparaci\u00f3n\u201d porque el valor actual incluye el lente, doble soluci\u00f3n viscoel\u00e1stica, trazabilidad, log\u00edstica y provisi\u00f3n continua. Seg\u00fan el organismo, el costo total por la prestaci\u00f3n (cirug\u00eda m\u00e1s insumo) es de $565.000, menos que lo que abonan otras obras sociales y prepagas: la del Poder Judicial paga $740.000 y OSDE m\u00e1s de $1.148.000.<\/p>\n\n\n\n<p>La medida, que buscaba orden y ahorro, termin\u00f3 en una fuerte controversia. Para los oftalm\u00f3logos, el Estado gasta cifras desproporcionadas por insumos b\u00e1sicos; para el PAMI, se trata de garantizar calidad y acceso a nivel nacional, public\u00f3 TN.<\/p>\n","protected":false},"excerpt":{"rendered":"<p>Profesionales de todo el pa\u00eds alertan que el organismo paga hasta diez veces m\u00e1s por insumos clave para cirug\u00edas de cataratas. El PAMI volvi\u00f3 a quedar bajo la lupa por una acusaci\u00f3n que sacudi\u00f3 al sistema de salud: oftalm\u00f3logos de distintas provincias aseguran que el organismo lleg\u00f3 a pagar casi diez veces m\u00e1s por los [&hellip;]<\/p>\n","protected":false},"author":4,"featured_media":4459,"comment_status":"open","ping_status":"open","sticky":false,"template":"","format":"standard","meta":{"footnotes":""},"categories":[18],"tags":[],"class_list":{"0":"post-4458","1":"post","2":"type-post","3":"status-publish","4":"format-standard","5":"has-post-thumbnail","7":"category-nacionales"},"yoast_head":"<!-- This site is optimized with the Yoast SEO plugin v27.4 - https:\/\/yoast.com\/product\/yoast-seo-wordpress\/ -->\n<title>Esc\u00e1ndalo en el PAMI: oftalm\u00f3logos denuncian sobreprecios millonarios en la compra de lentes para cirug\u00edas - Diario del Sur<\/title>\n<meta name=\"robots\" content=\"index, follow, max-snippet:-1, max-image-preview:large, max-video-preview:-1\" \/>\n<link rel=\"canonical\" href=\"https:\/\/diariodelsurdigital.com.ar\/?p=4458\" \/>\n<meta property=\"og:locale\" content=\"es_ES\" \/>\n<meta property=\"og:type\" content=\"article\" \/>\n<meta property=\"og:title\" content=\"Esc\u00e1ndalo en el PAMI: oftalm\u00f3logos denuncian sobreprecios millonarios en la compra de lentes para cirug\u00edas - Diario del Sur\" \/>\n<meta property=\"og:description\" content=\"Profesionales de todo el pa\u00eds alertan que el organismo paga hasta diez veces m\u00e1s por insumos clave para cirug\u00edas de cataratas. El PAMI volvi\u00f3 a quedar bajo la lupa por una acusaci\u00f3n que sacudi\u00f3 al sistema de salud: oftalm\u00f3logos de distintas provincias aseguran que el organismo lleg\u00f3 a pagar casi diez veces m\u00e1s por los [&hellip;]\" \/>\n<meta property=\"og:url\" content=\"https:\/\/diariodelsurdigital.com.ar\/?p=4458\" \/>\n<meta property=\"og:site_name\" content=\"Diario del Sur\" \/>\n<meta property=\"article:published_time\" content=\"2025-09-02T12:25:33+00:00\" \/>\n<meta property=\"article:modified_time\" content=\"2025-09-02T12:25:34+00:00\" \/>\n<meta property=\"og:image\" content=\"https:\/\/diariodelsurdigital.com.ar\/wp-content\/uploads\/2025\/09\/md-11.webp\" \/>\n\t<meta property=\"og:image:width\" content=\"992\" \/>\n\t<meta property=\"og:image:height\" content=\"661\" \/>\n\t<meta property=\"og:image:type\" content=\"image\/webp\" \/>\n<meta name=\"author\" content=\"Diario del Sur Digital\" \/>\n<meta name=\"twitter:card\" content=\"summary_large_image\" \/>\n<meta name=\"twitter:label1\" content=\"Escrito por\" \/>\n\t<meta name=\"twitter:data1\" content=\"Diario del Sur Digital\" \/>\n\t<meta name=\"twitter:label2\" content=\"Tiempo de lectura\" \/>\n\t<meta name=\"twitter:data2\" content=\"3 minutos\" \/>\n<script type=\"application\/ld+json\" class=\"yoast-schema-graph\">{\"@context\":\"https:\\\/\\\/schema.org\",\"@graph\":[{\"@type\":\"Article\",\"@id\":\"https:\\\/\\\/diariodelsurdigital.com.ar\\\/?p=4458#article\",\"isPartOf\":{\"@id\":\"https:\\\/\\\/diariodelsurdigital.com.ar\\\/?p=4458\"},\"author\":{\"name\":\"Diario del Sur Digital\",\"@id\":\"https:\\\/\\\/diariodelsurdigital.com.ar\\\/#\\\/schema\\\/person\\\/1a4992532ed62965c968031b49195c81\"},\"headline\":\"Esc\u00e1ndalo en el PAMI: oftalm\u00f3logos denuncian sobreprecios millonarios en la compra de lentes para cirug\u00edas\",\"datePublished\":\"2025-09-02T12:25:33+00:00\",\"dateModified\":\"2025-09-02T12:25:34+00:00\",\"mainEntityOfPage\":{\"@id\":\"https:\\\/\\\/diariodelsurdigital.com.ar\\\/?p=4458\"},\"wordCount\":587,\"commentCount\":0,\"image\":{\"@id\":\"https:\\\/\\\/diariodelsurdigital.com.ar\\\/?p=4458#primaryimage\"},\"thumbnailUrl\":\"https:\\\/\\\/diariodelsurdigital.com.ar\\\/wp-content\\\/uploads\\\/2025\\\/09\\\/md-11.webp\",\"articleSection\":[\"Nacionales\"],\"inLanguage\":\"es\",\"potentialAction\":[{\"@type\":\"CommentAction\",\"name\":\"Comment\",\"target\":[\"https:\\\/\\\/diariodelsurdigital.com.ar\\\/?p=4458#respond\"]}]},{\"@type\":\"WebPage\",\"@id\":\"https:\\\/\\\/diariodelsurdigital.com.ar\\\/?p=4458\",\"url\":\"https:\\\/\\\/diariodelsurdigital.com.ar\\\/?p=4458\",\"name\":\"Esc\u00e1ndalo en el PAMI: oftalm\u00f3logos denuncian sobreprecios millonarios en la compra de lentes para cirug\u00edas - Diario del Sur\",\"isPartOf\":{\"@id\":\"https:\\\/\\\/diariodelsurdigital.com.ar\\\/#website\"},\"primaryImageOfPage\":{\"@id\":\"https:\\\/\\\/diariodelsurdigital.com.ar\\\/?p=4458#primaryimage\"},\"image\":{\"@id\":\"https:\\\/\\\/diariodelsurdigital.com.ar\\\/?p=4458#primaryimage\"},\"thumbnailUrl\":\"https:\\\/\\\/diariodelsurdigital.com.ar\\\/wp-content\\\/uploads\\\/2025\\\/09\\\/md-11.webp\",\"datePublished\":\"2025-09-02T12:25:33+00:00\",\"dateModified\":\"2025-09-02T12:25:34+00:00\",\"author\":{\"@id\":\"https:\\\/\\\/diariodelsurdigital.com.ar\\\/#\\\/schema\\\/person\\\/1a4992532ed62965c968031b49195c81\"},\"breadcrumb\":{\"@id\":\"https:\\\/\\\/diariodelsurdigital.com.ar\\\/?p=4458#breadcrumb\"},\"inLanguage\":\"es\",\"potentialAction\":[{\"@type\":\"ReadAction\",\"target\":[\"https:\\\/\\\/diariodelsurdigital.com.ar\\\/?p=4458\"]}]},{\"@type\":\"ImageObject\",\"inLanguage\":\"es\",\"@id\":\"https:\\\/\\\/diariodelsurdigital.com.ar\\\/?p=4458#primaryimage\",\"url\":\"https:\\\/\\\/diariodelsurdigital.com.ar\\\/wp-content\\\/uploads\\\/2025\\\/09\\\/md-11.webp\",\"contentUrl\":\"https:\\\/\\\/diariodelsurdigital.com.ar\\\/wp-content\\\/uploads\\\/2025\\\/09\\\/md-11.webp\",\"width\":992,\"height\":661},{\"@type\":\"BreadcrumbList\",\"@id\":\"https:\\\/\\\/diariodelsurdigital.com.ar\\\/?p=4458#breadcrumb\",\"itemListElement\":[{\"@type\":\"ListItem\",\"position\":1,\"name\":\"Portada\",\"item\":\"https:\\\/\\\/diariodelsurdigital.com.ar\\\/\"},{\"@type\":\"ListItem\",\"position\":2,\"name\":\"Esc\u00e1ndalo en el PAMI: oftalm\u00f3logos denuncian sobreprecios millonarios en la compra de lentes para cirug\u00edas\"}]},{\"@type\":\"WebSite\",\"@id\":\"https:\\\/\\\/diariodelsurdigital.com.ar\\\/#website\",\"url\":\"https:\\\/\\\/diariodelsurdigital.com.ar\\\/\",\"name\":\"Diario del Sur\",\"description\":\"Digital\",\"potentialAction\":[{\"@type\":\"SearchAction\",\"target\":{\"@type\":\"EntryPoint\",\"urlTemplate\":\"https:\\\/\\\/diariodelsurdigital.com.ar\\\/?s={search_term_string}\"},\"query-input\":{\"@type\":\"PropertyValueSpecification\",\"valueRequired\":true,\"valueName\":\"search_term_string\"}}],\"inLanguage\":\"es\"},{\"@type\":\"Person\",\"@id\":\"https:\\\/\\\/diariodelsurdigital.com.ar\\\/#\\\/schema\\\/person\\\/1a4992532ed62965c968031b49195c81\",\"name\":\"Diario del Sur Digital\",\"image\":{\"@type\":\"ImageObject\",\"inLanguage\":\"es\",\"@id\":\"https:\\\/\\\/secure.gravatar.com\\\/avatar\\\/f0c7c47fc7146d19828273b9b8eda651c9c7ab583767e6338d3d3bee825adf76?s=96&d=mm&r=g\",\"url\":\"https:\\\/\\\/secure.gravatar.com\\\/avatar\\\/f0c7c47fc7146d19828273b9b8eda651c9c7ab583767e6338d3d3bee825adf76?s=96&d=mm&r=g\",\"contentUrl\":\"https:\\\/\\\/secure.gravatar.com\\\/avatar\\\/f0c7c47fc7146d19828273b9b8eda651c9c7ab583767e6338d3d3bee825adf76?s=96&d=mm&r=g\",\"caption\":\"Diario del Sur Digital\"},\"url\":\"https:\\\/\\\/diariodelsurdigital.com.ar\\\/?author=4\"}]}<\/script>\n<!-- \/ Yoast SEO plugin. -->","yoast_head_json":{"title":"Esc\u00e1ndalo en el PAMI: oftalm\u00f3logos denuncian sobreprecios millonarios en la compra de lentes para cirug\u00edas - Diario del Sur","robots":{"index":"index","follow":"follow","max-snippet":"max-snippet:-1","max-image-preview":"max-image-preview:large","max-video-preview":"max-video-preview:-1"},"canonical":"https:\/\/diariodelsurdigital.com.ar\/?p=4458","og_locale":"es_ES","og_type":"article","og_title":"Esc\u00e1ndalo en el PAMI: oftalm\u00f3logos denuncian sobreprecios millonarios en la compra de lentes para cirug\u00edas - Diario del Sur","og_description":"Profesionales de todo el pa\u00eds alertan que el organismo paga hasta diez veces m\u00e1s por insumos clave para cirug\u00edas de cataratas. El PAMI volvi\u00f3 a quedar bajo la lupa por una acusaci\u00f3n que sacudi\u00f3 al sistema de salud: oftalm\u00f3logos de distintas provincias aseguran que el organismo lleg\u00f3 a pagar casi diez veces m\u00e1s por los [&hellip;]","og_url":"https:\/\/diariodelsurdigital.com.ar\/?p=4458","og_site_name":"Diario del Sur","article_published_time":"2025-09-02T12:25:33+00:00","article_modified_time":"2025-09-02T12:25:34+00:00","og_image":[{"width":992,"height":661,"url":"https:\/\/diariodelsurdigital.com.ar\/wp-content\/uploads\/2025\/09\/md-11.webp","type":"image\/webp"}],"author":"Diario del Sur Digital","twitter_card":"summary_large_image","twitter_misc":{"Escrito por":"Diario del Sur Digital","Tiempo de lectura":"3 minutos"},"schema":{"@context":"https:\/\/schema.org","@graph":[{"@type":"Article","@id":"https:\/\/diariodelsurdigital.com.ar\/?p=4458#article","isPartOf":{"@id":"https:\/\/diariodelsurdigital.com.ar\/?p=4458"},"author":{"name":"Diario del Sur Digital","@id":"https:\/\/diariodelsurdigital.com.ar\/#\/schema\/person\/1a4992532ed62965c968031b49195c81"},"headline":"Esc\u00e1ndalo en el PAMI: oftalm\u00f3logos denuncian sobreprecios millonarios en la compra de lentes para cirug\u00edas","datePublished":"2025-09-02T12:25:33+00:00","dateModified":"2025-09-02T12:25:34+00:00","mainEntityOfPage":{"@id":"https:\/\/diariodelsurdigital.com.ar\/?p=4458"},"wordCount":587,"commentCount":0,"image":{"@id":"https:\/\/diariodelsurdigital.com.ar\/?p=4458#primaryimage"},"thumbnailUrl":"https:\/\/diariodelsurdigital.com.ar\/wp-content\/uploads\/2025\/09\/md-11.webp","articleSection":["Nacionales"],"inLanguage":"es","potentialAction":[{"@type":"CommentAction","name":"Comment","target":["https:\/\/diariodelsurdigital.com.ar\/?p=4458#respond"]}]},{"@type":"WebPage","@id":"https:\/\/diariodelsurdigital.com.ar\/?p=4458","url":"https:\/\/diariodelsurdigital.com.ar\/?p=4458","name":"Esc\u00e1ndalo en el PAMI: oftalm\u00f3logos denuncian sobreprecios millonarios en la compra de lentes para cirug\u00edas - Diario del Sur","isPartOf":{"@id":"https:\/\/diariodelsurdigital.com.ar\/#website"},"primaryImageOfPage":{"@id":"https:\/\/diariodelsurdigital.com.ar\/?p=4458#primaryimage"},"image":{"@id":"https:\/\/diariodelsurdigital.com.ar\/?p=4458#primaryimage"},"thumbnailUrl":"https:\/\/diariodelsurdigital.com.ar\/wp-content\/uploads\/2025\/09\/md-11.webp","datePublished":"2025-09-02T12:25:33+00:00","dateModified":"2025-09-02T12:25:34+00:00","author":{"@id":"https:\/\/diariodelsurdigital.com.ar\/#\/schema\/person\/1a4992532ed62965c968031b49195c81"},"breadcrumb":{"@id":"https:\/\/diariodelsurdigital.com.ar\/?p=4458#breadcrumb"},"inLanguage":"es","potentialAction":[{"@type":"ReadAction","target":["https:\/\/diariodelsurdigital.com.ar\/?p=4458"]}]},{"@type":"ImageObject","inLanguage":"es","@id":"https:\/\/diariodelsurdigital.com.ar\/?p=4458#primaryimage","url":"https:\/\/diariodelsurdigital.com.ar\/wp-content\/uploads\/2025\/09\/md-11.webp","contentUrl":"https:\/\/diariodelsurdigital.com.ar\/wp-content\/uploads\/2025\/09\/md-11.webp","width":992,"height":661},{"@type":"BreadcrumbList","@id":"https:\/\/diariodelsurdigital.com.ar\/?p=4458#breadcrumb","itemListElement":[{"@type":"ListItem","position":1,"name":"Portada","item":"https:\/\/diariodelsurdigital.com.ar\/"},{"@type":"ListItem","position":2,"name":"Esc\u00e1ndalo en el PAMI: oftalm\u00f3logos denuncian sobreprecios millonarios en la compra de lentes para cirug\u00edas"}]},{"@type":"WebSite","@id":"https:\/\/diariodelsurdigital.com.ar\/#website","url":"https:\/\/diariodelsurdigital.com.ar\/","name":"Diario del Sur","description":"Digital","potentialAction":[{"@type":"SearchAction","target":{"@type":"EntryPoint","urlTemplate":"https:\/\/diariodelsurdigital.com.ar\/?s={search_term_string}"},"query-input":{"@type":"PropertyValueSpecification","valueRequired":true,"valueName":"search_term_string"}}],"inLanguage":"es"},{"@type":"Person","@id":"https:\/\/diariodelsurdigital.com.ar\/#\/schema\/person\/1a4992532ed62965c968031b49195c81","name":"Diario del Sur Digital","image":{"@type":"ImageObject","inLanguage":"es","@id":"https:\/\/secure.gravatar.com\/avatar\/f0c7c47fc7146d19828273b9b8eda651c9c7ab583767e6338d3d3bee825adf76?s=96&d=mm&r=g","url":"https:\/\/secure.gravatar.com\/avatar\/f0c7c47fc7146d19828273b9b8eda651c9c7ab583767e6338d3d3bee825adf76?s=96&d=mm&r=g","contentUrl":"https:\/\/secure.gravatar.com\/avatar\/f0c7c47fc7146d19828273b9b8eda651c9c7ab583767e6338d3d3bee825adf76?s=96&d=mm&r=g","caption":"Diario del Sur Digital"},"url":"https:\/\/diariodelsurdigital.com.ar\/?author=4"}]}},"_links":{"self":[{"href":"https:\/\/diariodelsurdigital.com.ar\/index.php?rest_route=\/wp\/v2\/posts\/4458","targetHints":{"allow":["GET"]}}],"collection":[{"href":"https:\/\/diariodelsurdigital.com.ar\/index.php?rest_route=\/wp\/v2\/posts"}],"about":[{"href":"https:\/\/diariodelsurdigital.com.ar\/index.php?rest_route=\/wp\/v2\/types\/post"}],"author":[{"embeddable":true,"href":"https:\/\/diariodelsurdigital.com.ar\/index.php?rest_route=\/wp\/v2\/users\/4"}],"replies":[{"embeddable":true,"href":"https:\/\/diariodelsurdigital.com.ar\/index.php?rest_route=%2Fwp%2Fv2%2Fcomments&post=4458"}],"version-history":[{"count":1,"href":"https:\/\/diariodelsurdigital.com.ar\/index.php?rest_route=\/wp\/v2\/posts\/4458\/revisions"}],"predecessor-version":[{"id":4460,"href":"https:\/\/diariodelsurdigital.com.ar\/index.php?rest_route=\/wp\/v2\/posts\/4458\/revisions\/4460"}],"wp:featuredmedia":[{"embeddable":true,"href":"https:\/\/diariodelsurdigital.com.ar\/index.php?rest_route=\/wp\/v2\/media\/4459"}],"wp:attachment":[{"href":"https:\/\/diariodelsurdigital.com.ar\/index.php?rest_route=%2Fwp%2Fv2%2Fmedia&parent=4458"}],"wp:term":[{"taxonomy":"category","embeddable":true,"href":"https:\/\/diariodelsurdigital.com.ar\/index.php?rest_route=%2Fwp%2Fv2%2Fcategories&post=4458"},{"taxonomy":"post_tag","embeddable":true,"href":"https:\/\/diariodelsurdigital.com.ar\/index.php?rest_route=%2Fwp%2Fv2%2Ftags&post=4458"}],"curies":[{"name":"wp","href":"https:\/\/api.w.org\/{rel}","templated":true}]}}