{"id":4461,"date":"2025-09-03T14:20:33","date_gmt":"2025-09-03T17:20:33","guid":{"rendered":"https:\/\/diariodelsurdigital.com.ar\/?p=4461"},"modified":"2025-09-03T14:21:10","modified_gmt":"2025-09-03T17:21:10","slug":"la-reconstruccion-balistica-derrumba-la-version-de-bullrich-sobre-el-disparo-que-hirio-a-pablo-grillo","status":"publish","type":"post","link":"https:\/\/diariodelsurdigital.com.ar\/?p=4461","title":{"rendered":"La reconstrucci\u00f3n bal\u00edstica derrumba la versi\u00f3n de Bullrich sobre el disparo que hiri\u00f3 a Pablo Grillo"},"content":{"rendered":"\n<h1 class=\"wp-block-heading\"><\/h1>\n\n\n\n<p>Un peritaje oficial demostr\u00f3 que el disparo no pudo haberse hecho en \u00e1ngulo parab\u00f3lico ni con rebote, como exige el reglamento. El cabo Guerrero debe presentarse a indagatoria en dos semanas.<\/p>\n\n\n\n<p>El juzgado incorpor\u00f3 este martes el informe de reconstrucci\u00f3n bal\u00edstica que se realiz\u00f3 d\u00edas atr\u00e1s a la causa por la represi\u00f3n que orden\u00f3 el Gobierno sobre&nbsp;<strong>aquella marcha de los jubilados con hinchas de f\u00fatbol alrededor del Congreso<\/strong>. El trabajo fue producido por la Divisi\u00f3n Bal\u00edstica de la Polic\u00eda de la Ciudad junto con los peritos de la querella y de la defensa, e incluy\u00f3 mediciones en el lugar de los hechos y una serie de disparos de prueba en un descampado.<img decoding=\"async\" src=\"https:\/\/img-s-msn-com.akamaized.net\/tenant\/amp\/entityid\/AA1LNxBs.img?w=768&amp;h=254&amp;m=6\" alt=\"El punto clave en el informe de la Polic\u00eda de la Ciudad.\"><\/p>\n\n\n\n<p>El punto clave en el informe de la Polic\u00eda de la Ciudad.<\/p>\n\n\n\n<p>La conclusi\u00f3n central del documento es categ\u00f3rica: qued\u00f3 descartado que el gendarme haya efectuado el disparo que impact\u00f3 en el cr\u00e1neo de Grillo siguiendo las instrucciones del manual de uso de las pistolas lanza gases que Gendarmer\u00eda aport\u00f3 a la causa.<\/p>\n\n\n\n<p>En el caso de la prueba con disparo en par\u00e1bola hacia arriba, el cartucho cay\u00f3 a 156 metros del tirador, es decir, a m\u00e1s del triple de la distancia en la que se encontraba Grillo de Guerrero. La conclusi\u00f3n es inequ\u00edvoca:&nbsp;<strong>para herir al fot\u00f3grafo como ocurri\u00f3, el gendarme debi\u00f3 haber disparado de manera horizontal y directa hacia las personas.<\/strong>&nbsp;El informe de la Polic\u00eda porte\u00f1a no aporta esa conclusi\u00f3n, pero la deja en evidencia.<img decoding=\"async\" src=\"https:\/\/img-s-msn-com.akamaized.net\/tenant\/amp\/entityid\/AA1CegG8.img?w=768&amp;h=432&amp;m=6\" alt=\"El gendarme Guerrero en la secuencia de la represi\u00f3n del 12 de marzo pasado.\"><\/p>\n\n\n\n<p>El gendarme Guerrero en la secuencia de la represi\u00f3n del 12 de marzo pasado.<\/p>\n\n\n\n<p>La reconstrucci\u00f3n posterior que logr\u00f3 el Mapa de la Polic\u00eda revel\u00f3 qui\u00e9n fue el tirador y se mostraron registros de su forma de disparar.&nbsp;<strong>La foto que permiti\u00f3 identificar a Guerrero lo muestra disparando de manera recta durante la represi\u00f3n.<\/strong><\/p>\n\n\n\n<p>El informe ahora incorporado a la causa pone en crisis la versi\u00f3n del Gobierno y robustece el planteo de la querella, que acusa a Guerrero de disparar en direcci\u00f3n a los manifestantes en violaci\u00f3n de todos los protocolos. El documento ser\u00e1 clave para las pr\u00f3ximas decisiones judiciales en un expediente que no s\u00f3lo busca determinar responsabilidades individuales, sino tambi\u00e9n evaluar la cadena de mandos y el rol de Bullrich en la represi\u00f3n.<\/p>\n\n\n\n<p>La jueza Servini cit\u00f3 a indagatoria a Guerrero para el 17 de septiembre. Originalmente la fecha era este martes 2, pero pospuso la presentaci\u00f3n del gendarme a la espera del informe de la Polic\u00eda de la Ciudad, que finalmente lleg\u00f3 en las \u00faltimas horas. Para un d\u00eda antes est\u00e1 citado Emanuel Mart\u00ednez, el prefecto que le dispar\u00f3 a Jonathan Navarro, un manifestante que ese mismo 12 de marzo, pero del otro lado de la plaza del Congreso, recibi\u00f3 el disparo de una bala de goma en su ojo izquierdo, por el que perdi\u00f3 la visi\u00f3n.<\/p>\n\n\n\n<p><em>MC<\/em><\/p>\n\n\n\n<p><\/p>\n","protected":false},"excerpt":{"rendered":"<p>Un peritaje oficial demostr\u00f3 que el disparo no pudo haberse hecho en \u00e1ngulo parab\u00f3lico ni con rebote, como exige el reglamento. El cabo Guerrero debe presentarse a indagatoria en dos semanas. El juzgado incorpor\u00f3 este martes el informe de reconstrucci\u00f3n bal\u00edstica que se realiz\u00f3 d\u00edas atr\u00e1s a la causa por la represi\u00f3n que orden\u00f3 el [&hellip;]<\/p>\n","protected":false},"author":2,"featured_media":4462,"comment_status":"open","ping_status":"open","sticky":false,"template":"","format":"standard","meta":{"footnotes":""},"categories":[18],"tags":[],"class_list":{"0":"post-4461","1":"post","2":"type-post","3":"status-publish","4":"format-standard","5":"has-post-thumbnail","7":"category-nacionales"},"yoast_head":"<!-- This site is optimized with the Yoast SEO plugin v27.4 - https:\/\/yoast.com\/product\/yoast-seo-wordpress\/ -->\n<title>La reconstrucci\u00f3n bal\u00edstica derrumba la versi\u00f3n de Bullrich sobre el disparo que hiri\u00f3 a Pablo Grillo - Diario del Sur<\/title>\n<meta name=\"robots\" content=\"index, follow, max-snippet:-1, max-image-preview:large, max-video-preview:-1\" \/>\n<link rel=\"canonical\" href=\"https:\/\/diariodelsurdigital.com.ar\/?p=4461\" \/>\n<meta property=\"og:locale\" content=\"es_ES\" \/>\n<meta property=\"og:type\" content=\"article\" \/>\n<meta property=\"og:title\" content=\"La reconstrucci\u00f3n bal\u00edstica derrumba la versi\u00f3n de Bullrich sobre el disparo que hiri\u00f3 a Pablo Grillo - Diario del Sur\" \/>\n<meta property=\"og:description\" content=\"Un peritaje oficial demostr\u00f3 que el disparo no pudo haberse hecho en \u00e1ngulo parab\u00f3lico ni con rebote, como exige el reglamento. El cabo Guerrero debe presentarse a indagatoria en dos semanas. El juzgado incorpor\u00f3 este martes el informe de reconstrucci\u00f3n bal\u00edstica que se realiz\u00f3 d\u00edas atr\u00e1s a la causa por la represi\u00f3n que orden\u00f3 el [&hellip;]\" \/>\n<meta property=\"og:url\" content=\"https:\/\/diariodelsurdigital.com.ar\/?p=4461\" \/>\n<meta property=\"og:site_name\" content=\"Diario del Sur\" \/>\n<meta property=\"article:published_time\" content=\"2025-09-03T17:20:33+00:00\" \/>\n<meta property=\"article:modified_time\" content=\"2025-09-03T17:21:10+00:00\" \/>\n<meta property=\"og:image\" content=\"https:\/\/diariodelsurdigital.com.ar\/wp-content\/uploads\/2025\/09\/AA1KkhDX.jpeg\" \/>\n\t<meta property=\"og:image:width\" content=\"512\" \/>\n\t<meta property=\"og:image:height\" content=\"302\" \/>\n\t<meta property=\"og:image:type\" content=\"image\/jpeg\" \/>\n<meta name=\"author\" content=\"Diario del Sur Digital\" \/>\n<meta name=\"twitter:card\" content=\"summary_large_image\" \/>\n<meta name=\"twitter:label1\" content=\"Escrito por\" \/>\n\t<meta name=\"twitter:data1\" content=\"Diario del Sur Digital\" \/>\n\t<meta name=\"twitter:label2\" content=\"Tiempo de lectura\" \/>\n\t<meta name=\"twitter:data2\" content=\"3 minutos\" \/>\n<script type=\"application\/ld+json\" class=\"yoast-schema-graph\">{\"@context\":\"https:\\\/\\\/schema.org\",\"@graph\":[{\"@type\":\"Article\",\"@id\":\"https:\\\/\\\/diariodelsurdigital.com.ar\\\/?p=4461#article\",\"isPartOf\":{\"@id\":\"https:\\\/\\\/diariodelsurdigital.com.ar\\\/?p=4461\"},\"author\":{\"name\":\"Diario del Sur Digital\",\"@id\":\"https:\\\/\\\/diariodelsurdigital.com.ar\\\/#\\\/schema\\\/person\\\/6136a32571657f7dba980b88b04c5465\"},\"headline\":\"La reconstrucci\u00f3n bal\u00edstica derrumba la versi\u00f3n de Bullrich sobre el disparo que hiri\u00f3 a Pablo Grillo\",\"datePublished\":\"2025-09-03T17:20:33+00:00\",\"dateModified\":\"2025-09-03T17:21:10+00:00\",\"mainEntityOfPage\":{\"@id\":\"https:\\\/\\\/diariodelsurdigital.com.ar\\\/?p=4461\"},\"wordCount\":521,\"commentCount\":0,\"image\":{\"@id\":\"https:\\\/\\\/diariodelsurdigital.com.ar\\\/?p=4461#primaryimage\"},\"thumbnailUrl\":\"https:\\\/\\\/diariodelsurdigital.com.ar\\\/wp-content\\\/uploads\\\/2025\\\/09\\\/AA1KkhDX.jpeg\",\"articleSection\":[\"Nacionales\"],\"inLanguage\":\"es\",\"potentialAction\":[{\"@type\":\"CommentAction\",\"name\":\"Comment\",\"target\":[\"https:\\\/\\\/diariodelsurdigital.com.ar\\\/?p=4461#respond\"]}]},{\"@type\":\"WebPage\",\"@id\":\"https:\\\/\\\/diariodelsurdigital.com.ar\\\/?p=4461\",\"url\":\"https:\\\/\\\/diariodelsurdigital.com.ar\\\/?p=4461\",\"name\":\"La reconstrucci\u00f3n bal\u00edstica derrumba la versi\u00f3n de Bullrich sobre el disparo que hiri\u00f3 a Pablo Grillo - Diario del Sur\",\"isPartOf\":{\"@id\":\"https:\\\/\\\/diariodelsurdigital.com.ar\\\/#website\"},\"primaryImageOfPage\":{\"@id\":\"https:\\\/\\\/diariodelsurdigital.com.ar\\\/?p=4461#primaryimage\"},\"image\":{\"@id\":\"https:\\\/\\\/diariodelsurdigital.com.ar\\\/?p=4461#primaryimage\"},\"thumbnailUrl\":\"https:\\\/\\\/diariodelsurdigital.com.ar\\\/wp-content\\\/uploads\\\/2025\\\/09\\\/AA1KkhDX.jpeg\",\"datePublished\":\"2025-09-03T17:20:33+00:00\",\"dateModified\":\"2025-09-03T17:21:10+00:00\",\"author\":{\"@id\":\"https:\\\/\\\/diariodelsurdigital.com.ar\\\/#\\\/schema\\\/person\\\/6136a32571657f7dba980b88b04c5465\"},\"breadcrumb\":{\"@id\":\"https:\\\/\\\/diariodelsurdigital.com.ar\\\/?p=4461#breadcrumb\"},\"inLanguage\":\"es\",\"potentialAction\":[{\"@type\":\"ReadAction\",\"target\":[\"https:\\\/\\\/diariodelsurdigital.com.ar\\\/?p=4461\"]}]},{\"@type\":\"ImageObject\",\"inLanguage\":\"es\",\"@id\":\"https:\\\/\\\/diariodelsurdigital.com.ar\\\/?p=4461#primaryimage\",\"url\":\"https:\\\/\\\/diariodelsurdigital.com.ar\\\/wp-content\\\/uploads\\\/2025\\\/09\\\/AA1KkhDX.jpeg\",\"contentUrl\":\"https:\\\/\\\/diariodelsurdigital.com.ar\\\/wp-content\\\/uploads\\\/2025\\\/09\\\/AA1KkhDX.jpeg\",\"width\":512,\"height\":302},{\"@type\":\"BreadcrumbList\",\"@id\":\"https:\\\/\\\/diariodelsurdigital.com.ar\\\/?p=4461#breadcrumb\",\"itemListElement\":[{\"@type\":\"ListItem\",\"position\":1,\"name\":\"Portada\",\"item\":\"https:\\\/\\\/diariodelsurdigital.com.ar\\\/\"},{\"@type\":\"ListItem\",\"position\":2,\"name\":\"La reconstrucci\u00f3n bal\u00edstica derrumba la versi\u00f3n de Bullrich sobre el disparo que hiri\u00f3 a Pablo Grillo\"}]},{\"@type\":\"WebSite\",\"@id\":\"https:\\\/\\\/diariodelsurdigital.com.ar\\\/#website\",\"url\":\"https:\\\/\\\/diariodelsurdigital.com.ar\\\/\",\"name\":\"Diario del Sur\",\"description\":\"Digital\",\"potentialAction\":[{\"@type\":\"SearchAction\",\"target\":{\"@type\":\"EntryPoint\",\"urlTemplate\":\"https:\\\/\\\/diariodelsurdigital.com.ar\\\/?s={search_term_string}\"},\"query-input\":{\"@type\":\"PropertyValueSpecification\",\"valueRequired\":true,\"valueName\":\"search_term_string\"}}],\"inLanguage\":\"es\"},{\"@type\":\"Person\",\"@id\":\"https:\\\/\\\/diariodelsurdigital.com.ar\\\/#\\\/schema\\\/person\\\/6136a32571657f7dba980b88b04c5465\",\"name\":\"Diario del Sur Digital\",\"image\":{\"@type\":\"ImageObject\",\"inLanguage\":\"es\",\"@id\":\"https:\\\/\\\/secure.gravatar.com\\\/avatar\\\/4c29ceac98541dd42460b2474aaa5dd37594d6ce6cb3cf2c101d09b48ee287ba?s=96&d=mm&r=g\",\"url\":\"https:\\\/\\\/secure.gravatar.com\\\/avatar\\\/4c29ceac98541dd42460b2474aaa5dd37594d6ce6cb3cf2c101d09b48ee287ba?s=96&d=mm&r=g\",\"contentUrl\":\"https:\\\/\\\/secure.gravatar.com\\\/avatar\\\/4c29ceac98541dd42460b2474aaa5dd37594d6ce6cb3cf2c101d09b48ee287ba?s=96&d=mm&r=g\",\"caption\":\"Diario del Sur Digital\"},\"url\":\"https:\\\/\\\/diariodelsurdigital.com.ar\\\/?author=2\"}]}<\/script>\n<!-- \/ Yoast SEO plugin. -->","yoast_head_json":{"title":"La reconstrucci\u00f3n bal\u00edstica derrumba la versi\u00f3n de Bullrich sobre el disparo que hiri\u00f3 a Pablo Grillo - Diario del Sur","robots":{"index":"index","follow":"follow","max-snippet":"max-snippet:-1","max-image-preview":"max-image-preview:large","max-video-preview":"max-video-preview:-1"},"canonical":"https:\/\/diariodelsurdigital.com.ar\/?p=4461","og_locale":"es_ES","og_type":"article","og_title":"La reconstrucci\u00f3n bal\u00edstica derrumba la versi\u00f3n de Bullrich sobre el disparo que hiri\u00f3 a Pablo Grillo - Diario del Sur","og_description":"Un peritaje oficial demostr\u00f3 que el disparo no pudo haberse hecho en \u00e1ngulo parab\u00f3lico ni con rebote, como exige el reglamento. El cabo Guerrero debe presentarse a indagatoria en dos semanas. El juzgado incorpor\u00f3 este martes el informe de reconstrucci\u00f3n bal\u00edstica que se realiz\u00f3 d\u00edas atr\u00e1s a la causa por la represi\u00f3n que orden\u00f3 el [&hellip;]","og_url":"https:\/\/diariodelsurdigital.com.ar\/?p=4461","og_site_name":"Diario del Sur","article_published_time":"2025-09-03T17:20:33+00:00","article_modified_time":"2025-09-03T17:21:10+00:00","og_image":[{"width":512,"height":302,"url":"https:\/\/diariodelsurdigital.com.ar\/wp-content\/uploads\/2025\/09\/AA1KkhDX.jpeg","type":"image\/jpeg"}],"author":"Diario del Sur Digital","twitter_card":"summary_large_image","twitter_misc":{"Escrito por":"Diario del Sur Digital","Tiempo de lectura":"3 minutos"},"schema":{"@context":"https:\/\/schema.org","@graph":[{"@type":"Article","@id":"https:\/\/diariodelsurdigital.com.ar\/?p=4461#article","isPartOf":{"@id":"https:\/\/diariodelsurdigital.com.ar\/?p=4461"},"author":{"name":"Diario del Sur Digital","@id":"https:\/\/diariodelsurdigital.com.ar\/#\/schema\/person\/6136a32571657f7dba980b88b04c5465"},"headline":"La reconstrucci\u00f3n bal\u00edstica derrumba la versi\u00f3n de Bullrich sobre el disparo que hiri\u00f3 a Pablo Grillo","datePublished":"2025-09-03T17:20:33+00:00","dateModified":"2025-09-03T17:21:10+00:00","mainEntityOfPage":{"@id":"https:\/\/diariodelsurdigital.com.ar\/?p=4461"},"wordCount":521,"commentCount":0,"image":{"@id":"https:\/\/diariodelsurdigital.com.ar\/?p=4461#primaryimage"},"thumbnailUrl":"https:\/\/diariodelsurdigital.com.ar\/wp-content\/uploads\/2025\/09\/AA1KkhDX.jpeg","articleSection":["Nacionales"],"inLanguage":"es","potentialAction":[{"@type":"CommentAction","name":"Comment","target":["https:\/\/diariodelsurdigital.com.ar\/?p=4461#respond"]}]},{"@type":"WebPage","@id":"https:\/\/diariodelsurdigital.com.ar\/?p=4461","url":"https:\/\/diariodelsurdigital.com.ar\/?p=4461","name":"La reconstrucci\u00f3n bal\u00edstica derrumba la versi\u00f3n de Bullrich sobre el disparo que hiri\u00f3 a Pablo Grillo - Diario del Sur","isPartOf":{"@id":"https:\/\/diariodelsurdigital.com.ar\/#website"},"primaryImageOfPage":{"@id":"https:\/\/diariodelsurdigital.com.ar\/?p=4461#primaryimage"},"image":{"@id":"https:\/\/diariodelsurdigital.com.ar\/?p=4461#primaryimage"},"thumbnailUrl":"https:\/\/diariodelsurdigital.com.ar\/wp-content\/uploads\/2025\/09\/AA1KkhDX.jpeg","datePublished":"2025-09-03T17:20:33+00:00","dateModified":"2025-09-03T17:21:10+00:00","author":{"@id":"https:\/\/diariodelsurdigital.com.ar\/#\/schema\/person\/6136a32571657f7dba980b88b04c5465"},"breadcrumb":{"@id":"https:\/\/diariodelsurdigital.com.ar\/?p=4461#breadcrumb"},"inLanguage":"es","potentialAction":[{"@type":"ReadAction","target":["https:\/\/diariodelsurdigital.com.ar\/?p=4461"]}]},{"@type":"ImageObject","inLanguage":"es","@id":"https:\/\/diariodelsurdigital.com.ar\/?p=4461#primaryimage","url":"https:\/\/diariodelsurdigital.com.ar\/wp-content\/uploads\/2025\/09\/AA1KkhDX.jpeg","contentUrl":"https:\/\/diariodelsurdigital.com.ar\/wp-content\/uploads\/2025\/09\/AA1KkhDX.jpeg","width":512,"height":302},{"@type":"BreadcrumbList","@id":"https:\/\/diariodelsurdigital.com.ar\/?p=4461#breadcrumb","itemListElement":[{"@type":"ListItem","position":1,"name":"Portada","item":"https:\/\/diariodelsurdigital.com.ar\/"},{"@type":"ListItem","position":2,"name":"La reconstrucci\u00f3n bal\u00edstica derrumba la versi\u00f3n de Bullrich sobre el disparo que hiri\u00f3 a Pablo Grillo"}]},{"@type":"WebSite","@id":"https:\/\/diariodelsurdigital.com.ar\/#website","url":"https:\/\/diariodelsurdigital.com.ar\/","name":"Diario del Sur","description":"Digital","potentialAction":[{"@type":"SearchAction","target":{"@type":"EntryPoint","urlTemplate":"https:\/\/diariodelsurdigital.com.ar\/?s={search_term_string}"},"query-input":{"@type":"PropertyValueSpecification","valueRequired":true,"valueName":"search_term_string"}}],"inLanguage":"es"},{"@type":"Person","@id":"https:\/\/diariodelsurdigital.com.ar\/#\/schema\/person\/6136a32571657f7dba980b88b04c5465","name":"Diario del Sur Digital","image":{"@type":"ImageObject","inLanguage":"es","@id":"https:\/\/secure.gravatar.com\/avatar\/4c29ceac98541dd42460b2474aaa5dd37594d6ce6cb3cf2c101d09b48ee287ba?s=96&d=mm&r=g","url":"https:\/\/secure.gravatar.com\/avatar\/4c29ceac98541dd42460b2474aaa5dd37594d6ce6cb3cf2c101d09b48ee287ba?s=96&d=mm&r=g","contentUrl":"https:\/\/secure.gravatar.com\/avatar\/4c29ceac98541dd42460b2474aaa5dd37594d6ce6cb3cf2c101d09b48ee287ba?s=96&d=mm&r=g","caption":"Diario del Sur Digital"},"url":"https:\/\/diariodelsurdigital.com.ar\/?author=2"}]}},"_links":{"self":[{"href":"https:\/\/diariodelsurdigital.com.ar\/index.php?rest_route=\/wp\/v2\/posts\/4461","targetHints":{"allow":["GET"]}}],"collection":[{"href":"https:\/\/diariodelsurdigital.com.ar\/index.php?rest_route=\/wp\/v2\/posts"}],"about":[{"href":"https:\/\/diariodelsurdigital.com.ar\/index.php?rest_route=\/wp\/v2\/types\/post"}],"author":[{"embeddable":true,"href":"https:\/\/diariodelsurdigital.com.ar\/index.php?rest_route=\/wp\/v2\/users\/2"}],"replies":[{"embeddable":true,"href":"https:\/\/diariodelsurdigital.com.ar\/index.php?rest_route=%2Fwp%2Fv2%2Fcomments&post=4461"}],"version-history":[{"count":2,"href":"https:\/\/diariodelsurdigital.com.ar\/index.php?rest_route=\/wp\/v2\/posts\/4461\/revisions"}],"predecessor-version":[{"id":4466,"href":"https:\/\/diariodelsurdigital.com.ar\/index.php?rest_route=\/wp\/v2\/posts\/4461\/revisions\/4466"}],"wp:featuredmedia":[{"embeddable":true,"href":"https:\/\/diariodelsurdigital.com.ar\/index.php?rest_route=\/wp\/v2\/media\/4462"}],"wp:attachment":[{"href":"https:\/\/diariodelsurdigital.com.ar\/index.php?rest_route=%2Fwp%2Fv2%2Fmedia&parent=4461"}],"wp:term":[{"taxonomy":"category","embeddable":true,"href":"https:\/\/diariodelsurdigital.com.ar\/index.php?rest_route=%2Fwp%2Fv2%2Fcategories&post=4461"},{"taxonomy":"post_tag","embeddable":true,"href":"https:\/\/diariodelsurdigital.com.ar\/index.php?rest_route=%2Fwp%2Fv2%2Ftags&post=4461"}],"curies":[{"name":"wp","href":"https:\/\/api.w.org\/{rel}","templated":true}]}}