{"id":447,"date":"2025-01-06T00:33:47","date_gmt":"2025-01-06T03:33:47","guid":{"rendered":"https:\/\/diariodelsurdigital.com.ar\/?p=447"},"modified":"2025-01-06T00:33:48","modified_gmt":"2025-01-06T03:33:48","slug":"encontraron-el-cuerpo-del-hombre-desaparecido-en-el-rio","status":"publish","type":"post","link":"https:\/\/diariodelsurdigital.com.ar\/?p=447","title":{"rendered":"Encontraron el cuerpo del hombre desaparecido en el r\u00edo"},"content":{"rendered":"\n<h2 class=\"wp-block-heading\" id=\"nota-title\">Un familiar declar\u00f3 que se hab\u00eda metido a buscar una pelota<\/h2>\n\n\n\n<p>De acuerdo a lo informado desde Polic\u00eda Departamental Col\u00f3n pasada la hora 11.00, alrededor de las 3.00 el cuerpo fue encontrado por personal de Prefectura Naval Argentina.<\/p>\n\n\n\n<p>Durante la noche, personal policial se entrevist\u00f3 con una mujer de 68 a\u00f1os de edad que se encontraba junto a su pareja, y un hombre de 26 a\u00f1os de edad, resultando este \u00faltimo cu\u00f1ado de la persona que hab\u00eda desaparecido en el agua.<\/p>\n\n\n\n<p><a href=\"https:\/\/www.elentrerios.com\/uid-211345\"><\/a>De acuerdo al testimonio de este familiar, minutos antes la v\u00edctima, identificada como Francisco Victorio, se hab\u00eda metido al agua nadando a buscar una pelota. Seguidamente se escucharon gritos y pedidos de ayuda, por lo cual se habr\u00eda metido r\u00e1pidamente para auxiliarlo y rescatarlo, no pudiendo lograrlo por la profundidad.<\/p>\n\n\n\n<p>Inmediatamente comenz\u00f3 a trabajar en el lugar Personal de Prefectura Naval Argentina y Bomberos Voluntarios, con participaci\u00f3n de buzos y embarcaciones, adem\u00e1s de requerirse colaboraci\u00f3n de personal id\u00f3neo para abordar la situaci\u00f3n de los familiares.<\/p>\n\n\n\n<p>La Unidad Fiscal en turno dispuso la intervenci\u00f3n del M\u00e9dico Policial y el traslado del occiso a la morgue, para posteriormente ser entregado a sus familiares.<\/p>\n\n\n\n<p>En cuanto a la identidad del fallecido, se supo que se trata de un hombre de 38 a\u00f1os de edad, domiciliado en barrio El Brillante, de la ciudad de San Jos\u00e9.<\/p>\n\n\n\n<p><strong>Fuente:<\/strong>\u00a0El Entre R\u00edos \u2013 Polic\u00eda Departamental Col\u00f3n<\/p>\n","protected":false},"excerpt":{"rendered":"<p>Un familiar declar\u00f3 que se hab\u00eda metido a buscar una pelota De acuerdo a lo informado desde Polic\u00eda Departamental Col\u00f3n pasada la hora 11.00, alrededor de las 3.00 el cuerpo fue encontrado por personal de Prefectura Naval Argentina. Durante la noche, personal policial se entrevist\u00f3 con una mujer de 68 a\u00f1os de edad que se [&hellip;]<\/p>\n","protected":false},"author":2,"featured_media":448,"comment_status":"open","ping_status":"open","sticky":false,"template":"","format":"standard","meta":{"footnotes":""},"categories":[17],"tags":[],"class_list":{"0":"post-447","1":"post","2":"type-post","3":"status-publish","4":"format-standard","5":"has-post-thumbnail","7":"category-provinciales"},"yoast_head":"<!-- This site is optimized with the Yoast SEO plugin v27.4 - https:\/\/yoast.com\/product\/yoast-seo-wordpress\/ -->\n<title>Encontraron el cuerpo del hombre desaparecido en el r\u00edo - Diario del Sur<\/title>\n<meta name=\"robots\" content=\"index, follow, max-snippet:-1, max-image-preview:large, max-video-preview:-1\" \/>\n<link rel=\"canonical\" href=\"https:\/\/diariodelsurdigital.com.ar\/?p=447\" \/>\n<meta property=\"og:locale\" content=\"es_ES\" \/>\n<meta property=\"og:type\" content=\"article\" \/>\n<meta property=\"og:title\" content=\"Encontraron el cuerpo del hombre desaparecido en el r\u00edo - Diario del Sur\" \/>\n<meta property=\"og:description\" content=\"Un familiar declar\u00f3 que se hab\u00eda metido a buscar una pelota De acuerdo a lo informado desde Polic\u00eda Departamental Col\u00f3n pasada la hora 11.00, alrededor de las 3.00 el cuerpo fue encontrado por personal de Prefectura Naval Argentina. Durante la noche, personal policial se entrevist\u00f3 con una mujer de 68 a\u00f1os de edad que se [&hellip;]\" \/>\n<meta property=\"og:url\" content=\"https:\/\/diariodelsurdigital.com.ar\/?p=447\" \/>\n<meta property=\"og:site_name\" content=\"Diario del Sur\" \/>\n<meta property=\"article:published_time\" content=\"2025-01-06T03:33:47+00:00\" \/>\n<meta property=\"article:modified_time\" content=\"2025-01-06T03:33:48+00:00\" \/>\n<meta property=\"og:image\" content=\"https:\/\/diariodelsurdigital.com.ar\/wp-content\/uploads\/2025\/01\/l_1736090172.jpg\" \/>\n\t<meta property=\"og:image:width\" content=\"522\" \/>\n\t<meta property=\"og:image:height\" content=\"348\" \/>\n\t<meta property=\"og:image:type\" content=\"image\/jpeg\" \/>\n<meta name=\"author\" content=\"Diario del Sur Digital\" \/>\n<meta name=\"twitter:card\" content=\"summary_large_image\" \/>\n<meta name=\"twitter:label1\" content=\"Escrito por\" \/>\n\t<meta name=\"twitter:data1\" content=\"Diario del Sur Digital\" \/>\n\t<meta name=\"twitter:label2\" content=\"Tiempo de lectura\" \/>\n\t<meta name=\"twitter:data2\" content=\"2 minutos\" \/>\n<script type=\"application\/ld+json\" class=\"yoast-schema-graph\">{\"@context\":\"https:\\\/\\\/schema.org\",\"@graph\":[{\"@type\":\"Article\",\"@id\":\"https:\\\/\\\/diariodelsurdigital.com.ar\\\/?p=447#article\",\"isPartOf\":{\"@id\":\"https:\\\/\\\/diariodelsurdigital.com.ar\\\/?p=447\"},\"author\":{\"name\":\"Diario del Sur Digital\",\"@id\":\"https:\\\/\\\/diariodelsurdigital.com.ar\\\/#\\\/schema\\\/person\\\/6136a32571657f7dba980b88b04c5465\"},\"headline\":\"Encontraron el cuerpo del hombre desaparecido en el r\u00edo\",\"datePublished\":\"2025-01-06T03:33:47+00:00\",\"dateModified\":\"2025-01-06T03:33:48+00:00\",\"mainEntityOfPage\":{\"@id\":\"https:\\\/\\\/diariodelsurdigital.com.ar\\\/?p=447\"},\"wordCount\":257,\"commentCount\":0,\"image\":{\"@id\":\"https:\\\/\\\/diariodelsurdigital.com.ar\\\/?p=447#primaryimage\"},\"thumbnailUrl\":\"https:\\\/\\\/diariodelsurdigital.com.ar\\\/wp-content\\\/uploads\\\/2025\\\/01\\\/l_1736090172.jpg\",\"articleSection\":[\"Provinciales\"],\"inLanguage\":\"es\",\"potentialAction\":[{\"@type\":\"CommentAction\",\"name\":\"Comment\",\"target\":[\"https:\\\/\\\/diariodelsurdigital.com.ar\\\/?p=447#respond\"]}]},{\"@type\":\"WebPage\",\"@id\":\"https:\\\/\\\/diariodelsurdigital.com.ar\\\/?p=447\",\"url\":\"https:\\\/\\\/diariodelsurdigital.com.ar\\\/?p=447\",\"name\":\"Encontraron el cuerpo del hombre desaparecido en el r\u00edo - Diario del Sur\",\"isPartOf\":{\"@id\":\"https:\\\/\\\/diariodelsurdigital.com.ar\\\/#website\"},\"primaryImageOfPage\":{\"@id\":\"https:\\\/\\\/diariodelsurdigital.com.ar\\\/?p=447#primaryimage\"},\"image\":{\"@id\":\"https:\\\/\\\/diariodelsurdigital.com.ar\\\/?p=447#primaryimage\"},\"thumbnailUrl\":\"https:\\\/\\\/diariodelsurdigital.com.ar\\\/wp-content\\\/uploads\\\/2025\\\/01\\\/l_1736090172.jpg\",\"datePublished\":\"2025-01-06T03:33:47+00:00\",\"dateModified\":\"2025-01-06T03:33:48+00:00\",\"author\":{\"@id\":\"https:\\\/\\\/diariodelsurdigital.com.ar\\\/#\\\/schema\\\/person\\\/6136a32571657f7dba980b88b04c5465\"},\"breadcrumb\":{\"@id\":\"https:\\\/\\\/diariodelsurdigital.com.ar\\\/?p=447#breadcrumb\"},\"inLanguage\":\"es\",\"potentialAction\":[{\"@type\":\"ReadAction\",\"target\":[\"https:\\\/\\\/diariodelsurdigital.com.ar\\\/?p=447\"]}]},{\"@type\":\"ImageObject\",\"inLanguage\":\"es\",\"@id\":\"https:\\\/\\\/diariodelsurdigital.com.ar\\\/?p=447#primaryimage\",\"url\":\"https:\\\/\\\/diariodelsurdigital.com.ar\\\/wp-content\\\/uploads\\\/2025\\\/01\\\/l_1736090172.jpg\",\"contentUrl\":\"https:\\\/\\\/diariodelsurdigital.com.ar\\\/wp-content\\\/uploads\\\/2025\\\/01\\\/l_1736090172.jpg\",\"width\":522,\"height\":348},{\"@type\":\"BreadcrumbList\",\"@id\":\"https:\\\/\\\/diariodelsurdigital.com.ar\\\/?p=447#breadcrumb\",\"itemListElement\":[{\"@type\":\"ListItem\",\"position\":1,\"name\":\"Portada\",\"item\":\"https:\\\/\\\/diariodelsurdigital.com.ar\\\/\"},{\"@type\":\"ListItem\",\"position\":2,\"name\":\"Encontraron el cuerpo del hombre desaparecido en el r\u00edo\"}]},{\"@type\":\"WebSite\",\"@id\":\"https:\\\/\\\/diariodelsurdigital.com.ar\\\/#website\",\"url\":\"https:\\\/\\\/diariodelsurdigital.com.ar\\\/\",\"name\":\"Diario del Sur\",\"description\":\"Digital\",\"potentialAction\":[{\"@type\":\"SearchAction\",\"target\":{\"@type\":\"EntryPoint\",\"urlTemplate\":\"https:\\\/\\\/diariodelsurdigital.com.ar\\\/?s={search_term_string}\"},\"query-input\":{\"@type\":\"PropertyValueSpecification\",\"valueRequired\":true,\"valueName\":\"search_term_string\"}}],\"inLanguage\":\"es\"},{\"@type\":\"Person\",\"@id\":\"https:\\\/\\\/diariodelsurdigital.com.ar\\\/#\\\/schema\\\/person\\\/6136a32571657f7dba980b88b04c5465\",\"name\":\"Diario del Sur Digital\",\"image\":{\"@type\":\"ImageObject\",\"inLanguage\":\"es\",\"@id\":\"https:\\\/\\\/secure.gravatar.com\\\/avatar\\\/4c29ceac98541dd42460b2474aaa5dd37594d6ce6cb3cf2c101d09b48ee287ba?s=96&d=mm&r=g\",\"url\":\"https:\\\/\\\/secure.gravatar.com\\\/avatar\\\/4c29ceac98541dd42460b2474aaa5dd37594d6ce6cb3cf2c101d09b48ee287ba?s=96&d=mm&r=g\",\"contentUrl\":\"https:\\\/\\\/secure.gravatar.com\\\/avatar\\\/4c29ceac98541dd42460b2474aaa5dd37594d6ce6cb3cf2c101d09b48ee287ba?s=96&d=mm&r=g\",\"caption\":\"Diario del Sur Digital\"},\"url\":\"https:\\\/\\\/diariodelsurdigital.com.ar\\\/?author=2\"}]}<\/script>\n<!-- \/ Yoast SEO plugin. -->","yoast_head_json":{"title":"Encontraron el cuerpo del hombre desaparecido en el r\u00edo - Diario del Sur","robots":{"index":"index","follow":"follow","max-snippet":"max-snippet:-1","max-image-preview":"max-image-preview:large","max-video-preview":"max-video-preview:-1"},"canonical":"https:\/\/diariodelsurdigital.com.ar\/?p=447","og_locale":"es_ES","og_type":"article","og_title":"Encontraron el cuerpo del hombre desaparecido en el r\u00edo - Diario del Sur","og_description":"Un familiar declar\u00f3 que se hab\u00eda metido a buscar una pelota De acuerdo a lo informado desde Polic\u00eda Departamental Col\u00f3n pasada la hora 11.00, alrededor de las 3.00 el cuerpo fue encontrado por personal de Prefectura Naval Argentina. Durante la noche, personal policial se entrevist\u00f3 con una mujer de 68 a\u00f1os de edad que se [&hellip;]","og_url":"https:\/\/diariodelsurdigital.com.ar\/?p=447","og_site_name":"Diario del Sur","article_published_time":"2025-01-06T03:33:47+00:00","article_modified_time":"2025-01-06T03:33:48+00:00","og_image":[{"width":522,"height":348,"url":"https:\/\/diariodelsurdigital.com.ar\/wp-content\/uploads\/2025\/01\/l_1736090172.jpg","type":"image\/jpeg"}],"author":"Diario del Sur Digital","twitter_card":"summary_large_image","twitter_misc":{"Escrito por":"Diario del Sur Digital","Tiempo de lectura":"2 minutos"},"schema":{"@context":"https:\/\/schema.org","@graph":[{"@type":"Article","@id":"https:\/\/diariodelsurdigital.com.ar\/?p=447#article","isPartOf":{"@id":"https:\/\/diariodelsurdigital.com.ar\/?p=447"},"author":{"name":"Diario del Sur Digital","@id":"https:\/\/diariodelsurdigital.com.ar\/#\/schema\/person\/6136a32571657f7dba980b88b04c5465"},"headline":"Encontraron el cuerpo del hombre desaparecido en el r\u00edo","datePublished":"2025-01-06T03:33:47+00:00","dateModified":"2025-01-06T03:33:48+00:00","mainEntityOfPage":{"@id":"https:\/\/diariodelsurdigital.com.ar\/?p=447"},"wordCount":257,"commentCount":0,"image":{"@id":"https:\/\/diariodelsurdigital.com.ar\/?p=447#primaryimage"},"thumbnailUrl":"https:\/\/diariodelsurdigital.com.ar\/wp-content\/uploads\/2025\/01\/l_1736090172.jpg","articleSection":["Provinciales"],"inLanguage":"es","potentialAction":[{"@type":"CommentAction","name":"Comment","target":["https:\/\/diariodelsurdigital.com.ar\/?p=447#respond"]}]},{"@type":"WebPage","@id":"https:\/\/diariodelsurdigital.com.ar\/?p=447","url":"https:\/\/diariodelsurdigital.com.ar\/?p=447","name":"Encontraron el cuerpo del hombre desaparecido en el r\u00edo - Diario del Sur","isPartOf":{"@id":"https:\/\/diariodelsurdigital.com.ar\/#website"},"primaryImageOfPage":{"@id":"https:\/\/diariodelsurdigital.com.ar\/?p=447#primaryimage"},"image":{"@id":"https:\/\/diariodelsurdigital.com.ar\/?p=447#primaryimage"},"thumbnailUrl":"https:\/\/diariodelsurdigital.com.ar\/wp-content\/uploads\/2025\/01\/l_1736090172.jpg","datePublished":"2025-01-06T03:33:47+00:00","dateModified":"2025-01-06T03:33:48+00:00","author":{"@id":"https:\/\/diariodelsurdigital.com.ar\/#\/schema\/person\/6136a32571657f7dba980b88b04c5465"},"breadcrumb":{"@id":"https:\/\/diariodelsurdigital.com.ar\/?p=447#breadcrumb"},"inLanguage":"es","potentialAction":[{"@type":"ReadAction","target":["https:\/\/diariodelsurdigital.com.ar\/?p=447"]}]},{"@type":"ImageObject","inLanguage":"es","@id":"https:\/\/diariodelsurdigital.com.ar\/?p=447#primaryimage","url":"https:\/\/diariodelsurdigital.com.ar\/wp-content\/uploads\/2025\/01\/l_1736090172.jpg","contentUrl":"https:\/\/diariodelsurdigital.com.ar\/wp-content\/uploads\/2025\/01\/l_1736090172.jpg","width":522,"height":348},{"@type":"BreadcrumbList","@id":"https:\/\/diariodelsurdigital.com.ar\/?p=447#breadcrumb","itemListElement":[{"@type":"ListItem","position":1,"name":"Portada","item":"https:\/\/diariodelsurdigital.com.ar\/"},{"@type":"ListItem","position":2,"name":"Encontraron el cuerpo del hombre desaparecido en el r\u00edo"}]},{"@type":"WebSite","@id":"https:\/\/diariodelsurdigital.com.ar\/#website","url":"https:\/\/diariodelsurdigital.com.ar\/","name":"Diario del Sur","description":"Digital","potentialAction":[{"@type":"SearchAction","target":{"@type":"EntryPoint","urlTemplate":"https:\/\/diariodelsurdigital.com.ar\/?s={search_term_string}"},"query-input":{"@type":"PropertyValueSpecification","valueRequired":true,"valueName":"search_term_string"}}],"inLanguage":"es"},{"@type":"Person","@id":"https:\/\/diariodelsurdigital.com.ar\/#\/schema\/person\/6136a32571657f7dba980b88b04c5465","name":"Diario del Sur Digital","image":{"@type":"ImageObject","inLanguage":"es","@id":"https:\/\/secure.gravatar.com\/avatar\/4c29ceac98541dd42460b2474aaa5dd37594d6ce6cb3cf2c101d09b48ee287ba?s=96&d=mm&r=g","url":"https:\/\/secure.gravatar.com\/avatar\/4c29ceac98541dd42460b2474aaa5dd37594d6ce6cb3cf2c101d09b48ee287ba?s=96&d=mm&r=g","contentUrl":"https:\/\/secure.gravatar.com\/avatar\/4c29ceac98541dd42460b2474aaa5dd37594d6ce6cb3cf2c101d09b48ee287ba?s=96&d=mm&r=g","caption":"Diario del Sur Digital"},"url":"https:\/\/diariodelsurdigital.com.ar\/?author=2"}]}},"_links":{"self":[{"href":"https:\/\/diariodelsurdigital.com.ar\/index.php?rest_route=\/wp\/v2\/posts\/447","targetHints":{"allow":["GET"]}}],"collection":[{"href":"https:\/\/diariodelsurdigital.com.ar\/index.php?rest_route=\/wp\/v2\/posts"}],"about":[{"href":"https:\/\/diariodelsurdigital.com.ar\/index.php?rest_route=\/wp\/v2\/types\/post"}],"author":[{"embeddable":true,"href":"https:\/\/diariodelsurdigital.com.ar\/index.php?rest_route=\/wp\/v2\/users\/2"}],"replies":[{"embeddable":true,"href":"https:\/\/diariodelsurdigital.com.ar\/index.php?rest_route=%2Fwp%2Fv2%2Fcomments&post=447"}],"version-history":[{"count":1,"href":"https:\/\/diariodelsurdigital.com.ar\/index.php?rest_route=\/wp\/v2\/posts\/447\/revisions"}],"predecessor-version":[{"id":449,"href":"https:\/\/diariodelsurdigital.com.ar\/index.php?rest_route=\/wp\/v2\/posts\/447\/revisions\/449"}],"wp:featuredmedia":[{"embeddable":true,"href":"https:\/\/diariodelsurdigital.com.ar\/index.php?rest_route=\/wp\/v2\/media\/448"}],"wp:attachment":[{"href":"https:\/\/diariodelsurdigital.com.ar\/index.php?rest_route=%2Fwp%2Fv2%2Fmedia&parent=447"}],"wp:term":[{"taxonomy":"category","embeddable":true,"href":"https:\/\/diariodelsurdigital.com.ar\/index.php?rest_route=%2Fwp%2Fv2%2Fcategories&post=447"},{"taxonomy":"post_tag","embeddable":true,"href":"https:\/\/diariodelsurdigital.com.ar\/index.php?rest_route=%2Fwp%2Fv2%2Ftags&post=447"}],"curies":[{"name":"wp","href":"https:\/\/api.w.org\/{rel}","templated":true}]}}