{"id":4470,"date":"2025-09-03T14:33:37","date_gmt":"2025-09-03T17:33:37","guid":{"rendered":"https:\/\/diariodelsurdigital.com.ar\/?p=4470"},"modified":"2025-09-03T14:33:39","modified_gmt":"2025-09-03T17:33:39","slug":"allanamiento-en-entre-rios-por-una-red-internacional-de-abuso-sexual-contra-ninos","status":"publish","type":"post","link":"https:\/\/diariodelsurdigital.com.ar\/?p=4470","title":{"rendered":"Allanamiento en Entre R\u00edos por una red internacional de abuso sexual contra ni\u00f1os"},"content":{"rendered":"\n<p>Produc\u00edan archivos que conten\u00edan im\u00e1genes de explotaci\u00f3n sexual de menores de edad. Una megainvestigaci\u00f3n logr\u00f3 dar con los responsables.<\/p>\n\n\n\n<p><\/p>\n\n\n\n<p>La Polic\u00eda Federal Argentina desarticul\u00f3 una red criminal de producci\u00f3n, comercializaci\u00f3n y distribuci\u00f3n de material de abuso sexual contra ni\u00f1os y adolescentes. La organizaci\u00f3n operaba internacionalmente y ten\u00eda v\u00ednculos en Entre R\u00edos.<\/p>\n\n\n\n<p>El caso cont\u00f3 con una megainvestigaci\u00f3n que incluy\u00f3 procedimientos en diferentes provincias y concluy\u00f3 con la detenci\u00f3n de dos sospechosos, m\u00e1s el secuestro de gran cantidad de material incriminatorio.<\/p>\n\n\n\n<p>Los detalles de la operaci\u00f3n<\/p>\n\n\n\n<p>En el marco de una investigaci\u00f3n coordinada por el Ministerio de Seguridad Nacional, efectivos del Departamento Federal de Investigaciones (DFI) de la Polic\u00eda Federal Argentina (PFA), desarticularon una compleja red criminal (MASI).<\/p>\n\n\n\n<p>Los mencionados procedimientos forman parte de la \u201cOperaci\u00f3n Internacional Aliados por la Infancia V\u201d, y es la continuaci\u00f3n de su antecesora \u201cOperaci\u00f3n Aliados por la Infancia IV\u201d, realizada en noviembre de 2024 en diferentes regiones de la Rep\u00fablica Argentina y pa\u00edses latinoamericanos.<\/p>\n\n\n\n<p>En esta oportunidad y por disposici\u00f3n de la Unidad Fiscal Especializada en Delitos y Contravenciones Inform\u00e1ticas, del Ministerio P\u00fablico de la Ciudad Aut\u00f3noma de Buenos Aires de la Dra. Daniela Dupuy, la pesquisa estuvo a cargo de la Divisi\u00f3n Delitos Cibern\u00e9ticos Contra la Ni\u00f1ez y Adolescencia de la PFA, cuyos agentes trabajaron mancomunadamente con personal del Departamento de Delitos Conexos a la Trata de Personas, Pornograf\u00eda Infantil y Grooming de la Provincia de Buenos Aires.<\/p>\n\n\n\n<p>En ese sentido, tras intensas labores de campo y cientos de an\u00e1lisis de datos que proporcionaron distintas herramientas tecnol\u00f3gicas de origen estadounidense, los federales identificaron tres domicilios que pose\u00edan directa relaci\u00f3n con la elaboraci\u00f3n y venta de archivos referentes a la explotaci\u00f3n sexual de ni\u00f1os y adolescentes.<\/p>\n\n\n\n<p>Reunidas las pruebas, el Juzgado de Primera Instancia en lo Penal, Contravencional y de Faltas de Turno de la Ciudad Aut\u00f3noma de Buenos Aires, a cargo del Dr. Ariel Oscar Peralta, con la anuencia del Juzgado de Garant\u00edas N\u00b01 del Departamento Judicial Avellaneda \u2013 Lan\u00fas, que conduce la Dra. Gladys Bonafine, ordenaron la ejecuci\u00f3n de los allanamientos sobre dichas viviendas, dos de ellas ubicadas en la Capital Federal sobre las calles Ascencio y Bulnes y, la restante, en el partido bonaerense de Lan\u00fas, sobre la calle Pichincha.<\/p>\n\n\n\n<p>Consecuentemente, los servidores p\u00fablicos ingresaron en las fincas aludidas logrando la detenci\u00f3n de un hombre sindicado como el principal involucrado de los ardides investigados. Asimismo, se incautaron tres notebooks, siete aparatos de telefon\u00eda celular, dos pendrives, tres discos r\u00edgidos externos, una CPU, una tablet y documentaci\u00f3n de inter\u00e9s para la justicia.<\/p>\n\n\n\n<p>Durante las mandas judiciales, las cuales se efectuaron de manera simult\u00e1nea, se identific\u00f3 tambi\u00e9n a otro joven quien, por resoluci\u00f3n de las autoridades judiciales interventoras, result\u00f3 notificado de la causa.<\/p>\n\n\n\n<p>Tanto el detenido como el imputado, ambos de nacionalidad argentina y mayores de edad, quedaron a disposici\u00f3n del magistrado actuante acusados por el delito de \u201cProducci\u00f3n y Comercializaci\u00f3n de Representaciones de Menores de 18 a\u00f1os en Actividades Sexuales\u201d.<\/p>\n\n\n\n<p>Cabe se\u00f1alar que por la presente causa trabajaron otras fuerzas policiales y federales de nuestro pa\u00eds, englobando as\u00ed un total de 52 allanamientos en el plano nacional, principalmente en las provincias de Buenos Aires, C\u00f3rdoba, Entre R\u00edos, Formosa, La Rioja, Misiones, Salta, San Juan, San Luis, Santa Fe, Santa Cruz y Tucum\u00e1n, producto de los cuales se realizaron 10 detenciones y el secuestro de 393 dispositivos involucrados en la misma maniobra delictiva.<\/p>\n\n\n\n<p>No obstante, en el marco de la misma operaci\u00f3n internacional tambi\u00e9n hubo procedimientos en pa\u00edses como Brasil, Uruguay, Paraguay, Bolivia, Ecuador, Per\u00fa, Puerto Rico, Guatemala, Honduras, Panam\u00e1, Estados Unidos y Rep\u00fablica Dominicana, public\u00f3 Elonce.<\/p>\n","protected":false},"excerpt":{"rendered":"<p>Produc\u00edan archivos que conten\u00edan im\u00e1genes de explotaci\u00f3n sexual de menores de edad. Una megainvestigaci\u00f3n logr\u00f3 dar con los responsables. La Polic\u00eda Federal Argentina desarticul\u00f3 una red criminal de producci\u00f3n, comercializaci\u00f3n y distribuci\u00f3n de material de abuso sexual contra ni\u00f1os y adolescentes. La organizaci\u00f3n operaba internacionalmente y ten\u00eda v\u00ednculos en Entre R\u00edos. El caso cont\u00f3 con [&hellip;]<\/p>\n","protected":false},"author":4,"featured_media":4471,"comment_status":"open","ping_status":"open","sticky":false,"template":"","format":"standard","meta":{"footnotes":""},"categories":[21,17],"tags":[],"class_list":{"0":"post-4470","1":"post","2":"type-post","3":"status-publish","4":"format-standard","5":"has-post-thumbnail","7":"category-policiales","8":"category-provinciales"},"yoast_head":"<!-- This site is optimized with the Yoast SEO plugin v27.4 - https:\/\/yoast.com\/product\/yoast-seo-wordpress\/ -->\n<title>Allanamiento en Entre R\u00edos por una red internacional de abuso sexual contra ni\u00f1os - Diario del Sur<\/title>\n<meta name=\"robots\" content=\"index, follow, max-snippet:-1, max-image-preview:large, max-video-preview:-1\" \/>\n<link rel=\"canonical\" href=\"https:\/\/diariodelsurdigital.com.ar\/?p=4470\" \/>\n<meta property=\"og:locale\" content=\"es_ES\" \/>\n<meta property=\"og:type\" content=\"article\" \/>\n<meta property=\"og:title\" content=\"Allanamiento en Entre R\u00edos por una red internacional de abuso sexual contra ni\u00f1os - Diario del Sur\" \/>\n<meta property=\"og:description\" content=\"Produc\u00edan archivos que conten\u00edan im\u00e1genes de explotaci\u00f3n sexual de menores de edad. Una megainvestigaci\u00f3n logr\u00f3 dar con los responsables. La Polic\u00eda Federal Argentina desarticul\u00f3 una red criminal de producci\u00f3n, comercializaci\u00f3n y distribuci\u00f3n de material de abuso sexual contra ni\u00f1os y adolescentes. La organizaci\u00f3n operaba internacionalmente y ten\u00eda v\u00ednculos en Entre R\u00edos. El caso cont\u00f3 con [&hellip;]\" \/>\n<meta property=\"og:url\" content=\"https:\/\/diariodelsurdigital.com.ar\/?p=4470\" \/>\n<meta property=\"og:site_name\" content=\"Diario del Sur\" \/>\n<meta property=\"article:published_time\" content=\"2025-09-03T17:33:37+00:00\" \/>\n<meta property=\"article:modified_time\" content=\"2025-09-03T17:33:39+00:00\" \/>\n<meta property=\"og:image\" content=\"https:\/\/diariodelsurdigital.com.ar\/wp-content\/uploads\/2025\/09\/md-13.webp\" \/>\n\t<meta property=\"og:image:width\" content=\"992\" \/>\n\t<meta property=\"og:image:height\" content=\"660\" \/>\n\t<meta property=\"og:image:type\" content=\"image\/webp\" \/>\n<meta name=\"author\" content=\"Diario del Sur Digital\" \/>\n<meta name=\"twitter:card\" content=\"summary_large_image\" \/>\n<meta name=\"twitter:label1\" content=\"Escrito por\" \/>\n\t<meta name=\"twitter:data1\" content=\"Diario del Sur Digital\" \/>\n\t<meta name=\"twitter:label2\" content=\"Tiempo de lectura\" \/>\n\t<meta name=\"twitter:data2\" content=\"3 minutos\" \/>\n<script type=\"application\/ld+json\" class=\"yoast-schema-graph\">{\"@context\":\"https:\\\/\\\/schema.org\",\"@graph\":[{\"@type\":\"Article\",\"@id\":\"https:\\\/\\\/diariodelsurdigital.com.ar\\\/?p=4470#article\",\"isPartOf\":{\"@id\":\"https:\\\/\\\/diariodelsurdigital.com.ar\\\/?p=4470\"},\"author\":{\"name\":\"Diario del Sur Digital\",\"@id\":\"https:\\\/\\\/diariodelsurdigital.com.ar\\\/#\\\/schema\\\/person\\\/1a4992532ed62965c968031b49195c81\"},\"headline\":\"Allanamiento en Entre R\u00edos por una red internacional de abuso sexual contra ni\u00f1os\",\"datePublished\":\"2025-09-03T17:33:37+00:00\",\"dateModified\":\"2025-09-03T17:33:39+00:00\",\"mainEntityOfPage\":{\"@id\":\"https:\\\/\\\/diariodelsurdigital.com.ar\\\/?p=4470\"},\"wordCount\":669,\"commentCount\":0,\"image\":{\"@id\":\"https:\\\/\\\/diariodelsurdigital.com.ar\\\/?p=4470#primaryimage\"},\"thumbnailUrl\":\"https:\\\/\\\/diariodelsurdigital.com.ar\\\/wp-content\\\/uploads\\\/2025\\\/09\\\/md-13.webp\",\"articleSection\":[\"Policiales\",\"Provinciales\"],\"inLanguage\":\"es\",\"potentialAction\":[{\"@type\":\"CommentAction\",\"name\":\"Comment\",\"target\":[\"https:\\\/\\\/diariodelsurdigital.com.ar\\\/?p=4470#respond\"]}]},{\"@type\":\"WebPage\",\"@id\":\"https:\\\/\\\/diariodelsurdigital.com.ar\\\/?p=4470\",\"url\":\"https:\\\/\\\/diariodelsurdigital.com.ar\\\/?p=4470\",\"name\":\"Allanamiento en Entre R\u00edos por una red internacional de abuso sexual contra ni\u00f1os - Diario del Sur\",\"isPartOf\":{\"@id\":\"https:\\\/\\\/diariodelsurdigital.com.ar\\\/#website\"},\"primaryImageOfPage\":{\"@id\":\"https:\\\/\\\/diariodelsurdigital.com.ar\\\/?p=4470#primaryimage\"},\"image\":{\"@id\":\"https:\\\/\\\/diariodelsurdigital.com.ar\\\/?p=4470#primaryimage\"},\"thumbnailUrl\":\"https:\\\/\\\/diariodelsurdigital.com.ar\\\/wp-content\\\/uploads\\\/2025\\\/09\\\/md-13.webp\",\"datePublished\":\"2025-09-03T17:33:37+00:00\",\"dateModified\":\"2025-09-03T17:33:39+00:00\",\"author\":{\"@id\":\"https:\\\/\\\/diariodelsurdigital.com.ar\\\/#\\\/schema\\\/person\\\/1a4992532ed62965c968031b49195c81\"},\"breadcrumb\":{\"@id\":\"https:\\\/\\\/diariodelsurdigital.com.ar\\\/?p=4470#breadcrumb\"},\"inLanguage\":\"es\",\"potentialAction\":[{\"@type\":\"ReadAction\",\"target\":[\"https:\\\/\\\/diariodelsurdigital.com.ar\\\/?p=4470\"]}]},{\"@type\":\"ImageObject\",\"inLanguage\":\"es\",\"@id\":\"https:\\\/\\\/diariodelsurdigital.com.ar\\\/?p=4470#primaryimage\",\"url\":\"https:\\\/\\\/diariodelsurdigital.com.ar\\\/wp-content\\\/uploads\\\/2025\\\/09\\\/md-13.webp\",\"contentUrl\":\"https:\\\/\\\/diariodelsurdigital.com.ar\\\/wp-content\\\/uploads\\\/2025\\\/09\\\/md-13.webp\",\"width\":992,\"height\":660},{\"@type\":\"BreadcrumbList\",\"@id\":\"https:\\\/\\\/diariodelsurdigital.com.ar\\\/?p=4470#breadcrumb\",\"itemListElement\":[{\"@type\":\"ListItem\",\"position\":1,\"name\":\"Portada\",\"item\":\"https:\\\/\\\/diariodelsurdigital.com.ar\\\/\"},{\"@type\":\"ListItem\",\"position\":2,\"name\":\"Allanamiento en Entre R\u00edos por una red internacional de abuso sexual contra ni\u00f1os\"}]},{\"@type\":\"WebSite\",\"@id\":\"https:\\\/\\\/diariodelsurdigital.com.ar\\\/#website\",\"url\":\"https:\\\/\\\/diariodelsurdigital.com.ar\\\/\",\"name\":\"Diario del Sur\",\"description\":\"Digital\",\"potentialAction\":[{\"@type\":\"SearchAction\",\"target\":{\"@type\":\"EntryPoint\",\"urlTemplate\":\"https:\\\/\\\/diariodelsurdigital.com.ar\\\/?s={search_term_string}\"},\"query-input\":{\"@type\":\"PropertyValueSpecification\",\"valueRequired\":true,\"valueName\":\"search_term_string\"}}],\"inLanguage\":\"es\"},{\"@type\":\"Person\",\"@id\":\"https:\\\/\\\/diariodelsurdigital.com.ar\\\/#\\\/schema\\\/person\\\/1a4992532ed62965c968031b49195c81\",\"name\":\"Diario del Sur Digital\",\"image\":{\"@type\":\"ImageObject\",\"inLanguage\":\"es\",\"@id\":\"https:\\\/\\\/secure.gravatar.com\\\/avatar\\\/f0c7c47fc7146d19828273b9b8eda651c9c7ab583767e6338d3d3bee825adf76?s=96&d=mm&r=g\",\"url\":\"https:\\\/\\\/secure.gravatar.com\\\/avatar\\\/f0c7c47fc7146d19828273b9b8eda651c9c7ab583767e6338d3d3bee825adf76?s=96&d=mm&r=g\",\"contentUrl\":\"https:\\\/\\\/secure.gravatar.com\\\/avatar\\\/f0c7c47fc7146d19828273b9b8eda651c9c7ab583767e6338d3d3bee825adf76?s=96&d=mm&r=g\",\"caption\":\"Diario del Sur Digital\"},\"url\":\"https:\\\/\\\/diariodelsurdigital.com.ar\\\/?author=4\"}]}<\/script>\n<!-- \/ Yoast SEO plugin. -->","yoast_head_json":{"title":"Allanamiento en Entre R\u00edos por una red internacional de abuso sexual contra ni\u00f1os - Diario del Sur","robots":{"index":"index","follow":"follow","max-snippet":"max-snippet:-1","max-image-preview":"max-image-preview:large","max-video-preview":"max-video-preview:-1"},"canonical":"https:\/\/diariodelsurdigital.com.ar\/?p=4470","og_locale":"es_ES","og_type":"article","og_title":"Allanamiento en Entre R\u00edos por una red internacional de abuso sexual contra ni\u00f1os - Diario del Sur","og_description":"Produc\u00edan archivos que conten\u00edan im\u00e1genes de explotaci\u00f3n sexual de menores de edad. Una megainvestigaci\u00f3n logr\u00f3 dar con los responsables. La Polic\u00eda Federal Argentina desarticul\u00f3 una red criminal de producci\u00f3n, comercializaci\u00f3n y distribuci\u00f3n de material de abuso sexual contra ni\u00f1os y adolescentes. La organizaci\u00f3n operaba internacionalmente y ten\u00eda v\u00ednculos en Entre R\u00edos. El caso cont\u00f3 con [&hellip;]","og_url":"https:\/\/diariodelsurdigital.com.ar\/?p=4470","og_site_name":"Diario del Sur","article_published_time":"2025-09-03T17:33:37+00:00","article_modified_time":"2025-09-03T17:33:39+00:00","og_image":[{"width":992,"height":660,"url":"https:\/\/diariodelsurdigital.com.ar\/wp-content\/uploads\/2025\/09\/md-13.webp","type":"image\/webp"}],"author":"Diario del Sur Digital","twitter_card":"summary_large_image","twitter_misc":{"Escrito por":"Diario del Sur Digital","Tiempo de lectura":"3 minutos"},"schema":{"@context":"https:\/\/schema.org","@graph":[{"@type":"Article","@id":"https:\/\/diariodelsurdigital.com.ar\/?p=4470#article","isPartOf":{"@id":"https:\/\/diariodelsurdigital.com.ar\/?p=4470"},"author":{"name":"Diario del Sur Digital","@id":"https:\/\/diariodelsurdigital.com.ar\/#\/schema\/person\/1a4992532ed62965c968031b49195c81"},"headline":"Allanamiento en Entre R\u00edos por una red internacional de abuso sexual contra ni\u00f1os","datePublished":"2025-09-03T17:33:37+00:00","dateModified":"2025-09-03T17:33:39+00:00","mainEntityOfPage":{"@id":"https:\/\/diariodelsurdigital.com.ar\/?p=4470"},"wordCount":669,"commentCount":0,"image":{"@id":"https:\/\/diariodelsurdigital.com.ar\/?p=4470#primaryimage"},"thumbnailUrl":"https:\/\/diariodelsurdigital.com.ar\/wp-content\/uploads\/2025\/09\/md-13.webp","articleSection":["Policiales","Provinciales"],"inLanguage":"es","potentialAction":[{"@type":"CommentAction","name":"Comment","target":["https:\/\/diariodelsurdigital.com.ar\/?p=4470#respond"]}]},{"@type":"WebPage","@id":"https:\/\/diariodelsurdigital.com.ar\/?p=4470","url":"https:\/\/diariodelsurdigital.com.ar\/?p=4470","name":"Allanamiento en Entre R\u00edos por una red internacional de abuso sexual contra ni\u00f1os - Diario del Sur","isPartOf":{"@id":"https:\/\/diariodelsurdigital.com.ar\/#website"},"primaryImageOfPage":{"@id":"https:\/\/diariodelsurdigital.com.ar\/?p=4470#primaryimage"},"image":{"@id":"https:\/\/diariodelsurdigital.com.ar\/?p=4470#primaryimage"},"thumbnailUrl":"https:\/\/diariodelsurdigital.com.ar\/wp-content\/uploads\/2025\/09\/md-13.webp","datePublished":"2025-09-03T17:33:37+00:00","dateModified":"2025-09-03T17:33:39+00:00","author":{"@id":"https:\/\/diariodelsurdigital.com.ar\/#\/schema\/person\/1a4992532ed62965c968031b49195c81"},"breadcrumb":{"@id":"https:\/\/diariodelsurdigital.com.ar\/?p=4470#breadcrumb"},"inLanguage":"es","potentialAction":[{"@type":"ReadAction","target":["https:\/\/diariodelsurdigital.com.ar\/?p=4470"]}]},{"@type":"ImageObject","inLanguage":"es","@id":"https:\/\/diariodelsurdigital.com.ar\/?p=4470#primaryimage","url":"https:\/\/diariodelsurdigital.com.ar\/wp-content\/uploads\/2025\/09\/md-13.webp","contentUrl":"https:\/\/diariodelsurdigital.com.ar\/wp-content\/uploads\/2025\/09\/md-13.webp","width":992,"height":660},{"@type":"BreadcrumbList","@id":"https:\/\/diariodelsurdigital.com.ar\/?p=4470#breadcrumb","itemListElement":[{"@type":"ListItem","position":1,"name":"Portada","item":"https:\/\/diariodelsurdigital.com.ar\/"},{"@type":"ListItem","position":2,"name":"Allanamiento en Entre R\u00edos por una red internacional de abuso sexual contra ni\u00f1os"}]},{"@type":"WebSite","@id":"https:\/\/diariodelsurdigital.com.ar\/#website","url":"https:\/\/diariodelsurdigital.com.ar\/","name":"Diario del Sur","description":"Digital","potentialAction":[{"@type":"SearchAction","target":{"@type":"EntryPoint","urlTemplate":"https:\/\/diariodelsurdigital.com.ar\/?s={search_term_string}"},"query-input":{"@type":"PropertyValueSpecification","valueRequired":true,"valueName":"search_term_string"}}],"inLanguage":"es"},{"@type":"Person","@id":"https:\/\/diariodelsurdigital.com.ar\/#\/schema\/person\/1a4992532ed62965c968031b49195c81","name":"Diario del Sur Digital","image":{"@type":"ImageObject","inLanguage":"es","@id":"https:\/\/secure.gravatar.com\/avatar\/f0c7c47fc7146d19828273b9b8eda651c9c7ab583767e6338d3d3bee825adf76?s=96&d=mm&r=g","url":"https:\/\/secure.gravatar.com\/avatar\/f0c7c47fc7146d19828273b9b8eda651c9c7ab583767e6338d3d3bee825adf76?s=96&d=mm&r=g","contentUrl":"https:\/\/secure.gravatar.com\/avatar\/f0c7c47fc7146d19828273b9b8eda651c9c7ab583767e6338d3d3bee825adf76?s=96&d=mm&r=g","caption":"Diario del Sur Digital"},"url":"https:\/\/diariodelsurdigital.com.ar\/?author=4"}]}},"_links":{"self":[{"href":"https:\/\/diariodelsurdigital.com.ar\/index.php?rest_route=\/wp\/v2\/posts\/4470","targetHints":{"allow":["GET"]}}],"collection":[{"href":"https:\/\/diariodelsurdigital.com.ar\/index.php?rest_route=\/wp\/v2\/posts"}],"about":[{"href":"https:\/\/diariodelsurdigital.com.ar\/index.php?rest_route=\/wp\/v2\/types\/post"}],"author":[{"embeddable":true,"href":"https:\/\/diariodelsurdigital.com.ar\/index.php?rest_route=\/wp\/v2\/users\/4"}],"replies":[{"embeddable":true,"href":"https:\/\/diariodelsurdigital.com.ar\/index.php?rest_route=%2Fwp%2Fv2%2Fcomments&post=4470"}],"version-history":[{"count":1,"href":"https:\/\/diariodelsurdigital.com.ar\/index.php?rest_route=\/wp\/v2\/posts\/4470\/revisions"}],"predecessor-version":[{"id":4472,"href":"https:\/\/diariodelsurdigital.com.ar\/index.php?rest_route=\/wp\/v2\/posts\/4470\/revisions\/4472"}],"wp:featuredmedia":[{"embeddable":true,"href":"https:\/\/diariodelsurdigital.com.ar\/index.php?rest_route=\/wp\/v2\/media\/4471"}],"wp:attachment":[{"href":"https:\/\/diariodelsurdigital.com.ar\/index.php?rest_route=%2Fwp%2Fv2%2Fmedia&parent=4470"}],"wp:term":[{"taxonomy":"category","embeddable":true,"href":"https:\/\/diariodelsurdigital.com.ar\/index.php?rest_route=%2Fwp%2Fv2%2Fcategories&post=4470"},{"taxonomy":"post_tag","embeddable":true,"href":"https:\/\/diariodelsurdigital.com.ar\/index.php?rest_route=%2Fwp%2Fv2%2Ftags&post=4470"}],"curies":[{"name":"wp","href":"https:\/\/api.w.org\/{rel}","templated":true}]}}