{"id":4476,"date":"2025-09-03T14:47:07","date_gmt":"2025-09-03T17:47:07","guid":{"rendered":"https:\/\/diariodelsurdigital.com.ar\/?p=4476"},"modified":"2025-09-03T14:47:08","modified_gmt":"2025-09-03T17:47:08","slug":"luz-mas-cara-en-entre-rios-el-epre-actualizo-tarifas-y-ratifico-subsidios-para-atenuar-el-impacto-del-aumento","status":"publish","type":"post","link":"https:\/\/diariodelsurdigital.com.ar\/?p=4476","title":{"rendered":"Luz m\u00e1s cara en Entre R\u00edos: El EPRE actualiz\u00f3 tarifas y ratific\u00f3 subsidios para atenuar el impacto del aumento"},"content":{"rendered":"\n<p>En consonancia con la naci\u00f3n, el EPRE aprob\u00f3 un nuevo cuadro tarifario para el servicio el\u00e9ctrico de la provincia con vigencia desde septiembre, que traslada los aumentos en los costos mayoristas de la energ\u00eda. APFDigital supo que la medida mantiene el subsidio provincial del 6% para los usuarios de bajos ingresos, quienes continuar\u00e1n recibiendo un alivio en sus facturas.<\/p>\n\n\n\n<p>En l\u00ednea con los anuncios del gobierno nacional sobre los aumentos en las tarifas de energ\u00eda, el Ente Provincial Regulador de la Energ\u00eda (EPRE) aprob\u00f3 este martes un nuevo cuadro tarifario para el servicio el\u00e9ctrico en Entre R\u00edos.<\/p>\n\n\n\n<p>La medida, oficializada en la Resoluci\u00f3n N\u00b0 151\/25, entra en vigencia a partir del 1 de septiembre y ajusta los precios en respuesta a las subas del costo de la energ\u00eda a nivel nacional, al tiempo que ratifica la continuidad de un subsidio provincial para los usuarios m\u00e1s vulnerables.<\/p>\n\n\n\n<p>El aumento en las tarifas se explica por la actualizaci\u00f3n de los precios mayoristas de la energ\u00eda, dispuestos por la Secretar\u00eda de Energ\u00eda de la Naci\u00f3n. La resoluci\u00f3n del EPRE menciona que, para el per\u00edodo comprendido entre el 1\u00b0 de septiembre y el 31 de octubre de 2025, se aplican los nuevos Precios de Referencia de la Potencia (Potref) y el Precio Estabilizado de la Energ\u00eda (PEE) en el Mercado El\u00e9ctrico Mayorista (MEM), lo que impacta directamente en la composici\u00f3n final de la factura.<\/p>\n\n\n\n<p>A pesar de este incremento, el gobierno provincial opt\u00f3 por mantener una medida de alivio para los sectores de menores ingresos. La resoluci\u00f3n del EPRE prorroga el subsidio que beneficia a \u00ablos usuarios residenciales urbanos y rurales comprendidos en el Segmento Nivel 2- Menores Ingresos del Registro de Acceso a los Subsidios a la Energ\u00eda (RASE)\u00bb. Dicho subsidio equivale a un 6% de descuento sobre el Valor Agregado de Distribuci\u00f3n (VAD) y se aplica \u00abhasta un tope m\u00e1ximo de consumo de 300 kWh\/mes\u00bb.<\/p>\n\n\n\n<p>Para que el beneficio sea visible y no genere confusiones, la norma exige a las empresas distribuidoras que incluyan en la facturaci\u00f3n de los usuarios beneficiados una leyenda destacada que diga: \u201cTarifa Subsidiada por el Estado Provincial\u201d.<\/p>\n\n\n\n<p>Finalmente, el documento tambi\u00e9n especifica que se mantiene el esquema de precios especiales para instituciones sin fines de lucro. De acuerdo a las resoluciones nacionales vigentes, las Entidades de Bien P\u00fablico, Clubes de Barrio y de Pueblo continuar\u00e1n pagando la luz al mismo precio que los usuarios residenciales de bajos ingresos.<\/p>\n","protected":false},"excerpt":{"rendered":"<p>En consonancia con la naci\u00f3n, el EPRE aprob\u00f3 un nuevo cuadro tarifario para el servicio el\u00e9ctrico de la provincia con vigencia desde septiembre, que traslada los aumentos en los costos mayoristas de la energ\u00eda. APFDigital supo que la medida mantiene el subsidio provincial del 6% para los usuarios de bajos ingresos, quienes continuar\u00e1n recibiendo un [&hellip;]<\/p>\n","protected":false},"author":4,"featured_media":4477,"comment_status":"open","ping_status":"open","sticky":false,"template":"","format":"standard","meta":{"footnotes":""},"categories":[17],"tags":[],"class_list":{"0":"post-4476","1":"post","2":"type-post","3":"status-publish","4":"format-standard","5":"has-post-thumbnail","7":"category-provinciales"},"yoast_head":"<!-- This site is optimized with the Yoast SEO plugin v27.4 - https:\/\/yoast.com\/product\/yoast-seo-wordpress\/ -->\n<title>Luz m\u00e1s cara en Entre R\u00edos: El EPRE actualiz\u00f3 tarifas y ratific\u00f3 subsidios para atenuar el impacto del aumento - Diario del Sur<\/title>\n<meta name=\"robots\" content=\"index, follow, max-snippet:-1, max-image-preview:large, max-video-preview:-1\" \/>\n<link rel=\"canonical\" href=\"https:\/\/diariodelsurdigital.com.ar\/?p=4476\" \/>\n<meta property=\"og:locale\" content=\"es_ES\" \/>\n<meta property=\"og:type\" content=\"article\" \/>\n<meta property=\"og:title\" content=\"Luz m\u00e1s cara en Entre R\u00edos: El EPRE actualiz\u00f3 tarifas y ratific\u00f3 subsidios para atenuar el impacto del aumento - Diario del Sur\" \/>\n<meta property=\"og:description\" content=\"En consonancia con la naci\u00f3n, el EPRE aprob\u00f3 un nuevo cuadro tarifario para el servicio el\u00e9ctrico de la provincia con vigencia desde septiembre, que traslada los aumentos en los costos mayoristas de la energ\u00eda. APFDigital supo que la medida mantiene el subsidio provincial del 6% para los usuarios de bajos ingresos, quienes continuar\u00e1n recibiendo un [&hellip;]\" \/>\n<meta property=\"og:url\" content=\"https:\/\/diariodelsurdigital.com.ar\/?p=4476\" \/>\n<meta property=\"og:site_name\" content=\"Diario del Sur\" \/>\n<meta property=\"article:published_time\" content=\"2025-09-03T17:47:07+00:00\" \/>\n<meta property=\"article:modified_time\" content=\"2025-09-03T17:47:08+00:00\" \/>\n<meta property=\"og:image\" content=\"https:\/\/diariodelsurdigital.com.ar\/wp-content\/uploads\/2025\/09\/md-15.webp\" \/>\n\t<meta property=\"og:image:width\" content=\"992\" \/>\n\t<meta property=\"og:image:height\" content=\"555\" \/>\n\t<meta property=\"og:image:type\" content=\"image\/webp\" \/>\n<meta name=\"author\" content=\"Diario del Sur Digital\" \/>\n<meta name=\"twitter:card\" content=\"summary_large_image\" \/>\n<meta name=\"twitter:label1\" content=\"Escrito por\" \/>\n\t<meta name=\"twitter:data1\" content=\"Diario del Sur Digital\" \/>\n\t<meta name=\"twitter:label2\" content=\"Tiempo de lectura\" \/>\n\t<meta name=\"twitter:data2\" content=\"3 minutos\" \/>\n<script type=\"application\/ld+json\" class=\"yoast-schema-graph\">{\"@context\":\"https:\\\/\\\/schema.org\",\"@graph\":[{\"@type\":\"Article\",\"@id\":\"https:\\\/\\\/diariodelsurdigital.com.ar\\\/?p=4476#article\",\"isPartOf\":{\"@id\":\"https:\\\/\\\/diariodelsurdigital.com.ar\\\/?p=4476\"},\"author\":{\"name\":\"Diario del Sur Digital\",\"@id\":\"https:\\\/\\\/diariodelsurdigital.com.ar\\\/#\\\/schema\\\/person\\\/1a4992532ed62965c968031b49195c81\"},\"headline\":\"Luz m\u00e1s cara en Entre R\u00edos: El EPRE actualiz\u00f3 tarifas y ratific\u00f3 subsidios para atenuar el impacto del aumento\",\"datePublished\":\"2025-09-03T17:47:07+00:00\",\"dateModified\":\"2025-09-03T17:47:08+00:00\",\"mainEntityOfPage\":{\"@id\":\"https:\\\/\\\/diariodelsurdigital.com.ar\\\/?p=4476\"},\"wordCount\":445,\"commentCount\":0,\"image\":{\"@id\":\"https:\\\/\\\/diariodelsurdigital.com.ar\\\/?p=4476#primaryimage\"},\"thumbnailUrl\":\"https:\\\/\\\/diariodelsurdigital.com.ar\\\/wp-content\\\/uploads\\\/2025\\\/09\\\/md-15.webp\",\"articleSection\":[\"Provinciales\"],\"inLanguage\":\"es\",\"potentialAction\":[{\"@type\":\"CommentAction\",\"name\":\"Comment\",\"target\":[\"https:\\\/\\\/diariodelsurdigital.com.ar\\\/?p=4476#respond\"]}]},{\"@type\":\"WebPage\",\"@id\":\"https:\\\/\\\/diariodelsurdigital.com.ar\\\/?p=4476\",\"url\":\"https:\\\/\\\/diariodelsurdigital.com.ar\\\/?p=4476\",\"name\":\"Luz m\u00e1s cara en Entre R\u00edos: El EPRE actualiz\u00f3 tarifas y ratific\u00f3 subsidios para atenuar el impacto del aumento - Diario del Sur\",\"isPartOf\":{\"@id\":\"https:\\\/\\\/diariodelsurdigital.com.ar\\\/#website\"},\"primaryImageOfPage\":{\"@id\":\"https:\\\/\\\/diariodelsurdigital.com.ar\\\/?p=4476#primaryimage\"},\"image\":{\"@id\":\"https:\\\/\\\/diariodelsurdigital.com.ar\\\/?p=4476#primaryimage\"},\"thumbnailUrl\":\"https:\\\/\\\/diariodelsurdigital.com.ar\\\/wp-content\\\/uploads\\\/2025\\\/09\\\/md-15.webp\",\"datePublished\":\"2025-09-03T17:47:07+00:00\",\"dateModified\":\"2025-09-03T17:47:08+00:00\",\"author\":{\"@id\":\"https:\\\/\\\/diariodelsurdigital.com.ar\\\/#\\\/schema\\\/person\\\/1a4992532ed62965c968031b49195c81\"},\"breadcrumb\":{\"@id\":\"https:\\\/\\\/diariodelsurdigital.com.ar\\\/?p=4476#breadcrumb\"},\"inLanguage\":\"es\",\"potentialAction\":[{\"@type\":\"ReadAction\",\"target\":[\"https:\\\/\\\/diariodelsurdigital.com.ar\\\/?p=4476\"]}]},{\"@type\":\"ImageObject\",\"inLanguage\":\"es\",\"@id\":\"https:\\\/\\\/diariodelsurdigital.com.ar\\\/?p=4476#primaryimage\",\"url\":\"https:\\\/\\\/diariodelsurdigital.com.ar\\\/wp-content\\\/uploads\\\/2025\\\/09\\\/md-15.webp\",\"contentUrl\":\"https:\\\/\\\/diariodelsurdigital.com.ar\\\/wp-content\\\/uploads\\\/2025\\\/09\\\/md-15.webp\",\"width\":992,\"height\":555},{\"@type\":\"BreadcrumbList\",\"@id\":\"https:\\\/\\\/diariodelsurdigital.com.ar\\\/?p=4476#breadcrumb\",\"itemListElement\":[{\"@type\":\"ListItem\",\"position\":1,\"name\":\"Portada\",\"item\":\"https:\\\/\\\/diariodelsurdigital.com.ar\\\/\"},{\"@type\":\"ListItem\",\"position\":2,\"name\":\"Luz m\u00e1s cara en Entre R\u00edos: El EPRE actualiz\u00f3 tarifas y ratific\u00f3 subsidios para atenuar el impacto del aumento\"}]},{\"@type\":\"WebSite\",\"@id\":\"https:\\\/\\\/diariodelsurdigital.com.ar\\\/#website\",\"url\":\"https:\\\/\\\/diariodelsurdigital.com.ar\\\/\",\"name\":\"Diario del Sur\",\"description\":\"Digital\",\"potentialAction\":[{\"@type\":\"SearchAction\",\"target\":{\"@type\":\"EntryPoint\",\"urlTemplate\":\"https:\\\/\\\/diariodelsurdigital.com.ar\\\/?s={search_term_string}\"},\"query-input\":{\"@type\":\"PropertyValueSpecification\",\"valueRequired\":true,\"valueName\":\"search_term_string\"}}],\"inLanguage\":\"es\"},{\"@type\":\"Person\",\"@id\":\"https:\\\/\\\/diariodelsurdigital.com.ar\\\/#\\\/schema\\\/person\\\/1a4992532ed62965c968031b49195c81\",\"name\":\"Diario del Sur Digital\",\"image\":{\"@type\":\"ImageObject\",\"inLanguage\":\"es\",\"@id\":\"https:\\\/\\\/secure.gravatar.com\\\/avatar\\\/f0c7c47fc7146d19828273b9b8eda651c9c7ab583767e6338d3d3bee825adf76?s=96&d=mm&r=g\",\"url\":\"https:\\\/\\\/secure.gravatar.com\\\/avatar\\\/f0c7c47fc7146d19828273b9b8eda651c9c7ab583767e6338d3d3bee825adf76?s=96&d=mm&r=g\",\"contentUrl\":\"https:\\\/\\\/secure.gravatar.com\\\/avatar\\\/f0c7c47fc7146d19828273b9b8eda651c9c7ab583767e6338d3d3bee825adf76?s=96&d=mm&r=g\",\"caption\":\"Diario del Sur Digital\"},\"url\":\"https:\\\/\\\/diariodelsurdigital.com.ar\\\/?author=4\"}]}<\/script>\n<!-- \/ Yoast SEO plugin. -->","yoast_head_json":{"title":"Luz m\u00e1s cara en Entre R\u00edos: El EPRE actualiz\u00f3 tarifas y ratific\u00f3 subsidios para atenuar el impacto del aumento - Diario del Sur","robots":{"index":"index","follow":"follow","max-snippet":"max-snippet:-1","max-image-preview":"max-image-preview:large","max-video-preview":"max-video-preview:-1"},"canonical":"https:\/\/diariodelsurdigital.com.ar\/?p=4476","og_locale":"es_ES","og_type":"article","og_title":"Luz m\u00e1s cara en Entre R\u00edos: El EPRE actualiz\u00f3 tarifas y ratific\u00f3 subsidios para atenuar el impacto del aumento - Diario del Sur","og_description":"En consonancia con la naci\u00f3n, el EPRE aprob\u00f3 un nuevo cuadro tarifario para el servicio el\u00e9ctrico de la provincia con vigencia desde septiembre, que traslada los aumentos en los costos mayoristas de la energ\u00eda. APFDigital supo que la medida mantiene el subsidio provincial del 6% para los usuarios de bajos ingresos, quienes continuar\u00e1n recibiendo un [&hellip;]","og_url":"https:\/\/diariodelsurdigital.com.ar\/?p=4476","og_site_name":"Diario del Sur","article_published_time":"2025-09-03T17:47:07+00:00","article_modified_time":"2025-09-03T17:47:08+00:00","og_image":[{"width":992,"height":555,"url":"https:\/\/diariodelsurdigital.com.ar\/wp-content\/uploads\/2025\/09\/md-15.webp","type":"image\/webp"}],"author":"Diario del Sur Digital","twitter_card":"summary_large_image","twitter_misc":{"Escrito por":"Diario del Sur Digital","Tiempo de lectura":"3 minutos"},"schema":{"@context":"https:\/\/schema.org","@graph":[{"@type":"Article","@id":"https:\/\/diariodelsurdigital.com.ar\/?p=4476#article","isPartOf":{"@id":"https:\/\/diariodelsurdigital.com.ar\/?p=4476"},"author":{"name":"Diario del Sur Digital","@id":"https:\/\/diariodelsurdigital.com.ar\/#\/schema\/person\/1a4992532ed62965c968031b49195c81"},"headline":"Luz m\u00e1s cara en Entre R\u00edos: El EPRE actualiz\u00f3 tarifas y ratific\u00f3 subsidios para atenuar el impacto del aumento","datePublished":"2025-09-03T17:47:07+00:00","dateModified":"2025-09-03T17:47:08+00:00","mainEntityOfPage":{"@id":"https:\/\/diariodelsurdigital.com.ar\/?p=4476"},"wordCount":445,"commentCount":0,"image":{"@id":"https:\/\/diariodelsurdigital.com.ar\/?p=4476#primaryimage"},"thumbnailUrl":"https:\/\/diariodelsurdigital.com.ar\/wp-content\/uploads\/2025\/09\/md-15.webp","articleSection":["Provinciales"],"inLanguage":"es","potentialAction":[{"@type":"CommentAction","name":"Comment","target":["https:\/\/diariodelsurdigital.com.ar\/?p=4476#respond"]}]},{"@type":"WebPage","@id":"https:\/\/diariodelsurdigital.com.ar\/?p=4476","url":"https:\/\/diariodelsurdigital.com.ar\/?p=4476","name":"Luz m\u00e1s cara en Entre R\u00edos: El EPRE actualiz\u00f3 tarifas y ratific\u00f3 subsidios para atenuar el impacto del aumento - Diario del Sur","isPartOf":{"@id":"https:\/\/diariodelsurdigital.com.ar\/#website"},"primaryImageOfPage":{"@id":"https:\/\/diariodelsurdigital.com.ar\/?p=4476#primaryimage"},"image":{"@id":"https:\/\/diariodelsurdigital.com.ar\/?p=4476#primaryimage"},"thumbnailUrl":"https:\/\/diariodelsurdigital.com.ar\/wp-content\/uploads\/2025\/09\/md-15.webp","datePublished":"2025-09-03T17:47:07+00:00","dateModified":"2025-09-03T17:47:08+00:00","author":{"@id":"https:\/\/diariodelsurdigital.com.ar\/#\/schema\/person\/1a4992532ed62965c968031b49195c81"},"breadcrumb":{"@id":"https:\/\/diariodelsurdigital.com.ar\/?p=4476#breadcrumb"},"inLanguage":"es","potentialAction":[{"@type":"ReadAction","target":["https:\/\/diariodelsurdigital.com.ar\/?p=4476"]}]},{"@type":"ImageObject","inLanguage":"es","@id":"https:\/\/diariodelsurdigital.com.ar\/?p=4476#primaryimage","url":"https:\/\/diariodelsurdigital.com.ar\/wp-content\/uploads\/2025\/09\/md-15.webp","contentUrl":"https:\/\/diariodelsurdigital.com.ar\/wp-content\/uploads\/2025\/09\/md-15.webp","width":992,"height":555},{"@type":"BreadcrumbList","@id":"https:\/\/diariodelsurdigital.com.ar\/?p=4476#breadcrumb","itemListElement":[{"@type":"ListItem","position":1,"name":"Portada","item":"https:\/\/diariodelsurdigital.com.ar\/"},{"@type":"ListItem","position":2,"name":"Luz m\u00e1s cara en Entre R\u00edos: El EPRE actualiz\u00f3 tarifas y ratific\u00f3 subsidios para atenuar el impacto del aumento"}]},{"@type":"WebSite","@id":"https:\/\/diariodelsurdigital.com.ar\/#website","url":"https:\/\/diariodelsurdigital.com.ar\/","name":"Diario del Sur","description":"Digital","potentialAction":[{"@type":"SearchAction","target":{"@type":"EntryPoint","urlTemplate":"https:\/\/diariodelsurdigital.com.ar\/?s={search_term_string}"},"query-input":{"@type":"PropertyValueSpecification","valueRequired":true,"valueName":"search_term_string"}}],"inLanguage":"es"},{"@type":"Person","@id":"https:\/\/diariodelsurdigital.com.ar\/#\/schema\/person\/1a4992532ed62965c968031b49195c81","name":"Diario del Sur Digital","image":{"@type":"ImageObject","inLanguage":"es","@id":"https:\/\/secure.gravatar.com\/avatar\/f0c7c47fc7146d19828273b9b8eda651c9c7ab583767e6338d3d3bee825adf76?s=96&d=mm&r=g","url":"https:\/\/secure.gravatar.com\/avatar\/f0c7c47fc7146d19828273b9b8eda651c9c7ab583767e6338d3d3bee825adf76?s=96&d=mm&r=g","contentUrl":"https:\/\/secure.gravatar.com\/avatar\/f0c7c47fc7146d19828273b9b8eda651c9c7ab583767e6338d3d3bee825adf76?s=96&d=mm&r=g","caption":"Diario del Sur Digital"},"url":"https:\/\/diariodelsurdigital.com.ar\/?author=4"}]}},"_links":{"self":[{"href":"https:\/\/diariodelsurdigital.com.ar\/index.php?rest_route=\/wp\/v2\/posts\/4476","targetHints":{"allow":["GET"]}}],"collection":[{"href":"https:\/\/diariodelsurdigital.com.ar\/index.php?rest_route=\/wp\/v2\/posts"}],"about":[{"href":"https:\/\/diariodelsurdigital.com.ar\/index.php?rest_route=\/wp\/v2\/types\/post"}],"author":[{"embeddable":true,"href":"https:\/\/diariodelsurdigital.com.ar\/index.php?rest_route=\/wp\/v2\/users\/4"}],"replies":[{"embeddable":true,"href":"https:\/\/diariodelsurdigital.com.ar\/index.php?rest_route=%2Fwp%2Fv2%2Fcomments&post=4476"}],"version-history":[{"count":1,"href":"https:\/\/diariodelsurdigital.com.ar\/index.php?rest_route=\/wp\/v2\/posts\/4476\/revisions"}],"predecessor-version":[{"id":4478,"href":"https:\/\/diariodelsurdigital.com.ar\/index.php?rest_route=\/wp\/v2\/posts\/4476\/revisions\/4478"}],"wp:featuredmedia":[{"embeddable":true,"href":"https:\/\/diariodelsurdigital.com.ar\/index.php?rest_route=\/wp\/v2\/media\/4477"}],"wp:attachment":[{"href":"https:\/\/diariodelsurdigital.com.ar\/index.php?rest_route=%2Fwp%2Fv2%2Fmedia&parent=4476"}],"wp:term":[{"taxonomy":"category","embeddable":true,"href":"https:\/\/diariodelsurdigital.com.ar\/index.php?rest_route=%2Fwp%2Fv2%2Fcategories&post=4476"},{"taxonomy":"post_tag","embeddable":true,"href":"https:\/\/diariodelsurdigital.com.ar\/index.php?rest_route=%2Fwp%2Fv2%2Ftags&post=4476"}],"curies":[{"name":"wp","href":"https:\/\/api.w.org\/{rel}","templated":true}]}}