{"id":4480,"date":"2025-09-03T17:22:40","date_gmt":"2025-09-03T20:22:40","guid":{"rendered":"https:\/\/diariodelsurdigital.com.ar\/?p=4480"},"modified":"2025-09-03T17:22:41","modified_gmt":"2025-09-03T20:22:41","slug":"azcue-aparto-al-funcionario-municipal-detenido-con-drogas-y-acusado-de-cometer-sextorsion","status":"publish","type":"post","link":"https:\/\/diariodelsurdigital.com.ar\/?p=4480","title":{"rendered":"Azcu\u00e9 apart\u00f3 al funcionario municipal detenido con drogas y acusado de cometer sextorsi\u00f3n"},"content":{"rendered":"\n<figure class=\"wp-block-image\"><img decoding=\"async\" src=\"https:\/\/media.elentrerios.com\/fotos-v2\/2025\/03\/27\/l_1743072525.jpg\" alt=\"\" title=\"\"\/><\/figure>\n\n\n\n<p>En el marco de un allanamiento realizado en la vivienda de Alberto Aquiles Ocampo, quien se desempe\u00f1aba como director de Administraci\u00f3n y Despacho en la \u00f3rbita de la Subsecretar\u00eda de Servicios P\u00fablicos de la Municipalidad de Concordia, la Justicia dispuso la detenci\u00f3n del funcionario junto a su pareja y su hijo.<\/p>\n\n\n\n<p>La medida judicial se inici\u00f3 a partir de una denuncia por coacci\u00f3n que motiv\u00f3 la actuaci\u00f3n policial en el domicilio del denunciado, lugar en el que adem\u00e1s se encontraron elementos relacionados a la venta de estupefacientes, repasaron desde la comuna en la comunicaci\u00f3n remitida a\u00a0<strong>El Entre R\u00edos.<\/strong><\/p>\n\n\n\n<h3 class=\"wp-block-heading\">\u201cNo se van a tolerar incumplimientos\u201d<\/h3>\n\n\n\n<p>Ante estos hechos, mediante un decreto, el intendente resolvi\u00f3 \u201cla inmediata separaci\u00f3n\u201d de Ocampo de sus funciones y aclar\u00f3: \u201cEn esta gesti\u00f3n no se van a tolerar incumplimientos de la ley. No habr\u00e1 ning\u00fan tipo de contemplaci\u00f3n, ni beneficios. La Justicia debe actuar con total libertad\u201d, consider\u00f3.<\/p>\n\n\n\n<p>De esta manera, \u201cdesde el Municipio se afirma que la determinaci\u00f3n busca garantizar que la investigaci\u00f3n avance sin ning\u00fan tipo de condicionamiento, preservando la transparencia y el compromiso institucional con la ley\u201d, cerraron.<\/p>\n\n\n\n<p>Fuente: El Entre R\u00edos<\/p>\n","protected":false},"excerpt":{"rendered":"<p>En el marco de un allanamiento realizado en la vivienda de Alberto Aquiles Ocampo, quien se desempe\u00f1aba como director de Administraci\u00f3n y Despacho en la \u00f3rbita de la Subsecretar\u00eda de Servicios P\u00fablicos de la Municipalidad de Concordia, la Justicia dispuso la detenci\u00f3n del funcionario junto a su pareja y su hijo. La medida judicial se [&hellip;]<\/p>\n","protected":false},"author":3,"featured_media":4481,"comment_status":"open","ping_status":"open","sticky":false,"template":"","format":"standard","meta":{"footnotes":""},"categories":[16],"tags":[],"class_list":{"0":"post-4480","1":"post","2":"type-post","3":"status-publish","4":"format-standard","5":"has-post-thumbnail","7":"category-locales"},"yoast_head":"<!-- This site is optimized with the Yoast SEO plugin v27.4 - https:\/\/yoast.com\/product\/yoast-seo-wordpress\/ -->\n<title>Azcu\u00e9 apart\u00f3 al funcionario municipal detenido con drogas y acusado de cometer sextorsi\u00f3n - Diario del Sur<\/title>\n<meta name=\"robots\" content=\"index, follow, max-snippet:-1, max-image-preview:large, max-video-preview:-1\" \/>\n<link rel=\"canonical\" href=\"https:\/\/diariodelsurdigital.com.ar\/?p=4480\" \/>\n<meta property=\"og:locale\" content=\"es_ES\" \/>\n<meta property=\"og:type\" content=\"article\" \/>\n<meta property=\"og:title\" content=\"Azcu\u00e9 apart\u00f3 al funcionario municipal detenido con drogas y acusado de cometer sextorsi\u00f3n - Diario del Sur\" \/>\n<meta property=\"og:description\" content=\"En el marco de un allanamiento realizado en la vivienda de Alberto Aquiles Ocampo, quien se desempe\u00f1aba como director de Administraci\u00f3n y Despacho en la \u00f3rbita de la Subsecretar\u00eda de Servicios P\u00fablicos de la Municipalidad de Concordia, la Justicia dispuso la detenci\u00f3n del funcionario junto a su pareja y su hijo. La medida judicial se [&hellip;]\" \/>\n<meta property=\"og:url\" content=\"https:\/\/diariodelsurdigital.com.ar\/?p=4480\" \/>\n<meta property=\"og:site_name\" content=\"Diario del Sur\" \/>\n<meta property=\"article:published_time\" content=\"2025-09-03T20:22:40+00:00\" \/>\n<meta property=\"article:modified_time\" content=\"2025-09-03T20:22:41+00:00\" \/>\n<meta property=\"og:image\" content=\"https:\/\/diariodelsurdigital.com.ar\/wp-content\/uploads\/2025\/09\/l_1743072525.jpg\" \/>\n\t<meta property=\"og:image:width\" content=\"870\" \/>\n\t<meta property=\"og:image:height\" content=\"580\" \/>\n\t<meta property=\"og:image:type\" content=\"image\/jpeg\" \/>\n<meta name=\"author\" content=\"Diario del Sur Digital\" \/>\n<meta name=\"twitter:card\" content=\"summary_large_image\" \/>\n<meta name=\"twitter:label1\" content=\"Escrito por\" \/>\n\t<meta name=\"twitter:data1\" content=\"Diario del Sur Digital\" \/>\n\t<meta name=\"twitter:label2\" content=\"Tiempo de lectura\" \/>\n\t<meta name=\"twitter:data2\" content=\"2 minutos\" \/>\n<script type=\"application\/ld+json\" class=\"yoast-schema-graph\">{\"@context\":\"https:\\\/\\\/schema.org\",\"@graph\":[{\"@type\":\"Article\",\"@id\":\"https:\\\/\\\/diariodelsurdigital.com.ar\\\/?p=4480#article\",\"isPartOf\":{\"@id\":\"https:\\\/\\\/diariodelsurdigital.com.ar\\\/?p=4480\"},\"author\":{\"name\":\"Diario del Sur Digital\",\"@id\":\"https:\\\/\\\/diariodelsurdigital.com.ar\\\/#\\\/schema\\\/person\\\/d794acb23337e88c6e4004a39c32be62\"},\"headline\":\"Azcu\u00e9 apart\u00f3 al funcionario municipal detenido con drogas y acusado de cometer sextorsi\u00f3n\",\"datePublished\":\"2025-09-03T20:22:40+00:00\",\"dateModified\":\"2025-09-03T20:22:41+00:00\",\"mainEntityOfPage\":{\"@id\":\"https:\\\/\\\/diariodelsurdigital.com.ar\\\/?p=4480\"},\"wordCount\":221,\"commentCount\":0,\"image\":{\"@id\":\"https:\\\/\\\/diariodelsurdigital.com.ar\\\/?p=4480#primaryimage\"},\"thumbnailUrl\":\"https:\\\/\\\/diariodelsurdigital.com.ar\\\/wp-content\\\/uploads\\\/2025\\\/09\\\/l_1743072525.jpg\",\"articleSection\":[\"Locales\"],\"inLanguage\":\"es\",\"potentialAction\":[{\"@type\":\"CommentAction\",\"name\":\"Comment\",\"target\":[\"https:\\\/\\\/diariodelsurdigital.com.ar\\\/?p=4480#respond\"]}]},{\"@type\":\"WebPage\",\"@id\":\"https:\\\/\\\/diariodelsurdigital.com.ar\\\/?p=4480\",\"url\":\"https:\\\/\\\/diariodelsurdigital.com.ar\\\/?p=4480\",\"name\":\"Azcu\u00e9 apart\u00f3 al funcionario municipal detenido con drogas y acusado de cometer sextorsi\u00f3n - Diario del Sur\",\"isPartOf\":{\"@id\":\"https:\\\/\\\/diariodelsurdigital.com.ar\\\/#website\"},\"primaryImageOfPage\":{\"@id\":\"https:\\\/\\\/diariodelsurdigital.com.ar\\\/?p=4480#primaryimage\"},\"image\":{\"@id\":\"https:\\\/\\\/diariodelsurdigital.com.ar\\\/?p=4480#primaryimage\"},\"thumbnailUrl\":\"https:\\\/\\\/diariodelsurdigital.com.ar\\\/wp-content\\\/uploads\\\/2025\\\/09\\\/l_1743072525.jpg\",\"datePublished\":\"2025-09-03T20:22:40+00:00\",\"dateModified\":\"2025-09-03T20:22:41+00:00\",\"author\":{\"@id\":\"https:\\\/\\\/diariodelsurdigital.com.ar\\\/#\\\/schema\\\/person\\\/d794acb23337e88c6e4004a39c32be62\"},\"breadcrumb\":{\"@id\":\"https:\\\/\\\/diariodelsurdigital.com.ar\\\/?p=4480#breadcrumb\"},\"inLanguage\":\"es\",\"potentialAction\":[{\"@type\":\"ReadAction\",\"target\":[\"https:\\\/\\\/diariodelsurdigital.com.ar\\\/?p=4480\"]}]},{\"@type\":\"ImageObject\",\"inLanguage\":\"es\",\"@id\":\"https:\\\/\\\/diariodelsurdigital.com.ar\\\/?p=4480#primaryimage\",\"url\":\"https:\\\/\\\/diariodelsurdigital.com.ar\\\/wp-content\\\/uploads\\\/2025\\\/09\\\/l_1743072525.jpg\",\"contentUrl\":\"https:\\\/\\\/diariodelsurdigital.com.ar\\\/wp-content\\\/uploads\\\/2025\\\/09\\\/l_1743072525.jpg\",\"width\":870,\"height\":580},{\"@type\":\"BreadcrumbList\",\"@id\":\"https:\\\/\\\/diariodelsurdigital.com.ar\\\/?p=4480#breadcrumb\",\"itemListElement\":[{\"@type\":\"ListItem\",\"position\":1,\"name\":\"Portada\",\"item\":\"https:\\\/\\\/diariodelsurdigital.com.ar\\\/\"},{\"@type\":\"ListItem\",\"position\":2,\"name\":\"Azcu\u00e9 apart\u00f3 al funcionario municipal detenido con drogas y acusado de cometer sextorsi\u00f3n\"}]},{\"@type\":\"WebSite\",\"@id\":\"https:\\\/\\\/diariodelsurdigital.com.ar\\\/#website\",\"url\":\"https:\\\/\\\/diariodelsurdigital.com.ar\\\/\",\"name\":\"Diario del Sur\",\"description\":\"Digital\",\"potentialAction\":[{\"@type\":\"SearchAction\",\"target\":{\"@type\":\"EntryPoint\",\"urlTemplate\":\"https:\\\/\\\/diariodelsurdigital.com.ar\\\/?s={search_term_string}\"},\"query-input\":{\"@type\":\"PropertyValueSpecification\",\"valueRequired\":true,\"valueName\":\"search_term_string\"}}],\"inLanguage\":\"es\"},{\"@type\":\"Person\",\"@id\":\"https:\\\/\\\/diariodelsurdigital.com.ar\\\/#\\\/schema\\\/person\\\/d794acb23337e88c6e4004a39c32be62\",\"name\":\"Diario del Sur Digital\",\"image\":{\"@type\":\"ImageObject\",\"inLanguage\":\"es\",\"@id\":\"https:\\\/\\\/secure.gravatar.com\\\/avatar\\\/47679bcfa15734cfdefc176b6ad58adeeccac22b2e03e095ada6c622af2b463a?s=96&d=mm&r=g\",\"url\":\"https:\\\/\\\/secure.gravatar.com\\\/avatar\\\/47679bcfa15734cfdefc176b6ad58adeeccac22b2e03e095ada6c622af2b463a?s=96&d=mm&r=g\",\"contentUrl\":\"https:\\\/\\\/secure.gravatar.com\\\/avatar\\\/47679bcfa15734cfdefc176b6ad58adeeccac22b2e03e095ada6c622af2b463a?s=96&d=mm&r=g\",\"caption\":\"Diario del Sur Digital\"},\"url\":\"https:\\\/\\\/diariodelsurdigital.com.ar\\\/?author=3\"}]}<\/script>\n<!-- \/ Yoast SEO plugin. -->","yoast_head_json":{"title":"Azcu\u00e9 apart\u00f3 al funcionario municipal detenido con drogas y acusado de cometer sextorsi\u00f3n - Diario del Sur","robots":{"index":"index","follow":"follow","max-snippet":"max-snippet:-1","max-image-preview":"max-image-preview:large","max-video-preview":"max-video-preview:-1"},"canonical":"https:\/\/diariodelsurdigital.com.ar\/?p=4480","og_locale":"es_ES","og_type":"article","og_title":"Azcu\u00e9 apart\u00f3 al funcionario municipal detenido con drogas y acusado de cometer sextorsi\u00f3n - Diario del Sur","og_description":"En el marco de un allanamiento realizado en la vivienda de Alberto Aquiles Ocampo, quien se desempe\u00f1aba como director de Administraci\u00f3n y Despacho en la \u00f3rbita de la Subsecretar\u00eda de Servicios P\u00fablicos de la Municipalidad de Concordia, la Justicia dispuso la detenci\u00f3n del funcionario junto a su pareja y su hijo. La medida judicial se [&hellip;]","og_url":"https:\/\/diariodelsurdigital.com.ar\/?p=4480","og_site_name":"Diario del Sur","article_published_time":"2025-09-03T20:22:40+00:00","article_modified_time":"2025-09-03T20:22:41+00:00","og_image":[{"width":870,"height":580,"url":"https:\/\/diariodelsurdigital.com.ar\/wp-content\/uploads\/2025\/09\/l_1743072525.jpg","type":"image\/jpeg"}],"author":"Diario del Sur Digital","twitter_card":"summary_large_image","twitter_misc":{"Escrito por":"Diario del Sur Digital","Tiempo de lectura":"2 minutos"},"schema":{"@context":"https:\/\/schema.org","@graph":[{"@type":"Article","@id":"https:\/\/diariodelsurdigital.com.ar\/?p=4480#article","isPartOf":{"@id":"https:\/\/diariodelsurdigital.com.ar\/?p=4480"},"author":{"name":"Diario del Sur Digital","@id":"https:\/\/diariodelsurdigital.com.ar\/#\/schema\/person\/d794acb23337e88c6e4004a39c32be62"},"headline":"Azcu\u00e9 apart\u00f3 al funcionario municipal detenido con drogas y acusado de cometer sextorsi\u00f3n","datePublished":"2025-09-03T20:22:40+00:00","dateModified":"2025-09-03T20:22:41+00:00","mainEntityOfPage":{"@id":"https:\/\/diariodelsurdigital.com.ar\/?p=4480"},"wordCount":221,"commentCount":0,"image":{"@id":"https:\/\/diariodelsurdigital.com.ar\/?p=4480#primaryimage"},"thumbnailUrl":"https:\/\/diariodelsurdigital.com.ar\/wp-content\/uploads\/2025\/09\/l_1743072525.jpg","articleSection":["Locales"],"inLanguage":"es","potentialAction":[{"@type":"CommentAction","name":"Comment","target":["https:\/\/diariodelsurdigital.com.ar\/?p=4480#respond"]}]},{"@type":"WebPage","@id":"https:\/\/diariodelsurdigital.com.ar\/?p=4480","url":"https:\/\/diariodelsurdigital.com.ar\/?p=4480","name":"Azcu\u00e9 apart\u00f3 al funcionario municipal detenido con drogas y acusado de cometer sextorsi\u00f3n - Diario del Sur","isPartOf":{"@id":"https:\/\/diariodelsurdigital.com.ar\/#website"},"primaryImageOfPage":{"@id":"https:\/\/diariodelsurdigital.com.ar\/?p=4480#primaryimage"},"image":{"@id":"https:\/\/diariodelsurdigital.com.ar\/?p=4480#primaryimage"},"thumbnailUrl":"https:\/\/diariodelsurdigital.com.ar\/wp-content\/uploads\/2025\/09\/l_1743072525.jpg","datePublished":"2025-09-03T20:22:40+00:00","dateModified":"2025-09-03T20:22:41+00:00","author":{"@id":"https:\/\/diariodelsurdigital.com.ar\/#\/schema\/person\/d794acb23337e88c6e4004a39c32be62"},"breadcrumb":{"@id":"https:\/\/diariodelsurdigital.com.ar\/?p=4480#breadcrumb"},"inLanguage":"es","potentialAction":[{"@type":"ReadAction","target":["https:\/\/diariodelsurdigital.com.ar\/?p=4480"]}]},{"@type":"ImageObject","inLanguage":"es","@id":"https:\/\/diariodelsurdigital.com.ar\/?p=4480#primaryimage","url":"https:\/\/diariodelsurdigital.com.ar\/wp-content\/uploads\/2025\/09\/l_1743072525.jpg","contentUrl":"https:\/\/diariodelsurdigital.com.ar\/wp-content\/uploads\/2025\/09\/l_1743072525.jpg","width":870,"height":580},{"@type":"BreadcrumbList","@id":"https:\/\/diariodelsurdigital.com.ar\/?p=4480#breadcrumb","itemListElement":[{"@type":"ListItem","position":1,"name":"Portada","item":"https:\/\/diariodelsurdigital.com.ar\/"},{"@type":"ListItem","position":2,"name":"Azcu\u00e9 apart\u00f3 al funcionario municipal detenido con drogas y acusado de cometer sextorsi\u00f3n"}]},{"@type":"WebSite","@id":"https:\/\/diariodelsurdigital.com.ar\/#website","url":"https:\/\/diariodelsurdigital.com.ar\/","name":"Diario del Sur","description":"Digital","potentialAction":[{"@type":"SearchAction","target":{"@type":"EntryPoint","urlTemplate":"https:\/\/diariodelsurdigital.com.ar\/?s={search_term_string}"},"query-input":{"@type":"PropertyValueSpecification","valueRequired":true,"valueName":"search_term_string"}}],"inLanguage":"es"},{"@type":"Person","@id":"https:\/\/diariodelsurdigital.com.ar\/#\/schema\/person\/d794acb23337e88c6e4004a39c32be62","name":"Diario del Sur Digital","image":{"@type":"ImageObject","inLanguage":"es","@id":"https:\/\/secure.gravatar.com\/avatar\/47679bcfa15734cfdefc176b6ad58adeeccac22b2e03e095ada6c622af2b463a?s=96&d=mm&r=g","url":"https:\/\/secure.gravatar.com\/avatar\/47679bcfa15734cfdefc176b6ad58adeeccac22b2e03e095ada6c622af2b463a?s=96&d=mm&r=g","contentUrl":"https:\/\/secure.gravatar.com\/avatar\/47679bcfa15734cfdefc176b6ad58adeeccac22b2e03e095ada6c622af2b463a?s=96&d=mm&r=g","caption":"Diario del Sur Digital"},"url":"https:\/\/diariodelsurdigital.com.ar\/?author=3"}]}},"_links":{"self":[{"href":"https:\/\/diariodelsurdigital.com.ar\/index.php?rest_route=\/wp\/v2\/posts\/4480","targetHints":{"allow":["GET"]}}],"collection":[{"href":"https:\/\/diariodelsurdigital.com.ar\/index.php?rest_route=\/wp\/v2\/posts"}],"about":[{"href":"https:\/\/diariodelsurdigital.com.ar\/index.php?rest_route=\/wp\/v2\/types\/post"}],"author":[{"embeddable":true,"href":"https:\/\/diariodelsurdigital.com.ar\/index.php?rest_route=\/wp\/v2\/users\/3"}],"replies":[{"embeddable":true,"href":"https:\/\/diariodelsurdigital.com.ar\/index.php?rest_route=%2Fwp%2Fv2%2Fcomments&post=4480"}],"version-history":[{"count":1,"href":"https:\/\/diariodelsurdigital.com.ar\/index.php?rest_route=\/wp\/v2\/posts\/4480\/revisions"}],"predecessor-version":[{"id":4482,"href":"https:\/\/diariodelsurdigital.com.ar\/index.php?rest_route=\/wp\/v2\/posts\/4480\/revisions\/4482"}],"wp:featuredmedia":[{"embeddable":true,"href":"https:\/\/diariodelsurdigital.com.ar\/index.php?rest_route=\/wp\/v2\/media\/4481"}],"wp:attachment":[{"href":"https:\/\/diariodelsurdigital.com.ar\/index.php?rest_route=%2Fwp%2Fv2%2Fmedia&parent=4480"}],"wp:term":[{"taxonomy":"category","embeddable":true,"href":"https:\/\/diariodelsurdigital.com.ar\/index.php?rest_route=%2Fwp%2Fv2%2Fcategories&post=4480"},{"taxonomy":"post_tag","embeddable":true,"href":"https:\/\/diariodelsurdigital.com.ar\/index.php?rest_route=%2Fwp%2Fv2%2Ftags&post=4480"}],"curies":[{"name":"wp","href":"https:\/\/api.w.org\/{rel}","templated":true}]}}