{"id":4490,"date":"2025-09-04T10:09:38","date_gmt":"2025-09-04T13:09:38","guid":{"rendered":"https:\/\/diariodelsurdigital.com.ar\/?p=4490"},"modified":"2025-09-04T10:09:39","modified_gmt":"2025-09-04T13:09:39","slug":"el-senado-comenzo-el-analisis-del-proyecto-de-creacion-del-regimen-de-consorcios-camineros","status":"publish","type":"post","link":"https:\/\/diariodelsurdigital.com.ar\/?p=4490","title":{"rendered":"El Senado comenz\u00f3 el an\u00e1lisis del proyecto de creaci\u00f3n del R\u00e9gimen de Consorcios Camineros"},"content":{"rendered":"\n<p>Este mi\u00e9rcoles por la ma\u00f1ana se reunieron los senadores que integran tres comisiones, de Hidrov\u00eda, Puertos y Transportes Multimodales, de Obras P\u00fablicas, y de Legislaci\u00f3n General, para estudiar varios expedientes que tienen como tema la creaci\u00f3n del R\u00e9gimen de Consorcios Camineros. Brindaron su punto de vista representantes del sindicato de Viales de Entre R\u00edos.<\/p>\n\n\n\n<p><\/p>\n\n\n\n<p>En la sala de Comisiones ubicada en el segundo piso de Casa de Gobierno, estuvieron presentes quienes encabezan las comisiones de Hidrov\u00eda, Jaime Benedetti (Gualeguaych\u00fa \u2013 Juntos Por Entre R\u00edos), de Obras P\u00fablicas, Juan Conti (Tala \u2013 M\u00e1s Para Entre R\u00edos) y de Legislaci\u00f3n General, Nancy Miranda (Federal \u2013 M\u00e1s para Entre R\u00edos). Asimismo los senadores miembros Rafael Cavagna (Nogoy\u00e1 \u2013 Juntos), V\u00edctor Sanzberro (Victoria \u2013 M\u00e1s para Entre R\u00edos), Casiano Otaegui (Gualeguay \u2013 Juntos Por Entre R\u00edos), Mart\u00edn Oliva (Uruguay \u2013 M\u00e1s para Entre R\u00edos), Ramiro Favre (Col\u00f3n \u2013 Juntos Por Entre R\u00edos), Gladys Dom\u00ednguez (Feliciano \u2013 Peronismo Federal), Claudia Silva (Paran\u00e1 \u2013 M\u00e1s Para Entre R\u00edos), Hern\u00e1n M\u00e9ndez (Islas del Ibicuy -Juntos por Entre R\u00edos), Patricia D\u00edaz (La Paz \u2013 M\u00e1s Para Entre R\u00edos), y Gloria Cozzi (Concordia \u2013 Juntos Por Entre R\u00edos).<\/p>\n\n\n\n<p>Como invitados concurrieron el secretario general del Sindicato de Obreros y Empleados Viales de Entre R\u00edos, Juan Lallana, junto a Hugo Reyes.<\/p>\n\n\n\n<p>Iniciativas legislativas<\/p>\n\n\n\n<p>Con media sanci\u00f3n de la C\u00e1mara de Diputados recientemente, fueron unificados proyectos actuales con otros presentados por diputados de la anterior conformaci\u00f3n legislativa. Con tres t\u00edtulos y 36 art\u00edculos establece la creaci\u00f3n en la Provincia de Entre R\u00edos del R\u00e9gimen de Consorcios Camineros, los cuales ser\u00e1n entidades de bien p\u00fablico, de servicios a la comunidad, sin fines de lucro, y que tendr\u00e1n como objetivos exclusivamente los que establece la presente ley. La Direcci\u00f3n Provincial de Vialidad- DPV- tendr\u00e1 a su cargo la promoci\u00f3n y el fomento a la creaci\u00f3n y organizaci\u00f3n de los Consorcios Camineros.<\/p>\n\n\n\n<p>Asimismo se estipula que los Consorcios Camineros tendr\u00e1n como objetivos la realizaci\u00f3n de trabajos para conservar, mantener, reparar, reformar y mejorar la red vial terciaria, comunal o vecinal de la Provincia, y eventualmente construir obras de arte menores, alcantarillas, puentes y todo tipo de obras de naturaleza vial y de seguridad y hasta tramos de la red secundaria, con el acuerdo de la DPV.<\/p>\n\n\n\n<p>Tambi\u00e9n se especifican los requisitos para constituir el Consorcio Caminero con sus caracter\u00edsticas, habla de recursos, de las autoridades de aplicaci\u00f3n, la Direcci\u00f3n Provincial de Vialidad y la Direcci\u00f3n de Inspecci\u00f3n de Personas Jur\u00eddicas, y los controles.<\/p>\n\n\n\n<p>Por otro lado el senador Rafael Cavagna present\u00f3 el a\u00f1o pasado un proyecto de ley con 18 art\u00edculos, que establece en cumplimiento de lo establecido por el Art\u00edculo 4\u00ba Inciso \u201cll\u201d de la Ley N\u00ba2936, crease el R\u00e9gimen de Consorcios Camineros, cuya autoridad de aplicaci\u00f3n de la presente ley ser\u00e1 la Direcci\u00f3n Provincial de Vialidad, con facultades jurisdiccionales de reconocerlos como tales ante esa Direcci\u00f3n, tendr\u00e1 a su cargo el control de los mismos, llevar\u00e1 un registro de cada uno de ellos, determinar\u00e1 el alcance territorial que se le adjudicar\u00e1, celebrar\u00e1 contratos de adjudicaci\u00f3n de obras de mantenimiento de caminos, asesoramiento t\u00e9cnico, proyectos de obras, control, supervisi\u00f3n, auditor\u00eda, certificaci\u00f3n de las mismas el cumplimiento de todas las disposiciones t\u00e9cnicas, administrativas y contractuales que al respecto se dicten al vincularse con los mismos y supervisar\u00e1 en el marco de tales facultades la gesti\u00f3n general de los mismos y todos los trabajos que se realicen por este r\u00e9gimen.<\/p>\n\n\n\n<p>Aportes<\/p>\n\n\n\n<p>Lallana habl\u00f3 de la Ley de Obras P\u00fablicas y sobre la situaci\u00f3n de Vialidad, planteando adem\u00e1s la preocupaci\u00f3n por la fuente laboral de los trabajadores viales. Por otro lado el sindicalista marc\u00f3 la cuesti\u00f3n del impuesto a los combustibles.<\/p>\n\n\n\n<p>Luego de la exposici\u00f3n inicial de Lallana se produjo un intercambio con los senadores en cuanto a la realidad principalmente de los caminos rurales y productivos en los distintos departamentos de la provincia. Se habl\u00f3 de contar con herramientas legislativas para dar agilidad y superar falencias. El senador Benedetti manifest\u00f3 que la idea es trabajar para sacar la mejor ley posible. Desde el sindicato le acercaron a cada senador un escrito con las apreciaciones punto a punto sobre los proyectos, en tanto se concretar\u00e1n m\u00e1s reuniones de comisiones conjuntas para continuar el abordaje del tema.<\/p>\n","protected":false},"excerpt":{"rendered":"<p>Este mi\u00e9rcoles por la ma\u00f1ana se reunieron los senadores que integran tres comisiones, de Hidrov\u00eda, Puertos y Transportes Multimodales, de Obras P\u00fablicas, y de Legislaci\u00f3n General, para estudiar varios expedientes que tienen como tema la creaci\u00f3n del R\u00e9gimen de Consorcios Camineros. Brindaron su punto de vista representantes del sindicato de Viales de Entre R\u00edos. En [&hellip;]<\/p>\n","protected":false},"author":4,"featured_media":4491,"comment_status":"open","ping_status":"open","sticky":false,"template":"","format":"standard","meta":{"footnotes":""},"categories":[22,17],"tags":[],"class_list":{"0":"post-4490","1":"post","2":"type-post","3":"status-publish","4":"format-standard","5":"has-post-thumbnail","7":"category-politica","8":"category-provinciales"},"yoast_head":"<!-- This site is optimized with the Yoast SEO plugin v27.4 - https:\/\/yoast.com\/product\/yoast-seo-wordpress\/ -->\n<title>El Senado comenz\u00f3 el an\u00e1lisis del proyecto de creaci\u00f3n del R\u00e9gimen de Consorcios Camineros - Diario del Sur<\/title>\n<meta name=\"robots\" content=\"index, follow, max-snippet:-1, max-image-preview:large, max-video-preview:-1\" \/>\n<link rel=\"canonical\" href=\"https:\/\/diariodelsurdigital.com.ar\/?p=4490\" \/>\n<meta property=\"og:locale\" content=\"es_ES\" \/>\n<meta property=\"og:type\" content=\"article\" \/>\n<meta property=\"og:title\" content=\"El Senado comenz\u00f3 el an\u00e1lisis del proyecto de creaci\u00f3n del R\u00e9gimen de Consorcios Camineros - Diario del Sur\" \/>\n<meta property=\"og:description\" content=\"Este mi\u00e9rcoles por la ma\u00f1ana se reunieron los senadores que integran tres comisiones, de Hidrov\u00eda, Puertos y Transportes Multimodales, de Obras P\u00fablicas, y de Legislaci\u00f3n General, para estudiar varios expedientes que tienen como tema la creaci\u00f3n del R\u00e9gimen de Consorcios Camineros. Brindaron su punto de vista representantes del sindicato de Viales de Entre R\u00edos. En [&hellip;]\" \/>\n<meta property=\"og:url\" content=\"https:\/\/diariodelsurdigital.com.ar\/?p=4490\" \/>\n<meta property=\"og:site_name\" content=\"Diario del Sur\" \/>\n<meta property=\"article:published_time\" content=\"2025-09-04T13:09:38+00:00\" \/>\n<meta property=\"article:modified_time\" content=\"2025-09-04T13:09:39+00:00\" \/>\n<meta property=\"og:image\" content=\"https:\/\/diariodelsurdigital.com.ar\/wp-content\/uploads\/2025\/09\/md-17.webp\" \/>\n\t<meta property=\"og:image:width\" content=\"992\" \/>\n\t<meta property=\"og:image:height\" content=\"661\" \/>\n\t<meta property=\"og:image:type\" content=\"image\/webp\" \/>\n<meta name=\"author\" content=\"Diario del Sur Digital\" \/>\n<meta name=\"twitter:card\" content=\"summary_large_image\" \/>\n<meta name=\"twitter:label1\" content=\"Escrito por\" \/>\n\t<meta name=\"twitter:data1\" content=\"Diario del Sur Digital\" \/>\n\t<meta name=\"twitter:label2\" content=\"Tiempo de lectura\" \/>\n\t<meta name=\"twitter:data2\" content=\"4 minutos\" \/>\n<script type=\"application\/ld+json\" class=\"yoast-schema-graph\">{\"@context\":\"https:\\\/\\\/schema.org\",\"@graph\":[{\"@type\":\"Article\",\"@id\":\"https:\\\/\\\/diariodelsurdigital.com.ar\\\/?p=4490#article\",\"isPartOf\":{\"@id\":\"https:\\\/\\\/diariodelsurdigital.com.ar\\\/?p=4490\"},\"author\":{\"name\":\"Diario del Sur Digital\",\"@id\":\"https:\\\/\\\/diariodelsurdigital.com.ar\\\/#\\\/schema\\\/person\\\/1a4992532ed62965c968031b49195c81\"},\"headline\":\"El Senado comenz\u00f3 el an\u00e1lisis del proyecto de creaci\u00f3n del R\u00e9gimen de Consorcios Camineros\",\"datePublished\":\"2025-09-04T13:09:38+00:00\",\"dateModified\":\"2025-09-04T13:09:39+00:00\",\"mainEntityOfPage\":{\"@id\":\"https:\\\/\\\/diariodelsurdigital.com.ar\\\/?p=4490\"},\"wordCount\":785,\"commentCount\":0,\"image\":{\"@id\":\"https:\\\/\\\/diariodelsurdigital.com.ar\\\/?p=4490#primaryimage\"},\"thumbnailUrl\":\"https:\\\/\\\/diariodelsurdigital.com.ar\\\/wp-content\\\/uploads\\\/2025\\\/09\\\/md-17.webp\",\"articleSection\":[\"Pol\u00edtica\",\"Provinciales\"],\"inLanguage\":\"es\",\"potentialAction\":[{\"@type\":\"CommentAction\",\"name\":\"Comment\",\"target\":[\"https:\\\/\\\/diariodelsurdigital.com.ar\\\/?p=4490#respond\"]}]},{\"@type\":\"WebPage\",\"@id\":\"https:\\\/\\\/diariodelsurdigital.com.ar\\\/?p=4490\",\"url\":\"https:\\\/\\\/diariodelsurdigital.com.ar\\\/?p=4490\",\"name\":\"El Senado comenz\u00f3 el an\u00e1lisis del proyecto de creaci\u00f3n del R\u00e9gimen de Consorcios Camineros - Diario del Sur\",\"isPartOf\":{\"@id\":\"https:\\\/\\\/diariodelsurdigital.com.ar\\\/#website\"},\"primaryImageOfPage\":{\"@id\":\"https:\\\/\\\/diariodelsurdigital.com.ar\\\/?p=4490#primaryimage\"},\"image\":{\"@id\":\"https:\\\/\\\/diariodelsurdigital.com.ar\\\/?p=4490#primaryimage\"},\"thumbnailUrl\":\"https:\\\/\\\/diariodelsurdigital.com.ar\\\/wp-content\\\/uploads\\\/2025\\\/09\\\/md-17.webp\",\"datePublished\":\"2025-09-04T13:09:38+00:00\",\"dateModified\":\"2025-09-04T13:09:39+00:00\",\"author\":{\"@id\":\"https:\\\/\\\/diariodelsurdigital.com.ar\\\/#\\\/schema\\\/person\\\/1a4992532ed62965c968031b49195c81\"},\"breadcrumb\":{\"@id\":\"https:\\\/\\\/diariodelsurdigital.com.ar\\\/?p=4490#breadcrumb\"},\"inLanguage\":\"es\",\"potentialAction\":[{\"@type\":\"ReadAction\",\"target\":[\"https:\\\/\\\/diariodelsurdigital.com.ar\\\/?p=4490\"]}]},{\"@type\":\"ImageObject\",\"inLanguage\":\"es\",\"@id\":\"https:\\\/\\\/diariodelsurdigital.com.ar\\\/?p=4490#primaryimage\",\"url\":\"https:\\\/\\\/diariodelsurdigital.com.ar\\\/wp-content\\\/uploads\\\/2025\\\/09\\\/md-17.webp\",\"contentUrl\":\"https:\\\/\\\/diariodelsurdigital.com.ar\\\/wp-content\\\/uploads\\\/2025\\\/09\\\/md-17.webp\",\"width\":992,\"height\":661},{\"@type\":\"BreadcrumbList\",\"@id\":\"https:\\\/\\\/diariodelsurdigital.com.ar\\\/?p=4490#breadcrumb\",\"itemListElement\":[{\"@type\":\"ListItem\",\"position\":1,\"name\":\"Portada\",\"item\":\"https:\\\/\\\/diariodelsurdigital.com.ar\\\/\"},{\"@type\":\"ListItem\",\"position\":2,\"name\":\"El Senado comenz\u00f3 el an\u00e1lisis del proyecto de creaci\u00f3n del R\u00e9gimen de Consorcios Camineros\"}]},{\"@type\":\"WebSite\",\"@id\":\"https:\\\/\\\/diariodelsurdigital.com.ar\\\/#website\",\"url\":\"https:\\\/\\\/diariodelsurdigital.com.ar\\\/\",\"name\":\"Diario del Sur\",\"description\":\"Digital\",\"potentialAction\":[{\"@type\":\"SearchAction\",\"target\":{\"@type\":\"EntryPoint\",\"urlTemplate\":\"https:\\\/\\\/diariodelsurdigital.com.ar\\\/?s={search_term_string}\"},\"query-input\":{\"@type\":\"PropertyValueSpecification\",\"valueRequired\":true,\"valueName\":\"search_term_string\"}}],\"inLanguage\":\"es\"},{\"@type\":\"Person\",\"@id\":\"https:\\\/\\\/diariodelsurdigital.com.ar\\\/#\\\/schema\\\/person\\\/1a4992532ed62965c968031b49195c81\",\"name\":\"Diario del Sur Digital\",\"image\":{\"@type\":\"ImageObject\",\"inLanguage\":\"es\",\"@id\":\"https:\\\/\\\/secure.gravatar.com\\\/avatar\\\/f0c7c47fc7146d19828273b9b8eda651c9c7ab583767e6338d3d3bee825adf76?s=96&d=mm&r=g\",\"url\":\"https:\\\/\\\/secure.gravatar.com\\\/avatar\\\/f0c7c47fc7146d19828273b9b8eda651c9c7ab583767e6338d3d3bee825adf76?s=96&d=mm&r=g\",\"contentUrl\":\"https:\\\/\\\/secure.gravatar.com\\\/avatar\\\/f0c7c47fc7146d19828273b9b8eda651c9c7ab583767e6338d3d3bee825adf76?s=96&d=mm&r=g\",\"caption\":\"Diario del Sur Digital\"},\"url\":\"https:\\\/\\\/diariodelsurdigital.com.ar\\\/?author=4\"}]}<\/script>\n<!-- \/ Yoast SEO plugin. -->","yoast_head_json":{"title":"El Senado comenz\u00f3 el an\u00e1lisis del proyecto de creaci\u00f3n del R\u00e9gimen de Consorcios Camineros - Diario del Sur","robots":{"index":"index","follow":"follow","max-snippet":"max-snippet:-1","max-image-preview":"max-image-preview:large","max-video-preview":"max-video-preview:-1"},"canonical":"https:\/\/diariodelsurdigital.com.ar\/?p=4490","og_locale":"es_ES","og_type":"article","og_title":"El Senado comenz\u00f3 el an\u00e1lisis del proyecto de creaci\u00f3n del R\u00e9gimen de Consorcios Camineros - Diario del Sur","og_description":"Este mi\u00e9rcoles por la ma\u00f1ana se reunieron los senadores que integran tres comisiones, de Hidrov\u00eda, Puertos y Transportes Multimodales, de Obras P\u00fablicas, y de Legislaci\u00f3n General, para estudiar varios expedientes que tienen como tema la creaci\u00f3n del R\u00e9gimen de Consorcios Camineros. Brindaron su punto de vista representantes del sindicato de Viales de Entre R\u00edos. En [&hellip;]","og_url":"https:\/\/diariodelsurdigital.com.ar\/?p=4490","og_site_name":"Diario del Sur","article_published_time":"2025-09-04T13:09:38+00:00","article_modified_time":"2025-09-04T13:09:39+00:00","og_image":[{"width":992,"height":661,"url":"https:\/\/diariodelsurdigital.com.ar\/wp-content\/uploads\/2025\/09\/md-17.webp","type":"image\/webp"}],"author":"Diario del Sur Digital","twitter_card":"summary_large_image","twitter_misc":{"Escrito por":"Diario del Sur Digital","Tiempo de lectura":"4 minutos"},"schema":{"@context":"https:\/\/schema.org","@graph":[{"@type":"Article","@id":"https:\/\/diariodelsurdigital.com.ar\/?p=4490#article","isPartOf":{"@id":"https:\/\/diariodelsurdigital.com.ar\/?p=4490"},"author":{"name":"Diario del Sur Digital","@id":"https:\/\/diariodelsurdigital.com.ar\/#\/schema\/person\/1a4992532ed62965c968031b49195c81"},"headline":"El Senado comenz\u00f3 el an\u00e1lisis del proyecto de creaci\u00f3n del R\u00e9gimen de Consorcios Camineros","datePublished":"2025-09-04T13:09:38+00:00","dateModified":"2025-09-04T13:09:39+00:00","mainEntityOfPage":{"@id":"https:\/\/diariodelsurdigital.com.ar\/?p=4490"},"wordCount":785,"commentCount":0,"image":{"@id":"https:\/\/diariodelsurdigital.com.ar\/?p=4490#primaryimage"},"thumbnailUrl":"https:\/\/diariodelsurdigital.com.ar\/wp-content\/uploads\/2025\/09\/md-17.webp","articleSection":["Pol\u00edtica","Provinciales"],"inLanguage":"es","potentialAction":[{"@type":"CommentAction","name":"Comment","target":["https:\/\/diariodelsurdigital.com.ar\/?p=4490#respond"]}]},{"@type":"WebPage","@id":"https:\/\/diariodelsurdigital.com.ar\/?p=4490","url":"https:\/\/diariodelsurdigital.com.ar\/?p=4490","name":"El Senado comenz\u00f3 el an\u00e1lisis del proyecto de creaci\u00f3n del R\u00e9gimen de Consorcios Camineros - Diario del Sur","isPartOf":{"@id":"https:\/\/diariodelsurdigital.com.ar\/#website"},"primaryImageOfPage":{"@id":"https:\/\/diariodelsurdigital.com.ar\/?p=4490#primaryimage"},"image":{"@id":"https:\/\/diariodelsurdigital.com.ar\/?p=4490#primaryimage"},"thumbnailUrl":"https:\/\/diariodelsurdigital.com.ar\/wp-content\/uploads\/2025\/09\/md-17.webp","datePublished":"2025-09-04T13:09:38+00:00","dateModified":"2025-09-04T13:09:39+00:00","author":{"@id":"https:\/\/diariodelsurdigital.com.ar\/#\/schema\/person\/1a4992532ed62965c968031b49195c81"},"breadcrumb":{"@id":"https:\/\/diariodelsurdigital.com.ar\/?p=4490#breadcrumb"},"inLanguage":"es","potentialAction":[{"@type":"ReadAction","target":["https:\/\/diariodelsurdigital.com.ar\/?p=4490"]}]},{"@type":"ImageObject","inLanguage":"es","@id":"https:\/\/diariodelsurdigital.com.ar\/?p=4490#primaryimage","url":"https:\/\/diariodelsurdigital.com.ar\/wp-content\/uploads\/2025\/09\/md-17.webp","contentUrl":"https:\/\/diariodelsurdigital.com.ar\/wp-content\/uploads\/2025\/09\/md-17.webp","width":992,"height":661},{"@type":"BreadcrumbList","@id":"https:\/\/diariodelsurdigital.com.ar\/?p=4490#breadcrumb","itemListElement":[{"@type":"ListItem","position":1,"name":"Portada","item":"https:\/\/diariodelsurdigital.com.ar\/"},{"@type":"ListItem","position":2,"name":"El Senado comenz\u00f3 el an\u00e1lisis del proyecto de creaci\u00f3n del R\u00e9gimen de Consorcios Camineros"}]},{"@type":"WebSite","@id":"https:\/\/diariodelsurdigital.com.ar\/#website","url":"https:\/\/diariodelsurdigital.com.ar\/","name":"Diario del Sur","description":"Digital","potentialAction":[{"@type":"SearchAction","target":{"@type":"EntryPoint","urlTemplate":"https:\/\/diariodelsurdigital.com.ar\/?s={search_term_string}"},"query-input":{"@type":"PropertyValueSpecification","valueRequired":true,"valueName":"search_term_string"}}],"inLanguage":"es"},{"@type":"Person","@id":"https:\/\/diariodelsurdigital.com.ar\/#\/schema\/person\/1a4992532ed62965c968031b49195c81","name":"Diario del Sur Digital","image":{"@type":"ImageObject","inLanguage":"es","@id":"https:\/\/secure.gravatar.com\/avatar\/f0c7c47fc7146d19828273b9b8eda651c9c7ab583767e6338d3d3bee825adf76?s=96&d=mm&r=g","url":"https:\/\/secure.gravatar.com\/avatar\/f0c7c47fc7146d19828273b9b8eda651c9c7ab583767e6338d3d3bee825adf76?s=96&d=mm&r=g","contentUrl":"https:\/\/secure.gravatar.com\/avatar\/f0c7c47fc7146d19828273b9b8eda651c9c7ab583767e6338d3d3bee825adf76?s=96&d=mm&r=g","caption":"Diario del Sur Digital"},"url":"https:\/\/diariodelsurdigital.com.ar\/?author=4"}]}},"_links":{"self":[{"href":"https:\/\/diariodelsurdigital.com.ar\/index.php?rest_route=\/wp\/v2\/posts\/4490","targetHints":{"allow":["GET"]}}],"collection":[{"href":"https:\/\/diariodelsurdigital.com.ar\/index.php?rest_route=\/wp\/v2\/posts"}],"about":[{"href":"https:\/\/diariodelsurdigital.com.ar\/index.php?rest_route=\/wp\/v2\/types\/post"}],"author":[{"embeddable":true,"href":"https:\/\/diariodelsurdigital.com.ar\/index.php?rest_route=\/wp\/v2\/users\/4"}],"replies":[{"embeddable":true,"href":"https:\/\/diariodelsurdigital.com.ar\/index.php?rest_route=%2Fwp%2Fv2%2Fcomments&post=4490"}],"version-history":[{"count":1,"href":"https:\/\/diariodelsurdigital.com.ar\/index.php?rest_route=\/wp\/v2\/posts\/4490\/revisions"}],"predecessor-version":[{"id":4492,"href":"https:\/\/diariodelsurdigital.com.ar\/index.php?rest_route=\/wp\/v2\/posts\/4490\/revisions\/4492"}],"wp:featuredmedia":[{"embeddable":true,"href":"https:\/\/diariodelsurdigital.com.ar\/index.php?rest_route=\/wp\/v2\/media\/4491"}],"wp:attachment":[{"href":"https:\/\/diariodelsurdigital.com.ar\/index.php?rest_route=%2Fwp%2Fv2%2Fmedia&parent=4490"}],"wp:term":[{"taxonomy":"category","embeddable":true,"href":"https:\/\/diariodelsurdigital.com.ar\/index.php?rest_route=%2Fwp%2Fv2%2Fcategories&post=4490"},{"taxonomy":"post_tag","embeddable":true,"href":"https:\/\/diariodelsurdigital.com.ar\/index.php?rest_route=%2Fwp%2Fv2%2Ftags&post=4490"}],"curies":[{"name":"wp","href":"https:\/\/api.w.org\/{rel}","templated":true}]}}