{"id":4493,"date":"2025-09-04T10:12:22","date_gmt":"2025-09-04T13:12:22","guid":{"rendered":"https:\/\/diariodelsurdigital.com.ar\/?p=4493"},"modified":"2025-09-04T10:12:23","modified_gmt":"2025-09-04T13:12:23","slug":"el-senado-nacional-define-si-cae-el-veto-a-la-ley-de-emergencia-en-discapacidad","status":"publish","type":"post","link":"https:\/\/diariodelsurdigital.com.ar\/?p=4493","title":{"rendered":"El Senado nacional define si cae el veto a la Ley de Emergencia en Discapacidad"},"content":{"rendered":"\n<p>En caso de lograrlo, ser\u00e1 la primera vez despu\u00e9s de 22 a\u00f1os que el Congreso rechaza un veto presidencial ya que el \u00faltimo antecedente se registr\u00f3 en 2003 en el Gobierno de transici\u00f3n de Eduardo Duhalde. La oposici\u00f3n necesitar\u00e1 los dos tercios de los presentes para lograrlo. Adem\u00e1s en el recinto se votar\u00e1 la modificaci\u00f3n del R\u00e9gimen Legal de los Decretos de Necesidad y Urgencia, entre otros temas.<\/p>\n\n\n\n<p>La C\u00e1mara de Senadores abordar\u00e1 este jueves a partir de las 11 el rechazo al veto presidencial a la con la Ley de Emergencia en Discapacidad. Necesitar\u00e1 dos tercios de los presentes para que la medida emitida por Javier Milei no sea aplicada.<\/p>\n\n\n\n<p><br>Cabe recordar que la \u00faltima vez que el Congreso rechaz\u00f3 un veto presidencial fue el 12 de marzo del 2003 en el Gobierno de transici\u00f3n de Eduardo Duhalde, quien asumi\u00f3 el 1 de enero del 2002 tras la renuncia de Fernando de la R\u00faa en medio de una grave crisis social y econ\u00f3mica.<\/p>\n\n\n\n<p>En aquella ocasi\u00f3n Duhalde vet\u00f3 en forma total la Ley 25715 que buscaba una reducci\u00f3n de los aranceles para la importaci\u00f3n del az\u00facar pero el Congreso rechaz\u00f3 la medida y dicha reducci\u00f3n deb\u00eda ser promulgada en los primeros d\u00edas de abril del 2003, seg\u00fan detalla la Direcci\u00f3n de Informaci\u00f3n Parlamentaria.<\/p>\n\n\n\n<p>\u00bfQu\u00e9 otros temas se votar\u00e1n en la sesi\u00f3n de este jueves?<br>Seg\u00fan se acord\u00f3 este mi\u00e9rcoles en la reuni\u00f3n de Labor Parlamentaria el segundo tema a votar ser la modificaci\u00f3n del R\u00e9gimen Legal de los Decretos de Necesidad y Urgencia. El tema tuvo dictamen en la Comisi\u00f3n de Asuntos Constitucionales del Senado cuando distintos bloques de la oposici\u00f3n se pusieron de acuerdo y avanzaron con un proyecto unificado.<\/p>\n\n\n\n<p>De acuerdo con el despacho, uno de los cambios incorpora el art\u00edculo 1 bis a la Ley 26.122, de modo de establecer que los decretos de necesidad y urgencia, los delegados y los de promulgaci\u00f3n parcial de leyes \u201cdeber\u00e1n ver sobre una \u00fanica materia a fin de que sean tratados individualmente por el Congreso de la Naci\u00f3n\u201d.<\/p>\n\n\n\n<p>\u00abSi la situaci\u00f3n invocada requiriera el dictado de normas en m\u00e1s de una materia, cada una de ellas deber\u00e1 ser objeto de un decreto individual\u00bb, agrega, con el fin de evitar los \u00abmega\u00bb decretos, como fue el DNU 70\/2023, con el cual Milei inaugur\u00f3 su gesti\u00f3n.<\/p>\n\n\n\n<p>Otra de las reformas es la incorporaci\u00f3n del art\u00edculo 21 bis, que indica que \u201cambas C\u00e1maras podr\u00e1n abocarse aun durante el per\u00edodo de receso parlamentario al expreso e inmediato tratamiento de los decretos\u201d.<\/p>\n\n\n\n<p>Pasados \u00e2\u20ac\u2039\u00e2\u20ac\u2039esos dos temas, se tratar\u00e1 una modificaci\u00f3n del R\u00e9gimen de Retiro Anticipado previo a la Jubilaci\u00f3n. El tema est\u00e1 dedicado a la planta temporal afectada a cualquiera de las \u00e1reas del Senado, con una antig\u00fcedad superior a los 6 a\u00f1os ininterrumpidos.<\/p>\n\n\n\n<p>Quedan para el final de los dos convenios internacionales. Uno es un protocolo de enmienda al convenio con el Gobierno de la Rep\u00fablica Francesa, a fin de evitar la doble imposici\u00f3n y prevenir la evasi\u00f3n fiscal; el otro es un convenio similar, con Austria, para eliminar la doble imposici\u00f3n con respecto a los Impuestos sobre la Renta y sobre el Patrimonio y la Prevenci\u00f3n de la Evasi\u00f3n y Elusi\u00f3n Fiscal.<\/p>\n\n\n\n<p>No fue incluida en el temario la interpelaci\u00f3n a la secretaria general de la Presidencia, Karina Milei, como pretend\u00eda Uni\u00f3n por la Patria. <\/p>\n","protected":false},"excerpt":{"rendered":"<p>En caso de lograrlo, ser\u00e1 la primera vez despu\u00e9s de 22 a\u00f1os que el Congreso rechaza un veto presidencial ya que el \u00faltimo antecedente se registr\u00f3 en 2003 en el Gobierno de transici\u00f3n de Eduardo Duhalde. La oposici\u00f3n necesitar\u00e1 los dos tercios de los presentes para lograrlo. Adem\u00e1s en el recinto se votar\u00e1 la modificaci\u00f3n [&hellip;]<\/p>\n","protected":false},"author":4,"featured_media":4494,"comment_status":"open","ping_status":"open","sticky":false,"template":"","format":"standard","meta":{"footnotes":""},"categories":[18],"tags":[],"class_list":{"0":"post-4493","1":"post","2":"type-post","3":"status-publish","4":"format-standard","5":"has-post-thumbnail","7":"category-nacionales"},"yoast_head":"<!-- This site is optimized with the Yoast SEO plugin v27.4 - https:\/\/yoast.com\/product\/yoast-seo-wordpress\/ -->\n<title>El Senado nacional define si cae el veto a la Ley de Emergencia en Discapacidad - Diario del Sur<\/title>\n<meta name=\"robots\" content=\"index, follow, max-snippet:-1, max-image-preview:large, max-video-preview:-1\" \/>\n<link rel=\"canonical\" href=\"https:\/\/diariodelsurdigital.com.ar\/?p=4493\" \/>\n<meta property=\"og:locale\" content=\"es_ES\" \/>\n<meta property=\"og:type\" content=\"article\" \/>\n<meta property=\"og:title\" content=\"El Senado nacional define si cae el veto a la Ley de Emergencia en Discapacidad - Diario del Sur\" \/>\n<meta property=\"og:description\" content=\"En caso de lograrlo, ser\u00e1 la primera vez despu\u00e9s de 22 a\u00f1os que el Congreso rechaza un veto presidencial ya que el \u00faltimo antecedente se registr\u00f3 en 2003 en el Gobierno de transici\u00f3n de Eduardo Duhalde. La oposici\u00f3n necesitar\u00e1 los dos tercios de los presentes para lograrlo. Adem\u00e1s en el recinto se votar\u00e1 la modificaci\u00f3n [&hellip;]\" \/>\n<meta property=\"og:url\" content=\"https:\/\/diariodelsurdigital.com.ar\/?p=4493\" \/>\n<meta property=\"og:site_name\" content=\"Diario del Sur\" \/>\n<meta property=\"article:published_time\" content=\"2025-09-04T13:12:22+00:00\" \/>\n<meta property=\"article:modified_time\" content=\"2025-09-04T13:12:23+00:00\" \/>\n<meta property=\"og:image\" content=\"https:\/\/diariodelsurdigital.com.ar\/wp-content\/uploads\/2025\/09\/md-18.webp\" \/>\n\t<meta property=\"og:image:width\" content=\"992\" \/>\n\t<meta property=\"og:image:height\" content=\"661\" \/>\n\t<meta property=\"og:image:type\" content=\"image\/webp\" \/>\n<meta name=\"author\" content=\"Diario del Sur Digital\" \/>\n<meta name=\"twitter:card\" content=\"summary_large_image\" \/>\n<meta name=\"twitter:label1\" content=\"Escrito por\" \/>\n\t<meta name=\"twitter:data1\" content=\"Diario del Sur Digital\" \/>\n\t<meta name=\"twitter:label2\" content=\"Tiempo de lectura\" \/>\n\t<meta name=\"twitter:data2\" content=\"3 minutos\" \/>\n<script type=\"application\/ld+json\" class=\"yoast-schema-graph\">{\"@context\":\"https:\\\/\\\/schema.org\",\"@graph\":[{\"@type\":\"Article\",\"@id\":\"https:\\\/\\\/diariodelsurdigital.com.ar\\\/?p=4493#article\",\"isPartOf\":{\"@id\":\"https:\\\/\\\/diariodelsurdigital.com.ar\\\/?p=4493\"},\"author\":{\"name\":\"Diario del Sur Digital\",\"@id\":\"https:\\\/\\\/diariodelsurdigital.com.ar\\\/#\\\/schema\\\/person\\\/1a4992532ed62965c968031b49195c81\"},\"headline\":\"El Senado nacional define si cae el veto a la Ley de Emergencia en Discapacidad\",\"datePublished\":\"2025-09-04T13:12:22+00:00\",\"dateModified\":\"2025-09-04T13:12:23+00:00\",\"mainEntityOfPage\":{\"@id\":\"https:\\\/\\\/diariodelsurdigital.com.ar\\\/?p=4493\"},\"wordCount\":611,\"commentCount\":0,\"image\":{\"@id\":\"https:\\\/\\\/diariodelsurdigital.com.ar\\\/?p=4493#primaryimage\"},\"thumbnailUrl\":\"https:\\\/\\\/diariodelsurdigital.com.ar\\\/wp-content\\\/uploads\\\/2025\\\/09\\\/md-18.webp\",\"articleSection\":[\"Nacionales\"],\"inLanguage\":\"es\",\"potentialAction\":[{\"@type\":\"CommentAction\",\"name\":\"Comment\",\"target\":[\"https:\\\/\\\/diariodelsurdigital.com.ar\\\/?p=4493#respond\"]}]},{\"@type\":\"WebPage\",\"@id\":\"https:\\\/\\\/diariodelsurdigital.com.ar\\\/?p=4493\",\"url\":\"https:\\\/\\\/diariodelsurdigital.com.ar\\\/?p=4493\",\"name\":\"El Senado nacional define si cae el veto a la Ley de Emergencia en Discapacidad - Diario del Sur\",\"isPartOf\":{\"@id\":\"https:\\\/\\\/diariodelsurdigital.com.ar\\\/#website\"},\"primaryImageOfPage\":{\"@id\":\"https:\\\/\\\/diariodelsurdigital.com.ar\\\/?p=4493#primaryimage\"},\"image\":{\"@id\":\"https:\\\/\\\/diariodelsurdigital.com.ar\\\/?p=4493#primaryimage\"},\"thumbnailUrl\":\"https:\\\/\\\/diariodelsurdigital.com.ar\\\/wp-content\\\/uploads\\\/2025\\\/09\\\/md-18.webp\",\"datePublished\":\"2025-09-04T13:12:22+00:00\",\"dateModified\":\"2025-09-04T13:12:23+00:00\",\"author\":{\"@id\":\"https:\\\/\\\/diariodelsurdigital.com.ar\\\/#\\\/schema\\\/person\\\/1a4992532ed62965c968031b49195c81\"},\"breadcrumb\":{\"@id\":\"https:\\\/\\\/diariodelsurdigital.com.ar\\\/?p=4493#breadcrumb\"},\"inLanguage\":\"es\",\"potentialAction\":[{\"@type\":\"ReadAction\",\"target\":[\"https:\\\/\\\/diariodelsurdigital.com.ar\\\/?p=4493\"]}]},{\"@type\":\"ImageObject\",\"inLanguage\":\"es\",\"@id\":\"https:\\\/\\\/diariodelsurdigital.com.ar\\\/?p=4493#primaryimage\",\"url\":\"https:\\\/\\\/diariodelsurdigital.com.ar\\\/wp-content\\\/uploads\\\/2025\\\/09\\\/md-18.webp\",\"contentUrl\":\"https:\\\/\\\/diariodelsurdigital.com.ar\\\/wp-content\\\/uploads\\\/2025\\\/09\\\/md-18.webp\",\"width\":992,\"height\":661},{\"@type\":\"BreadcrumbList\",\"@id\":\"https:\\\/\\\/diariodelsurdigital.com.ar\\\/?p=4493#breadcrumb\",\"itemListElement\":[{\"@type\":\"ListItem\",\"position\":1,\"name\":\"Portada\",\"item\":\"https:\\\/\\\/diariodelsurdigital.com.ar\\\/\"},{\"@type\":\"ListItem\",\"position\":2,\"name\":\"El Senado nacional define si cae el veto a la Ley de Emergencia en Discapacidad\"}]},{\"@type\":\"WebSite\",\"@id\":\"https:\\\/\\\/diariodelsurdigital.com.ar\\\/#website\",\"url\":\"https:\\\/\\\/diariodelsurdigital.com.ar\\\/\",\"name\":\"Diario del Sur\",\"description\":\"Digital\",\"potentialAction\":[{\"@type\":\"SearchAction\",\"target\":{\"@type\":\"EntryPoint\",\"urlTemplate\":\"https:\\\/\\\/diariodelsurdigital.com.ar\\\/?s={search_term_string}\"},\"query-input\":{\"@type\":\"PropertyValueSpecification\",\"valueRequired\":true,\"valueName\":\"search_term_string\"}}],\"inLanguage\":\"es\"},{\"@type\":\"Person\",\"@id\":\"https:\\\/\\\/diariodelsurdigital.com.ar\\\/#\\\/schema\\\/person\\\/1a4992532ed62965c968031b49195c81\",\"name\":\"Diario del Sur Digital\",\"image\":{\"@type\":\"ImageObject\",\"inLanguage\":\"es\",\"@id\":\"https:\\\/\\\/secure.gravatar.com\\\/avatar\\\/f0c7c47fc7146d19828273b9b8eda651c9c7ab583767e6338d3d3bee825adf76?s=96&d=mm&r=g\",\"url\":\"https:\\\/\\\/secure.gravatar.com\\\/avatar\\\/f0c7c47fc7146d19828273b9b8eda651c9c7ab583767e6338d3d3bee825adf76?s=96&d=mm&r=g\",\"contentUrl\":\"https:\\\/\\\/secure.gravatar.com\\\/avatar\\\/f0c7c47fc7146d19828273b9b8eda651c9c7ab583767e6338d3d3bee825adf76?s=96&d=mm&r=g\",\"caption\":\"Diario del Sur Digital\"},\"url\":\"https:\\\/\\\/diariodelsurdigital.com.ar\\\/?author=4\"}]}<\/script>\n<!-- \/ Yoast SEO plugin. -->","yoast_head_json":{"title":"El Senado nacional define si cae el veto a la Ley de Emergencia en Discapacidad - Diario del Sur","robots":{"index":"index","follow":"follow","max-snippet":"max-snippet:-1","max-image-preview":"max-image-preview:large","max-video-preview":"max-video-preview:-1"},"canonical":"https:\/\/diariodelsurdigital.com.ar\/?p=4493","og_locale":"es_ES","og_type":"article","og_title":"El Senado nacional define si cae el veto a la Ley de Emergencia en Discapacidad - Diario del Sur","og_description":"En caso de lograrlo, ser\u00e1 la primera vez despu\u00e9s de 22 a\u00f1os que el Congreso rechaza un veto presidencial ya que el \u00faltimo antecedente se registr\u00f3 en 2003 en el Gobierno de transici\u00f3n de Eduardo Duhalde. La oposici\u00f3n necesitar\u00e1 los dos tercios de los presentes para lograrlo. Adem\u00e1s en el recinto se votar\u00e1 la modificaci\u00f3n [&hellip;]","og_url":"https:\/\/diariodelsurdigital.com.ar\/?p=4493","og_site_name":"Diario del Sur","article_published_time":"2025-09-04T13:12:22+00:00","article_modified_time":"2025-09-04T13:12:23+00:00","og_image":[{"width":992,"height":661,"url":"https:\/\/diariodelsurdigital.com.ar\/wp-content\/uploads\/2025\/09\/md-18.webp","type":"image\/webp"}],"author":"Diario del Sur Digital","twitter_card":"summary_large_image","twitter_misc":{"Escrito por":"Diario del Sur Digital","Tiempo de lectura":"3 minutos"},"schema":{"@context":"https:\/\/schema.org","@graph":[{"@type":"Article","@id":"https:\/\/diariodelsurdigital.com.ar\/?p=4493#article","isPartOf":{"@id":"https:\/\/diariodelsurdigital.com.ar\/?p=4493"},"author":{"name":"Diario del Sur Digital","@id":"https:\/\/diariodelsurdigital.com.ar\/#\/schema\/person\/1a4992532ed62965c968031b49195c81"},"headline":"El Senado nacional define si cae el veto a la Ley de Emergencia en Discapacidad","datePublished":"2025-09-04T13:12:22+00:00","dateModified":"2025-09-04T13:12:23+00:00","mainEntityOfPage":{"@id":"https:\/\/diariodelsurdigital.com.ar\/?p=4493"},"wordCount":611,"commentCount":0,"image":{"@id":"https:\/\/diariodelsurdigital.com.ar\/?p=4493#primaryimage"},"thumbnailUrl":"https:\/\/diariodelsurdigital.com.ar\/wp-content\/uploads\/2025\/09\/md-18.webp","articleSection":["Nacionales"],"inLanguage":"es","potentialAction":[{"@type":"CommentAction","name":"Comment","target":["https:\/\/diariodelsurdigital.com.ar\/?p=4493#respond"]}]},{"@type":"WebPage","@id":"https:\/\/diariodelsurdigital.com.ar\/?p=4493","url":"https:\/\/diariodelsurdigital.com.ar\/?p=4493","name":"El Senado nacional define si cae el veto a la Ley de Emergencia en Discapacidad - Diario del Sur","isPartOf":{"@id":"https:\/\/diariodelsurdigital.com.ar\/#website"},"primaryImageOfPage":{"@id":"https:\/\/diariodelsurdigital.com.ar\/?p=4493#primaryimage"},"image":{"@id":"https:\/\/diariodelsurdigital.com.ar\/?p=4493#primaryimage"},"thumbnailUrl":"https:\/\/diariodelsurdigital.com.ar\/wp-content\/uploads\/2025\/09\/md-18.webp","datePublished":"2025-09-04T13:12:22+00:00","dateModified":"2025-09-04T13:12:23+00:00","author":{"@id":"https:\/\/diariodelsurdigital.com.ar\/#\/schema\/person\/1a4992532ed62965c968031b49195c81"},"breadcrumb":{"@id":"https:\/\/diariodelsurdigital.com.ar\/?p=4493#breadcrumb"},"inLanguage":"es","potentialAction":[{"@type":"ReadAction","target":["https:\/\/diariodelsurdigital.com.ar\/?p=4493"]}]},{"@type":"ImageObject","inLanguage":"es","@id":"https:\/\/diariodelsurdigital.com.ar\/?p=4493#primaryimage","url":"https:\/\/diariodelsurdigital.com.ar\/wp-content\/uploads\/2025\/09\/md-18.webp","contentUrl":"https:\/\/diariodelsurdigital.com.ar\/wp-content\/uploads\/2025\/09\/md-18.webp","width":992,"height":661},{"@type":"BreadcrumbList","@id":"https:\/\/diariodelsurdigital.com.ar\/?p=4493#breadcrumb","itemListElement":[{"@type":"ListItem","position":1,"name":"Portada","item":"https:\/\/diariodelsurdigital.com.ar\/"},{"@type":"ListItem","position":2,"name":"El Senado nacional define si cae el veto a la Ley de Emergencia en Discapacidad"}]},{"@type":"WebSite","@id":"https:\/\/diariodelsurdigital.com.ar\/#website","url":"https:\/\/diariodelsurdigital.com.ar\/","name":"Diario del Sur","description":"Digital","potentialAction":[{"@type":"SearchAction","target":{"@type":"EntryPoint","urlTemplate":"https:\/\/diariodelsurdigital.com.ar\/?s={search_term_string}"},"query-input":{"@type":"PropertyValueSpecification","valueRequired":true,"valueName":"search_term_string"}}],"inLanguage":"es"},{"@type":"Person","@id":"https:\/\/diariodelsurdigital.com.ar\/#\/schema\/person\/1a4992532ed62965c968031b49195c81","name":"Diario del Sur Digital","image":{"@type":"ImageObject","inLanguage":"es","@id":"https:\/\/secure.gravatar.com\/avatar\/f0c7c47fc7146d19828273b9b8eda651c9c7ab583767e6338d3d3bee825adf76?s=96&d=mm&r=g","url":"https:\/\/secure.gravatar.com\/avatar\/f0c7c47fc7146d19828273b9b8eda651c9c7ab583767e6338d3d3bee825adf76?s=96&d=mm&r=g","contentUrl":"https:\/\/secure.gravatar.com\/avatar\/f0c7c47fc7146d19828273b9b8eda651c9c7ab583767e6338d3d3bee825adf76?s=96&d=mm&r=g","caption":"Diario del Sur Digital"},"url":"https:\/\/diariodelsurdigital.com.ar\/?author=4"}]}},"_links":{"self":[{"href":"https:\/\/diariodelsurdigital.com.ar\/index.php?rest_route=\/wp\/v2\/posts\/4493","targetHints":{"allow":["GET"]}}],"collection":[{"href":"https:\/\/diariodelsurdigital.com.ar\/index.php?rest_route=\/wp\/v2\/posts"}],"about":[{"href":"https:\/\/diariodelsurdigital.com.ar\/index.php?rest_route=\/wp\/v2\/types\/post"}],"author":[{"embeddable":true,"href":"https:\/\/diariodelsurdigital.com.ar\/index.php?rest_route=\/wp\/v2\/users\/4"}],"replies":[{"embeddable":true,"href":"https:\/\/diariodelsurdigital.com.ar\/index.php?rest_route=%2Fwp%2Fv2%2Fcomments&post=4493"}],"version-history":[{"count":1,"href":"https:\/\/diariodelsurdigital.com.ar\/index.php?rest_route=\/wp\/v2\/posts\/4493\/revisions"}],"predecessor-version":[{"id":4495,"href":"https:\/\/diariodelsurdigital.com.ar\/index.php?rest_route=\/wp\/v2\/posts\/4493\/revisions\/4495"}],"wp:featuredmedia":[{"embeddable":true,"href":"https:\/\/diariodelsurdigital.com.ar\/index.php?rest_route=\/wp\/v2\/media\/4494"}],"wp:attachment":[{"href":"https:\/\/diariodelsurdigital.com.ar\/index.php?rest_route=%2Fwp%2Fv2%2Fmedia&parent=4493"}],"wp:term":[{"taxonomy":"category","embeddable":true,"href":"https:\/\/diariodelsurdigital.com.ar\/index.php?rest_route=%2Fwp%2Fv2%2Fcategories&post=4493"},{"taxonomy":"post_tag","embeddable":true,"href":"https:\/\/diariodelsurdigital.com.ar\/index.php?rest_route=%2Fwp%2Fv2%2Ftags&post=4493"}],"curies":[{"name":"wp","href":"https:\/\/api.w.org\/{rel}","templated":true}]}}