{"id":4496,"date":"2025-09-04T10:15:02","date_gmt":"2025-09-04T13:15:02","guid":{"rendered":"https:\/\/diariodelsurdigital.com.ar\/?p=4496"},"modified":"2025-09-04T10:15:03","modified_gmt":"2025-09-04T13:15:03","slug":"milei-viaja-a-eeuu-en-medio-del-escandalo-de-la-andis","status":"publish","type":"post","link":"https:\/\/diariodelsurdigital.com.ar\/?p=4496","title":{"rendered":"Milei viaja a EEUU en medio del esc\u00e1ndalo de la AnDis"},"content":{"rendered":"\n<p>El Presidente parte rumbo a Estados Unidos, donde tendr\u00e1 reuniones con empresarios en Los \u00c1ngeles.<\/p>\n\n\n\n<p><\/p>\n\n\n\n<p>El presidente Javier Milei emprender\u00e1 un viaje a los Estados Unidos, en medio de la crisis pol\u00edtica que golpea a su Gobierno tras la difusi\u00f3n de los audios del ex titular de la Agencia Nacional de Discapacidad (ANDIS), Diego Spagnuolo, donde denuncia un presunto esquema de corrupci\u00f3n que involucra a la secretaria general de la Presidencia, Karina Milei, y al subsecretario de Gesti\u00f3n Institucional, Eduardo \u00abLule\u00bb Menem.<\/p>\n\n\n\n<p>Las \u00faltimas dos semanas representaron la mayor crisis de gesti\u00f3n del Gobierno desde su llegada al poder en diciembre de 2023. Los audios que denuncian presuntas coimas en ANDIS tomaron la centralidad de la agenda p\u00fablica y la respuesta de Casa Rosada &#8211; que solicit\u00f3 un \u00abbozal legal\u00bb para evitar la reproducci\u00f3n de los mensajes, adem\u00e1s de exigir allanamientos a los periodistas que filtraron los archivos &#8211; generaron numerosas cr\u00edticas de gran parte del espectro pol\u00edtico argentino.<\/p>\n\n\n\n<p>El reclamo no es solo en la Argentina. Si las proyecciones de los modelos se cumplen, nadie seria el gran ganador en la elecci\u00f3n nacional de octubre y en la provincial de este domingo, siendo escogido por el 37% de los votantes, frente a tan solo el 25% (40% del 63%) que podr\u00eda acaparar la primera minor\u00eda<\/p>\n\n\n\n<p>En este contexto, el jefe de Estado partir\u00e1 luego de encabezar el acto de cierre de campa\u00f1a de las elecciones bonaerenses en el Club Villa \u00c1ngela, en la localidad de Moreno. En suelo norteamericano est\u00e1 previsto que mantenga reuniones con empresarios en Los \u00c1ngeles, entre el 4 y 5 de septiembre.<\/p>\n\n\n\n<p>Si bien en los \u00faltimos d\u00edas trascendi\u00f3 la posibilidad de que Milei se trasladara tambi\u00e9n a Las Vegas para asistir al show de su expareja F\u00e1tima Florez en el Hotel Sahara, finalmente en Casa Rosada confirmaron que el mandatario decidi\u00f3 restringir la agenda y no viajar a esa ciudad, public\u00f3 \u00c1mbito.<\/p>\n\n\n\n<p>La comitiva oficial estar\u00e1 integrada \u00fanicamente por el ministro de Econom\u00eda, Luis \u00abToto\u00bb Caputo, y el canciller Gerardo Werthein. De esta manera, el l\u00edder libertario permanecer\u00e1 en Estados Unidos hasta el s\u00e1bado 6 de septiembre, jornada previa a los comicios legislativos en la provincia de Buenos Aires.<\/p>\n\n\n\n<p>De acuerdo a lo que inform\u00f3 el Gobierno, la comitiva partir\u00e1 el mi\u00e9rcoles 3 de septiembre a las 23, en un vuelo especial rumbo a la ciudad de Los \u00c1ngeles. El jueves 4, tras una escala t\u00e9cnica en Lima, arribar\u00e1 a las 13 a la ciudad californiana y se trasladar\u00e1 a su lugar de alojamiento.<\/p>\n\n\n\n<p>A las 17:30, el jefe de Estado compartir\u00e1 un almuerzo con la astronauta Noel del Castro. M\u00e1s tarde, a las 20:30, mantendr\u00e1 un encuentro con Michael Milken, presidente del Instituto Milken. Posteriormente, a las 21:15, Milei, acompa\u00f1ado por el Caputo y el embajador Alejandro Oxenford, se reunir\u00e1 con un grupo de l\u00edderes empresariales y de inversi\u00f3n. La agenda continuar\u00e1 a las 23:00 con una reuni\u00f3n con Mark A. Nelson, vicepresidente de Chevron, y a las 23:30 con el empresario Andy Kleinman.<\/p>\n\n\n\n<p>El viernes 5 a las 14, el Presidente y su comitiva emprender\u00e1n el regreso hacia la Ciudad de Buenos Aires, a donde est\u00e1 previsto que arriben el s\u00e1bado 6 a las 4 de la madrugada.<\/p>\n\n\n\n<p>El viaje se inscribe en la antesala de una cargada agenda internacional: Milei tiene previsto regresar a Norteam\u00e9rica hacia fin de mes para participar de la 79\u00aa Asamblea General de la ONU en Nueva York, y adem\u00e1s fue invitado a intervenir en el congreso pol\u00edtico \u201cPatriots\u201d organizado por VOX en Madrid, entre el 11 y 14 de septiembre.<\/p>\n","protected":false},"excerpt":{"rendered":"<p>El Presidente parte rumbo a Estados Unidos, donde tendr\u00e1 reuniones con empresarios en Los \u00c1ngeles. El presidente Javier Milei emprender\u00e1 un viaje a los Estados Unidos, en medio de la crisis pol\u00edtica que golpea a su Gobierno tras la difusi\u00f3n de los audios del ex titular de la Agencia Nacional de Discapacidad (ANDIS), Diego Spagnuolo, [&hellip;]<\/p>\n","protected":false},"author":4,"featured_media":4497,"comment_status":"open","ping_status":"open","sticky":false,"template":"","format":"standard","meta":{"footnotes":""},"categories":[22],"tags":[],"class_list":{"0":"post-4496","1":"post","2":"type-post","3":"status-publish","4":"format-standard","5":"has-post-thumbnail","7":"category-politica"},"yoast_head":"<!-- This site is optimized with the Yoast SEO plugin v27.4 - https:\/\/yoast.com\/product\/yoast-seo-wordpress\/ -->\n<title>Milei viaja a EEUU en medio del esc\u00e1ndalo de la AnDis - Diario del Sur<\/title>\n<meta name=\"robots\" content=\"index, follow, max-snippet:-1, max-image-preview:large, max-video-preview:-1\" \/>\n<link rel=\"canonical\" href=\"https:\/\/diariodelsurdigital.com.ar\/?p=4496\" \/>\n<meta property=\"og:locale\" content=\"es_ES\" \/>\n<meta property=\"og:type\" content=\"article\" \/>\n<meta property=\"og:title\" content=\"Milei viaja a EEUU en medio del esc\u00e1ndalo de la AnDis - Diario del Sur\" \/>\n<meta property=\"og:description\" content=\"El Presidente parte rumbo a Estados Unidos, donde tendr\u00e1 reuniones con empresarios en Los \u00c1ngeles. El presidente Javier Milei emprender\u00e1 un viaje a los Estados Unidos, en medio de la crisis pol\u00edtica que golpea a su Gobierno tras la difusi\u00f3n de los audios del ex titular de la Agencia Nacional de Discapacidad (ANDIS), Diego Spagnuolo, [&hellip;]\" \/>\n<meta property=\"og:url\" content=\"https:\/\/diariodelsurdigital.com.ar\/?p=4496\" \/>\n<meta property=\"og:site_name\" content=\"Diario del Sur\" \/>\n<meta property=\"article:published_time\" content=\"2025-09-04T13:15:02+00:00\" \/>\n<meta property=\"article:modified_time\" content=\"2025-09-04T13:15:03+00:00\" \/>\n<meta property=\"og:image\" content=\"https:\/\/diariodelsurdigital.com.ar\/wp-content\/uploads\/2025\/09\/md-19.webp\" \/>\n\t<meta property=\"og:image:width\" content=\"992\" \/>\n\t<meta property=\"og:image:height\" content=\"558\" \/>\n\t<meta property=\"og:image:type\" content=\"image\/webp\" \/>\n<meta name=\"author\" content=\"Diario del Sur Digital\" \/>\n<meta name=\"twitter:card\" content=\"summary_large_image\" \/>\n<meta name=\"twitter:label1\" content=\"Escrito por\" \/>\n\t<meta name=\"twitter:data1\" content=\"Diario del Sur Digital\" \/>\n\t<meta name=\"twitter:label2\" content=\"Tiempo de lectura\" \/>\n\t<meta name=\"twitter:data2\" content=\"3 minutos\" \/>\n<script type=\"application\/ld+json\" class=\"yoast-schema-graph\">{\"@context\":\"https:\\\/\\\/schema.org\",\"@graph\":[{\"@type\":\"Article\",\"@id\":\"https:\\\/\\\/diariodelsurdigital.com.ar\\\/?p=4496#article\",\"isPartOf\":{\"@id\":\"https:\\\/\\\/diariodelsurdigital.com.ar\\\/?p=4496\"},\"author\":{\"name\":\"Diario del Sur Digital\",\"@id\":\"https:\\\/\\\/diariodelsurdigital.com.ar\\\/#\\\/schema\\\/person\\\/1a4992532ed62965c968031b49195c81\"},\"headline\":\"Milei viaja a EEUU en medio del esc\u00e1ndalo de la AnDis\",\"datePublished\":\"2025-09-04T13:15:02+00:00\",\"dateModified\":\"2025-09-04T13:15:03+00:00\",\"mainEntityOfPage\":{\"@id\":\"https:\\\/\\\/diariodelsurdigital.com.ar\\\/?p=4496\"},\"wordCount\":614,\"commentCount\":0,\"image\":{\"@id\":\"https:\\\/\\\/diariodelsurdigital.com.ar\\\/?p=4496#primaryimage\"},\"thumbnailUrl\":\"https:\\\/\\\/diariodelsurdigital.com.ar\\\/wp-content\\\/uploads\\\/2025\\\/09\\\/md-19.webp\",\"articleSection\":[\"Pol\u00edtica\"],\"inLanguage\":\"es\",\"potentialAction\":[{\"@type\":\"CommentAction\",\"name\":\"Comment\",\"target\":[\"https:\\\/\\\/diariodelsurdigital.com.ar\\\/?p=4496#respond\"]}]},{\"@type\":\"WebPage\",\"@id\":\"https:\\\/\\\/diariodelsurdigital.com.ar\\\/?p=4496\",\"url\":\"https:\\\/\\\/diariodelsurdigital.com.ar\\\/?p=4496\",\"name\":\"Milei viaja a EEUU en medio del esc\u00e1ndalo de la AnDis - Diario del Sur\",\"isPartOf\":{\"@id\":\"https:\\\/\\\/diariodelsurdigital.com.ar\\\/#website\"},\"primaryImageOfPage\":{\"@id\":\"https:\\\/\\\/diariodelsurdigital.com.ar\\\/?p=4496#primaryimage\"},\"image\":{\"@id\":\"https:\\\/\\\/diariodelsurdigital.com.ar\\\/?p=4496#primaryimage\"},\"thumbnailUrl\":\"https:\\\/\\\/diariodelsurdigital.com.ar\\\/wp-content\\\/uploads\\\/2025\\\/09\\\/md-19.webp\",\"datePublished\":\"2025-09-04T13:15:02+00:00\",\"dateModified\":\"2025-09-04T13:15:03+00:00\",\"author\":{\"@id\":\"https:\\\/\\\/diariodelsurdigital.com.ar\\\/#\\\/schema\\\/person\\\/1a4992532ed62965c968031b49195c81\"},\"breadcrumb\":{\"@id\":\"https:\\\/\\\/diariodelsurdigital.com.ar\\\/?p=4496#breadcrumb\"},\"inLanguage\":\"es\",\"potentialAction\":[{\"@type\":\"ReadAction\",\"target\":[\"https:\\\/\\\/diariodelsurdigital.com.ar\\\/?p=4496\"]}]},{\"@type\":\"ImageObject\",\"inLanguage\":\"es\",\"@id\":\"https:\\\/\\\/diariodelsurdigital.com.ar\\\/?p=4496#primaryimage\",\"url\":\"https:\\\/\\\/diariodelsurdigital.com.ar\\\/wp-content\\\/uploads\\\/2025\\\/09\\\/md-19.webp\",\"contentUrl\":\"https:\\\/\\\/diariodelsurdigital.com.ar\\\/wp-content\\\/uploads\\\/2025\\\/09\\\/md-19.webp\",\"width\":992,\"height\":558},{\"@type\":\"BreadcrumbList\",\"@id\":\"https:\\\/\\\/diariodelsurdigital.com.ar\\\/?p=4496#breadcrumb\",\"itemListElement\":[{\"@type\":\"ListItem\",\"position\":1,\"name\":\"Portada\",\"item\":\"https:\\\/\\\/diariodelsurdigital.com.ar\\\/\"},{\"@type\":\"ListItem\",\"position\":2,\"name\":\"Milei viaja a EEUU en medio del esc\u00e1ndalo de la AnDis\"}]},{\"@type\":\"WebSite\",\"@id\":\"https:\\\/\\\/diariodelsurdigital.com.ar\\\/#website\",\"url\":\"https:\\\/\\\/diariodelsurdigital.com.ar\\\/\",\"name\":\"Diario del Sur\",\"description\":\"Digital\",\"potentialAction\":[{\"@type\":\"SearchAction\",\"target\":{\"@type\":\"EntryPoint\",\"urlTemplate\":\"https:\\\/\\\/diariodelsurdigital.com.ar\\\/?s={search_term_string}\"},\"query-input\":{\"@type\":\"PropertyValueSpecification\",\"valueRequired\":true,\"valueName\":\"search_term_string\"}}],\"inLanguage\":\"es\"},{\"@type\":\"Person\",\"@id\":\"https:\\\/\\\/diariodelsurdigital.com.ar\\\/#\\\/schema\\\/person\\\/1a4992532ed62965c968031b49195c81\",\"name\":\"Diario del Sur Digital\",\"image\":{\"@type\":\"ImageObject\",\"inLanguage\":\"es\",\"@id\":\"https:\\\/\\\/secure.gravatar.com\\\/avatar\\\/f0c7c47fc7146d19828273b9b8eda651c9c7ab583767e6338d3d3bee825adf76?s=96&d=mm&r=g\",\"url\":\"https:\\\/\\\/secure.gravatar.com\\\/avatar\\\/f0c7c47fc7146d19828273b9b8eda651c9c7ab583767e6338d3d3bee825adf76?s=96&d=mm&r=g\",\"contentUrl\":\"https:\\\/\\\/secure.gravatar.com\\\/avatar\\\/f0c7c47fc7146d19828273b9b8eda651c9c7ab583767e6338d3d3bee825adf76?s=96&d=mm&r=g\",\"caption\":\"Diario del Sur Digital\"},\"url\":\"https:\\\/\\\/diariodelsurdigital.com.ar\\\/?author=4\"}]}<\/script>\n<!-- \/ Yoast SEO plugin. -->","yoast_head_json":{"title":"Milei viaja a EEUU en medio del esc\u00e1ndalo de la AnDis - Diario del Sur","robots":{"index":"index","follow":"follow","max-snippet":"max-snippet:-1","max-image-preview":"max-image-preview:large","max-video-preview":"max-video-preview:-1"},"canonical":"https:\/\/diariodelsurdigital.com.ar\/?p=4496","og_locale":"es_ES","og_type":"article","og_title":"Milei viaja a EEUU en medio del esc\u00e1ndalo de la AnDis - Diario del Sur","og_description":"El Presidente parte rumbo a Estados Unidos, donde tendr\u00e1 reuniones con empresarios en Los \u00c1ngeles. El presidente Javier Milei emprender\u00e1 un viaje a los Estados Unidos, en medio de la crisis pol\u00edtica que golpea a su Gobierno tras la difusi\u00f3n de los audios del ex titular de la Agencia Nacional de Discapacidad (ANDIS), Diego Spagnuolo, [&hellip;]","og_url":"https:\/\/diariodelsurdigital.com.ar\/?p=4496","og_site_name":"Diario del Sur","article_published_time":"2025-09-04T13:15:02+00:00","article_modified_time":"2025-09-04T13:15:03+00:00","og_image":[{"width":992,"height":558,"url":"https:\/\/diariodelsurdigital.com.ar\/wp-content\/uploads\/2025\/09\/md-19.webp","type":"image\/webp"}],"author":"Diario del Sur Digital","twitter_card":"summary_large_image","twitter_misc":{"Escrito por":"Diario del Sur Digital","Tiempo de lectura":"3 minutos"},"schema":{"@context":"https:\/\/schema.org","@graph":[{"@type":"Article","@id":"https:\/\/diariodelsurdigital.com.ar\/?p=4496#article","isPartOf":{"@id":"https:\/\/diariodelsurdigital.com.ar\/?p=4496"},"author":{"name":"Diario del Sur Digital","@id":"https:\/\/diariodelsurdigital.com.ar\/#\/schema\/person\/1a4992532ed62965c968031b49195c81"},"headline":"Milei viaja a EEUU en medio del esc\u00e1ndalo de la AnDis","datePublished":"2025-09-04T13:15:02+00:00","dateModified":"2025-09-04T13:15:03+00:00","mainEntityOfPage":{"@id":"https:\/\/diariodelsurdigital.com.ar\/?p=4496"},"wordCount":614,"commentCount":0,"image":{"@id":"https:\/\/diariodelsurdigital.com.ar\/?p=4496#primaryimage"},"thumbnailUrl":"https:\/\/diariodelsurdigital.com.ar\/wp-content\/uploads\/2025\/09\/md-19.webp","articleSection":["Pol\u00edtica"],"inLanguage":"es","potentialAction":[{"@type":"CommentAction","name":"Comment","target":["https:\/\/diariodelsurdigital.com.ar\/?p=4496#respond"]}]},{"@type":"WebPage","@id":"https:\/\/diariodelsurdigital.com.ar\/?p=4496","url":"https:\/\/diariodelsurdigital.com.ar\/?p=4496","name":"Milei viaja a EEUU en medio del esc\u00e1ndalo de la AnDis - Diario del Sur","isPartOf":{"@id":"https:\/\/diariodelsurdigital.com.ar\/#website"},"primaryImageOfPage":{"@id":"https:\/\/diariodelsurdigital.com.ar\/?p=4496#primaryimage"},"image":{"@id":"https:\/\/diariodelsurdigital.com.ar\/?p=4496#primaryimage"},"thumbnailUrl":"https:\/\/diariodelsurdigital.com.ar\/wp-content\/uploads\/2025\/09\/md-19.webp","datePublished":"2025-09-04T13:15:02+00:00","dateModified":"2025-09-04T13:15:03+00:00","author":{"@id":"https:\/\/diariodelsurdigital.com.ar\/#\/schema\/person\/1a4992532ed62965c968031b49195c81"},"breadcrumb":{"@id":"https:\/\/diariodelsurdigital.com.ar\/?p=4496#breadcrumb"},"inLanguage":"es","potentialAction":[{"@type":"ReadAction","target":["https:\/\/diariodelsurdigital.com.ar\/?p=4496"]}]},{"@type":"ImageObject","inLanguage":"es","@id":"https:\/\/diariodelsurdigital.com.ar\/?p=4496#primaryimage","url":"https:\/\/diariodelsurdigital.com.ar\/wp-content\/uploads\/2025\/09\/md-19.webp","contentUrl":"https:\/\/diariodelsurdigital.com.ar\/wp-content\/uploads\/2025\/09\/md-19.webp","width":992,"height":558},{"@type":"BreadcrumbList","@id":"https:\/\/diariodelsurdigital.com.ar\/?p=4496#breadcrumb","itemListElement":[{"@type":"ListItem","position":1,"name":"Portada","item":"https:\/\/diariodelsurdigital.com.ar\/"},{"@type":"ListItem","position":2,"name":"Milei viaja a EEUU en medio del esc\u00e1ndalo de la AnDis"}]},{"@type":"WebSite","@id":"https:\/\/diariodelsurdigital.com.ar\/#website","url":"https:\/\/diariodelsurdigital.com.ar\/","name":"Diario del Sur","description":"Digital","potentialAction":[{"@type":"SearchAction","target":{"@type":"EntryPoint","urlTemplate":"https:\/\/diariodelsurdigital.com.ar\/?s={search_term_string}"},"query-input":{"@type":"PropertyValueSpecification","valueRequired":true,"valueName":"search_term_string"}}],"inLanguage":"es"},{"@type":"Person","@id":"https:\/\/diariodelsurdigital.com.ar\/#\/schema\/person\/1a4992532ed62965c968031b49195c81","name":"Diario del Sur Digital","image":{"@type":"ImageObject","inLanguage":"es","@id":"https:\/\/secure.gravatar.com\/avatar\/f0c7c47fc7146d19828273b9b8eda651c9c7ab583767e6338d3d3bee825adf76?s=96&d=mm&r=g","url":"https:\/\/secure.gravatar.com\/avatar\/f0c7c47fc7146d19828273b9b8eda651c9c7ab583767e6338d3d3bee825adf76?s=96&d=mm&r=g","contentUrl":"https:\/\/secure.gravatar.com\/avatar\/f0c7c47fc7146d19828273b9b8eda651c9c7ab583767e6338d3d3bee825adf76?s=96&d=mm&r=g","caption":"Diario del Sur Digital"},"url":"https:\/\/diariodelsurdigital.com.ar\/?author=4"}]}},"_links":{"self":[{"href":"https:\/\/diariodelsurdigital.com.ar\/index.php?rest_route=\/wp\/v2\/posts\/4496","targetHints":{"allow":["GET"]}}],"collection":[{"href":"https:\/\/diariodelsurdigital.com.ar\/index.php?rest_route=\/wp\/v2\/posts"}],"about":[{"href":"https:\/\/diariodelsurdigital.com.ar\/index.php?rest_route=\/wp\/v2\/types\/post"}],"author":[{"embeddable":true,"href":"https:\/\/diariodelsurdigital.com.ar\/index.php?rest_route=\/wp\/v2\/users\/4"}],"replies":[{"embeddable":true,"href":"https:\/\/diariodelsurdigital.com.ar\/index.php?rest_route=%2Fwp%2Fv2%2Fcomments&post=4496"}],"version-history":[{"count":1,"href":"https:\/\/diariodelsurdigital.com.ar\/index.php?rest_route=\/wp\/v2\/posts\/4496\/revisions"}],"predecessor-version":[{"id":4498,"href":"https:\/\/diariodelsurdigital.com.ar\/index.php?rest_route=\/wp\/v2\/posts\/4496\/revisions\/4498"}],"wp:featuredmedia":[{"embeddable":true,"href":"https:\/\/diariodelsurdigital.com.ar\/index.php?rest_route=\/wp\/v2\/media\/4497"}],"wp:attachment":[{"href":"https:\/\/diariodelsurdigital.com.ar\/index.php?rest_route=%2Fwp%2Fv2%2Fmedia&parent=4496"}],"wp:term":[{"taxonomy":"category","embeddable":true,"href":"https:\/\/diariodelsurdigital.com.ar\/index.php?rest_route=%2Fwp%2Fv2%2Fcategories&post=4496"},{"taxonomy":"post_tag","embeddable":true,"href":"https:\/\/diariodelsurdigital.com.ar\/index.php?rest_route=%2Fwp%2Fv2%2Ftags&post=4496"}],"curies":[{"name":"wp","href":"https:\/\/api.w.org\/{rel}","templated":true}]}}