{"id":4499,"date":"2025-09-04T14:46:52","date_gmt":"2025-09-04T17:46:52","guid":{"rendered":"https:\/\/diariodelsurdigital.com.ar\/?p=4499"},"modified":"2025-09-04T14:46:53","modified_gmt":"2025-09-04T17:46:53","slug":"rebelion-en-calabacillas-vecinos-amenazan-con-cortar-la-ruta-por-la-inseguridad","status":"publish","type":"post","link":"https:\/\/diariodelsurdigital.com.ar\/?p=4499","title":{"rendered":"REBELI\u00d3N EN CALABACILLAS: Vecinos amenazan con cortar la ruta por la inseguridad"},"content":{"rendered":"\n<h1 class=\"wp-block-heading\"><\/h1>\n\n\n\n<p>En la tarde de este mi\u00e9rcoles un nutrido grupo de vecinos de Calabacillas se movilizaron exigiendo seguridad y la presencia del intendente Javier Gold\u00edn. Desde hace unos meses, la situaci\u00f3n se habr\u00eda complejizado al llegar al pueblo gente de otro lugar. El Intendente involucr\u00f3 a un reconocido periodista due\u00f1o de una FM de Concordia en los hechos.<\/p>\n\n\n\n<figure class=\"wp-block-image\"><a href=\"https:\/\/blogger.googleusercontent.com\/img\/b\/R29vZ2xl\/AVvXsEiQ1zaQc41Lzin0y7YyCuNMKNxP0KNd7kafDHl6YnBvLT6XsQHTPgFwSO-HlQgXNCNM_BXyiOUnS0_srtanZF4H-xqQEgiDkNhWqsukIorsloH8GoLQ6AHdgUtv8pZebMPBhgI8NyNOd3dV-FaOjNZOflqC-bJrWHvijGSn_RZYF-paZScMinpIA2ONsfI\/s640\/541218462_1706549590026509_6559866341947793634_n.jpg\"><img decoding=\"async\" src=\"https:\/\/blogger.googleusercontent.com\/img\/b\/R29vZ2xl\/AVvXsEiQ1zaQc41Lzin0y7YyCuNMKNxP0KNd7kafDHl6YnBvLT6XsQHTPgFwSO-HlQgXNCNM_BXyiOUnS0_srtanZF4H-xqQEgiDkNhWqsukIorsloH8GoLQ6AHdgUtv8pZebMPBhgI8NyNOd3dV-FaOjNZOflqC-bJrWHvijGSn_RZYF-paZScMinpIA2ONsfI\/s16000-rw\/541218462_1706549590026509_6559866341947793634_n.jpg\" alt=\"Inseguridad en Calabacilla: vecinos se movilizaron y exigen la presencia del Intendente\" title=\"Inseguridad en Calabacilla: vecinos se movilizaron y exigen la presencia del Intendente\"\/><\/a><\/figure>\n\n\n\n<p>Los vecinos denuncian que desde hace unos 6 meses aproximadamente se habr\u00eda producido la usurpaci\u00f3n de unos terrenos fiscales, por personas que no eran del lugar, y desde entonces \u00abya no se puede vivir tranquilos, andan a los tiros, hay mucha inseguridad\u00bb. Pese a las presentaciones realizadas, y que la situaci\u00f3n es conocida por todos, no ha habido una soluci\u00f3n hasta el momento.<\/p>\n\n\n\n<p>Por eso decidieron movilizarse y presentar una nota exigiendo una inmediata respuesta que devuelva la tranquilidad al lugar. Los vecinos se movilizaron al Destacamento Policial de Calabacillas y fueron recibidos por el Jefe local de la Polic\u00eda, pero aunque esperaban la presencia del Intendente, \u00e9ste no estuvo. En su lugar, se hicieron presentes Concejales que \u00abno estaban enterados, no sab\u00edan que decir\u00bb, coment\u00f3 uno de los vecinos a este medios.<\/p>\n\n\n\n<p><\/p>\n\n\n\n<p>Durante la manifestaci\u00f3n los vecinos entregaron una nota en la que exigieron que el Intendente Javier Goldin los reciba<\/p>\n\n\n\n<h3 class=\"wp-block-heading\">FOTOS: VECINOS EXIGEN SEGURIDAD Y LA PRESENCIA DEL INTENDENTE<\/h3>\n\n\n\n<figure class=\"wp-block-image\"><a href=\"https:\/\/blogger.googleusercontent.com\/img\/b\/R29vZ2xl\/AVvXsEh4r4ArBSKYk3CblD1B-cYleY5bXD0ux59OU8dHd6eyRPrG4b8aFDrWZclrlIolXhxbqeB4EMkUTwdXYEFAuqnAJ2Ea47QVFylkz1hMjrQyz27VtwkALpTwuSwkVhQp-cSCoBB3KFjVYRAKdcq7aHE_xbvXH3KY3vfp5X-datM60Pcq9wAYZEEC5pT5Pmk\/s510\/541038076_759605593358583_2446633908076618203_n.jpg\"><img decoding=\"async\" src=\"https:\/\/blogger.googleusercontent.com\/img\/b\/R29vZ2xl\/AVvXsEh4r4ArBSKYk3CblD1B-cYleY5bXD0ux59OU8dHd6eyRPrG4b8aFDrWZclrlIolXhxbqeB4EMkUTwdXYEFAuqnAJ2Ea47QVFylkz1hMjrQyz27VtwkALpTwuSwkVhQp-cSCoBB3KFjVYRAKdcq7aHE_xbvXH3KY3vfp5X-datM60Pcq9wAYZEEC5pT5Pmk\/w320-h241-rw\/541038076_759605593358583_2446633908076618203_n.jpg\" alt=\"Inseguridad en Calabacilla: vecinos se movilizaron y exigen la presencia del Intendente\" title=\"Inseguridad en Calabacilla: vecinos se movilizaron y exigen la presencia del Intendente\"\/><\/a><\/figure>\n\n\n\n<figure class=\"wp-block-image\"><a href=\"https:\/\/blogger.googleusercontent.com\/img\/b\/R29vZ2xl\/AVvXsEjMTIZGz5hTiSF-_M6_NSy88GkFD7joejv5AYZ2FpxJjpiyxpg4n8uXl1XwQh8QDWNk3TvqoV6avN7Hnsl6oW-xmrh317-OY2_QPDBi0eSV9WpgI1FbLnpttP1lBVYYPbabH8-OuhTlMp8160_82-D5wLq9ApRozgUZd19rBIN2me-z4yzgZ47JGnpjW_8\/s510\/541272195_1414551599637090_4770632747562377529_n.jpg\"><img decoding=\"async\" src=\"https:\/\/blogger.googleusercontent.com\/img\/b\/R29vZ2xl\/AVvXsEjMTIZGz5hTiSF-_M6_NSy88GkFD7joejv5AYZ2FpxJjpiyxpg4n8uXl1XwQh8QDWNk3TvqoV6avN7Hnsl6oW-xmrh317-OY2_QPDBi0eSV9WpgI1FbLnpttP1lBVYYPbabH8-OuhTlMp8160_82-D5wLq9ApRozgUZd19rBIN2me-z4yzgZ47JGnpjW_8\/w320-h241-rw\/541272195_1414551599637090_4770632747562377529_n.jpg\" alt=\"Inseguridad en Calabacilla: vecinos se movilizaron y exigen la presencia del Intendente\" title=\"Inseguridad en Calabacilla: vecinos se movilizaron y exigen la presencia del Intendente\"\/><\/a><\/figure>\n\n\n\n<figure class=\"wp-block-image\"><a href=\"https:\/\/blogger.googleusercontent.com\/img\/b\/R29vZ2xl\/AVvXsEgAQy6S3vOzK86ocQl_KbBmS9-4SjYJ4V0qwOkMYdOKX4bBSEKQgGbTil3SSux06NTLwSAC_zmvNcBfuRAhdkaqWTqBlO8CclBUzN1k2dnWR9kGCwiYmelOQem_DjvvmpdRflEtmPIkL0ARLuts5zkQ9X9Fuue6vkZ7ZU8qf_AeD0JUrqSHIY4wKxU1ecY\/s510\/541590299_1045793174298610_8687312064788651762_n.jpg\"><img decoding=\"async\" src=\"https:\/\/blogger.googleusercontent.com\/img\/b\/R29vZ2xl\/AVvXsEgAQy6S3vOzK86ocQl_KbBmS9-4SjYJ4V0qwOkMYdOKX4bBSEKQgGbTil3SSux06NTLwSAC_zmvNcBfuRAhdkaqWTqBlO8CclBUzN1k2dnWR9kGCwiYmelOQem_DjvvmpdRflEtmPIkL0ARLuts5zkQ9X9Fuue6vkZ7ZU8qf_AeD0JUrqSHIY4wKxU1ecY\/w320-h241-rw\/541590299_1045793174298610_8687312064788651762_n.jpg\" alt=\"Inseguridad en Calabacilla: vecinos se movilizaron y exigen la presencia del Intendente\" title=\"Inseguridad en Calabacilla: vecinos se movilizaron y exigen la presencia del Intendente\"\/><\/a><\/figure>\n\n\n\n<figure class=\"wp-block-image\"><a href=\"https:\/\/blogger.googleusercontent.com\/img\/b\/R29vZ2xl\/AVvXsEiUq7fiW78QL_lGJI92TMyRdccQAbnTvv5X9AkOwlHlXuUcquTf0_utrd68_1tYGcNh9p7qb0RgjB2tj5VMSd8WuJhEos9YC2ydj1G1q0WJZPEKiZulVJCywaEiNw_k8-1Q384nbtWx9JdH3vQmTvUSlfmg_WwUb_OvHTz3lCuwkeBExQxQLAiDPBwBgVU\/s640\/541184967_1298237755072543_7593216638722978434_n.jpg\"><img decoding=\"async\" src=\"https:\/\/blogger.googleusercontent.com\/img\/b\/R29vZ2xl\/AVvXsEiUq7fiW78QL_lGJI92TMyRdccQAbnTvv5X9AkOwlHlXuUcquTf0_utrd68_1tYGcNh9p7qb0RgjB2tj5VMSd8WuJhEos9YC2ydj1G1q0WJZPEKiZulVJCywaEiNw_k8-1Q384nbtWx9JdH3vQmTvUSlfmg_WwUb_OvHTz3lCuwkeBExQxQLAiDPBwBgVU\/w320-h241-rw\/541184967_1298237755072543_7593216638722978434_n.jpg\" alt=\"Inseguridad en Calabacilla: vecinos se movilizaron y exigen la presencia del Intendente\" title=\"Inseguridad en Calabacilla: vecinos se movilizaron y exigen la presencia del Intendente\"\/><\/a><\/figure>\n\n\n\n<figure class=\"wp-block-image\"><a href=\"https:\/\/blogger.googleusercontent.com\/img\/b\/R29vZ2xl\/AVvXsEgMvRSI61tjlD_y4lZuJjNA7hubCLVyCdJYHB9Dmr1WdE21cRO246vyWPNTmcJJQMpiUX6iyS7xUWeUpVswfIQVw1ILs6oNFStNxpNxo1HbLUA_oqmoT3ULRF6nasEuT79dBWtrKGieyupMuBYR9pUpI-HiDGDsIvBpi-2u40kP0dWxaBD80H5T6UJ6Grg\/s640\/541024979_3659839214319487_7417708793985173663_n.jpg\"><img decoding=\"async\" src=\"https:\/\/blogger.googleusercontent.com\/img\/b\/R29vZ2xl\/AVvXsEgMvRSI61tjlD_y4lZuJjNA7hubCLVyCdJYHB9Dmr1WdE21cRO246vyWPNTmcJJQMpiUX6iyS7xUWeUpVswfIQVw1ILs6oNFStNxpNxo1HbLUA_oqmoT3ULRF6nasEuT79dBWtrKGieyupMuBYR9pUpI-HiDGDsIvBpi-2u40kP0dWxaBD80H5T6UJ6Grg\/w320-h241-rw\/541024979_3659839214319487_7417708793985173663_n.jpg\" alt=\"Inseguridad en Calabacilla: vecinos se movilizaron y exigen la presencia del Intendente\" title=\"Inseguridad en Calabacilla: vecinos se movilizaron y exigen la presencia del Intendente\"\/><\/a><\/figure>\n\n\n\n<figure class=\"wp-block-image\"><a href=\"https:\/\/blogger.googleusercontent.com\/img\/b\/R29vZ2xl\/AVvXsEg9As_NbEgjQlZ9M7fPruYANQ1hDhmGJJvZvwIGregaLS7ea1SXVSr9GJRN7sH7Mb67XqxOCa_yabMicD7YY5UPx5grAGAw52Yv79639jM3iOLZkRk2sbQYlayFT9wHXxVmMVYmlZXnjMkDLYrYxSsZwZSLHADfOXtT9mrLz-8UrS9k15Lxdo4cG4IurDw\/s640\/541217676_1834115197459809_6026883923624352127_n.jpg\"><img decoding=\"async\" src=\"https:\/\/blogger.googleusercontent.com\/img\/b\/R29vZ2xl\/AVvXsEg9As_NbEgjQlZ9M7fPruYANQ1hDhmGJJvZvwIGregaLS7ea1SXVSr9GJRN7sH7Mb67XqxOCa_yabMicD7YY5UPx5grAGAw52Yv79639jM3iOLZkRk2sbQYlayFT9wHXxVmMVYmlZXnjMkDLYrYxSsZwZSLHADfOXtT9mrLz-8UrS9k15Lxdo4cG4IurDw\/w320-h241-rw\/541217676_1834115197459809_6026883923624352127_n.jpg\" alt=\"Inseguridad en Calabacilla: vecinos se movilizaron y exigen la presencia del Intendente\" title=\"Inseguridad en Calabacilla: vecinos se movilizaron y exigen la presencia del Intendente\"\/><\/a><\/figure>\n\n\n\n<figure class=\"wp-block-image\"><a href=\"https:\/\/blogger.googleusercontent.com\/img\/b\/R29vZ2xl\/AVvXsEhavAW-BYG_2dx9fYkPgVxWTpTjo1bMlhuhp6V1lnhGVUK_0myTOio4f3PiPscJJF02iCDlaoKAvcEUjJFEQlhamgLME9MFaxkHJPlPVjBzk7eVUqoFLUbn6sow_4m6ha5uSZ7sNdfbh1JRTMOp2edPzKgTrfNj2ncTYYI6RFJ1NTajhiPdiifWsKquR-s\/s640\/541235976_1074811367755069_2555452786443638203_n.jpg\"><img decoding=\"async\" src=\"https:\/\/blogger.googleusercontent.com\/img\/b\/R29vZ2xl\/AVvXsEhavAW-BYG_2dx9fYkPgVxWTpTjo1bMlhuhp6V1lnhGVUK_0myTOio4f3PiPscJJF02iCDlaoKAvcEUjJFEQlhamgLME9MFaxkHJPlPVjBzk7eVUqoFLUbn6sow_4m6ha5uSZ7sNdfbh1JRTMOp2edPzKgTrfNj2ncTYYI6RFJ1NTajhiPdiifWsKquR-s\/w320-h241-rw\/541235976_1074811367755069_2555452786443638203_n.jpg\" alt=\"Inseguridad en Calabacilla: vecinos se movilizaron y exigen la presencia del Intendente\" title=\"Inseguridad en Calabacilla: vecinos se movilizaron y exigen la presencia del Intendente\"\/><\/a><\/figure>\n\n\n\n<p>En paralelo, mientras se realizaba esta manifestaci\u00f3n, desde el Municipio de Estancia Grande difundieron un comunicado sobre el tema y una foto del Presidente Municipal&nbsp;el jefe de la Polic\u00eda Departamental de Concordia, Jos\u00e9 Mar\u00eda Rosatelli, y el concejal H\u00e9ctor Mendieta.<\/p>\n\n\n\n<figure class=\"wp-block-image\"><a href=\"https:\/\/blogger.googleusercontent.com\/img\/b\/R29vZ2xl\/AVvXsEgdA4kYkpmSieqJ0LcA2CjKXPDIrfzhwjkuP13yVhCSSWv-hJzBgWbWuQ16cy8fFoALC1HwRIuaFv62m6vfldHbggUj0WrE_xoXjgxYU9zvMtvWxppCHKMj-IkYW_CsHIXUEJ_C_Wg29zpxlsx1Ru8NPu-eQy-8DHOOJGvDCd3f2YHiGq7PNZ1wZH0416o\/s1280\/goldin%20rosatelli.jpg\"><img decoding=\"async\" src=\"https:\/\/blogger.googleusercontent.com\/img\/b\/R29vZ2xl\/AVvXsEgdA4kYkpmSieqJ0LcA2CjKXPDIrfzhwjkuP13yVhCSSWv-hJzBgWbWuQ16cy8fFoALC1HwRIuaFv62m6vfldHbggUj0WrE_xoXjgxYU9zvMtvWxppCHKMj-IkYW_CsHIXUEJ_C_Wg29zpxlsx1Ru8NPu-eQy-8DHOOJGvDCd3f2YHiGq7PNZ1wZH0416o\/s16000-rw\/goldin%20rosatelli.jpg\" alt=\"Goldin y Rosatelli\" title=\"Goldin y Rosatelli\"\/><\/a><\/figure>\n\n\n\n<p>En el comunicado oficial del Municipio se se\u00f1ala que el Intendente pidi\u00f3 la intervenci\u00f3n policial ante las denuncias de las usurpaciones y mayor presencia policial. El comunicado va acompa\u00f1ado con fotos en la que se ve a un periodista y due\u00f1o de una FM de Concordia, a quien desde el Municipio de Estancia Grande sindican como el responsable de promover el traslado de estas familias para \u00aberosionar la gesti\u00f3n municipal de Goldin\u00bb, dice el comunicado.<\/p>\n\n\n\n<p>Consultados sobre esto, los vecinos de Calabacillas dijeron a este medio que \u00abno sabemos qui\u00e9n los trajo o porqu\u00e9, nosotros no vamos a hablar de nadie en particular. Lo que queremos es recuperar la tranquilidad que ten\u00edamos\u00bb. De no tener respuestas, los vecinos se\u00f1alaron que para este jueves a las 17 horas no descartan con cortar la ruta.<\/p>\n\n\n\n<p>Fuente y fotos: Diario Concordia<\/p>\n","protected":false},"excerpt":{"rendered":"<p>En la tarde de este mi\u00e9rcoles un nutrido grupo de vecinos de Calabacillas se movilizaron exigiendo seguridad y la presencia del intendente Javier Gold\u00edn. Desde hace unos meses, la situaci\u00f3n se habr\u00eda complejizado al llegar al pueblo gente de otro lugar. El Intendente involucr\u00f3 a un reconocido periodista due\u00f1o de una FM de Concordia en [&hellip;]<\/p>\n","protected":false},"author":2,"featured_media":4500,"comment_status":"open","ping_status":"open","sticky":false,"template":"","format":"standard","meta":{"footnotes":""},"categories":[16],"tags":[],"class_list":{"0":"post-4499","1":"post","2":"type-post","3":"status-publish","4":"format-standard","5":"has-post-thumbnail","7":"category-locales"},"yoast_head":"<!-- This site is optimized with the Yoast SEO plugin v27.4 - https:\/\/yoast.com\/product\/yoast-seo-wordpress\/ -->\n<title>REBELI\u00d3N EN CALABACILLAS: Vecinos amenazan con cortar la ruta por la inseguridad - Diario del Sur<\/title>\n<meta name=\"robots\" content=\"index, follow, max-snippet:-1, max-image-preview:large, max-video-preview:-1\" \/>\n<link rel=\"canonical\" href=\"https:\/\/diariodelsurdigital.com.ar\/?p=4499\" \/>\n<meta property=\"og:locale\" content=\"es_ES\" \/>\n<meta property=\"og:type\" content=\"article\" \/>\n<meta property=\"og:title\" content=\"REBELI\u00d3N EN CALABACILLAS: Vecinos amenazan con cortar la ruta por la inseguridad - Diario del Sur\" \/>\n<meta property=\"og:description\" content=\"En la tarde de este mi\u00e9rcoles un nutrido grupo de vecinos de Calabacillas se movilizaron exigiendo seguridad y la presencia del intendente Javier Gold\u00edn. Desde hace unos meses, la situaci\u00f3n se habr\u00eda complejizado al llegar al pueblo gente de otro lugar. El Intendente involucr\u00f3 a un reconocido periodista due\u00f1o de una FM de Concordia en [&hellip;]\" \/>\n<meta property=\"og:url\" content=\"https:\/\/diariodelsurdigital.com.ar\/?p=4499\" \/>\n<meta property=\"og:site_name\" content=\"Diario del Sur\" \/>\n<meta property=\"article:published_time\" content=\"2025-09-04T17:46:52+00:00\" \/>\n<meta property=\"article:modified_time\" content=\"2025-09-04T17:46:53+00:00\" \/>\n<meta property=\"og:image\" content=\"https:\/\/diariodelsurdigital.com.ar\/wp-content\/uploads\/2025\/09\/541184967_1298237755072543_7593216638722978434_n.jpg\" \/>\n\t<meta property=\"og:image:width\" content=\"460\" \/>\n\t<meta property=\"og:image:height\" content=\"300\" \/>\n\t<meta property=\"og:image:type\" content=\"image\/jpeg\" \/>\n<meta name=\"author\" content=\"Diario del Sur Digital\" \/>\n<meta name=\"twitter:card\" content=\"summary_large_image\" \/>\n<meta name=\"twitter:label1\" content=\"Escrito por\" \/>\n\t<meta name=\"twitter:data1\" content=\"Diario del Sur Digital\" \/>\n\t<meta name=\"twitter:label2\" content=\"Tiempo de lectura\" \/>\n\t<meta name=\"twitter:data2\" content=\"4 minutos\" \/>\n<script type=\"application\/ld+json\" class=\"yoast-schema-graph\">{\"@context\":\"https:\\\/\\\/schema.org\",\"@graph\":[{\"@type\":\"Article\",\"@id\":\"https:\\\/\\\/diariodelsurdigital.com.ar\\\/?p=4499#article\",\"isPartOf\":{\"@id\":\"https:\\\/\\\/diariodelsurdigital.com.ar\\\/?p=4499\"},\"author\":{\"name\":\"Diario del Sur Digital\",\"@id\":\"https:\\\/\\\/diariodelsurdigital.com.ar\\\/#\\\/schema\\\/person\\\/6136a32571657f7dba980b88b04c5465\"},\"headline\":\"REBELI\u00d3N EN CALABACILLAS: Vecinos amenazan con cortar la ruta por la inseguridad\",\"datePublished\":\"2025-09-04T17:46:52+00:00\",\"dateModified\":\"2025-09-04T17:46:53+00:00\",\"mainEntityOfPage\":{\"@id\":\"https:\\\/\\\/diariodelsurdigital.com.ar\\\/?p=4499\"},\"wordCount\":433,\"commentCount\":0,\"image\":{\"@id\":\"https:\\\/\\\/diariodelsurdigital.com.ar\\\/?p=4499#primaryimage\"},\"thumbnailUrl\":\"https:\\\/\\\/diariodelsurdigital.com.ar\\\/wp-content\\\/uploads\\\/2025\\\/09\\\/541184967_1298237755072543_7593216638722978434_n.jpg\",\"articleSection\":[\"Locales\"],\"inLanguage\":\"es\",\"potentialAction\":[{\"@type\":\"CommentAction\",\"name\":\"Comment\",\"target\":[\"https:\\\/\\\/diariodelsurdigital.com.ar\\\/?p=4499#respond\"]}]},{\"@type\":\"WebPage\",\"@id\":\"https:\\\/\\\/diariodelsurdigital.com.ar\\\/?p=4499\",\"url\":\"https:\\\/\\\/diariodelsurdigital.com.ar\\\/?p=4499\",\"name\":\"REBELI\u00d3N EN CALABACILLAS: Vecinos amenazan con cortar la ruta por la inseguridad - Diario del Sur\",\"isPartOf\":{\"@id\":\"https:\\\/\\\/diariodelsurdigital.com.ar\\\/#website\"},\"primaryImageOfPage\":{\"@id\":\"https:\\\/\\\/diariodelsurdigital.com.ar\\\/?p=4499#primaryimage\"},\"image\":{\"@id\":\"https:\\\/\\\/diariodelsurdigital.com.ar\\\/?p=4499#primaryimage\"},\"thumbnailUrl\":\"https:\\\/\\\/diariodelsurdigital.com.ar\\\/wp-content\\\/uploads\\\/2025\\\/09\\\/541184967_1298237755072543_7593216638722978434_n.jpg\",\"datePublished\":\"2025-09-04T17:46:52+00:00\",\"dateModified\":\"2025-09-04T17:46:53+00:00\",\"author\":{\"@id\":\"https:\\\/\\\/diariodelsurdigital.com.ar\\\/#\\\/schema\\\/person\\\/6136a32571657f7dba980b88b04c5465\"},\"breadcrumb\":{\"@id\":\"https:\\\/\\\/diariodelsurdigital.com.ar\\\/?p=4499#breadcrumb\"},\"inLanguage\":\"es\",\"potentialAction\":[{\"@type\":\"ReadAction\",\"target\":[\"https:\\\/\\\/diariodelsurdigital.com.ar\\\/?p=4499\"]}]},{\"@type\":\"ImageObject\",\"inLanguage\":\"es\",\"@id\":\"https:\\\/\\\/diariodelsurdigital.com.ar\\\/?p=4499#primaryimage\",\"url\":\"https:\\\/\\\/diariodelsurdigital.com.ar\\\/wp-content\\\/uploads\\\/2025\\\/09\\\/541184967_1298237755072543_7593216638722978434_n.jpg\",\"contentUrl\":\"https:\\\/\\\/diariodelsurdigital.com.ar\\\/wp-content\\\/uploads\\\/2025\\\/09\\\/541184967_1298237755072543_7593216638722978434_n.jpg\",\"width\":460,\"height\":300},{\"@type\":\"BreadcrumbList\",\"@id\":\"https:\\\/\\\/diariodelsurdigital.com.ar\\\/?p=4499#breadcrumb\",\"itemListElement\":[{\"@type\":\"ListItem\",\"position\":1,\"name\":\"Portada\",\"item\":\"https:\\\/\\\/diariodelsurdigital.com.ar\\\/\"},{\"@type\":\"ListItem\",\"position\":2,\"name\":\"REBELI\u00d3N EN CALABACILLAS: Vecinos amenazan con cortar la ruta por la inseguridad\"}]},{\"@type\":\"WebSite\",\"@id\":\"https:\\\/\\\/diariodelsurdigital.com.ar\\\/#website\",\"url\":\"https:\\\/\\\/diariodelsurdigital.com.ar\\\/\",\"name\":\"Diario del Sur\",\"description\":\"Digital\",\"potentialAction\":[{\"@type\":\"SearchAction\",\"target\":{\"@type\":\"EntryPoint\",\"urlTemplate\":\"https:\\\/\\\/diariodelsurdigital.com.ar\\\/?s={search_term_string}\"},\"query-input\":{\"@type\":\"PropertyValueSpecification\",\"valueRequired\":true,\"valueName\":\"search_term_string\"}}],\"inLanguage\":\"es\"},{\"@type\":\"Person\",\"@id\":\"https:\\\/\\\/diariodelsurdigital.com.ar\\\/#\\\/schema\\\/person\\\/6136a32571657f7dba980b88b04c5465\",\"name\":\"Diario del Sur Digital\",\"image\":{\"@type\":\"ImageObject\",\"inLanguage\":\"es\",\"@id\":\"https:\\\/\\\/secure.gravatar.com\\\/avatar\\\/4c29ceac98541dd42460b2474aaa5dd37594d6ce6cb3cf2c101d09b48ee287ba?s=96&d=mm&r=g\",\"url\":\"https:\\\/\\\/secure.gravatar.com\\\/avatar\\\/4c29ceac98541dd42460b2474aaa5dd37594d6ce6cb3cf2c101d09b48ee287ba?s=96&d=mm&r=g\",\"contentUrl\":\"https:\\\/\\\/secure.gravatar.com\\\/avatar\\\/4c29ceac98541dd42460b2474aaa5dd37594d6ce6cb3cf2c101d09b48ee287ba?s=96&d=mm&r=g\",\"caption\":\"Diario del Sur Digital\"},\"url\":\"https:\\\/\\\/diariodelsurdigital.com.ar\\\/?author=2\"}]}<\/script>\n<!-- \/ Yoast SEO plugin. -->","yoast_head_json":{"title":"REBELI\u00d3N EN CALABACILLAS: Vecinos amenazan con cortar la ruta por la inseguridad - Diario del Sur","robots":{"index":"index","follow":"follow","max-snippet":"max-snippet:-1","max-image-preview":"max-image-preview:large","max-video-preview":"max-video-preview:-1"},"canonical":"https:\/\/diariodelsurdigital.com.ar\/?p=4499","og_locale":"es_ES","og_type":"article","og_title":"REBELI\u00d3N EN CALABACILLAS: Vecinos amenazan con cortar la ruta por la inseguridad - Diario del Sur","og_description":"En la tarde de este mi\u00e9rcoles un nutrido grupo de vecinos de Calabacillas se movilizaron exigiendo seguridad y la presencia del intendente Javier Gold\u00edn. Desde hace unos meses, la situaci\u00f3n se habr\u00eda complejizado al llegar al pueblo gente de otro lugar. El Intendente involucr\u00f3 a un reconocido periodista due\u00f1o de una FM de Concordia en [&hellip;]","og_url":"https:\/\/diariodelsurdigital.com.ar\/?p=4499","og_site_name":"Diario del Sur","article_published_time":"2025-09-04T17:46:52+00:00","article_modified_time":"2025-09-04T17:46:53+00:00","og_image":[{"width":460,"height":300,"url":"https:\/\/diariodelsurdigital.com.ar\/wp-content\/uploads\/2025\/09\/541184967_1298237755072543_7593216638722978434_n.jpg","type":"image\/jpeg"}],"author":"Diario del Sur Digital","twitter_card":"summary_large_image","twitter_misc":{"Escrito por":"Diario del Sur Digital","Tiempo de lectura":"4 minutos"},"schema":{"@context":"https:\/\/schema.org","@graph":[{"@type":"Article","@id":"https:\/\/diariodelsurdigital.com.ar\/?p=4499#article","isPartOf":{"@id":"https:\/\/diariodelsurdigital.com.ar\/?p=4499"},"author":{"name":"Diario del Sur Digital","@id":"https:\/\/diariodelsurdigital.com.ar\/#\/schema\/person\/6136a32571657f7dba980b88b04c5465"},"headline":"REBELI\u00d3N EN CALABACILLAS: Vecinos amenazan con cortar la ruta por la inseguridad","datePublished":"2025-09-04T17:46:52+00:00","dateModified":"2025-09-04T17:46:53+00:00","mainEntityOfPage":{"@id":"https:\/\/diariodelsurdigital.com.ar\/?p=4499"},"wordCount":433,"commentCount":0,"image":{"@id":"https:\/\/diariodelsurdigital.com.ar\/?p=4499#primaryimage"},"thumbnailUrl":"https:\/\/diariodelsurdigital.com.ar\/wp-content\/uploads\/2025\/09\/541184967_1298237755072543_7593216638722978434_n.jpg","articleSection":["Locales"],"inLanguage":"es","potentialAction":[{"@type":"CommentAction","name":"Comment","target":["https:\/\/diariodelsurdigital.com.ar\/?p=4499#respond"]}]},{"@type":"WebPage","@id":"https:\/\/diariodelsurdigital.com.ar\/?p=4499","url":"https:\/\/diariodelsurdigital.com.ar\/?p=4499","name":"REBELI\u00d3N EN CALABACILLAS: Vecinos amenazan con cortar la ruta por la inseguridad - Diario del Sur","isPartOf":{"@id":"https:\/\/diariodelsurdigital.com.ar\/#website"},"primaryImageOfPage":{"@id":"https:\/\/diariodelsurdigital.com.ar\/?p=4499#primaryimage"},"image":{"@id":"https:\/\/diariodelsurdigital.com.ar\/?p=4499#primaryimage"},"thumbnailUrl":"https:\/\/diariodelsurdigital.com.ar\/wp-content\/uploads\/2025\/09\/541184967_1298237755072543_7593216638722978434_n.jpg","datePublished":"2025-09-04T17:46:52+00:00","dateModified":"2025-09-04T17:46:53+00:00","author":{"@id":"https:\/\/diariodelsurdigital.com.ar\/#\/schema\/person\/6136a32571657f7dba980b88b04c5465"},"breadcrumb":{"@id":"https:\/\/diariodelsurdigital.com.ar\/?p=4499#breadcrumb"},"inLanguage":"es","potentialAction":[{"@type":"ReadAction","target":["https:\/\/diariodelsurdigital.com.ar\/?p=4499"]}]},{"@type":"ImageObject","inLanguage":"es","@id":"https:\/\/diariodelsurdigital.com.ar\/?p=4499#primaryimage","url":"https:\/\/diariodelsurdigital.com.ar\/wp-content\/uploads\/2025\/09\/541184967_1298237755072543_7593216638722978434_n.jpg","contentUrl":"https:\/\/diariodelsurdigital.com.ar\/wp-content\/uploads\/2025\/09\/541184967_1298237755072543_7593216638722978434_n.jpg","width":460,"height":300},{"@type":"BreadcrumbList","@id":"https:\/\/diariodelsurdigital.com.ar\/?p=4499#breadcrumb","itemListElement":[{"@type":"ListItem","position":1,"name":"Portada","item":"https:\/\/diariodelsurdigital.com.ar\/"},{"@type":"ListItem","position":2,"name":"REBELI\u00d3N EN CALABACILLAS: Vecinos amenazan con cortar la ruta por la inseguridad"}]},{"@type":"WebSite","@id":"https:\/\/diariodelsurdigital.com.ar\/#website","url":"https:\/\/diariodelsurdigital.com.ar\/","name":"Diario del Sur","description":"Digital","potentialAction":[{"@type":"SearchAction","target":{"@type":"EntryPoint","urlTemplate":"https:\/\/diariodelsurdigital.com.ar\/?s={search_term_string}"},"query-input":{"@type":"PropertyValueSpecification","valueRequired":true,"valueName":"search_term_string"}}],"inLanguage":"es"},{"@type":"Person","@id":"https:\/\/diariodelsurdigital.com.ar\/#\/schema\/person\/6136a32571657f7dba980b88b04c5465","name":"Diario del Sur Digital","image":{"@type":"ImageObject","inLanguage":"es","@id":"https:\/\/secure.gravatar.com\/avatar\/4c29ceac98541dd42460b2474aaa5dd37594d6ce6cb3cf2c101d09b48ee287ba?s=96&d=mm&r=g","url":"https:\/\/secure.gravatar.com\/avatar\/4c29ceac98541dd42460b2474aaa5dd37594d6ce6cb3cf2c101d09b48ee287ba?s=96&d=mm&r=g","contentUrl":"https:\/\/secure.gravatar.com\/avatar\/4c29ceac98541dd42460b2474aaa5dd37594d6ce6cb3cf2c101d09b48ee287ba?s=96&d=mm&r=g","caption":"Diario del Sur Digital"},"url":"https:\/\/diariodelsurdigital.com.ar\/?author=2"}]}},"_links":{"self":[{"href":"https:\/\/diariodelsurdigital.com.ar\/index.php?rest_route=\/wp\/v2\/posts\/4499","targetHints":{"allow":["GET"]}}],"collection":[{"href":"https:\/\/diariodelsurdigital.com.ar\/index.php?rest_route=\/wp\/v2\/posts"}],"about":[{"href":"https:\/\/diariodelsurdigital.com.ar\/index.php?rest_route=\/wp\/v2\/types\/post"}],"author":[{"embeddable":true,"href":"https:\/\/diariodelsurdigital.com.ar\/index.php?rest_route=\/wp\/v2\/users\/2"}],"replies":[{"embeddable":true,"href":"https:\/\/diariodelsurdigital.com.ar\/index.php?rest_route=%2Fwp%2Fv2%2Fcomments&post=4499"}],"version-history":[{"count":1,"href":"https:\/\/diariodelsurdigital.com.ar\/index.php?rest_route=\/wp\/v2\/posts\/4499\/revisions"}],"predecessor-version":[{"id":4501,"href":"https:\/\/diariodelsurdigital.com.ar\/index.php?rest_route=\/wp\/v2\/posts\/4499\/revisions\/4501"}],"wp:featuredmedia":[{"embeddable":true,"href":"https:\/\/diariodelsurdigital.com.ar\/index.php?rest_route=\/wp\/v2\/media\/4500"}],"wp:attachment":[{"href":"https:\/\/diariodelsurdigital.com.ar\/index.php?rest_route=%2Fwp%2Fv2%2Fmedia&parent=4499"}],"wp:term":[{"taxonomy":"category","embeddable":true,"href":"https:\/\/diariodelsurdigital.com.ar\/index.php?rest_route=%2Fwp%2Fv2%2Fcategories&post=4499"},{"taxonomy":"post_tag","embeddable":true,"href":"https:\/\/diariodelsurdigital.com.ar\/index.php?rest_route=%2Fwp%2Fv2%2Ftags&post=4499"}],"curies":[{"name":"wp","href":"https:\/\/api.w.org\/{rel}","templated":true}]}}