{"id":4503,"date":"2025-09-05T09:51:20","date_gmt":"2025-09-05T12:51:20","guid":{"rendered":"https:\/\/diariodelsurdigital.com.ar\/?p=4503"},"modified":"2025-09-05T09:51:21","modified_gmt":"2025-09-05T12:51:21","slug":"el-gobierno-destinara-mas-de-13-000-millones-de-pesos-en-la-campana-electoral-para-octubre","status":"publish","type":"post","link":"https:\/\/diariodelsurdigital.com.ar\/?p=4503","title":{"rendered":"El Gobierno destinar\u00e1 m\u00e1s de 13.000 millones de pesos en la campa\u00f1a electoral para octubre"},"content":{"rendered":"\n<p>Del total, $8.815.610.700,67 se dirigir\u00e1 a la categor\u00eda de Diputados Nacionales, mientras que otros $4.407.805.350,33 a la categor\u00eda de senadores nacionales .De cara a las Elecciones Legislativas del 26 de octubre de este a\u00f1o, el Gobierno de Javier Milei indic\u00f3 que los montos se pueden utilizar exclusivamente para financiar la campa\u00f1a electoral y actividades proselitistas de los partidos que competir\u00e1n durante los comicios.<\/p>\n\n\n\n<p>La Vicejefatura de Gabinete del Interior, bajo la firma de su titular Lisandro Catal\u00e1n, oficializ\u00f3 la medida a trav\u00e9s de una resoluci\u00f3n publicada este jueves en el Bolet\u00edn Oficial, seg\u00fan lo que establece la Ley de Financiamiento de los Partidos Pol\u00edticos, la Ley de Ministerios y los decretos y disposiciones administrativas vigentes.<\/p>\n\n\n\n<p>Los montos ser\u00e1n distribuidos entre todas las agrupaciones pol\u00edticas que participen de los comicios en cada una de las categor\u00edas, seg\u00fan lo indican los criterios establecidos por la normativa electoral.<\/p>\n\n\n\n<p>La decisi\u00f3n se encuadra dentro del marco legal que regula el financiamiento de los partidos pol\u00edticos, la Ley N\u00b026.215 y sus modificatorias, a partir del cual el Estado tiene la responsabilidad de contribuir al funcionamiento normal de las fuerzas pol\u00edticas reconocidas.<\/p>\n\n\n\n<p>En la resoluci\u00f3n compartida este jueves se indic\u00f3 que la Direcci\u00f3n Nacional Electoral se ocupar\u00e1 de la distribuci\u00f3n de los aportes entre los partidos y alianzas que competir\u00e1n en las elecciones del 26 de octubre. Como as\u00ed tambi\u00e9n, que aplicar\u00e1 las sanciones por incumplimientos que determine la Justicia Nacional Electoral, seg\u00fan el art\u00edculo 2\u00b0 del Decreto N\u00b0936\/10 y sus modificatorios.<\/p>\n\n\n\n<p>\u00abLa Direcci\u00f3n Nacional Electoral informar\u00e1 a la Direcci\u00f3n General de Administraci\u00f3n de Interior el monto de los aportes y la n\u00f3mina de Partidos Pol\u00edticos y Alianzas a favor de las cuales deber\u00e1n efectuarse las liquidaciones\u00bb, se detall\u00f3 luego en el art\u00edculo 3 de la resoluci\u00f3n.<\/p>\n\n\n\n<p>En este contexto, la Direcci\u00f3n de Programaci\u00f3n y Control Presupuestario de Interior certific\u00f3 que el financiamiento de la medida se cubrir\u00e1 con los cr\u00e9ditos presupuestarios asignados a la Jurisdicci\u00f3n 25 &#8211; Subjurisdicci\u00f3n 06 &#8211; Vicejefatura de Gabinete del Interior para el ejercicio 2025.<\/p>\n\n\n\n<p>Elecciones Legislativas del 26 de octubre: qu\u00e9 se vota<\/p>\n\n\n\n<p>El pr\u00f3ximo domingo 26 de octubre, los argentinos deber\u00e1n participar de los comicios para renovar parcialmente ambas c\u00e1maras del Congreso de la Naci\u00f3n, definiendo 127 bancas de diputados nacionales y 24 de senadores, a trav\u00e9s de una elecci\u00f3n que abarca a todas las provincias y la Ciudad Aut\u00f3noma de Buenos Aires.<\/p>\n\n\n\n<p>La C\u00e1mara de Diputados se renueva por mitades cada dos a\u00f1os y el n\u00famero de diputados a elegir en cada provincia var\u00eda seg\u00fan su poblaci\u00f3n. El reparto de bancas, en este caso, se realiza mediante el sistema D\u2019Hondt, que asigna lugares de forma proporcional a los votos obtenidos por cada lista en cada jurisdicci\u00f3n.<\/p>\n\n\n\n<p>Por su parte, para el Senado se elegir\u00e1n 24 representantes correspondientes a las provincias de Entre R\u00edos, R\u00edo Negro, Salta, Neuqu\u00e9n, Tierra del Fuego, Santiago del Estero, Chaco y la Ciudad Aut\u00f3noma de Buenos Aires, seg\u00fan como lo indica el esquema de renovaci\u00f3n por tercios.<\/p>\n","protected":false},"excerpt":{"rendered":"<p>Del total, $8.815.610.700,67 se dirigir\u00e1 a la categor\u00eda de Diputados Nacionales, mientras que otros $4.407.805.350,33 a la categor\u00eda de senadores nacionales .De cara a las Elecciones Legislativas del 26 de octubre de este a\u00f1o, el Gobierno de Javier Milei indic\u00f3 que los montos se pueden utilizar exclusivamente para financiar la campa\u00f1a electoral y actividades proselitistas [&hellip;]<\/p>\n","protected":false},"author":4,"featured_media":4504,"comment_status":"open","ping_status":"open","sticky":false,"template":"","format":"standard","meta":{"footnotes":""},"categories":[18,22],"tags":[],"class_list":{"0":"post-4503","1":"post","2":"type-post","3":"status-publish","4":"format-standard","5":"has-post-thumbnail","7":"category-nacionales","8":"category-politica"},"yoast_head":"<!-- This site is optimized with the Yoast SEO plugin v27.4 - https:\/\/yoast.com\/product\/yoast-seo-wordpress\/ -->\n<title>El Gobierno destinar\u00e1 m\u00e1s de 13.000 millones de pesos en la campa\u00f1a electoral para octubre - Diario del Sur<\/title>\n<meta name=\"robots\" content=\"index, follow, max-snippet:-1, max-image-preview:large, max-video-preview:-1\" \/>\n<link rel=\"canonical\" href=\"https:\/\/diariodelsurdigital.com.ar\/?p=4503\" \/>\n<meta property=\"og:locale\" content=\"es_ES\" \/>\n<meta property=\"og:type\" content=\"article\" \/>\n<meta property=\"og:title\" content=\"El Gobierno destinar\u00e1 m\u00e1s de 13.000 millones de pesos en la campa\u00f1a electoral para octubre - Diario del Sur\" \/>\n<meta property=\"og:description\" content=\"Del total, $8.815.610.700,67 se dirigir\u00e1 a la categor\u00eda de Diputados Nacionales, mientras que otros $4.407.805.350,33 a la categor\u00eda de senadores nacionales .De cara a las Elecciones Legislativas del 26 de octubre de este a\u00f1o, el Gobierno de Javier Milei indic\u00f3 que los montos se pueden utilizar exclusivamente para financiar la campa\u00f1a electoral y actividades proselitistas [&hellip;]\" \/>\n<meta property=\"og:url\" content=\"https:\/\/diariodelsurdigital.com.ar\/?p=4503\" \/>\n<meta property=\"og:site_name\" content=\"Diario del Sur\" \/>\n<meta property=\"article:published_time\" content=\"2025-09-05T12:51:20+00:00\" \/>\n<meta property=\"article:modified_time\" content=\"2025-09-05T12:51:21+00:00\" \/>\n<meta property=\"og:image\" content=\"https:\/\/diariodelsurdigital.com.ar\/wp-content\/uploads\/2025\/09\/md-20.webp\" \/>\n\t<meta property=\"og:image:width\" content=\"992\" \/>\n\t<meta property=\"og:image:height\" content=\"569\" \/>\n\t<meta property=\"og:image:type\" content=\"image\/webp\" \/>\n<meta name=\"author\" content=\"Diario del Sur Digital\" \/>\n<meta name=\"twitter:card\" content=\"summary_large_image\" \/>\n<meta name=\"twitter:label1\" content=\"Escrito por\" \/>\n\t<meta name=\"twitter:data1\" content=\"Diario del Sur Digital\" \/>\n\t<meta name=\"twitter:label2\" content=\"Tiempo de lectura\" \/>\n\t<meta name=\"twitter:data2\" content=\"3 minutos\" \/>\n<script type=\"application\/ld+json\" class=\"yoast-schema-graph\">{\"@context\":\"https:\\\/\\\/schema.org\",\"@graph\":[{\"@type\":\"Article\",\"@id\":\"https:\\\/\\\/diariodelsurdigital.com.ar\\\/?p=4503#article\",\"isPartOf\":{\"@id\":\"https:\\\/\\\/diariodelsurdigital.com.ar\\\/?p=4503\"},\"author\":{\"name\":\"Diario del Sur Digital\",\"@id\":\"https:\\\/\\\/diariodelsurdigital.com.ar\\\/#\\\/schema\\\/person\\\/1a4992532ed62965c968031b49195c81\"},\"headline\":\"El Gobierno destinar\u00e1 m\u00e1s de 13.000 millones de pesos en la campa\u00f1a electoral para octubre\",\"datePublished\":\"2025-09-05T12:51:20+00:00\",\"dateModified\":\"2025-09-05T12:51:21+00:00\",\"mainEntityOfPage\":{\"@id\":\"https:\\\/\\\/diariodelsurdigital.com.ar\\\/?p=4503\"},\"wordCount\":555,\"commentCount\":0,\"image\":{\"@id\":\"https:\\\/\\\/diariodelsurdigital.com.ar\\\/?p=4503#primaryimage\"},\"thumbnailUrl\":\"https:\\\/\\\/diariodelsurdigital.com.ar\\\/wp-content\\\/uploads\\\/2025\\\/09\\\/md-20.webp\",\"articleSection\":[\"Nacionales\",\"Pol\u00edtica\"],\"inLanguage\":\"es\",\"potentialAction\":[{\"@type\":\"CommentAction\",\"name\":\"Comment\",\"target\":[\"https:\\\/\\\/diariodelsurdigital.com.ar\\\/?p=4503#respond\"]}]},{\"@type\":\"WebPage\",\"@id\":\"https:\\\/\\\/diariodelsurdigital.com.ar\\\/?p=4503\",\"url\":\"https:\\\/\\\/diariodelsurdigital.com.ar\\\/?p=4503\",\"name\":\"El Gobierno destinar\u00e1 m\u00e1s de 13.000 millones de pesos en la campa\u00f1a electoral para octubre - Diario del Sur\",\"isPartOf\":{\"@id\":\"https:\\\/\\\/diariodelsurdigital.com.ar\\\/#website\"},\"primaryImageOfPage\":{\"@id\":\"https:\\\/\\\/diariodelsurdigital.com.ar\\\/?p=4503#primaryimage\"},\"image\":{\"@id\":\"https:\\\/\\\/diariodelsurdigital.com.ar\\\/?p=4503#primaryimage\"},\"thumbnailUrl\":\"https:\\\/\\\/diariodelsurdigital.com.ar\\\/wp-content\\\/uploads\\\/2025\\\/09\\\/md-20.webp\",\"datePublished\":\"2025-09-05T12:51:20+00:00\",\"dateModified\":\"2025-09-05T12:51:21+00:00\",\"author\":{\"@id\":\"https:\\\/\\\/diariodelsurdigital.com.ar\\\/#\\\/schema\\\/person\\\/1a4992532ed62965c968031b49195c81\"},\"breadcrumb\":{\"@id\":\"https:\\\/\\\/diariodelsurdigital.com.ar\\\/?p=4503#breadcrumb\"},\"inLanguage\":\"es\",\"potentialAction\":[{\"@type\":\"ReadAction\",\"target\":[\"https:\\\/\\\/diariodelsurdigital.com.ar\\\/?p=4503\"]}]},{\"@type\":\"ImageObject\",\"inLanguage\":\"es\",\"@id\":\"https:\\\/\\\/diariodelsurdigital.com.ar\\\/?p=4503#primaryimage\",\"url\":\"https:\\\/\\\/diariodelsurdigital.com.ar\\\/wp-content\\\/uploads\\\/2025\\\/09\\\/md-20.webp\",\"contentUrl\":\"https:\\\/\\\/diariodelsurdigital.com.ar\\\/wp-content\\\/uploads\\\/2025\\\/09\\\/md-20.webp\",\"width\":992,\"height\":569},{\"@type\":\"BreadcrumbList\",\"@id\":\"https:\\\/\\\/diariodelsurdigital.com.ar\\\/?p=4503#breadcrumb\",\"itemListElement\":[{\"@type\":\"ListItem\",\"position\":1,\"name\":\"Portada\",\"item\":\"https:\\\/\\\/diariodelsurdigital.com.ar\\\/\"},{\"@type\":\"ListItem\",\"position\":2,\"name\":\"El Gobierno destinar\u00e1 m\u00e1s de 13.000 millones de pesos en la campa\u00f1a electoral para octubre\"}]},{\"@type\":\"WebSite\",\"@id\":\"https:\\\/\\\/diariodelsurdigital.com.ar\\\/#website\",\"url\":\"https:\\\/\\\/diariodelsurdigital.com.ar\\\/\",\"name\":\"Diario del Sur\",\"description\":\"Digital\",\"potentialAction\":[{\"@type\":\"SearchAction\",\"target\":{\"@type\":\"EntryPoint\",\"urlTemplate\":\"https:\\\/\\\/diariodelsurdigital.com.ar\\\/?s={search_term_string}\"},\"query-input\":{\"@type\":\"PropertyValueSpecification\",\"valueRequired\":true,\"valueName\":\"search_term_string\"}}],\"inLanguage\":\"es\"},{\"@type\":\"Person\",\"@id\":\"https:\\\/\\\/diariodelsurdigital.com.ar\\\/#\\\/schema\\\/person\\\/1a4992532ed62965c968031b49195c81\",\"name\":\"Diario del Sur Digital\",\"image\":{\"@type\":\"ImageObject\",\"inLanguage\":\"es\",\"@id\":\"https:\\\/\\\/secure.gravatar.com\\\/avatar\\\/f0c7c47fc7146d19828273b9b8eda651c9c7ab583767e6338d3d3bee825adf76?s=96&d=mm&r=g\",\"url\":\"https:\\\/\\\/secure.gravatar.com\\\/avatar\\\/f0c7c47fc7146d19828273b9b8eda651c9c7ab583767e6338d3d3bee825adf76?s=96&d=mm&r=g\",\"contentUrl\":\"https:\\\/\\\/secure.gravatar.com\\\/avatar\\\/f0c7c47fc7146d19828273b9b8eda651c9c7ab583767e6338d3d3bee825adf76?s=96&d=mm&r=g\",\"caption\":\"Diario del Sur Digital\"},\"url\":\"https:\\\/\\\/diariodelsurdigital.com.ar\\\/?author=4\"}]}<\/script>\n<!-- \/ Yoast SEO plugin. -->","yoast_head_json":{"title":"El Gobierno destinar\u00e1 m\u00e1s de 13.000 millones de pesos en la campa\u00f1a electoral para octubre - Diario del Sur","robots":{"index":"index","follow":"follow","max-snippet":"max-snippet:-1","max-image-preview":"max-image-preview:large","max-video-preview":"max-video-preview:-1"},"canonical":"https:\/\/diariodelsurdigital.com.ar\/?p=4503","og_locale":"es_ES","og_type":"article","og_title":"El Gobierno destinar\u00e1 m\u00e1s de 13.000 millones de pesos en la campa\u00f1a electoral para octubre - Diario del Sur","og_description":"Del total, $8.815.610.700,67 se dirigir\u00e1 a la categor\u00eda de Diputados Nacionales, mientras que otros $4.407.805.350,33 a la categor\u00eda de senadores nacionales .De cara a las Elecciones Legislativas del 26 de octubre de este a\u00f1o, el Gobierno de Javier Milei indic\u00f3 que los montos se pueden utilizar exclusivamente para financiar la campa\u00f1a electoral y actividades proselitistas [&hellip;]","og_url":"https:\/\/diariodelsurdigital.com.ar\/?p=4503","og_site_name":"Diario del Sur","article_published_time":"2025-09-05T12:51:20+00:00","article_modified_time":"2025-09-05T12:51:21+00:00","og_image":[{"width":992,"height":569,"url":"https:\/\/diariodelsurdigital.com.ar\/wp-content\/uploads\/2025\/09\/md-20.webp","type":"image\/webp"}],"author":"Diario del Sur Digital","twitter_card":"summary_large_image","twitter_misc":{"Escrito por":"Diario del Sur Digital","Tiempo de lectura":"3 minutos"},"schema":{"@context":"https:\/\/schema.org","@graph":[{"@type":"Article","@id":"https:\/\/diariodelsurdigital.com.ar\/?p=4503#article","isPartOf":{"@id":"https:\/\/diariodelsurdigital.com.ar\/?p=4503"},"author":{"name":"Diario del Sur Digital","@id":"https:\/\/diariodelsurdigital.com.ar\/#\/schema\/person\/1a4992532ed62965c968031b49195c81"},"headline":"El Gobierno destinar\u00e1 m\u00e1s de 13.000 millones de pesos en la campa\u00f1a electoral para octubre","datePublished":"2025-09-05T12:51:20+00:00","dateModified":"2025-09-05T12:51:21+00:00","mainEntityOfPage":{"@id":"https:\/\/diariodelsurdigital.com.ar\/?p=4503"},"wordCount":555,"commentCount":0,"image":{"@id":"https:\/\/diariodelsurdigital.com.ar\/?p=4503#primaryimage"},"thumbnailUrl":"https:\/\/diariodelsurdigital.com.ar\/wp-content\/uploads\/2025\/09\/md-20.webp","articleSection":["Nacionales","Pol\u00edtica"],"inLanguage":"es","potentialAction":[{"@type":"CommentAction","name":"Comment","target":["https:\/\/diariodelsurdigital.com.ar\/?p=4503#respond"]}]},{"@type":"WebPage","@id":"https:\/\/diariodelsurdigital.com.ar\/?p=4503","url":"https:\/\/diariodelsurdigital.com.ar\/?p=4503","name":"El Gobierno destinar\u00e1 m\u00e1s de 13.000 millones de pesos en la campa\u00f1a electoral para octubre - Diario del Sur","isPartOf":{"@id":"https:\/\/diariodelsurdigital.com.ar\/#website"},"primaryImageOfPage":{"@id":"https:\/\/diariodelsurdigital.com.ar\/?p=4503#primaryimage"},"image":{"@id":"https:\/\/diariodelsurdigital.com.ar\/?p=4503#primaryimage"},"thumbnailUrl":"https:\/\/diariodelsurdigital.com.ar\/wp-content\/uploads\/2025\/09\/md-20.webp","datePublished":"2025-09-05T12:51:20+00:00","dateModified":"2025-09-05T12:51:21+00:00","author":{"@id":"https:\/\/diariodelsurdigital.com.ar\/#\/schema\/person\/1a4992532ed62965c968031b49195c81"},"breadcrumb":{"@id":"https:\/\/diariodelsurdigital.com.ar\/?p=4503#breadcrumb"},"inLanguage":"es","potentialAction":[{"@type":"ReadAction","target":["https:\/\/diariodelsurdigital.com.ar\/?p=4503"]}]},{"@type":"ImageObject","inLanguage":"es","@id":"https:\/\/diariodelsurdigital.com.ar\/?p=4503#primaryimage","url":"https:\/\/diariodelsurdigital.com.ar\/wp-content\/uploads\/2025\/09\/md-20.webp","contentUrl":"https:\/\/diariodelsurdigital.com.ar\/wp-content\/uploads\/2025\/09\/md-20.webp","width":992,"height":569},{"@type":"BreadcrumbList","@id":"https:\/\/diariodelsurdigital.com.ar\/?p=4503#breadcrumb","itemListElement":[{"@type":"ListItem","position":1,"name":"Portada","item":"https:\/\/diariodelsurdigital.com.ar\/"},{"@type":"ListItem","position":2,"name":"El Gobierno destinar\u00e1 m\u00e1s de 13.000 millones de pesos en la campa\u00f1a electoral para octubre"}]},{"@type":"WebSite","@id":"https:\/\/diariodelsurdigital.com.ar\/#website","url":"https:\/\/diariodelsurdigital.com.ar\/","name":"Diario del Sur","description":"Digital","potentialAction":[{"@type":"SearchAction","target":{"@type":"EntryPoint","urlTemplate":"https:\/\/diariodelsurdigital.com.ar\/?s={search_term_string}"},"query-input":{"@type":"PropertyValueSpecification","valueRequired":true,"valueName":"search_term_string"}}],"inLanguage":"es"},{"@type":"Person","@id":"https:\/\/diariodelsurdigital.com.ar\/#\/schema\/person\/1a4992532ed62965c968031b49195c81","name":"Diario del Sur Digital","image":{"@type":"ImageObject","inLanguage":"es","@id":"https:\/\/secure.gravatar.com\/avatar\/f0c7c47fc7146d19828273b9b8eda651c9c7ab583767e6338d3d3bee825adf76?s=96&d=mm&r=g","url":"https:\/\/secure.gravatar.com\/avatar\/f0c7c47fc7146d19828273b9b8eda651c9c7ab583767e6338d3d3bee825adf76?s=96&d=mm&r=g","contentUrl":"https:\/\/secure.gravatar.com\/avatar\/f0c7c47fc7146d19828273b9b8eda651c9c7ab583767e6338d3d3bee825adf76?s=96&d=mm&r=g","caption":"Diario del Sur Digital"},"url":"https:\/\/diariodelsurdigital.com.ar\/?author=4"}]}},"_links":{"self":[{"href":"https:\/\/diariodelsurdigital.com.ar\/index.php?rest_route=\/wp\/v2\/posts\/4503","targetHints":{"allow":["GET"]}}],"collection":[{"href":"https:\/\/diariodelsurdigital.com.ar\/index.php?rest_route=\/wp\/v2\/posts"}],"about":[{"href":"https:\/\/diariodelsurdigital.com.ar\/index.php?rest_route=\/wp\/v2\/types\/post"}],"author":[{"embeddable":true,"href":"https:\/\/diariodelsurdigital.com.ar\/index.php?rest_route=\/wp\/v2\/users\/4"}],"replies":[{"embeddable":true,"href":"https:\/\/diariodelsurdigital.com.ar\/index.php?rest_route=%2Fwp%2Fv2%2Fcomments&post=4503"}],"version-history":[{"count":1,"href":"https:\/\/diariodelsurdigital.com.ar\/index.php?rest_route=\/wp\/v2\/posts\/4503\/revisions"}],"predecessor-version":[{"id":4505,"href":"https:\/\/diariodelsurdigital.com.ar\/index.php?rest_route=\/wp\/v2\/posts\/4503\/revisions\/4505"}],"wp:featuredmedia":[{"embeddable":true,"href":"https:\/\/diariodelsurdigital.com.ar\/index.php?rest_route=\/wp\/v2\/media\/4504"}],"wp:attachment":[{"href":"https:\/\/diariodelsurdigital.com.ar\/index.php?rest_route=%2Fwp%2Fv2%2Fmedia&parent=4503"}],"wp:term":[{"taxonomy":"category","embeddable":true,"href":"https:\/\/diariodelsurdigital.com.ar\/index.php?rest_route=%2Fwp%2Fv2%2Fcategories&post=4503"},{"taxonomy":"post_tag","embeddable":true,"href":"https:\/\/diariodelsurdigital.com.ar\/index.php?rest_route=%2Fwp%2Fv2%2Ftags&post=4503"}],"curies":[{"name":"wp","href":"https:\/\/api.w.org\/{rel}","templated":true}]}}