{"id":4506,"date":"2025-09-05T09:54:29","date_gmt":"2025-09-05T12:54:29","guid":{"rendered":"https:\/\/diariodelsurdigital.com.ar\/?p=4506"},"modified":"2025-09-05T09:54:30","modified_gmt":"2025-09-05T12:54:30","slug":"mayans-sugirio-avanzar-con-un-juicio-politico-contra-patricia-bullrich","status":"publish","type":"post","link":"https:\/\/diariodelsurdigital.com.ar\/?p=4506","title":{"rendered":"Mayans sugiri\u00f3 avanzar con un juicio pol\u00edtico contra Patricia Bullrich"},"content":{"rendered":"\n<p>El jefe del interbloque Uni\u00f3n por la Patria en el Senado denunci\u00f3 una ofensiva contra los periodistas por revelar presuntos hechos de corrupci\u00f3n y llam\u00f3 a ir hasta las \u00faltimas consecuencias con los funcionarios involucrados.<\/p>\n\n\n\n<p><\/p>\n\n\n\n<p>El senador nacional Jos\u00e9 Mayans se sum\u00f3 este jueves a las cuestiones de privilegio presentadas contra el Gobierno en general y contra ministros en particular, por las denuncias impulsadas contra periodistas en el marco de la causa abierta por los audios que revelan presuntas coimas.<\/p>\n\n\n\n<p>En un mensaje ante sus pares en el recinto, el jefe del interbloque Uni\u00f3n por la Patria llam\u00f3 a \u201ctomar dimensi\u00f3n de la magnitud de la gravedad del hecho\u201d. Se\u00f1al\u00f3 que \u201cpara tratar un hecho de corrupci\u00f3n, se recurre a una estrategia medi\u00e1tica y judicial para atacar a las personas que, obviamente, lo publicaron\u201d, y atribuy\u00f3 esa reacci\u00f3n a que \u201ccomo est\u00e1n desorientados, no saben qu\u00e9 pas\u00f3\u201d.<\/p>\n\n\n\n<p>\u201cTienen problemas realmente grav\u00edsimos\u201d, advirti\u00f3 Mayans, y agreg\u00f3 que no se imagina al secretario de Seguridad de Estados Unidos, o de pa\u00edses europeos, denunciando a periodistas que informan sobre hechos de corrupci\u00f3n por \u201cterrorismo, vincul\u00e1ndolos al narcotr\u00e1fico, delitos grav\u00edsimos\u201d. Y sentenci\u00f3: \u201cLa verdad es que cualquiera de estas democracias deber\u00eda tener m\u00ednimamente pruebas\u2026 Y ac\u00e1 le dicen que se busque las pruebas, primero allanando los domicilios\u2026 \u00bfY en qu\u00e9 consiste el temor? En el valor de la pena que tienen estos delitos; el mensaje es: te voy a arruinar la vida\u201d.<\/p>\n\n\n\n<p>El senador advirti\u00f3 que este accionar requiere la \u201ccomplicidad\u201d de la Justicia, y record\u00f3 que \u201cuna compa\u00f1era que hoy est\u00e1 detenida (en referencia a Cristina Kirchner) elimin\u00f3 la figura del desacato, por eso esos periodistas est\u00e1n libres\u201d, public\u00f3 Parlamentario.<\/p>\n\n\n\n<p>Mayans vincul\u00f3 la situaci\u00f3n actual con el caso Watergate, y record\u00f3 que Richard Nixon \u201clo neg\u00f3 hasta que aparecieron las cintas. Me acuerdo c\u00f3mo se despidi\u00f3, y\u00e9ndose en helic\u00f3ptero, porque le minti\u00f3 al pueblo norteamericano. Si algo ha hecho este Gobierno es mentirle al pueblo argentino\u201d.<\/p>\n\n\n\n<p>Por otra parte, sostuvo que un sector de la prensa argentina avala al Gobierno, y apunt\u00f3 a \u201cun grupo de periodistas que est\u00e1n bancando esta acci\u00f3n de gobierno, como pas\u00f3 en la dictadura c\u00edvico-militar. Se ve muy claro en los t\u00edtulos y primeras planas c\u00f3mo convalidan este tipo de acci\u00f3n, grav\u00edsima\u201d.<\/p>\n\n\n\n<p>Sobre el final, Mayans reclam\u00f3 que \u201chay que ponerle un remedio a esto, porque no podemos estar mirando a otro lado. Tenemos que hablar con nuestros representantes en Diputados y ac\u00e1. La C\u00e1mara de Diputados tiene que acusar ante el Senado a la ministra (Patricia) Bullrich por este disparatado acto y, adem\u00e1s, por falsa denuncia, poniendo en alerta todo el sistema de seguridad nacional\u201d.<\/p>\n\n\n\n<p>En ese marco, tambi\u00e9n pidi\u00f3 la presencia de Eduardo \u201cLule\u201d Menem para que brinde explicaciones, dado que fue denunciado por quien era el m\u00e1s alto mando de la ANDIS. Asimismo, reclam\u00f3 la presencia de la secretaria general de la Presidencia, Karina Milei, porque \u201cesto tiene que ir hasta las \u00faltimas consecuencias\u201d.<\/p>\n","protected":false},"excerpt":{"rendered":"<p>El jefe del interbloque Uni\u00f3n por la Patria en el Senado denunci\u00f3 una ofensiva contra los periodistas por revelar presuntos hechos de corrupci\u00f3n y llam\u00f3 a ir hasta las \u00faltimas consecuencias con los funcionarios involucrados. El senador nacional Jos\u00e9 Mayans se sum\u00f3 este jueves a las cuestiones de privilegio presentadas contra el Gobierno en general [&hellip;]<\/p>\n","protected":false},"author":4,"featured_media":4507,"comment_status":"open","ping_status":"open","sticky":false,"template":"","format":"standard","meta":{"footnotes":""},"categories":[18,22],"tags":[],"class_list":{"0":"post-4506","1":"post","2":"type-post","3":"status-publish","4":"format-standard","5":"has-post-thumbnail","7":"category-nacionales","8":"category-politica"},"yoast_head":"<!-- This site is optimized with the Yoast SEO plugin v27.4 - https:\/\/yoast.com\/product\/yoast-seo-wordpress\/ -->\n<title>Mayans sugiri\u00f3 avanzar con un juicio pol\u00edtico contra Patricia Bullrich - Diario del Sur<\/title>\n<meta name=\"robots\" content=\"index, follow, max-snippet:-1, max-image-preview:large, max-video-preview:-1\" \/>\n<link rel=\"canonical\" href=\"https:\/\/diariodelsurdigital.com.ar\/?p=4506\" \/>\n<meta property=\"og:locale\" content=\"es_ES\" \/>\n<meta property=\"og:type\" content=\"article\" \/>\n<meta property=\"og:title\" content=\"Mayans sugiri\u00f3 avanzar con un juicio pol\u00edtico contra Patricia Bullrich - Diario del Sur\" \/>\n<meta property=\"og:description\" content=\"El jefe del interbloque Uni\u00f3n por la Patria en el Senado denunci\u00f3 una ofensiva contra los periodistas por revelar presuntos hechos de corrupci\u00f3n y llam\u00f3 a ir hasta las \u00faltimas consecuencias con los funcionarios involucrados. El senador nacional Jos\u00e9 Mayans se sum\u00f3 este jueves a las cuestiones de privilegio presentadas contra el Gobierno en general [&hellip;]\" \/>\n<meta property=\"og:url\" content=\"https:\/\/diariodelsurdigital.com.ar\/?p=4506\" \/>\n<meta property=\"og:site_name\" content=\"Diario del Sur\" \/>\n<meta property=\"article:published_time\" content=\"2025-09-05T12:54:29+00:00\" \/>\n<meta property=\"article:modified_time\" content=\"2025-09-05T12:54:30+00:00\" \/>\n<meta property=\"og:image\" content=\"https:\/\/diariodelsurdigital.com.ar\/wp-content\/uploads\/2025\/09\/md-21.webp\" \/>\n\t<meta property=\"og:image:width\" content=\"992\" \/>\n\t<meta property=\"og:image:height\" content=\"661\" \/>\n\t<meta property=\"og:image:type\" content=\"image\/webp\" \/>\n<meta name=\"author\" content=\"Diario del Sur Digital\" \/>\n<meta name=\"twitter:card\" content=\"summary_large_image\" \/>\n<meta name=\"twitter:label1\" content=\"Escrito por\" \/>\n\t<meta name=\"twitter:data1\" content=\"Diario del Sur Digital\" \/>\n\t<meta name=\"twitter:label2\" content=\"Tiempo de lectura\" \/>\n\t<meta name=\"twitter:data2\" content=\"3 minutos\" \/>\n<script type=\"application\/ld+json\" class=\"yoast-schema-graph\">{\"@context\":\"https:\\\/\\\/schema.org\",\"@graph\":[{\"@type\":\"Article\",\"@id\":\"https:\\\/\\\/diariodelsurdigital.com.ar\\\/?p=4506#article\",\"isPartOf\":{\"@id\":\"https:\\\/\\\/diariodelsurdigital.com.ar\\\/?p=4506\"},\"author\":{\"name\":\"Diario del Sur Digital\",\"@id\":\"https:\\\/\\\/diariodelsurdigital.com.ar\\\/#\\\/schema\\\/person\\\/1a4992532ed62965c968031b49195c81\"},\"headline\":\"Mayans sugiri\u00f3 avanzar con un juicio pol\u00edtico contra Patricia Bullrich\",\"datePublished\":\"2025-09-05T12:54:29+00:00\",\"dateModified\":\"2025-09-05T12:54:30+00:00\",\"mainEntityOfPage\":{\"@id\":\"https:\\\/\\\/diariodelsurdigital.com.ar\\\/?p=4506\"},\"wordCount\":534,\"commentCount\":0,\"image\":{\"@id\":\"https:\\\/\\\/diariodelsurdigital.com.ar\\\/?p=4506#primaryimage\"},\"thumbnailUrl\":\"https:\\\/\\\/diariodelsurdigital.com.ar\\\/wp-content\\\/uploads\\\/2025\\\/09\\\/md-21.webp\",\"articleSection\":[\"Nacionales\",\"Pol\u00edtica\"],\"inLanguage\":\"es\",\"potentialAction\":[{\"@type\":\"CommentAction\",\"name\":\"Comment\",\"target\":[\"https:\\\/\\\/diariodelsurdigital.com.ar\\\/?p=4506#respond\"]}]},{\"@type\":\"WebPage\",\"@id\":\"https:\\\/\\\/diariodelsurdigital.com.ar\\\/?p=4506\",\"url\":\"https:\\\/\\\/diariodelsurdigital.com.ar\\\/?p=4506\",\"name\":\"Mayans sugiri\u00f3 avanzar con un juicio pol\u00edtico contra Patricia Bullrich - Diario del Sur\",\"isPartOf\":{\"@id\":\"https:\\\/\\\/diariodelsurdigital.com.ar\\\/#website\"},\"primaryImageOfPage\":{\"@id\":\"https:\\\/\\\/diariodelsurdigital.com.ar\\\/?p=4506#primaryimage\"},\"image\":{\"@id\":\"https:\\\/\\\/diariodelsurdigital.com.ar\\\/?p=4506#primaryimage\"},\"thumbnailUrl\":\"https:\\\/\\\/diariodelsurdigital.com.ar\\\/wp-content\\\/uploads\\\/2025\\\/09\\\/md-21.webp\",\"datePublished\":\"2025-09-05T12:54:29+00:00\",\"dateModified\":\"2025-09-05T12:54:30+00:00\",\"author\":{\"@id\":\"https:\\\/\\\/diariodelsurdigital.com.ar\\\/#\\\/schema\\\/person\\\/1a4992532ed62965c968031b49195c81\"},\"breadcrumb\":{\"@id\":\"https:\\\/\\\/diariodelsurdigital.com.ar\\\/?p=4506#breadcrumb\"},\"inLanguage\":\"es\",\"potentialAction\":[{\"@type\":\"ReadAction\",\"target\":[\"https:\\\/\\\/diariodelsurdigital.com.ar\\\/?p=4506\"]}]},{\"@type\":\"ImageObject\",\"inLanguage\":\"es\",\"@id\":\"https:\\\/\\\/diariodelsurdigital.com.ar\\\/?p=4506#primaryimage\",\"url\":\"https:\\\/\\\/diariodelsurdigital.com.ar\\\/wp-content\\\/uploads\\\/2025\\\/09\\\/md-21.webp\",\"contentUrl\":\"https:\\\/\\\/diariodelsurdigital.com.ar\\\/wp-content\\\/uploads\\\/2025\\\/09\\\/md-21.webp\",\"width\":992,\"height\":661},{\"@type\":\"BreadcrumbList\",\"@id\":\"https:\\\/\\\/diariodelsurdigital.com.ar\\\/?p=4506#breadcrumb\",\"itemListElement\":[{\"@type\":\"ListItem\",\"position\":1,\"name\":\"Portada\",\"item\":\"https:\\\/\\\/diariodelsurdigital.com.ar\\\/\"},{\"@type\":\"ListItem\",\"position\":2,\"name\":\"Mayans sugiri\u00f3 avanzar con un juicio pol\u00edtico contra Patricia Bullrich\"}]},{\"@type\":\"WebSite\",\"@id\":\"https:\\\/\\\/diariodelsurdigital.com.ar\\\/#website\",\"url\":\"https:\\\/\\\/diariodelsurdigital.com.ar\\\/\",\"name\":\"Diario del Sur\",\"description\":\"Digital\",\"potentialAction\":[{\"@type\":\"SearchAction\",\"target\":{\"@type\":\"EntryPoint\",\"urlTemplate\":\"https:\\\/\\\/diariodelsurdigital.com.ar\\\/?s={search_term_string}\"},\"query-input\":{\"@type\":\"PropertyValueSpecification\",\"valueRequired\":true,\"valueName\":\"search_term_string\"}}],\"inLanguage\":\"es\"},{\"@type\":\"Person\",\"@id\":\"https:\\\/\\\/diariodelsurdigital.com.ar\\\/#\\\/schema\\\/person\\\/1a4992532ed62965c968031b49195c81\",\"name\":\"Diario del Sur Digital\",\"image\":{\"@type\":\"ImageObject\",\"inLanguage\":\"es\",\"@id\":\"https:\\\/\\\/secure.gravatar.com\\\/avatar\\\/f0c7c47fc7146d19828273b9b8eda651c9c7ab583767e6338d3d3bee825adf76?s=96&d=mm&r=g\",\"url\":\"https:\\\/\\\/secure.gravatar.com\\\/avatar\\\/f0c7c47fc7146d19828273b9b8eda651c9c7ab583767e6338d3d3bee825adf76?s=96&d=mm&r=g\",\"contentUrl\":\"https:\\\/\\\/secure.gravatar.com\\\/avatar\\\/f0c7c47fc7146d19828273b9b8eda651c9c7ab583767e6338d3d3bee825adf76?s=96&d=mm&r=g\",\"caption\":\"Diario del Sur Digital\"},\"url\":\"https:\\\/\\\/diariodelsurdigital.com.ar\\\/?author=4\"}]}<\/script>\n<!-- \/ Yoast SEO plugin. -->","yoast_head_json":{"title":"Mayans sugiri\u00f3 avanzar con un juicio pol\u00edtico contra Patricia Bullrich - Diario del Sur","robots":{"index":"index","follow":"follow","max-snippet":"max-snippet:-1","max-image-preview":"max-image-preview:large","max-video-preview":"max-video-preview:-1"},"canonical":"https:\/\/diariodelsurdigital.com.ar\/?p=4506","og_locale":"es_ES","og_type":"article","og_title":"Mayans sugiri\u00f3 avanzar con un juicio pol\u00edtico contra Patricia Bullrich - Diario del Sur","og_description":"El jefe del interbloque Uni\u00f3n por la Patria en el Senado denunci\u00f3 una ofensiva contra los periodistas por revelar presuntos hechos de corrupci\u00f3n y llam\u00f3 a ir hasta las \u00faltimas consecuencias con los funcionarios involucrados. El senador nacional Jos\u00e9 Mayans se sum\u00f3 este jueves a las cuestiones de privilegio presentadas contra el Gobierno en general [&hellip;]","og_url":"https:\/\/diariodelsurdigital.com.ar\/?p=4506","og_site_name":"Diario del Sur","article_published_time":"2025-09-05T12:54:29+00:00","article_modified_time":"2025-09-05T12:54:30+00:00","og_image":[{"width":992,"height":661,"url":"https:\/\/diariodelsurdigital.com.ar\/wp-content\/uploads\/2025\/09\/md-21.webp","type":"image\/webp"}],"author":"Diario del Sur Digital","twitter_card":"summary_large_image","twitter_misc":{"Escrito por":"Diario del Sur Digital","Tiempo de lectura":"3 minutos"},"schema":{"@context":"https:\/\/schema.org","@graph":[{"@type":"Article","@id":"https:\/\/diariodelsurdigital.com.ar\/?p=4506#article","isPartOf":{"@id":"https:\/\/diariodelsurdigital.com.ar\/?p=4506"},"author":{"name":"Diario del Sur Digital","@id":"https:\/\/diariodelsurdigital.com.ar\/#\/schema\/person\/1a4992532ed62965c968031b49195c81"},"headline":"Mayans sugiri\u00f3 avanzar con un juicio pol\u00edtico contra Patricia Bullrich","datePublished":"2025-09-05T12:54:29+00:00","dateModified":"2025-09-05T12:54:30+00:00","mainEntityOfPage":{"@id":"https:\/\/diariodelsurdigital.com.ar\/?p=4506"},"wordCount":534,"commentCount":0,"image":{"@id":"https:\/\/diariodelsurdigital.com.ar\/?p=4506#primaryimage"},"thumbnailUrl":"https:\/\/diariodelsurdigital.com.ar\/wp-content\/uploads\/2025\/09\/md-21.webp","articleSection":["Nacionales","Pol\u00edtica"],"inLanguage":"es","potentialAction":[{"@type":"CommentAction","name":"Comment","target":["https:\/\/diariodelsurdigital.com.ar\/?p=4506#respond"]}]},{"@type":"WebPage","@id":"https:\/\/diariodelsurdigital.com.ar\/?p=4506","url":"https:\/\/diariodelsurdigital.com.ar\/?p=4506","name":"Mayans sugiri\u00f3 avanzar con un juicio pol\u00edtico contra Patricia Bullrich - Diario del Sur","isPartOf":{"@id":"https:\/\/diariodelsurdigital.com.ar\/#website"},"primaryImageOfPage":{"@id":"https:\/\/diariodelsurdigital.com.ar\/?p=4506#primaryimage"},"image":{"@id":"https:\/\/diariodelsurdigital.com.ar\/?p=4506#primaryimage"},"thumbnailUrl":"https:\/\/diariodelsurdigital.com.ar\/wp-content\/uploads\/2025\/09\/md-21.webp","datePublished":"2025-09-05T12:54:29+00:00","dateModified":"2025-09-05T12:54:30+00:00","author":{"@id":"https:\/\/diariodelsurdigital.com.ar\/#\/schema\/person\/1a4992532ed62965c968031b49195c81"},"breadcrumb":{"@id":"https:\/\/diariodelsurdigital.com.ar\/?p=4506#breadcrumb"},"inLanguage":"es","potentialAction":[{"@type":"ReadAction","target":["https:\/\/diariodelsurdigital.com.ar\/?p=4506"]}]},{"@type":"ImageObject","inLanguage":"es","@id":"https:\/\/diariodelsurdigital.com.ar\/?p=4506#primaryimage","url":"https:\/\/diariodelsurdigital.com.ar\/wp-content\/uploads\/2025\/09\/md-21.webp","contentUrl":"https:\/\/diariodelsurdigital.com.ar\/wp-content\/uploads\/2025\/09\/md-21.webp","width":992,"height":661},{"@type":"BreadcrumbList","@id":"https:\/\/diariodelsurdigital.com.ar\/?p=4506#breadcrumb","itemListElement":[{"@type":"ListItem","position":1,"name":"Portada","item":"https:\/\/diariodelsurdigital.com.ar\/"},{"@type":"ListItem","position":2,"name":"Mayans sugiri\u00f3 avanzar con un juicio pol\u00edtico contra Patricia Bullrich"}]},{"@type":"WebSite","@id":"https:\/\/diariodelsurdigital.com.ar\/#website","url":"https:\/\/diariodelsurdigital.com.ar\/","name":"Diario del Sur","description":"Digital","potentialAction":[{"@type":"SearchAction","target":{"@type":"EntryPoint","urlTemplate":"https:\/\/diariodelsurdigital.com.ar\/?s={search_term_string}"},"query-input":{"@type":"PropertyValueSpecification","valueRequired":true,"valueName":"search_term_string"}}],"inLanguage":"es"},{"@type":"Person","@id":"https:\/\/diariodelsurdigital.com.ar\/#\/schema\/person\/1a4992532ed62965c968031b49195c81","name":"Diario del Sur Digital","image":{"@type":"ImageObject","inLanguage":"es","@id":"https:\/\/secure.gravatar.com\/avatar\/f0c7c47fc7146d19828273b9b8eda651c9c7ab583767e6338d3d3bee825adf76?s=96&d=mm&r=g","url":"https:\/\/secure.gravatar.com\/avatar\/f0c7c47fc7146d19828273b9b8eda651c9c7ab583767e6338d3d3bee825adf76?s=96&d=mm&r=g","contentUrl":"https:\/\/secure.gravatar.com\/avatar\/f0c7c47fc7146d19828273b9b8eda651c9c7ab583767e6338d3d3bee825adf76?s=96&d=mm&r=g","caption":"Diario del Sur Digital"},"url":"https:\/\/diariodelsurdigital.com.ar\/?author=4"}]}},"_links":{"self":[{"href":"https:\/\/diariodelsurdigital.com.ar\/index.php?rest_route=\/wp\/v2\/posts\/4506","targetHints":{"allow":["GET"]}}],"collection":[{"href":"https:\/\/diariodelsurdigital.com.ar\/index.php?rest_route=\/wp\/v2\/posts"}],"about":[{"href":"https:\/\/diariodelsurdigital.com.ar\/index.php?rest_route=\/wp\/v2\/types\/post"}],"author":[{"embeddable":true,"href":"https:\/\/diariodelsurdigital.com.ar\/index.php?rest_route=\/wp\/v2\/users\/4"}],"replies":[{"embeddable":true,"href":"https:\/\/diariodelsurdigital.com.ar\/index.php?rest_route=%2Fwp%2Fv2%2Fcomments&post=4506"}],"version-history":[{"count":1,"href":"https:\/\/diariodelsurdigital.com.ar\/index.php?rest_route=\/wp\/v2\/posts\/4506\/revisions"}],"predecessor-version":[{"id":4508,"href":"https:\/\/diariodelsurdigital.com.ar\/index.php?rest_route=\/wp\/v2\/posts\/4506\/revisions\/4508"}],"wp:featuredmedia":[{"embeddable":true,"href":"https:\/\/diariodelsurdigital.com.ar\/index.php?rest_route=\/wp\/v2\/media\/4507"}],"wp:attachment":[{"href":"https:\/\/diariodelsurdigital.com.ar\/index.php?rest_route=%2Fwp%2Fv2%2Fmedia&parent=4506"}],"wp:term":[{"taxonomy":"category","embeddable":true,"href":"https:\/\/diariodelsurdigital.com.ar\/index.php?rest_route=%2Fwp%2Fv2%2Fcategories&post=4506"},{"taxonomy":"post_tag","embeddable":true,"href":"https:\/\/diariodelsurdigital.com.ar\/index.php?rest_route=%2Fwp%2Fv2%2Ftags&post=4506"}],"curies":[{"name":"wp","href":"https:\/\/api.w.org\/{rel}","templated":true}]}}