{"id":4509,"date":"2025-09-05T09:56:22","date_gmt":"2025-09-05T12:56:22","guid":{"rendered":"https:\/\/diariodelsurdigital.com.ar\/?p=4509"},"modified":"2025-09-05T09:56:24","modified_gmt":"2025-09-05T12:56:24","slug":"duro-informe-de-la-onu-afirmo-que-21-000-ninos-quedaron-discapacitados-desde-que-empezo-la-guerra-en-gaza","status":"publish","type":"post","link":"https:\/\/diariodelsurdigital.com.ar\/?p=4509","title":{"rendered":"Duro informe de la ONU: afirm\u00f3 que 21.000 ni\u00f1os quedaron discapacitados desde que empez\u00f3 la guerra en Gaza"},"content":{"rendered":"\n<p>M\u00e1s de 40.000 sufrieron heridas de guerra. Algunos debieron evacuar \u00e1reas peligrosas arrastr\u00e1ndose por la arena o el barro. As\u00ed lo inform\u00f3 el Comit\u00e9 de la ONU sobre los Derechos de las Personas con Discapacidad (CDPD).<\/p>\n\n\n\n<p>El Comit\u00e9 urgi\u00f3 a Israel a adoptar medidas espec\u00edficas para proteger a los ni\u00f1os con discapacidades contra los ataques e implementar protocolos de evacuaci\u00f3n que tomen en cuenta a estas personas.<\/p>\n\n\n\n<p>Tras analizar la situaci\u00f3n, el comit\u00e9 not\u00f3 que las \u00f3rdenes de evacuaci\u00f3n israel\u00edes en Gaza son \u201ca menudo inaccesibles\u201d para las personas con discapacidad auditiva o visual, \u201clo que hace imposible su evacuaci\u00f3n\u201d.<\/p>\n\n\n\n<p>Los expertos tambi\u00e9n describieron casos de \u201cpersonas con discapacidad obligadas a huir en condiciones inseguras e indignas, como arrastr\u00e1ndose por la arena o el barro sin ayuda para desplazarse\u201d.<\/p>\n\n\n\n<p>El Comit\u00e9 declar\u00f3 haber sido informado de al menos 157.114 personas heridas, de las cuales m\u00e1s del 25 % corren el riesgo de sufrir discapacidades de por vida, entre el 7 de octubre de 2023 y el 21 de agosto de 2025. Adem\u00e1s, agregaron que las restricciones a la entrada de ayuda humanitaria en la Franja de Gaza afectan de manera desproporcionada a las personas con discapacidad.<\/p>\n\n\n\n<p>La Franja de Gaza se encuentra sumida en una guerra desencadenada por el ataque del movimiento islamista palestino Hamas en Israel el 7 de octubre de 2023.<\/p>\n","protected":false},"excerpt":{"rendered":"<p>M\u00e1s de 40.000 sufrieron heridas de guerra. Algunos debieron evacuar \u00e1reas peligrosas arrastr\u00e1ndose por la arena o el barro. As\u00ed lo inform\u00f3 el Comit\u00e9 de la ONU sobre los Derechos de las Personas con Discapacidad (CDPD). El Comit\u00e9 urgi\u00f3 a Israel a adoptar medidas espec\u00edficas para proteger a los ni\u00f1os con discapacidades contra los ataques [&hellip;]<\/p>\n","protected":false},"author":4,"featured_media":4510,"comment_status":"open","ping_status":"open","sticky":false,"template":"","format":"standard","meta":{"footnotes":""},"categories":[19,20],"tags":[],"class_list":{"0":"post-4509","1":"post","2":"type-post","3":"status-publish","4":"format-standard","5":"has-post-thumbnail","7":"category-interes-general","8":"category-internacionales"},"yoast_head":"<!-- This site is optimized with the Yoast SEO plugin v27.4 - https:\/\/yoast.com\/product\/yoast-seo-wordpress\/ -->\n<title>Duro informe de la ONU: afirm\u00f3 que 21.000 ni\u00f1os quedaron discapacitados desde que empez\u00f3 la guerra en Gaza - Diario del Sur<\/title>\n<meta name=\"robots\" content=\"index, follow, max-snippet:-1, max-image-preview:large, max-video-preview:-1\" \/>\n<link rel=\"canonical\" href=\"https:\/\/diariodelsurdigital.com.ar\/?p=4509\" \/>\n<meta property=\"og:locale\" content=\"es_ES\" \/>\n<meta property=\"og:type\" content=\"article\" \/>\n<meta property=\"og:title\" content=\"Duro informe de la ONU: afirm\u00f3 que 21.000 ni\u00f1os quedaron discapacitados desde que empez\u00f3 la guerra en Gaza - Diario del Sur\" \/>\n<meta property=\"og:description\" content=\"M\u00e1s de 40.000 sufrieron heridas de guerra. Algunos debieron evacuar \u00e1reas peligrosas arrastr\u00e1ndose por la arena o el barro. As\u00ed lo inform\u00f3 el Comit\u00e9 de la ONU sobre los Derechos de las Personas con Discapacidad (CDPD). El Comit\u00e9 urgi\u00f3 a Israel a adoptar medidas espec\u00edficas para proteger a los ni\u00f1os con discapacidades contra los ataques [&hellip;]\" \/>\n<meta property=\"og:url\" content=\"https:\/\/diariodelsurdigital.com.ar\/?p=4509\" \/>\n<meta property=\"og:site_name\" content=\"Diario del Sur\" \/>\n<meta property=\"article:published_time\" content=\"2025-09-05T12:56:22+00:00\" \/>\n<meta property=\"article:modified_time\" content=\"2025-09-05T12:56:24+00:00\" \/>\n<meta property=\"og:image\" content=\"https:\/\/diariodelsurdigital.com.ar\/wp-content\/uploads\/2025\/09\/md-22.webp\" \/>\n\t<meta property=\"og:image:width\" content=\"992\" \/>\n\t<meta property=\"og:image:height\" content=\"620\" \/>\n\t<meta property=\"og:image:type\" content=\"image\/webp\" \/>\n<meta name=\"author\" content=\"Diario del Sur Digital\" \/>\n<meta name=\"twitter:card\" content=\"summary_large_image\" \/>\n<meta name=\"twitter:label1\" content=\"Escrito por\" \/>\n\t<meta name=\"twitter:data1\" content=\"Diario del Sur Digital\" \/>\n\t<meta name=\"twitter:label2\" content=\"Tiempo de lectura\" \/>\n\t<meta name=\"twitter:data2\" content=\"2 minutos\" \/>\n<script type=\"application\/ld+json\" class=\"yoast-schema-graph\">{\"@context\":\"https:\\\/\\\/schema.org\",\"@graph\":[{\"@type\":\"Article\",\"@id\":\"https:\\\/\\\/diariodelsurdigital.com.ar\\\/?p=4509#article\",\"isPartOf\":{\"@id\":\"https:\\\/\\\/diariodelsurdigital.com.ar\\\/?p=4509\"},\"author\":{\"name\":\"Diario del Sur Digital\",\"@id\":\"https:\\\/\\\/diariodelsurdigital.com.ar\\\/#\\\/schema\\\/person\\\/1a4992532ed62965c968031b49195c81\"},\"headline\":\"Duro informe de la ONU: afirm\u00f3 que 21.000 ni\u00f1os quedaron discapacitados desde que empez\u00f3 la guerra en Gaza\",\"datePublished\":\"2025-09-05T12:56:22+00:00\",\"dateModified\":\"2025-09-05T12:56:24+00:00\",\"mainEntityOfPage\":{\"@id\":\"https:\\\/\\\/diariodelsurdigital.com.ar\\\/?p=4509\"},\"wordCount\":244,\"commentCount\":0,\"image\":{\"@id\":\"https:\\\/\\\/diariodelsurdigital.com.ar\\\/?p=4509#primaryimage\"},\"thumbnailUrl\":\"https:\\\/\\\/diariodelsurdigital.com.ar\\\/wp-content\\\/uploads\\\/2025\\\/09\\\/md-22.webp\",\"articleSection\":[\"Inter\u00e9s General\",\"Internacionales\"],\"inLanguage\":\"es\",\"potentialAction\":[{\"@type\":\"CommentAction\",\"name\":\"Comment\",\"target\":[\"https:\\\/\\\/diariodelsurdigital.com.ar\\\/?p=4509#respond\"]}]},{\"@type\":\"WebPage\",\"@id\":\"https:\\\/\\\/diariodelsurdigital.com.ar\\\/?p=4509\",\"url\":\"https:\\\/\\\/diariodelsurdigital.com.ar\\\/?p=4509\",\"name\":\"Duro informe de la ONU: afirm\u00f3 que 21.000 ni\u00f1os quedaron discapacitados desde que empez\u00f3 la guerra en Gaza - Diario del Sur\",\"isPartOf\":{\"@id\":\"https:\\\/\\\/diariodelsurdigital.com.ar\\\/#website\"},\"primaryImageOfPage\":{\"@id\":\"https:\\\/\\\/diariodelsurdigital.com.ar\\\/?p=4509#primaryimage\"},\"image\":{\"@id\":\"https:\\\/\\\/diariodelsurdigital.com.ar\\\/?p=4509#primaryimage\"},\"thumbnailUrl\":\"https:\\\/\\\/diariodelsurdigital.com.ar\\\/wp-content\\\/uploads\\\/2025\\\/09\\\/md-22.webp\",\"datePublished\":\"2025-09-05T12:56:22+00:00\",\"dateModified\":\"2025-09-05T12:56:24+00:00\",\"author\":{\"@id\":\"https:\\\/\\\/diariodelsurdigital.com.ar\\\/#\\\/schema\\\/person\\\/1a4992532ed62965c968031b49195c81\"},\"breadcrumb\":{\"@id\":\"https:\\\/\\\/diariodelsurdigital.com.ar\\\/?p=4509#breadcrumb\"},\"inLanguage\":\"es\",\"potentialAction\":[{\"@type\":\"ReadAction\",\"target\":[\"https:\\\/\\\/diariodelsurdigital.com.ar\\\/?p=4509\"]}]},{\"@type\":\"ImageObject\",\"inLanguage\":\"es\",\"@id\":\"https:\\\/\\\/diariodelsurdigital.com.ar\\\/?p=4509#primaryimage\",\"url\":\"https:\\\/\\\/diariodelsurdigital.com.ar\\\/wp-content\\\/uploads\\\/2025\\\/09\\\/md-22.webp\",\"contentUrl\":\"https:\\\/\\\/diariodelsurdigital.com.ar\\\/wp-content\\\/uploads\\\/2025\\\/09\\\/md-22.webp\",\"width\":992,\"height\":620},{\"@type\":\"BreadcrumbList\",\"@id\":\"https:\\\/\\\/diariodelsurdigital.com.ar\\\/?p=4509#breadcrumb\",\"itemListElement\":[{\"@type\":\"ListItem\",\"position\":1,\"name\":\"Portada\",\"item\":\"https:\\\/\\\/diariodelsurdigital.com.ar\\\/\"},{\"@type\":\"ListItem\",\"position\":2,\"name\":\"Duro informe de la ONU: afirm\u00f3 que 21.000 ni\u00f1os quedaron discapacitados desde que empez\u00f3 la guerra en Gaza\"}]},{\"@type\":\"WebSite\",\"@id\":\"https:\\\/\\\/diariodelsurdigital.com.ar\\\/#website\",\"url\":\"https:\\\/\\\/diariodelsurdigital.com.ar\\\/\",\"name\":\"Diario del Sur\",\"description\":\"Digital\",\"potentialAction\":[{\"@type\":\"SearchAction\",\"target\":{\"@type\":\"EntryPoint\",\"urlTemplate\":\"https:\\\/\\\/diariodelsurdigital.com.ar\\\/?s={search_term_string}\"},\"query-input\":{\"@type\":\"PropertyValueSpecification\",\"valueRequired\":true,\"valueName\":\"search_term_string\"}}],\"inLanguage\":\"es\"},{\"@type\":\"Person\",\"@id\":\"https:\\\/\\\/diariodelsurdigital.com.ar\\\/#\\\/schema\\\/person\\\/1a4992532ed62965c968031b49195c81\",\"name\":\"Diario del Sur Digital\",\"image\":{\"@type\":\"ImageObject\",\"inLanguage\":\"es\",\"@id\":\"https:\\\/\\\/secure.gravatar.com\\\/avatar\\\/f0c7c47fc7146d19828273b9b8eda651c9c7ab583767e6338d3d3bee825adf76?s=96&d=mm&r=g\",\"url\":\"https:\\\/\\\/secure.gravatar.com\\\/avatar\\\/f0c7c47fc7146d19828273b9b8eda651c9c7ab583767e6338d3d3bee825adf76?s=96&d=mm&r=g\",\"contentUrl\":\"https:\\\/\\\/secure.gravatar.com\\\/avatar\\\/f0c7c47fc7146d19828273b9b8eda651c9c7ab583767e6338d3d3bee825adf76?s=96&d=mm&r=g\",\"caption\":\"Diario del Sur Digital\"},\"url\":\"https:\\\/\\\/diariodelsurdigital.com.ar\\\/?author=4\"}]}<\/script>\n<!-- \/ Yoast SEO plugin. -->","yoast_head_json":{"title":"Duro informe de la ONU: afirm\u00f3 que 21.000 ni\u00f1os quedaron discapacitados desde que empez\u00f3 la guerra en Gaza - Diario del Sur","robots":{"index":"index","follow":"follow","max-snippet":"max-snippet:-1","max-image-preview":"max-image-preview:large","max-video-preview":"max-video-preview:-1"},"canonical":"https:\/\/diariodelsurdigital.com.ar\/?p=4509","og_locale":"es_ES","og_type":"article","og_title":"Duro informe de la ONU: afirm\u00f3 que 21.000 ni\u00f1os quedaron discapacitados desde que empez\u00f3 la guerra en Gaza - Diario del Sur","og_description":"M\u00e1s de 40.000 sufrieron heridas de guerra. Algunos debieron evacuar \u00e1reas peligrosas arrastr\u00e1ndose por la arena o el barro. As\u00ed lo inform\u00f3 el Comit\u00e9 de la ONU sobre los Derechos de las Personas con Discapacidad (CDPD). El Comit\u00e9 urgi\u00f3 a Israel a adoptar medidas espec\u00edficas para proteger a los ni\u00f1os con discapacidades contra los ataques [&hellip;]","og_url":"https:\/\/diariodelsurdigital.com.ar\/?p=4509","og_site_name":"Diario del Sur","article_published_time":"2025-09-05T12:56:22+00:00","article_modified_time":"2025-09-05T12:56:24+00:00","og_image":[{"width":992,"height":620,"url":"https:\/\/diariodelsurdigital.com.ar\/wp-content\/uploads\/2025\/09\/md-22.webp","type":"image\/webp"}],"author":"Diario del Sur Digital","twitter_card":"summary_large_image","twitter_misc":{"Escrito por":"Diario del Sur Digital","Tiempo de lectura":"2 minutos"},"schema":{"@context":"https:\/\/schema.org","@graph":[{"@type":"Article","@id":"https:\/\/diariodelsurdigital.com.ar\/?p=4509#article","isPartOf":{"@id":"https:\/\/diariodelsurdigital.com.ar\/?p=4509"},"author":{"name":"Diario del Sur Digital","@id":"https:\/\/diariodelsurdigital.com.ar\/#\/schema\/person\/1a4992532ed62965c968031b49195c81"},"headline":"Duro informe de la ONU: afirm\u00f3 que 21.000 ni\u00f1os quedaron discapacitados desde que empez\u00f3 la guerra en Gaza","datePublished":"2025-09-05T12:56:22+00:00","dateModified":"2025-09-05T12:56:24+00:00","mainEntityOfPage":{"@id":"https:\/\/diariodelsurdigital.com.ar\/?p=4509"},"wordCount":244,"commentCount":0,"image":{"@id":"https:\/\/diariodelsurdigital.com.ar\/?p=4509#primaryimage"},"thumbnailUrl":"https:\/\/diariodelsurdigital.com.ar\/wp-content\/uploads\/2025\/09\/md-22.webp","articleSection":["Inter\u00e9s General","Internacionales"],"inLanguage":"es","potentialAction":[{"@type":"CommentAction","name":"Comment","target":["https:\/\/diariodelsurdigital.com.ar\/?p=4509#respond"]}]},{"@type":"WebPage","@id":"https:\/\/diariodelsurdigital.com.ar\/?p=4509","url":"https:\/\/diariodelsurdigital.com.ar\/?p=4509","name":"Duro informe de la ONU: afirm\u00f3 que 21.000 ni\u00f1os quedaron discapacitados desde que empez\u00f3 la guerra en Gaza - Diario del Sur","isPartOf":{"@id":"https:\/\/diariodelsurdigital.com.ar\/#website"},"primaryImageOfPage":{"@id":"https:\/\/diariodelsurdigital.com.ar\/?p=4509#primaryimage"},"image":{"@id":"https:\/\/diariodelsurdigital.com.ar\/?p=4509#primaryimage"},"thumbnailUrl":"https:\/\/diariodelsurdigital.com.ar\/wp-content\/uploads\/2025\/09\/md-22.webp","datePublished":"2025-09-05T12:56:22+00:00","dateModified":"2025-09-05T12:56:24+00:00","author":{"@id":"https:\/\/diariodelsurdigital.com.ar\/#\/schema\/person\/1a4992532ed62965c968031b49195c81"},"breadcrumb":{"@id":"https:\/\/diariodelsurdigital.com.ar\/?p=4509#breadcrumb"},"inLanguage":"es","potentialAction":[{"@type":"ReadAction","target":["https:\/\/diariodelsurdigital.com.ar\/?p=4509"]}]},{"@type":"ImageObject","inLanguage":"es","@id":"https:\/\/diariodelsurdigital.com.ar\/?p=4509#primaryimage","url":"https:\/\/diariodelsurdigital.com.ar\/wp-content\/uploads\/2025\/09\/md-22.webp","contentUrl":"https:\/\/diariodelsurdigital.com.ar\/wp-content\/uploads\/2025\/09\/md-22.webp","width":992,"height":620},{"@type":"BreadcrumbList","@id":"https:\/\/diariodelsurdigital.com.ar\/?p=4509#breadcrumb","itemListElement":[{"@type":"ListItem","position":1,"name":"Portada","item":"https:\/\/diariodelsurdigital.com.ar\/"},{"@type":"ListItem","position":2,"name":"Duro informe de la ONU: afirm\u00f3 que 21.000 ni\u00f1os quedaron discapacitados desde que empez\u00f3 la guerra en Gaza"}]},{"@type":"WebSite","@id":"https:\/\/diariodelsurdigital.com.ar\/#website","url":"https:\/\/diariodelsurdigital.com.ar\/","name":"Diario del Sur","description":"Digital","potentialAction":[{"@type":"SearchAction","target":{"@type":"EntryPoint","urlTemplate":"https:\/\/diariodelsurdigital.com.ar\/?s={search_term_string}"},"query-input":{"@type":"PropertyValueSpecification","valueRequired":true,"valueName":"search_term_string"}}],"inLanguage":"es"},{"@type":"Person","@id":"https:\/\/diariodelsurdigital.com.ar\/#\/schema\/person\/1a4992532ed62965c968031b49195c81","name":"Diario del Sur Digital","image":{"@type":"ImageObject","inLanguage":"es","@id":"https:\/\/secure.gravatar.com\/avatar\/f0c7c47fc7146d19828273b9b8eda651c9c7ab583767e6338d3d3bee825adf76?s=96&d=mm&r=g","url":"https:\/\/secure.gravatar.com\/avatar\/f0c7c47fc7146d19828273b9b8eda651c9c7ab583767e6338d3d3bee825adf76?s=96&d=mm&r=g","contentUrl":"https:\/\/secure.gravatar.com\/avatar\/f0c7c47fc7146d19828273b9b8eda651c9c7ab583767e6338d3d3bee825adf76?s=96&d=mm&r=g","caption":"Diario del Sur Digital"},"url":"https:\/\/diariodelsurdigital.com.ar\/?author=4"}]}},"_links":{"self":[{"href":"https:\/\/diariodelsurdigital.com.ar\/index.php?rest_route=\/wp\/v2\/posts\/4509","targetHints":{"allow":["GET"]}}],"collection":[{"href":"https:\/\/diariodelsurdigital.com.ar\/index.php?rest_route=\/wp\/v2\/posts"}],"about":[{"href":"https:\/\/diariodelsurdigital.com.ar\/index.php?rest_route=\/wp\/v2\/types\/post"}],"author":[{"embeddable":true,"href":"https:\/\/diariodelsurdigital.com.ar\/index.php?rest_route=\/wp\/v2\/users\/4"}],"replies":[{"embeddable":true,"href":"https:\/\/diariodelsurdigital.com.ar\/index.php?rest_route=%2Fwp%2Fv2%2Fcomments&post=4509"}],"version-history":[{"count":1,"href":"https:\/\/diariodelsurdigital.com.ar\/index.php?rest_route=\/wp\/v2\/posts\/4509\/revisions"}],"predecessor-version":[{"id":4511,"href":"https:\/\/diariodelsurdigital.com.ar\/index.php?rest_route=\/wp\/v2\/posts\/4509\/revisions\/4511"}],"wp:featuredmedia":[{"embeddable":true,"href":"https:\/\/diariodelsurdigital.com.ar\/index.php?rest_route=\/wp\/v2\/media\/4510"}],"wp:attachment":[{"href":"https:\/\/diariodelsurdigital.com.ar\/index.php?rest_route=%2Fwp%2Fv2%2Fmedia&parent=4509"}],"wp:term":[{"taxonomy":"category","embeddable":true,"href":"https:\/\/diariodelsurdigital.com.ar\/index.php?rest_route=%2Fwp%2Fv2%2Fcategories&post=4509"},{"taxonomy":"post_tag","embeddable":true,"href":"https:\/\/diariodelsurdigital.com.ar\/index.php?rest_route=%2Fwp%2Fv2%2Ftags&post=4509"}],"curies":[{"name":"wp","href":"https:\/\/api.w.org\/{rel}","templated":true}]}}