{"id":4532,"date":"2025-09-06T20:23:04","date_gmt":"2025-09-06T23:23:04","guid":{"rendered":"https:\/\/diariodelsurdigital.com.ar\/?p=4532"},"modified":"2025-09-06T20:35:02","modified_gmt":"2025-09-06T23:35:02","slug":"ninos-de-puerto-yerua-vivieron-un-finde-a-puro-look-y-cortes-de-cabello","status":"publish","type":"post","link":"https:\/\/diariodelsurdigital.com.ar\/?p=4532","title":{"rendered":"Ni\u00f1os de Puerto Yeru\u00e1 vivieron un finde a Puro Look y cortes de cabello"},"content":{"rendered":"\n<p>Durante la jornada de este s\u00e1bado, un numeroso grupo de ni\u00f1os de la localidad de Puerto Yeru\u00e1, disfrutaron de una espl\u00e9ndida tarde de entretenimientos, diversi\u00f3n, sorteos de juguetes y cortes de cabello a cargo de los estudiantes de peluqueros del Sal\u00f3n Comunitario N\u00b07 del barrio Pancho Ram\u00edrez.<\/p>\n\n\n\n<figure class=\"wp-block-image size-full\"><img loading=\"lazy\" decoding=\"async\" width=\"640\" height=\"437\" src=\"https:\/\/diariodelsurdigital.com.ar\/wp-content\/uploads\/2025\/09\/Imagen-de-WhatsApp-2025-09-06-a-las-20.01.16_3d4dd54e.jpg\" alt=\"\" class=\"wp-image-4539\" srcset=\"https:\/\/diariodelsurdigital.com.ar\/wp-content\/uploads\/2025\/09\/Imagen-de-WhatsApp-2025-09-06-a-las-20.01.16_3d4dd54e.jpg 640w, https:\/\/diariodelsurdigital.com.ar\/wp-content\/uploads\/2025\/09\/Imagen-de-WhatsApp-2025-09-06-a-las-20.01.16_3d4dd54e-300x205.jpg 300w, https:\/\/diariodelsurdigital.com.ar\/wp-content\/uploads\/2025\/09\/Imagen-de-WhatsApp-2025-09-06-a-las-20.01.16_3d4dd54e-615x420.jpg 615w, https:\/\/diariodelsurdigital.com.ar\/wp-content\/uploads\/2025\/09\/Imagen-de-WhatsApp-2025-09-06-a-las-20.01.16_3d4dd54e-218x150.jpg 218w\" sizes=\"auto, (max-width: 640px) 100vw, 640px\" \/><\/figure>\n\n\n\n<p>El evento fue organizado por la Asociaci\u00f3n Artiguista de la Regi\u00f3n de Salto Grande con la participaci\u00f3n de vecinos, adherentes, docentes y el aporte de juguetes y golosinas por parte de la concejal Claudia Kinderknegt, comerciantes de Puerto Yeru\u00e1, el aporte tambi\u00e9n de Valeria Wehren y la coordinaci\u00f3n estuvo cargo de la profesora Julieta Ferrer.<\/p>\n\n\n\n<figure class=\"wp-block-image size-full\"><img loading=\"lazy\" decoding=\"async\" width=\"741\" height=\"600\" src=\"https:\/\/diariodelsurdigital.com.ar\/wp-content\/uploads\/2025\/09\/Imagen-de-WhatsApp-2025-09-06-a-las-20.01.14_1b97ba77.jpg\" alt=\"\" class=\"wp-image-4534\" srcset=\"https:\/\/diariodelsurdigital.com.ar\/wp-content\/uploads\/2025\/09\/Imagen-de-WhatsApp-2025-09-06-a-las-20.01.14_1b97ba77.jpg 741w, https:\/\/diariodelsurdigital.com.ar\/wp-content\/uploads\/2025\/09\/Imagen-de-WhatsApp-2025-09-06-a-las-20.01.14_1b97ba77-300x243.jpg 300w, https:\/\/diariodelsurdigital.com.ar\/wp-content\/uploads\/2025\/09\/Imagen-de-WhatsApp-2025-09-06-a-las-20.01.14_1b97ba77-519x420.jpg 519w, https:\/\/diariodelsurdigital.com.ar\/wp-content\/uploads\/2025\/09\/Imagen-de-WhatsApp-2025-09-06-a-las-20.01.14_1b97ba77-696x564.jpg 696w\" sizes=\"auto, (max-width: 741px) 100vw, 741px\" \/><\/figure>\n\n\n\n<p>Los organizadores agradecieron la presencia de los estudiantes de peluquer\u00eda, Miqueas Kemerer, Jonathan Ponce, Gabriel Bord\u00f3n, Mart\u00edn Gallegos y Melina Andrada, quienes de una forma desinteresada y totalmente gratuita cortaron el cabello aplicando los distintos estilos como el taper fade, degradee, low fade, etc. y en el caso de Melina, el maquillaje art\u00edstico para las ni\u00f1as.<\/p>\n\n\n\n<figure class=\"wp-block-image size-full\"><img loading=\"lazy\" decoding=\"async\" width=\"576\" height=\"368\" src=\"https:\/\/diariodelsurdigital.com.ar\/wp-content\/uploads\/2025\/09\/Imagen-de-WhatsApp-2025-09-06-a-las-20.01.06_9fa762e1-2.jpg\" alt=\"\" class=\"wp-image-4538\" srcset=\"https:\/\/diariodelsurdigital.com.ar\/wp-content\/uploads\/2025\/09\/Imagen-de-WhatsApp-2025-09-06-a-las-20.01.06_9fa762e1-2.jpg 576w, https:\/\/diariodelsurdigital.com.ar\/wp-content\/uploads\/2025\/09\/Imagen-de-WhatsApp-2025-09-06-a-las-20.01.06_9fa762e1-2-300x192.jpg 300w\" sizes=\"auto, (max-width: 576px) 100vw, 576px\" \/><\/figure>\n\n\n\n<figure class=\"wp-block-image size-full\"><img loading=\"lazy\" decoding=\"async\" width=\"560\" height=\"397\" src=\"https:\/\/diariodelsurdigital.com.ar\/wp-content\/uploads\/2025\/09\/Imagen-de-WhatsApp-2025-09-06-a-las-20.01.14_b6a37aae-1.jpg\" alt=\"\" class=\"wp-image-4540\" srcset=\"https:\/\/diariodelsurdigital.com.ar\/wp-content\/uploads\/2025\/09\/Imagen-de-WhatsApp-2025-09-06-a-las-20.01.14_b6a37aae-1.jpg 560w, https:\/\/diariodelsurdigital.com.ar\/wp-content\/uploads\/2025\/09\/Imagen-de-WhatsApp-2025-09-06-a-las-20.01.14_b6a37aae-1-300x213.jpg 300w, https:\/\/diariodelsurdigital.com.ar\/wp-content\/uploads\/2025\/09\/Imagen-de-WhatsApp-2025-09-06-a-las-20.01.14_b6a37aae-1-100x70.jpg 100w\" sizes=\"auto, (max-width: 560px) 100vw, 560px\" \/><\/figure>\n\n\n\n<figure class=\"wp-block-image size-full\"><img loading=\"lazy\" decoding=\"async\" width=\"640\" height=\"363\" src=\"https:\/\/diariodelsurdigital.com.ar\/wp-content\/uploads\/2025\/09\/Imagen-de-WhatsApp-2025-09-06-a-las-20.25.55_24d7d79f.jpg\" alt=\"\" class=\"wp-image-4543\" srcset=\"https:\/\/diariodelsurdigital.com.ar\/wp-content\/uploads\/2025\/09\/Imagen-de-WhatsApp-2025-09-06-a-las-20.25.55_24d7d79f.jpg 640w, https:\/\/diariodelsurdigital.com.ar\/wp-content\/uploads\/2025\/09\/Imagen-de-WhatsApp-2025-09-06-a-las-20.25.55_24d7d79f-300x170.jpg 300w\" sizes=\"auto, (max-width: 640px) 100vw, 640px\" \/><\/figure>\n\n\n\n<figure class=\"wp-block-image size-full\"><img loading=\"lazy\" decoding=\"async\" width=\"640\" height=\"480\" src=\"https:\/\/diariodelsurdigital.com.ar\/wp-content\/uploads\/2025\/09\/Imagen-de-WhatsApp-2025-09-06-a-las-20.01.16_e9c0decf.jpg\" alt=\"\" class=\"wp-image-4547\" srcset=\"https:\/\/diariodelsurdigital.com.ar\/wp-content\/uploads\/2025\/09\/Imagen-de-WhatsApp-2025-09-06-a-las-20.01.16_e9c0decf.jpg 640w, https:\/\/diariodelsurdigital.com.ar\/wp-content\/uploads\/2025\/09\/Imagen-de-WhatsApp-2025-09-06-a-las-20.01.16_e9c0decf-300x225.jpg 300w, https:\/\/diariodelsurdigital.com.ar\/wp-content\/uploads\/2025\/09\/Imagen-de-WhatsApp-2025-09-06-a-las-20.01.16_e9c0decf-560x420.jpg 560w, https:\/\/diariodelsurdigital.com.ar\/wp-content\/uploads\/2025\/09\/Imagen-de-WhatsApp-2025-09-06-a-las-20.01.16_e9c0decf-80x60.jpg 80w, https:\/\/diariodelsurdigital.com.ar\/wp-content\/uploads\/2025\/09\/Imagen-de-WhatsApp-2025-09-06-a-las-20.01.16_e9c0decf-265x198.jpg 265w\" sizes=\"auto, (max-width: 640px) 100vw, 640px\" \/><\/figure>\n\n\n\n<figure class=\"wp-block-image size-full\"><img loading=\"lazy\" decoding=\"async\" width=\"640\" height=\"480\" src=\"https:\/\/diariodelsurdigital.com.ar\/wp-content\/uploads\/2025\/09\/Imagen-de-WhatsApp-2025-09-06-a-las-20.01.17_dc91bc81-1.jpg\" alt=\"\" class=\"wp-image-4551\" srcset=\"https:\/\/diariodelsurdigital.com.ar\/wp-content\/uploads\/2025\/09\/Imagen-de-WhatsApp-2025-09-06-a-las-20.01.17_dc91bc81-1.jpg 640w, https:\/\/diariodelsurdigital.com.ar\/wp-content\/uploads\/2025\/09\/Imagen-de-WhatsApp-2025-09-06-a-las-20.01.17_dc91bc81-1-300x225.jpg 300w, https:\/\/diariodelsurdigital.com.ar\/wp-content\/uploads\/2025\/09\/Imagen-de-WhatsApp-2025-09-06-a-las-20.01.17_dc91bc81-1-560x420.jpg 560w, https:\/\/diariodelsurdigital.com.ar\/wp-content\/uploads\/2025\/09\/Imagen-de-WhatsApp-2025-09-06-a-las-20.01.17_dc91bc81-1-80x60.jpg 80w, https:\/\/diariodelsurdigital.com.ar\/wp-content\/uploads\/2025\/09\/Imagen-de-WhatsApp-2025-09-06-a-las-20.01.17_dc91bc81-1-265x198.jpg 265w\" sizes=\"auto, (max-width: 640px) 100vw, 640px\" \/><\/figure>\n","protected":false},"excerpt":{"rendered":"<p>Durante la jornada de este s\u00e1bado, un numeroso grupo de ni\u00f1os de la localidad de Puerto Yeru\u00e1, disfrutaron de una espl\u00e9ndida tarde de entretenimientos, diversi\u00f3n, sorteos de juguetes y cortes de cabello a cargo de los estudiantes de peluqueros del Sal\u00f3n Comunitario N\u00b07 del barrio Pancho Ram\u00edrez. El evento fue organizado por la Asociaci\u00f3n Artiguista [&hellip;]<\/p>\n","protected":false},"author":2,"featured_media":4533,"comment_status":"open","ping_status":"open","sticky":false,"template":"","format":"standard","meta":{"footnotes":""},"categories":[19,16],"tags":[],"class_list":{"0":"post-4532","1":"post","2":"type-post","3":"status-publish","4":"format-standard","5":"has-post-thumbnail","7":"category-interes-general","8":"category-locales"},"yoast_head":"<!-- This site is optimized with the Yoast SEO plugin v27.4 - https:\/\/yoast.com\/product\/yoast-seo-wordpress\/ -->\n<title>Ni\u00f1os de Puerto Yeru\u00e1 vivieron un finde a Puro Look y cortes de cabello - Diario del Sur<\/title>\n<meta name=\"robots\" content=\"index, follow, max-snippet:-1, max-image-preview:large, max-video-preview:-1\" \/>\n<link rel=\"canonical\" href=\"https:\/\/diariodelsurdigital.com.ar\/?p=4532\" \/>\n<meta property=\"og:locale\" content=\"es_ES\" \/>\n<meta property=\"og:type\" content=\"article\" \/>\n<meta property=\"og:title\" content=\"Ni\u00f1os de Puerto Yeru\u00e1 vivieron un finde a Puro Look y cortes de cabello - Diario del Sur\" \/>\n<meta property=\"og:description\" content=\"Durante la jornada de este s\u00e1bado, un numeroso grupo de ni\u00f1os de la localidad de Puerto Yeru\u00e1, disfrutaron de una espl\u00e9ndida tarde de entretenimientos, diversi\u00f3n, sorteos de juguetes y cortes de cabello a cargo de los estudiantes de peluqueros del Sal\u00f3n Comunitario N\u00b07 del barrio Pancho Ram\u00edrez. El evento fue organizado por la Asociaci\u00f3n Artiguista [&hellip;]\" \/>\n<meta property=\"og:url\" content=\"https:\/\/diariodelsurdigital.com.ar\/?p=4532\" \/>\n<meta property=\"og:site_name\" content=\"Diario del Sur\" \/>\n<meta property=\"article:published_time\" content=\"2025-09-06T23:23:04+00:00\" \/>\n<meta property=\"article:modified_time\" content=\"2025-09-06T23:35:02+00:00\" \/>\n<meta property=\"og:image\" content=\"https:\/\/diariodelsurdigital.com.ar\/wp-content\/uploads\/2025\/09\/Imagen-de-WhatsApp-2025-09-06-a-las-20.01.14_89689f35.jpg\" \/>\n\t<meta property=\"og:image:width\" content=\"458\" \/>\n\t<meta property=\"og:image:height\" content=\"310\" \/>\n\t<meta property=\"og:image:type\" content=\"image\/jpeg\" \/>\n<meta name=\"author\" content=\"Diario del Sur Digital\" \/>\n<meta name=\"twitter:card\" content=\"summary_large_image\" \/>\n<meta name=\"twitter:label1\" content=\"Escrito por\" \/>\n\t<meta name=\"twitter:data1\" content=\"Diario del Sur Digital\" \/>\n\t<meta name=\"twitter:label2\" content=\"Tiempo de lectura\" \/>\n\t<meta name=\"twitter:data2\" content=\"3 minutos\" \/>\n<script type=\"application\/ld+json\" class=\"yoast-schema-graph\">{\"@context\":\"https:\\\/\\\/schema.org\",\"@graph\":[{\"@type\":\"Article\",\"@id\":\"https:\\\/\\\/diariodelsurdigital.com.ar\\\/?p=4532#article\",\"isPartOf\":{\"@id\":\"https:\\\/\\\/diariodelsurdigital.com.ar\\\/?p=4532\"},\"author\":{\"name\":\"Diario del Sur Digital\",\"@id\":\"https:\\\/\\\/diariodelsurdigital.com.ar\\\/#\\\/schema\\\/person\\\/6136a32571657f7dba980b88b04c5465\"},\"headline\":\"Ni\u00f1os de Puerto Yeru\u00e1 vivieron un finde a Puro Look y cortes de cabello\",\"datePublished\":\"2025-09-06T23:23:04+00:00\",\"dateModified\":\"2025-09-06T23:35:02+00:00\",\"mainEntityOfPage\":{\"@id\":\"https:\\\/\\\/diariodelsurdigital.com.ar\\\/?p=4532\"},\"wordCount\":189,\"commentCount\":1,\"image\":{\"@id\":\"https:\\\/\\\/diariodelsurdigital.com.ar\\\/?p=4532#primaryimage\"},\"thumbnailUrl\":\"https:\\\/\\\/diariodelsurdigital.com.ar\\\/wp-content\\\/uploads\\\/2025\\\/09\\\/Imagen-de-WhatsApp-2025-09-06-a-las-20.01.14_89689f35.jpg\",\"articleSection\":[\"Inter\u00e9s General\",\"Locales\"],\"inLanguage\":\"es\",\"potentialAction\":[{\"@type\":\"CommentAction\",\"name\":\"Comment\",\"target\":[\"https:\\\/\\\/diariodelsurdigital.com.ar\\\/?p=4532#respond\"]}]},{\"@type\":\"WebPage\",\"@id\":\"https:\\\/\\\/diariodelsurdigital.com.ar\\\/?p=4532\",\"url\":\"https:\\\/\\\/diariodelsurdigital.com.ar\\\/?p=4532\",\"name\":\"Ni\u00f1os de Puerto Yeru\u00e1 vivieron un finde a Puro Look y cortes de cabello - Diario del Sur\",\"isPartOf\":{\"@id\":\"https:\\\/\\\/diariodelsurdigital.com.ar\\\/#website\"},\"primaryImageOfPage\":{\"@id\":\"https:\\\/\\\/diariodelsurdigital.com.ar\\\/?p=4532#primaryimage\"},\"image\":{\"@id\":\"https:\\\/\\\/diariodelsurdigital.com.ar\\\/?p=4532#primaryimage\"},\"thumbnailUrl\":\"https:\\\/\\\/diariodelsurdigital.com.ar\\\/wp-content\\\/uploads\\\/2025\\\/09\\\/Imagen-de-WhatsApp-2025-09-06-a-las-20.01.14_89689f35.jpg\",\"datePublished\":\"2025-09-06T23:23:04+00:00\",\"dateModified\":\"2025-09-06T23:35:02+00:00\",\"author\":{\"@id\":\"https:\\\/\\\/diariodelsurdigital.com.ar\\\/#\\\/schema\\\/person\\\/6136a32571657f7dba980b88b04c5465\"},\"breadcrumb\":{\"@id\":\"https:\\\/\\\/diariodelsurdigital.com.ar\\\/?p=4532#breadcrumb\"},\"inLanguage\":\"es\",\"potentialAction\":[{\"@type\":\"ReadAction\",\"target\":[\"https:\\\/\\\/diariodelsurdigital.com.ar\\\/?p=4532\"]}]},{\"@type\":\"ImageObject\",\"inLanguage\":\"es\",\"@id\":\"https:\\\/\\\/diariodelsurdigital.com.ar\\\/?p=4532#primaryimage\",\"url\":\"https:\\\/\\\/diariodelsurdigital.com.ar\\\/wp-content\\\/uploads\\\/2025\\\/09\\\/Imagen-de-WhatsApp-2025-09-06-a-las-20.01.14_89689f35.jpg\",\"contentUrl\":\"https:\\\/\\\/diariodelsurdigital.com.ar\\\/wp-content\\\/uploads\\\/2025\\\/09\\\/Imagen-de-WhatsApp-2025-09-06-a-las-20.01.14_89689f35.jpg\",\"width\":458,\"height\":310},{\"@type\":\"BreadcrumbList\",\"@id\":\"https:\\\/\\\/diariodelsurdigital.com.ar\\\/?p=4532#breadcrumb\",\"itemListElement\":[{\"@type\":\"ListItem\",\"position\":1,\"name\":\"Portada\",\"item\":\"https:\\\/\\\/diariodelsurdigital.com.ar\\\/\"},{\"@type\":\"ListItem\",\"position\":2,\"name\":\"Ni\u00f1os de Puerto Yeru\u00e1 vivieron un finde a Puro Look y cortes de cabello\"}]},{\"@type\":\"WebSite\",\"@id\":\"https:\\\/\\\/diariodelsurdigital.com.ar\\\/#website\",\"url\":\"https:\\\/\\\/diariodelsurdigital.com.ar\\\/\",\"name\":\"Diario del Sur\",\"description\":\"Digital\",\"potentialAction\":[{\"@type\":\"SearchAction\",\"target\":{\"@type\":\"EntryPoint\",\"urlTemplate\":\"https:\\\/\\\/diariodelsurdigital.com.ar\\\/?s={search_term_string}\"},\"query-input\":{\"@type\":\"PropertyValueSpecification\",\"valueRequired\":true,\"valueName\":\"search_term_string\"}}],\"inLanguage\":\"es\"},{\"@type\":\"Person\",\"@id\":\"https:\\\/\\\/diariodelsurdigital.com.ar\\\/#\\\/schema\\\/person\\\/6136a32571657f7dba980b88b04c5465\",\"name\":\"Diario del Sur Digital\",\"image\":{\"@type\":\"ImageObject\",\"inLanguage\":\"es\",\"@id\":\"https:\\\/\\\/secure.gravatar.com\\\/avatar\\\/4c29ceac98541dd42460b2474aaa5dd37594d6ce6cb3cf2c101d09b48ee287ba?s=96&d=mm&r=g\",\"url\":\"https:\\\/\\\/secure.gravatar.com\\\/avatar\\\/4c29ceac98541dd42460b2474aaa5dd37594d6ce6cb3cf2c101d09b48ee287ba?s=96&d=mm&r=g\",\"contentUrl\":\"https:\\\/\\\/secure.gravatar.com\\\/avatar\\\/4c29ceac98541dd42460b2474aaa5dd37594d6ce6cb3cf2c101d09b48ee287ba?s=96&d=mm&r=g\",\"caption\":\"Diario del Sur Digital\"},\"url\":\"https:\\\/\\\/diariodelsurdigital.com.ar\\\/?author=2\"}]}<\/script>\n<!-- \/ Yoast SEO plugin. -->","yoast_head_json":{"title":"Ni\u00f1os de Puerto Yeru\u00e1 vivieron un finde a Puro Look y cortes de cabello - Diario del Sur","robots":{"index":"index","follow":"follow","max-snippet":"max-snippet:-1","max-image-preview":"max-image-preview:large","max-video-preview":"max-video-preview:-1"},"canonical":"https:\/\/diariodelsurdigital.com.ar\/?p=4532","og_locale":"es_ES","og_type":"article","og_title":"Ni\u00f1os de Puerto Yeru\u00e1 vivieron un finde a Puro Look y cortes de cabello - Diario del Sur","og_description":"Durante la jornada de este s\u00e1bado, un numeroso grupo de ni\u00f1os de la localidad de Puerto Yeru\u00e1, disfrutaron de una espl\u00e9ndida tarde de entretenimientos, diversi\u00f3n, sorteos de juguetes y cortes de cabello a cargo de los estudiantes de peluqueros del Sal\u00f3n Comunitario N\u00b07 del barrio Pancho Ram\u00edrez. El evento fue organizado por la Asociaci\u00f3n Artiguista [&hellip;]","og_url":"https:\/\/diariodelsurdigital.com.ar\/?p=4532","og_site_name":"Diario del Sur","article_published_time":"2025-09-06T23:23:04+00:00","article_modified_time":"2025-09-06T23:35:02+00:00","og_image":[{"width":458,"height":310,"url":"https:\/\/diariodelsurdigital.com.ar\/wp-content\/uploads\/2025\/09\/Imagen-de-WhatsApp-2025-09-06-a-las-20.01.14_89689f35.jpg","type":"image\/jpeg"}],"author":"Diario del Sur Digital","twitter_card":"summary_large_image","twitter_misc":{"Escrito por":"Diario del Sur Digital","Tiempo de lectura":"3 minutos"},"schema":{"@context":"https:\/\/schema.org","@graph":[{"@type":"Article","@id":"https:\/\/diariodelsurdigital.com.ar\/?p=4532#article","isPartOf":{"@id":"https:\/\/diariodelsurdigital.com.ar\/?p=4532"},"author":{"name":"Diario del Sur Digital","@id":"https:\/\/diariodelsurdigital.com.ar\/#\/schema\/person\/6136a32571657f7dba980b88b04c5465"},"headline":"Ni\u00f1os de Puerto Yeru\u00e1 vivieron un finde a Puro Look y cortes de cabello","datePublished":"2025-09-06T23:23:04+00:00","dateModified":"2025-09-06T23:35:02+00:00","mainEntityOfPage":{"@id":"https:\/\/diariodelsurdigital.com.ar\/?p=4532"},"wordCount":189,"commentCount":1,"image":{"@id":"https:\/\/diariodelsurdigital.com.ar\/?p=4532#primaryimage"},"thumbnailUrl":"https:\/\/diariodelsurdigital.com.ar\/wp-content\/uploads\/2025\/09\/Imagen-de-WhatsApp-2025-09-06-a-las-20.01.14_89689f35.jpg","articleSection":["Inter\u00e9s General","Locales"],"inLanguage":"es","potentialAction":[{"@type":"CommentAction","name":"Comment","target":["https:\/\/diariodelsurdigital.com.ar\/?p=4532#respond"]}]},{"@type":"WebPage","@id":"https:\/\/diariodelsurdigital.com.ar\/?p=4532","url":"https:\/\/diariodelsurdigital.com.ar\/?p=4532","name":"Ni\u00f1os de Puerto Yeru\u00e1 vivieron un finde a Puro Look y cortes de cabello - Diario del Sur","isPartOf":{"@id":"https:\/\/diariodelsurdigital.com.ar\/#website"},"primaryImageOfPage":{"@id":"https:\/\/diariodelsurdigital.com.ar\/?p=4532#primaryimage"},"image":{"@id":"https:\/\/diariodelsurdigital.com.ar\/?p=4532#primaryimage"},"thumbnailUrl":"https:\/\/diariodelsurdigital.com.ar\/wp-content\/uploads\/2025\/09\/Imagen-de-WhatsApp-2025-09-06-a-las-20.01.14_89689f35.jpg","datePublished":"2025-09-06T23:23:04+00:00","dateModified":"2025-09-06T23:35:02+00:00","author":{"@id":"https:\/\/diariodelsurdigital.com.ar\/#\/schema\/person\/6136a32571657f7dba980b88b04c5465"},"breadcrumb":{"@id":"https:\/\/diariodelsurdigital.com.ar\/?p=4532#breadcrumb"},"inLanguage":"es","potentialAction":[{"@type":"ReadAction","target":["https:\/\/diariodelsurdigital.com.ar\/?p=4532"]}]},{"@type":"ImageObject","inLanguage":"es","@id":"https:\/\/diariodelsurdigital.com.ar\/?p=4532#primaryimage","url":"https:\/\/diariodelsurdigital.com.ar\/wp-content\/uploads\/2025\/09\/Imagen-de-WhatsApp-2025-09-06-a-las-20.01.14_89689f35.jpg","contentUrl":"https:\/\/diariodelsurdigital.com.ar\/wp-content\/uploads\/2025\/09\/Imagen-de-WhatsApp-2025-09-06-a-las-20.01.14_89689f35.jpg","width":458,"height":310},{"@type":"BreadcrumbList","@id":"https:\/\/diariodelsurdigital.com.ar\/?p=4532#breadcrumb","itemListElement":[{"@type":"ListItem","position":1,"name":"Portada","item":"https:\/\/diariodelsurdigital.com.ar\/"},{"@type":"ListItem","position":2,"name":"Ni\u00f1os de Puerto Yeru\u00e1 vivieron un finde a Puro Look y cortes de cabello"}]},{"@type":"WebSite","@id":"https:\/\/diariodelsurdigital.com.ar\/#website","url":"https:\/\/diariodelsurdigital.com.ar\/","name":"Diario del Sur","description":"Digital","potentialAction":[{"@type":"SearchAction","target":{"@type":"EntryPoint","urlTemplate":"https:\/\/diariodelsurdigital.com.ar\/?s={search_term_string}"},"query-input":{"@type":"PropertyValueSpecification","valueRequired":true,"valueName":"search_term_string"}}],"inLanguage":"es"},{"@type":"Person","@id":"https:\/\/diariodelsurdigital.com.ar\/#\/schema\/person\/6136a32571657f7dba980b88b04c5465","name":"Diario del Sur Digital","image":{"@type":"ImageObject","inLanguage":"es","@id":"https:\/\/secure.gravatar.com\/avatar\/4c29ceac98541dd42460b2474aaa5dd37594d6ce6cb3cf2c101d09b48ee287ba?s=96&d=mm&r=g","url":"https:\/\/secure.gravatar.com\/avatar\/4c29ceac98541dd42460b2474aaa5dd37594d6ce6cb3cf2c101d09b48ee287ba?s=96&d=mm&r=g","contentUrl":"https:\/\/secure.gravatar.com\/avatar\/4c29ceac98541dd42460b2474aaa5dd37594d6ce6cb3cf2c101d09b48ee287ba?s=96&d=mm&r=g","caption":"Diario del Sur Digital"},"url":"https:\/\/diariodelsurdigital.com.ar\/?author=2"}]}},"_links":{"self":[{"href":"https:\/\/diariodelsurdigital.com.ar\/index.php?rest_route=\/wp\/v2\/posts\/4532","targetHints":{"allow":["GET"]}}],"collection":[{"href":"https:\/\/diariodelsurdigital.com.ar\/index.php?rest_route=\/wp\/v2\/posts"}],"about":[{"href":"https:\/\/diariodelsurdigital.com.ar\/index.php?rest_route=\/wp\/v2\/types\/post"}],"author":[{"embeddable":true,"href":"https:\/\/diariodelsurdigital.com.ar\/index.php?rest_route=\/wp\/v2\/users\/2"}],"replies":[{"embeddable":true,"href":"https:\/\/diariodelsurdigital.com.ar\/index.php?rest_route=%2Fwp%2Fv2%2Fcomments&post=4532"}],"version-history":[{"count":5,"href":"https:\/\/diariodelsurdigital.com.ar\/index.php?rest_route=\/wp\/v2\/posts\/4532\/revisions"}],"predecessor-version":[{"id":4552,"href":"https:\/\/diariodelsurdigital.com.ar\/index.php?rest_route=\/wp\/v2\/posts\/4532\/revisions\/4552"}],"wp:featuredmedia":[{"embeddable":true,"href":"https:\/\/diariodelsurdigital.com.ar\/index.php?rest_route=\/wp\/v2\/media\/4533"}],"wp:attachment":[{"href":"https:\/\/diariodelsurdigital.com.ar\/index.php?rest_route=%2Fwp%2Fv2%2Fmedia&parent=4532"}],"wp:term":[{"taxonomy":"category","embeddable":true,"href":"https:\/\/diariodelsurdigital.com.ar\/index.php?rest_route=%2Fwp%2Fv2%2Fcategories&post=4532"},{"taxonomy":"post_tag","embeddable":true,"href":"https:\/\/diariodelsurdigital.com.ar\/index.php?rest_route=%2Fwp%2Fv2%2Ftags&post=4532"}],"curies":[{"name":"wp","href":"https:\/\/api.w.org\/{rel}","templated":true}]}}