{"id":4554,"date":"2025-09-07T16:06:46","date_gmt":"2025-09-07T19:06:46","guid":{"rendered":"https:\/\/diariodelsurdigital.com.ar\/?p=4554"},"modified":"2025-09-07T16:06:47","modified_gmt":"2025-09-07T19:06:47","slug":"en-8-meses-6-policias-de-un-departamento-entrerriano-fueron-denunciados-por-violencia-de-genero","status":"publish","type":"post","link":"https:\/\/diariodelsurdigital.com.ar\/?p=4554","title":{"rendered":"En 8 meses, 6 polic\u00edas de un departamento entrerriano fueron denunciados por violencia de g\u00e9nero"},"content":{"rendered":"\n<figure class=\"wp-block-image\"><img decoding=\"async\" src=\"https:\/\/media.elentrerios.com\/fotos-v2\/2023\/04\/28\/l_1682724536.jpg\" alt=\"\" title=\"\"\/><\/figure>\n\n\n\n<p>La violencia de g\u00e9nero volvi\u00f3 a estar en el centro del debate en Entre R\u00edos. Seg\u00fan confirm\u00f3 el jefe departamental de la Polic\u00eda de Gualeguaych\u00fa, Luis B\u00e1ez, en lo que va de 2025 se registraron seis denuncias contra agentes policiales. La mayor\u00eda de ellas se enmarcaron en situaciones de violencia psicol\u00f3gica o verbal hacia sus parejas.<\/p>\n\n\n\n<p>El dato cobr\u00f3 relevancia a ra\u00edz del intento de femicidio ocurrido hace dos semanas, cuando Carolina Huck fue atacada por su pareja, el funcionario policial Mariano Corval\u00e1n, quien luego intent\u00f3 quitarse la vida. Ambos permanecen internados en el Hospital Centenario y el caso encendi\u00f3 las alarmas sobre las medidas preventivas dentro de la fuerza.<\/p>\n\n\n\n<h3 class=\"wp-block-heading\">El protocolo vigente desde 2015<\/h3>\n\n\n\n<p>La jefa de la Divisi\u00f3n de Secretar\u00eda General y Personal de la Polic\u00eda, Beatriz Gauna, explic\u00f3 que desde 2015 est\u00e1 en funcionamiento un protocolo interno, identificado como \u201ccontenido 862\u201d. Este regula los pasos a seguir cuando un funcionario es denunciado por violencia de g\u00e9nero.<\/p>\n\n\n\n<p>\u201cCuando tomamos conocimiento de una denuncia, se notifica al agente y a los superiores. Se procede a la retenci\u00f3n del arma reglamentaria y se inicia un sumario\u201d, detall\u00f3 Gauna. Luego, el caso es elevado a la Junta M\u00e9dica Superior, integrada por un psic\u00f3logo, un psiquiatra y un m\u00e9dico cl\u00ednico, que eval\u00faan al funcionario denunciado.<\/p>\n\n\n\n<p>En esta etapa, la junta emite un informe que generalmente otorga un \u201capto parcial\u201d: el polic\u00eda puede portar su arma \u00fanicamente durante el servicio, pero debe dejarla bajo resguardo al finalizar la jornada. Solo tras cumplir con evaluaciones m\u00e9dicas favorables, resoluciones administrativas y capacitaciones obligatorias, puede recuperar el arma de manera definitiva.<\/p>\n\n\n\n<h3 class=\"wp-block-heading\">Seguimiento y capacitaciones<\/h3>\n\n\n\n<p>Gauna destac\u00f3 que adem\u00e1s de las evaluaciones m\u00e9dicas, el agente denunciado debe realizar un curso de violencia de g\u00e9nero dictado en Paran\u00e1, que actualmente tambi\u00e9n se ofrece en modalidad virtual. \u201cEn el caso de violencia de g\u00e9nero es muy raro que se lo aparte de la fuerza, salvo que existan m\u00e1s denuncias\u201d, aclar\u00f3.<\/p>\n\n\n\n<p>La funcionaria agreg\u00f3 que el contralor incluye no solo el aspecto m\u00e9dico, sino tambi\u00e9n un seguimiento permanente de las actuaciones administrativas y judiciales del denunciado. \u201cSiempre hubo acompa\u00f1amiento, pero algunos funcionarios son reacios a acudir a los psic\u00f3logos. Hoy hay m\u00e1s apertura, y m\u00e1s agentes que piden ayuda\u201d, afirm\u00f3.<\/p>\n\n\n\n<h3 class=\"wp-block-heading\">Condenas a polic\u00edas por violencia de g\u00e9nero<\/h3>\n\n\n\n<p>Desde la Fiscal\u00eda de G\u00e9nero precisaron que actualmente hay dos sentencias condenatorias contra funcionarios policiales que esperan quedar firmes.<\/p>\n\n\n\n<p>La primera contempla tres a\u00f1os y seis meses de prisi\u00f3n efectiva por amenazas coactivas agravadas por el uso de un arma, confirmada por Casaci\u00f3n el 19 de agosto de 2025. La segunda condena, elevada a la C\u00e1mara de Casaci\u00f3n Penal de Concordia, incluye la pena de dos a\u00f1os de prisi\u00f3n en suspenso y una inhabilitaci\u00f3n especial de dos a\u00f1os y ocho meses para ejercer cargos p\u00fablicos, por los delitos de privaci\u00f3n ileg\u00edtima de la libertad y abuso de autoridad en un contexto de violencia de g\u00e9nero.<\/p>\n\n\n\n<p>Fuente: El Entre Rios<\/p>\n","protected":false},"excerpt":{"rendered":"<p>La violencia de g\u00e9nero volvi\u00f3 a estar en el centro del debate en Entre R\u00edos. Seg\u00fan confirm\u00f3 el jefe departamental de la Polic\u00eda de Gualeguaych\u00fa, Luis B\u00e1ez, en lo que va de 2025 se registraron seis denuncias contra agentes policiales. La mayor\u00eda de ellas se enmarcaron en situaciones de violencia psicol\u00f3gica o verbal hacia sus [&hellip;]<\/p>\n","protected":false},"author":3,"featured_media":4555,"comment_status":"open","ping_status":"open","sticky":false,"template":"","format":"standard","meta":{"footnotes":""},"categories":[17],"tags":[],"class_list":{"0":"post-4554","1":"post","2":"type-post","3":"status-publish","4":"format-standard","5":"has-post-thumbnail","7":"category-provinciales"},"yoast_head":"<!-- This site is optimized with the Yoast SEO plugin v27.4 - https:\/\/yoast.com\/product\/yoast-seo-wordpress\/ -->\n<title>En 8 meses, 6 polic\u00edas de un departamento entrerriano fueron denunciados por violencia de g\u00e9nero - Diario del Sur<\/title>\n<meta name=\"robots\" content=\"index, follow, max-snippet:-1, max-image-preview:large, max-video-preview:-1\" \/>\n<link rel=\"canonical\" href=\"https:\/\/diariodelsurdigital.com.ar\/?p=4554\" \/>\n<meta property=\"og:locale\" content=\"es_ES\" \/>\n<meta property=\"og:type\" content=\"article\" \/>\n<meta property=\"og:title\" content=\"En 8 meses, 6 polic\u00edas de un departamento entrerriano fueron denunciados por violencia de g\u00e9nero - Diario del Sur\" \/>\n<meta property=\"og:description\" content=\"La violencia de g\u00e9nero volvi\u00f3 a estar en el centro del debate en Entre R\u00edos. Seg\u00fan confirm\u00f3 el jefe departamental de la Polic\u00eda de Gualeguaych\u00fa, Luis B\u00e1ez, en lo que va de 2025 se registraron seis denuncias contra agentes policiales. La mayor\u00eda de ellas se enmarcaron en situaciones de violencia psicol\u00f3gica o verbal hacia sus [&hellip;]\" \/>\n<meta property=\"og:url\" content=\"https:\/\/diariodelsurdigital.com.ar\/?p=4554\" \/>\n<meta property=\"og:site_name\" content=\"Diario del Sur\" \/>\n<meta property=\"article:published_time\" content=\"2025-09-07T19:06:46+00:00\" \/>\n<meta property=\"article:modified_time\" content=\"2025-09-07T19:06:47+00:00\" \/>\n<meta property=\"og:image\" content=\"https:\/\/diariodelsurdigital.com.ar\/wp-content\/uploads\/2025\/09\/l_1682724536.jpg\" \/>\n\t<meta property=\"og:image:width\" content=\"870\" \/>\n\t<meta property=\"og:image:height\" content=\"580\" \/>\n\t<meta property=\"og:image:type\" content=\"image\/jpeg\" \/>\n<meta name=\"author\" content=\"Diario del Sur Digital\" \/>\n<meta name=\"twitter:card\" content=\"summary_large_image\" \/>\n<meta name=\"twitter:label1\" content=\"Escrito por\" \/>\n\t<meta name=\"twitter:data1\" content=\"Diario del Sur Digital\" \/>\n\t<meta name=\"twitter:label2\" content=\"Tiempo de lectura\" \/>\n\t<meta name=\"twitter:data2\" content=\"3 minutos\" \/>\n<script type=\"application\/ld+json\" class=\"yoast-schema-graph\">{\"@context\":\"https:\\\/\\\/schema.org\",\"@graph\":[{\"@type\":\"Article\",\"@id\":\"https:\\\/\\\/diariodelsurdigital.com.ar\\\/?p=4554#article\",\"isPartOf\":{\"@id\":\"https:\\\/\\\/diariodelsurdigital.com.ar\\\/?p=4554\"},\"author\":{\"name\":\"Diario del Sur Digital\",\"@id\":\"https:\\\/\\\/diariodelsurdigital.com.ar\\\/#\\\/schema\\\/person\\\/d794acb23337e88c6e4004a39c32be62\"},\"headline\":\"En 8 meses, 6 polic\u00edas de un departamento entrerriano fueron denunciados por violencia de g\u00e9nero\",\"datePublished\":\"2025-09-07T19:06:46+00:00\",\"dateModified\":\"2025-09-07T19:06:47+00:00\",\"mainEntityOfPage\":{\"@id\":\"https:\\\/\\\/diariodelsurdigital.com.ar\\\/?p=4554\"},\"wordCount\":545,\"commentCount\":0,\"image\":{\"@id\":\"https:\\\/\\\/diariodelsurdigital.com.ar\\\/?p=4554#primaryimage\"},\"thumbnailUrl\":\"https:\\\/\\\/diariodelsurdigital.com.ar\\\/wp-content\\\/uploads\\\/2025\\\/09\\\/l_1682724536.jpg\",\"articleSection\":[\"Provinciales\"],\"inLanguage\":\"es\",\"potentialAction\":[{\"@type\":\"CommentAction\",\"name\":\"Comment\",\"target\":[\"https:\\\/\\\/diariodelsurdigital.com.ar\\\/?p=4554#respond\"]}]},{\"@type\":\"WebPage\",\"@id\":\"https:\\\/\\\/diariodelsurdigital.com.ar\\\/?p=4554\",\"url\":\"https:\\\/\\\/diariodelsurdigital.com.ar\\\/?p=4554\",\"name\":\"En 8 meses, 6 polic\u00edas de un departamento entrerriano fueron denunciados por violencia de g\u00e9nero - Diario del Sur\",\"isPartOf\":{\"@id\":\"https:\\\/\\\/diariodelsurdigital.com.ar\\\/#website\"},\"primaryImageOfPage\":{\"@id\":\"https:\\\/\\\/diariodelsurdigital.com.ar\\\/?p=4554#primaryimage\"},\"image\":{\"@id\":\"https:\\\/\\\/diariodelsurdigital.com.ar\\\/?p=4554#primaryimage\"},\"thumbnailUrl\":\"https:\\\/\\\/diariodelsurdigital.com.ar\\\/wp-content\\\/uploads\\\/2025\\\/09\\\/l_1682724536.jpg\",\"datePublished\":\"2025-09-07T19:06:46+00:00\",\"dateModified\":\"2025-09-07T19:06:47+00:00\",\"author\":{\"@id\":\"https:\\\/\\\/diariodelsurdigital.com.ar\\\/#\\\/schema\\\/person\\\/d794acb23337e88c6e4004a39c32be62\"},\"breadcrumb\":{\"@id\":\"https:\\\/\\\/diariodelsurdigital.com.ar\\\/?p=4554#breadcrumb\"},\"inLanguage\":\"es\",\"potentialAction\":[{\"@type\":\"ReadAction\",\"target\":[\"https:\\\/\\\/diariodelsurdigital.com.ar\\\/?p=4554\"]}]},{\"@type\":\"ImageObject\",\"inLanguage\":\"es\",\"@id\":\"https:\\\/\\\/diariodelsurdigital.com.ar\\\/?p=4554#primaryimage\",\"url\":\"https:\\\/\\\/diariodelsurdigital.com.ar\\\/wp-content\\\/uploads\\\/2025\\\/09\\\/l_1682724536.jpg\",\"contentUrl\":\"https:\\\/\\\/diariodelsurdigital.com.ar\\\/wp-content\\\/uploads\\\/2025\\\/09\\\/l_1682724536.jpg\",\"width\":870,\"height\":580},{\"@type\":\"BreadcrumbList\",\"@id\":\"https:\\\/\\\/diariodelsurdigital.com.ar\\\/?p=4554#breadcrumb\",\"itemListElement\":[{\"@type\":\"ListItem\",\"position\":1,\"name\":\"Portada\",\"item\":\"https:\\\/\\\/diariodelsurdigital.com.ar\\\/\"},{\"@type\":\"ListItem\",\"position\":2,\"name\":\"En 8 meses, 6 polic\u00edas de un departamento entrerriano fueron denunciados por violencia de g\u00e9nero\"}]},{\"@type\":\"WebSite\",\"@id\":\"https:\\\/\\\/diariodelsurdigital.com.ar\\\/#website\",\"url\":\"https:\\\/\\\/diariodelsurdigital.com.ar\\\/\",\"name\":\"Diario del Sur\",\"description\":\"Digital\",\"potentialAction\":[{\"@type\":\"SearchAction\",\"target\":{\"@type\":\"EntryPoint\",\"urlTemplate\":\"https:\\\/\\\/diariodelsurdigital.com.ar\\\/?s={search_term_string}\"},\"query-input\":{\"@type\":\"PropertyValueSpecification\",\"valueRequired\":true,\"valueName\":\"search_term_string\"}}],\"inLanguage\":\"es\"},{\"@type\":\"Person\",\"@id\":\"https:\\\/\\\/diariodelsurdigital.com.ar\\\/#\\\/schema\\\/person\\\/d794acb23337e88c6e4004a39c32be62\",\"name\":\"Diario del Sur Digital\",\"image\":{\"@type\":\"ImageObject\",\"inLanguage\":\"es\",\"@id\":\"https:\\\/\\\/secure.gravatar.com\\\/avatar\\\/47679bcfa15734cfdefc176b6ad58adeeccac22b2e03e095ada6c622af2b463a?s=96&d=mm&r=g\",\"url\":\"https:\\\/\\\/secure.gravatar.com\\\/avatar\\\/47679bcfa15734cfdefc176b6ad58adeeccac22b2e03e095ada6c622af2b463a?s=96&d=mm&r=g\",\"contentUrl\":\"https:\\\/\\\/secure.gravatar.com\\\/avatar\\\/47679bcfa15734cfdefc176b6ad58adeeccac22b2e03e095ada6c622af2b463a?s=96&d=mm&r=g\",\"caption\":\"Diario del Sur Digital\"},\"url\":\"https:\\\/\\\/diariodelsurdigital.com.ar\\\/?author=3\"}]}<\/script>\n<!-- \/ Yoast SEO plugin. -->","yoast_head_json":{"title":"En 8 meses, 6 polic\u00edas de un departamento entrerriano fueron denunciados por violencia de g\u00e9nero - Diario del Sur","robots":{"index":"index","follow":"follow","max-snippet":"max-snippet:-1","max-image-preview":"max-image-preview:large","max-video-preview":"max-video-preview:-1"},"canonical":"https:\/\/diariodelsurdigital.com.ar\/?p=4554","og_locale":"es_ES","og_type":"article","og_title":"En 8 meses, 6 polic\u00edas de un departamento entrerriano fueron denunciados por violencia de g\u00e9nero - Diario del Sur","og_description":"La violencia de g\u00e9nero volvi\u00f3 a estar en el centro del debate en Entre R\u00edos. Seg\u00fan confirm\u00f3 el jefe departamental de la Polic\u00eda de Gualeguaych\u00fa, Luis B\u00e1ez, en lo que va de 2025 se registraron seis denuncias contra agentes policiales. La mayor\u00eda de ellas se enmarcaron en situaciones de violencia psicol\u00f3gica o verbal hacia sus [&hellip;]","og_url":"https:\/\/diariodelsurdigital.com.ar\/?p=4554","og_site_name":"Diario del Sur","article_published_time":"2025-09-07T19:06:46+00:00","article_modified_time":"2025-09-07T19:06:47+00:00","og_image":[{"width":870,"height":580,"url":"https:\/\/diariodelsurdigital.com.ar\/wp-content\/uploads\/2025\/09\/l_1682724536.jpg","type":"image\/jpeg"}],"author":"Diario del Sur Digital","twitter_card":"summary_large_image","twitter_misc":{"Escrito por":"Diario del Sur Digital","Tiempo de lectura":"3 minutos"},"schema":{"@context":"https:\/\/schema.org","@graph":[{"@type":"Article","@id":"https:\/\/diariodelsurdigital.com.ar\/?p=4554#article","isPartOf":{"@id":"https:\/\/diariodelsurdigital.com.ar\/?p=4554"},"author":{"name":"Diario del Sur Digital","@id":"https:\/\/diariodelsurdigital.com.ar\/#\/schema\/person\/d794acb23337e88c6e4004a39c32be62"},"headline":"En 8 meses, 6 polic\u00edas de un departamento entrerriano fueron denunciados por violencia de g\u00e9nero","datePublished":"2025-09-07T19:06:46+00:00","dateModified":"2025-09-07T19:06:47+00:00","mainEntityOfPage":{"@id":"https:\/\/diariodelsurdigital.com.ar\/?p=4554"},"wordCount":545,"commentCount":0,"image":{"@id":"https:\/\/diariodelsurdigital.com.ar\/?p=4554#primaryimage"},"thumbnailUrl":"https:\/\/diariodelsurdigital.com.ar\/wp-content\/uploads\/2025\/09\/l_1682724536.jpg","articleSection":["Provinciales"],"inLanguage":"es","potentialAction":[{"@type":"CommentAction","name":"Comment","target":["https:\/\/diariodelsurdigital.com.ar\/?p=4554#respond"]}]},{"@type":"WebPage","@id":"https:\/\/diariodelsurdigital.com.ar\/?p=4554","url":"https:\/\/diariodelsurdigital.com.ar\/?p=4554","name":"En 8 meses, 6 polic\u00edas de un departamento entrerriano fueron denunciados por violencia de g\u00e9nero - Diario del Sur","isPartOf":{"@id":"https:\/\/diariodelsurdigital.com.ar\/#website"},"primaryImageOfPage":{"@id":"https:\/\/diariodelsurdigital.com.ar\/?p=4554#primaryimage"},"image":{"@id":"https:\/\/diariodelsurdigital.com.ar\/?p=4554#primaryimage"},"thumbnailUrl":"https:\/\/diariodelsurdigital.com.ar\/wp-content\/uploads\/2025\/09\/l_1682724536.jpg","datePublished":"2025-09-07T19:06:46+00:00","dateModified":"2025-09-07T19:06:47+00:00","author":{"@id":"https:\/\/diariodelsurdigital.com.ar\/#\/schema\/person\/d794acb23337e88c6e4004a39c32be62"},"breadcrumb":{"@id":"https:\/\/diariodelsurdigital.com.ar\/?p=4554#breadcrumb"},"inLanguage":"es","potentialAction":[{"@type":"ReadAction","target":["https:\/\/diariodelsurdigital.com.ar\/?p=4554"]}]},{"@type":"ImageObject","inLanguage":"es","@id":"https:\/\/diariodelsurdigital.com.ar\/?p=4554#primaryimage","url":"https:\/\/diariodelsurdigital.com.ar\/wp-content\/uploads\/2025\/09\/l_1682724536.jpg","contentUrl":"https:\/\/diariodelsurdigital.com.ar\/wp-content\/uploads\/2025\/09\/l_1682724536.jpg","width":870,"height":580},{"@type":"BreadcrumbList","@id":"https:\/\/diariodelsurdigital.com.ar\/?p=4554#breadcrumb","itemListElement":[{"@type":"ListItem","position":1,"name":"Portada","item":"https:\/\/diariodelsurdigital.com.ar\/"},{"@type":"ListItem","position":2,"name":"En 8 meses, 6 polic\u00edas de un departamento entrerriano fueron denunciados por violencia de g\u00e9nero"}]},{"@type":"WebSite","@id":"https:\/\/diariodelsurdigital.com.ar\/#website","url":"https:\/\/diariodelsurdigital.com.ar\/","name":"Diario del Sur","description":"Digital","potentialAction":[{"@type":"SearchAction","target":{"@type":"EntryPoint","urlTemplate":"https:\/\/diariodelsurdigital.com.ar\/?s={search_term_string}"},"query-input":{"@type":"PropertyValueSpecification","valueRequired":true,"valueName":"search_term_string"}}],"inLanguage":"es"},{"@type":"Person","@id":"https:\/\/diariodelsurdigital.com.ar\/#\/schema\/person\/d794acb23337e88c6e4004a39c32be62","name":"Diario del Sur Digital","image":{"@type":"ImageObject","inLanguage":"es","@id":"https:\/\/secure.gravatar.com\/avatar\/47679bcfa15734cfdefc176b6ad58adeeccac22b2e03e095ada6c622af2b463a?s=96&d=mm&r=g","url":"https:\/\/secure.gravatar.com\/avatar\/47679bcfa15734cfdefc176b6ad58adeeccac22b2e03e095ada6c622af2b463a?s=96&d=mm&r=g","contentUrl":"https:\/\/secure.gravatar.com\/avatar\/47679bcfa15734cfdefc176b6ad58adeeccac22b2e03e095ada6c622af2b463a?s=96&d=mm&r=g","caption":"Diario del Sur Digital"},"url":"https:\/\/diariodelsurdigital.com.ar\/?author=3"}]}},"_links":{"self":[{"href":"https:\/\/diariodelsurdigital.com.ar\/index.php?rest_route=\/wp\/v2\/posts\/4554","targetHints":{"allow":["GET"]}}],"collection":[{"href":"https:\/\/diariodelsurdigital.com.ar\/index.php?rest_route=\/wp\/v2\/posts"}],"about":[{"href":"https:\/\/diariodelsurdigital.com.ar\/index.php?rest_route=\/wp\/v2\/types\/post"}],"author":[{"embeddable":true,"href":"https:\/\/diariodelsurdigital.com.ar\/index.php?rest_route=\/wp\/v2\/users\/3"}],"replies":[{"embeddable":true,"href":"https:\/\/diariodelsurdigital.com.ar\/index.php?rest_route=%2Fwp%2Fv2%2Fcomments&post=4554"}],"version-history":[{"count":1,"href":"https:\/\/diariodelsurdigital.com.ar\/index.php?rest_route=\/wp\/v2\/posts\/4554\/revisions"}],"predecessor-version":[{"id":4556,"href":"https:\/\/diariodelsurdigital.com.ar\/index.php?rest_route=\/wp\/v2\/posts\/4554\/revisions\/4556"}],"wp:featuredmedia":[{"embeddable":true,"href":"https:\/\/diariodelsurdigital.com.ar\/index.php?rest_route=\/wp\/v2\/media\/4555"}],"wp:attachment":[{"href":"https:\/\/diariodelsurdigital.com.ar\/index.php?rest_route=%2Fwp%2Fv2%2Fmedia&parent=4554"}],"wp:term":[{"taxonomy":"category","embeddable":true,"href":"https:\/\/diariodelsurdigital.com.ar\/index.php?rest_route=%2Fwp%2Fv2%2Fcategories&post=4554"},{"taxonomy":"post_tag","embeddable":true,"href":"https:\/\/diariodelsurdigital.com.ar\/index.php?rest_route=%2Fwp%2Fv2%2Ftags&post=4554"}],"curies":[{"name":"wp","href":"https:\/\/api.w.org\/{rel}","templated":true}]}}