{"id":4557,"date":"2025-09-07T17:07:28","date_gmt":"2025-09-07T20:07:28","guid":{"rendered":"https:\/\/diariodelsurdigital.com.ar\/?p=4557"},"modified":"2025-09-07T17:07:28","modified_gmt":"2025-09-07T20:07:28","slug":"que-se-sabe-de-los-resultados-de-las-elecciones-buenos-aires-2025","status":"publish","type":"post","link":"https:\/\/diariodelsurdigital.com.ar\/?p=4557","title":{"rendered":"Qu\u00e9 se sabe de los resultados de las Elecciones Buenos Aires 2025"},"content":{"rendered":"\n<p><strong>Por primera vez en 20 a\u00f1os, la Provincia elige de forma separada a la contienda nacional; los bonaerenses votan este domingo a sus nuevos representantes en el Poder Legislativo local; hasta ahora, particip\u00f3 el 29,74% del padr\u00f3n<\/strong><\/p>\n\n\n\n<h3 class=\"wp-block-heading\">Qu\u00e9 se elige y cu\u00e1ntos ciudadanos hay habilitados<\/h3>\n\n\n\n<p>En las elecciones provinciales del 7 de septiembre, los bonaerenses elegir\u00e1n a sus\u00a0representantes en el Poder Legislativo local. Esto incluye la renovaci\u00f3n de 23 senadores provinciales titulares y 15 suplentes, as\u00ed como de 46 diputados provinciales titulares y 28 suplentes. Adem\u00e1s, en distintos distritos electorales, se definir\u00e1n los nuevos\u00a0concejales y consejeros escolares, figuras clave para la gesti\u00f3n municipal y educativa.<\/p>\n\n\n\n<p><\/p>\n\n\n\n<figure class=\"wp-block-image\"><img decoding=\"async\" src=\"https:\/\/resizer.glanacion.com\/resizer\/v2\/votacion-en-la-esc-municipal-ep-n%C2%B0-8-y-esmet-n-%C2%B0-2HYZKDVDKRFI3CTFM2IK6ZLNQM.JPG?auth=dc59f1ba7a73625d13b9682384cd69b99e44a7291c6454c27dd40bb4c41d136b&amp;width=420&amp;height=279&amp;quality=70&amp;smart=true\" alt=\"Votaci\u00f3n en la Esc. Municipal EP N\u00b0 8 y ESMET N \u00b0 1 de Mar del Plata.\"\/><\/figure>\n\n\n\n<p>Votaci\u00f3n en la Esc. Municipal EP N\u00b0 8 y ESMET N \u00b0 1 de Mar del Plata.<\/p>\n\n\n\n<p>La PBA se divide en ocho secciones electorales,\u00a0cada una con partidos que aportan legisladores a la C\u00e1mara de Diputados y al Senado provincial. La m\u00e1s grande es la Primera Secci\u00f3n, con 4,7 millones de electores, seguida por la Tercera Secci\u00f3n, con 4,6 millones. En total, 13,3 millones de personas est\u00e1n habilitadas para sufragar en 38.788 mesas. Esto equivale al 37% del padr\u00f3n nacional.<\/p>\n\n\n\n<h3 class=\"wp-block-heading\">Ya vot\u00f3 el 29,74% del padr\u00f3n<\/h3>\n\n\n\n<p>En un primer dato de la participaci\u00f3n en los comicios bonaerenses, correspondiente al mediod\u00eda,\u00a0ya vot\u00f3 el 29,74% del padr\u00f3n electoral\u00a0en la provincia de Buenos Aires, seg\u00fan datos difundido por la Junta Electoral.<\/p>\n\n\n\n<h3 class=\"wp-block-heading\">Padr\u00f3n: d\u00f3nde voto<\/h3>\n\n\n\n<p>Para garantizar una participaci\u00f3n fluida y organizada, es fundamental que los electores bonaerenses consulten el\u00a0padr\u00f3n electoral<strong>\u00a0<\/strong>con antelaci\u00f3n. Este tr\u00e1mite permite conocer el lugar exacto donde cada votante debe sufragar el pr\u00f3ximo 7 de septiembre. Los ciudadanos habilitados para votar en las\u00a0elecciones legislativas provinciales<strong>\u00a0<\/strong>pueden conocer los detalles precisos de su\u00a0mesa y establecimiento de votaci\u00f3n\u00a0siguiendo estos sencillos pasos:<\/p>\n\n\n\n<figure class=\"wp-block-image\"><img decoding=\"async\" src=\"https:\/\/resizer.glanacion.com\/resizer\/v2\/elecciones-legislativas-provinciales-elecciones-WDELJEWVIZE2NHLJSEHWUYJB64.JPG?auth=4500260e67b625eb9eeb2917bfdaf1d952f229571f3888785fbdc1abe6917250&amp;width=420&amp;height=280&amp;quality=70&amp;smart=true\" alt=\"Colegio Cristo Rey donde vot\u00f3 Victoria Villarruel\"\/><\/figure>\n\n\n\n<h3 class=\"wp-block-heading\">Qui\u00e9nes son los principales candidatos<\/h3>\n\n\n\n<p>El clima electoral toma temperatura en la antesala<a href=\"https:\/\/www.lanacion.com.ar\/politica\/elecciones-en-buenos-aires-que-son-las-secciones-electorales-y-otras-claves-de-la-disputa-del-7-de-nid19072025\/\">\u00a0<\/a>de los comicios de este domingo en la provincia de Buenos Aires,\u00a0cuando se elijan senadores y diputados bonaerenses, antes de la pulseada final de octubre para cargos nacionales.<\/p>\n\n\n\n<p>El\u00a0peronismo<strong>\u00a0<\/strong>buscar\u00e1 defender su hist\u00f3rico basti\u00f3n con el sello Fuerza Patria, que re\u00fane -bajo una unidad endeble- a los sectores identificados con\u00a0Cristina Kirchner, Axel Kicillof y Sergio Massa.\u00a0La Alianza La Libertad Avanza,\u00a0luego de tensas negociaciones, incorpor\u00f3 al Pro en su oferta electoral. Las listas fueron definidas por\u00a0Karina Milei,\u00a0que hoy afronta denuncias por presuntas coimas en el \u00e1rea de Discapacidad. El impacto de este esc\u00e1ndalo en las urnas a\u00fan es un enigma.<\/p>\n\n\n\n<p>Para recorrer las listas de los espacios que medir\u00e1n fuerzas en el distrito m\u00e1s importante del pa\u00eds, LA NACION ofrece un desarrollo que permite conocer los nombres de los candidatos en las ocho secciones electorales.<\/p>\n\n\n\n<p>Fuente: La Naci\u00f3n <br><\/p>\n\n\n\n<p><\/p>\n","protected":false},"excerpt":{"rendered":"<p>Por primera vez en 20 a\u00f1os, la Provincia elige de forma separada a la contienda nacional; los bonaerenses votan este domingo a sus nuevos representantes en el Poder Legislativo local; hasta ahora, particip\u00f3 el 29,74% del padr\u00f3n Qu\u00e9 se elige y cu\u00e1ntos ciudadanos hay habilitados En las elecciones provinciales del 7 de septiembre, los bonaerenses [&hellip;]<\/p>\n","protected":false},"author":3,"featured_media":4558,"comment_status":"open","ping_status":"open","sticky":false,"template":"","format":"standard","meta":{"footnotes":""},"categories":[19],"tags":[],"class_list":{"0":"post-4557","1":"post","2":"type-post","3":"status-publish","4":"format-standard","5":"has-post-thumbnail","7":"category-interes-general"},"yoast_head":"<!-- This site is optimized with the Yoast SEO plugin v27.4 - https:\/\/yoast.com\/product\/yoast-seo-wordpress\/ -->\n<title>Qu\u00e9 se sabe de los resultados de las Elecciones Buenos Aires 2025 - Diario del Sur<\/title>\n<meta name=\"robots\" content=\"index, follow, max-snippet:-1, max-image-preview:large, max-video-preview:-1\" \/>\n<link rel=\"canonical\" href=\"https:\/\/diariodelsurdigital.com.ar\/?p=4557\" \/>\n<meta property=\"og:locale\" content=\"es_ES\" \/>\n<meta property=\"og:type\" content=\"article\" \/>\n<meta property=\"og:title\" content=\"Qu\u00e9 se sabe de los resultados de las Elecciones Buenos Aires 2025 - Diario del Sur\" \/>\n<meta property=\"og:description\" content=\"Por primera vez en 20 a\u00f1os, la Provincia elige de forma separada a la contienda nacional; los bonaerenses votan este domingo a sus nuevos representantes en el Poder Legislativo local; hasta ahora, particip\u00f3 el 29,74% del padr\u00f3n Qu\u00e9 se elige y cu\u00e1ntos ciudadanos hay habilitados En las elecciones provinciales del 7 de septiembre, los bonaerenses [&hellip;]\" \/>\n<meta property=\"og:url\" content=\"https:\/\/diariodelsurdigital.com.ar\/?p=4557\" \/>\n<meta property=\"og:site_name\" content=\"Diario del Sur\" \/>\n<meta property=\"article:published_time\" content=\"2025-09-07T20:07:28+00:00\" \/>\n<meta property=\"og:image\" content=\"https:\/\/diariodelsurdigital.com.ar\/wp-content\/uploads\/2025\/09\/download.jpg\" \/>\n\t<meta property=\"og:image:width\" content=\"275\" \/>\n\t<meta property=\"og:image:height\" content=\"183\" \/>\n\t<meta property=\"og:image:type\" content=\"image\/jpeg\" \/>\n<meta name=\"author\" content=\"Diario del Sur Digital\" \/>\n<meta name=\"twitter:card\" content=\"summary_large_image\" \/>\n<meta name=\"twitter:label1\" content=\"Escrito por\" \/>\n\t<meta name=\"twitter:data1\" content=\"Diario del Sur Digital\" \/>\n\t<meta name=\"twitter:label2\" content=\"Tiempo de lectura\" \/>\n\t<meta name=\"twitter:data2\" content=\"3 minutos\" \/>\n<script type=\"application\/ld+json\" class=\"yoast-schema-graph\">{\"@context\":\"https:\\\/\\\/schema.org\",\"@graph\":[{\"@type\":\"Article\",\"@id\":\"https:\\\/\\\/diariodelsurdigital.com.ar\\\/?p=4557#article\",\"isPartOf\":{\"@id\":\"https:\\\/\\\/diariodelsurdigital.com.ar\\\/?p=4557\"},\"author\":{\"name\":\"Diario del Sur Digital\",\"@id\":\"https:\\\/\\\/diariodelsurdigital.com.ar\\\/#\\\/schema\\\/person\\\/d794acb23337e88c6e4004a39c32be62\"},\"headline\":\"Qu\u00e9 se sabe de los resultados de las Elecciones Buenos Aires 2025\",\"datePublished\":\"2025-09-07T20:07:28+00:00\",\"mainEntityOfPage\":{\"@id\":\"https:\\\/\\\/diariodelsurdigital.com.ar\\\/?p=4557\"},\"wordCount\":481,\"commentCount\":0,\"image\":{\"@id\":\"https:\\\/\\\/diariodelsurdigital.com.ar\\\/?p=4557#primaryimage\"},\"thumbnailUrl\":\"https:\\\/\\\/diariodelsurdigital.com.ar\\\/wp-content\\\/uploads\\\/2025\\\/09\\\/download.jpg\",\"articleSection\":[\"Inter\u00e9s General\"],\"inLanguage\":\"es\",\"potentialAction\":[{\"@type\":\"CommentAction\",\"name\":\"Comment\",\"target\":[\"https:\\\/\\\/diariodelsurdigital.com.ar\\\/?p=4557#respond\"]}]},{\"@type\":\"WebPage\",\"@id\":\"https:\\\/\\\/diariodelsurdigital.com.ar\\\/?p=4557\",\"url\":\"https:\\\/\\\/diariodelsurdigital.com.ar\\\/?p=4557\",\"name\":\"Qu\u00e9 se sabe de los resultados de las Elecciones Buenos Aires 2025 - Diario del Sur\",\"isPartOf\":{\"@id\":\"https:\\\/\\\/diariodelsurdigital.com.ar\\\/#website\"},\"primaryImageOfPage\":{\"@id\":\"https:\\\/\\\/diariodelsurdigital.com.ar\\\/?p=4557#primaryimage\"},\"image\":{\"@id\":\"https:\\\/\\\/diariodelsurdigital.com.ar\\\/?p=4557#primaryimage\"},\"thumbnailUrl\":\"https:\\\/\\\/diariodelsurdigital.com.ar\\\/wp-content\\\/uploads\\\/2025\\\/09\\\/download.jpg\",\"datePublished\":\"2025-09-07T20:07:28+00:00\",\"author\":{\"@id\":\"https:\\\/\\\/diariodelsurdigital.com.ar\\\/#\\\/schema\\\/person\\\/d794acb23337e88c6e4004a39c32be62\"},\"breadcrumb\":{\"@id\":\"https:\\\/\\\/diariodelsurdigital.com.ar\\\/?p=4557#breadcrumb\"},\"inLanguage\":\"es\",\"potentialAction\":[{\"@type\":\"ReadAction\",\"target\":[\"https:\\\/\\\/diariodelsurdigital.com.ar\\\/?p=4557\"]}]},{\"@type\":\"ImageObject\",\"inLanguage\":\"es\",\"@id\":\"https:\\\/\\\/diariodelsurdigital.com.ar\\\/?p=4557#primaryimage\",\"url\":\"https:\\\/\\\/diariodelsurdigital.com.ar\\\/wp-content\\\/uploads\\\/2025\\\/09\\\/download.jpg\",\"contentUrl\":\"https:\\\/\\\/diariodelsurdigital.com.ar\\\/wp-content\\\/uploads\\\/2025\\\/09\\\/download.jpg\",\"width\":275,\"height\":183},{\"@type\":\"BreadcrumbList\",\"@id\":\"https:\\\/\\\/diariodelsurdigital.com.ar\\\/?p=4557#breadcrumb\",\"itemListElement\":[{\"@type\":\"ListItem\",\"position\":1,\"name\":\"Portada\",\"item\":\"https:\\\/\\\/diariodelsurdigital.com.ar\\\/\"},{\"@type\":\"ListItem\",\"position\":2,\"name\":\"Qu\u00e9 se sabe de los resultados de las Elecciones Buenos Aires 2025\"}]},{\"@type\":\"WebSite\",\"@id\":\"https:\\\/\\\/diariodelsurdigital.com.ar\\\/#website\",\"url\":\"https:\\\/\\\/diariodelsurdigital.com.ar\\\/\",\"name\":\"Diario del Sur\",\"description\":\"Digital\",\"potentialAction\":[{\"@type\":\"SearchAction\",\"target\":{\"@type\":\"EntryPoint\",\"urlTemplate\":\"https:\\\/\\\/diariodelsurdigital.com.ar\\\/?s={search_term_string}\"},\"query-input\":{\"@type\":\"PropertyValueSpecification\",\"valueRequired\":true,\"valueName\":\"search_term_string\"}}],\"inLanguage\":\"es\"},{\"@type\":\"Person\",\"@id\":\"https:\\\/\\\/diariodelsurdigital.com.ar\\\/#\\\/schema\\\/person\\\/d794acb23337e88c6e4004a39c32be62\",\"name\":\"Diario del Sur Digital\",\"image\":{\"@type\":\"ImageObject\",\"inLanguage\":\"es\",\"@id\":\"https:\\\/\\\/secure.gravatar.com\\\/avatar\\\/47679bcfa15734cfdefc176b6ad58adeeccac22b2e03e095ada6c622af2b463a?s=96&d=mm&r=g\",\"url\":\"https:\\\/\\\/secure.gravatar.com\\\/avatar\\\/47679bcfa15734cfdefc176b6ad58adeeccac22b2e03e095ada6c622af2b463a?s=96&d=mm&r=g\",\"contentUrl\":\"https:\\\/\\\/secure.gravatar.com\\\/avatar\\\/47679bcfa15734cfdefc176b6ad58adeeccac22b2e03e095ada6c622af2b463a?s=96&d=mm&r=g\",\"caption\":\"Diario del Sur Digital\"},\"url\":\"https:\\\/\\\/diariodelsurdigital.com.ar\\\/?author=3\"}]}<\/script>\n<!-- \/ Yoast SEO plugin. -->","yoast_head_json":{"title":"Qu\u00e9 se sabe de los resultados de las Elecciones Buenos Aires 2025 - Diario del Sur","robots":{"index":"index","follow":"follow","max-snippet":"max-snippet:-1","max-image-preview":"max-image-preview:large","max-video-preview":"max-video-preview:-1"},"canonical":"https:\/\/diariodelsurdigital.com.ar\/?p=4557","og_locale":"es_ES","og_type":"article","og_title":"Qu\u00e9 se sabe de los resultados de las Elecciones Buenos Aires 2025 - Diario del Sur","og_description":"Por primera vez en 20 a\u00f1os, la Provincia elige de forma separada a la contienda nacional; los bonaerenses votan este domingo a sus nuevos representantes en el Poder Legislativo local; hasta ahora, particip\u00f3 el 29,74% del padr\u00f3n Qu\u00e9 se elige y cu\u00e1ntos ciudadanos hay habilitados En las elecciones provinciales del 7 de septiembre, los bonaerenses [&hellip;]","og_url":"https:\/\/diariodelsurdigital.com.ar\/?p=4557","og_site_name":"Diario del Sur","article_published_time":"2025-09-07T20:07:28+00:00","og_image":[{"width":275,"height":183,"url":"https:\/\/diariodelsurdigital.com.ar\/wp-content\/uploads\/2025\/09\/download.jpg","type":"image\/jpeg"}],"author":"Diario del Sur Digital","twitter_card":"summary_large_image","twitter_misc":{"Escrito por":"Diario del Sur Digital","Tiempo de lectura":"3 minutos"},"schema":{"@context":"https:\/\/schema.org","@graph":[{"@type":"Article","@id":"https:\/\/diariodelsurdigital.com.ar\/?p=4557#article","isPartOf":{"@id":"https:\/\/diariodelsurdigital.com.ar\/?p=4557"},"author":{"name":"Diario del Sur Digital","@id":"https:\/\/diariodelsurdigital.com.ar\/#\/schema\/person\/d794acb23337e88c6e4004a39c32be62"},"headline":"Qu\u00e9 se sabe de los resultados de las Elecciones Buenos Aires 2025","datePublished":"2025-09-07T20:07:28+00:00","mainEntityOfPage":{"@id":"https:\/\/diariodelsurdigital.com.ar\/?p=4557"},"wordCount":481,"commentCount":0,"image":{"@id":"https:\/\/diariodelsurdigital.com.ar\/?p=4557#primaryimage"},"thumbnailUrl":"https:\/\/diariodelsurdigital.com.ar\/wp-content\/uploads\/2025\/09\/download.jpg","articleSection":["Inter\u00e9s General"],"inLanguage":"es","potentialAction":[{"@type":"CommentAction","name":"Comment","target":["https:\/\/diariodelsurdigital.com.ar\/?p=4557#respond"]}]},{"@type":"WebPage","@id":"https:\/\/diariodelsurdigital.com.ar\/?p=4557","url":"https:\/\/diariodelsurdigital.com.ar\/?p=4557","name":"Qu\u00e9 se sabe de los resultados de las Elecciones Buenos Aires 2025 - Diario del Sur","isPartOf":{"@id":"https:\/\/diariodelsurdigital.com.ar\/#website"},"primaryImageOfPage":{"@id":"https:\/\/diariodelsurdigital.com.ar\/?p=4557#primaryimage"},"image":{"@id":"https:\/\/diariodelsurdigital.com.ar\/?p=4557#primaryimage"},"thumbnailUrl":"https:\/\/diariodelsurdigital.com.ar\/wp-content\/uploads\/2025\/09\/download.jpg","datePublished":"2025-09-07T20:07:28+00:00","author":{"@id":"https:\/\/diariodelsurdigital.com.ar\/#\/schema\/person\/d794acb23337e88c6e4004a39c32be62"},"breadcrumb":{"@id":"https:\/\/diariodelsurdigital.com.ar\/?p=4557#breadcrumb"},"inLanguage":"es","potentialAction":[{"@type":"ReadAction","target":["https:\/\/diariodelsurdigital.com.ar\/?p=4557"]}]},{"@type":"ImageObject","inLanguage":"es","@id":"https:\/\/diariodelsurdigital.com.ar\/?p=4557#primaryimage","url":"https:\/\/diariodelsurdigital.com.ar\/wp-content\/uploads\/2025\/09\/download.jpg","contentUrl":"https:\/\/diariodelsurdigital.com.ar\/wp-content\/uploads\/2025\/09\/download.jpg","width":275,"height":183},{"@type":"BreadcrumbList","@id":"https:\/\/diariodelsurdigital.com.ar\/?p=4557#breadcrumb","itemListElement":[{"@type":"ListItem","position":1,"name":"Portada","item":"https:\/\/diariodelsurdigital.com.ar\/"},{"@type":"ListItem","position":2,"name":"Qu\u00e9 se sabe de los resultados de las Elecciones Buenos Aires 2025"}]},{"@type":"WebSite","@id":"https:\/\/diariodelsurdigital.com.ar\/#website","url":"https:\/\/diariodelsurdigital.com.ar\/","name":"Diario del Sur","description":"Digital","potentialAction":[{"@type":"SearchAction","target":{"@type":"EntryPoint","urlTemplate":"https:\/\/diariodelsurdigital.com.ar\/?s={search_term_string}"},"query-input":{"@type":"PropertyValueSpecification","valueRequired":true,"valueName":"search_term_string"}}],"inLanguage":"es"},{"@type":"Person","@id":"https:\/\/diariodelsurdigital.com.ar\/#\/schema\/person\/d794acb23337e88c6e4004a39c32be62","name":"Diario del Sur Digital","image":{"@type":"ImageObject","inLanguage":"es","@id":"https:\/\/secure.gravatar.com\/avatar\/47679bcfa15734cfdefc176b6ad58adeeccac22b2e03e095ada6c622af2b463a?s=96&d=mm&r=g","url":"https:\/\/secure.gravatar.com\/avatar\/47679bcfa15734cfdefc176b6ad58adeeccac22b2e03e095ada6c622af2b463a?s=96&d=mm&r=g","contentUrl":"https:\/\/secure.gravatar.com\/avatar\/47679bcfa15734cfdefc176b6ad58adeeccac22b2e03e095ada6c622af2b463a?s=96&d=mm&r=g","caption":"Diario del Sur Digital"},"url":"https:\/\/diariodelsurdigital.com.ar\/?author=3"}]}},"_links":{"self":[{"href":"https:\/\/diariodelsurdigital.com.ar\/index.php?rest_route=\/wp\/v2\/posts\/4557","targetHints":{"allow":["GET"]}}],"collection":[{"href":"https:\/\/diariodelsurdigital.com.ar\/index.php?rest_route=\/wp\/v2\/posts"}],"about":[{"href":"https:\/\/diariodelsurdigital.com.ar\/index.php?rest_route=\/wp\/v2\/types\/post"}],"author":[{"embeddable":true,"href":"https:\/\/diariodelsurdigital.com.ar\/index.php?rest_route=\/wp\/v2\/users\/3"}],"replies":[{"embeddable":true,"href":"https:\/\/diariodelsurdigital.com.ar\/index.php?rest_route=%2Fwp%2Fv2%2Fcomments&post=4557"}],"version-history":[{"count":1,"href":"https:\/\/diariodelsurdigital.com.ar\/index.php?rest_route=\/wp\/v2\/posts\/4557\/revisions"}],"predecessor-version":[{"id":4559,"href":"https:\/\/diariodelsurdigital.com.ar\/index.php?rest_route=\/wp\/v2\/posts\/4557\/revisions\/4559"}],"wp:featuredmedia":[{"embeddable":true,"href":"https:\/\/diariodelsurdigital.com.ar\/index.php?rest_route=\/wp\/v2\/media\/4558"}],"wp:attachment":[{"href":"https:\/\/diariodelsurdigital.com.ar\/index.php?rest_route=%2Fwp%2Fv2%2Fmedia&parent=4557"}],"wp:term":[{"taxonomy":"category","embeddable":true,"href":"https:\/\/diariodelsurdigital.com.ar\/index.php?rest_route=%2Fwp%2Fv2%2Fcategories&post=4557"},{"taxonomy":"post_tag","embeddable":true,"href":"https:\/\/diariodelsurdigital.com.ar\/index.php?rest_route=%2Fwp%2Fv2%2Ftags&post=4557"}],"curies":[{"name":"wp","href":"https:\/\/api.w.org\/{rel}","templated":true}]}}