{"id":4560,"date":"2025-09-07T17:22:26","date_gmt":"2025-09-07T20:22:26","guid":{"rendered":"https:\/\/diariodelsurdigital.com.ar\/?p=4560"},"modified":"2025-09-07T17:22:27","modified_gmt":"2025-09-07T20:22:27","slug":"basta-milei-el-grito-entrerriano-que-tiene-que-hacerse-sentir-en-las-urnas","status":"publish","type":"post","link":"https:\/\/diariodelsurdigital.com.ar\/?p=4560","title":{"rendered":"Basta Milei: el grito entrerriano que tiene que hacerse sentir en las urnas"},"content":{"rendered":"\n<p><\/p>\n\n\n\n<p>Cuando el domingo de las elecciones se terminen de contar los votos, desde el interior profundo tiene que escucharse fuerte un grito: basta Milei. Que sepa el pa\u00eds entero que Entre R\u00edos no se va a \u201cpintar de violeta\u201d.<\/p>\n\n\n\n<p>Las 53 mil familias entrerrianas que tienen en su hogar a una persona con discapacidad tienen que gritar basta Milei.<\/p>\n\n\n\n<p>Los 19 mil maestros y maestras de nuestra provincia que no tienen aumento desde hace meses y dan clases en escuelas destruidas tienen que gritar basta Milei.<\/p>\n\n\n\n<p>Los 90 mil trabajadores estatales con salarios ajustados y congelados tienen que gritar basta Milei.<\/p>\n\n\n\n<p>El sector tur\u00edstico que supo ser motor de la provincia y hoy tiene hoteles cerrados, restaurantes vac\u00edos y rutas rotas por las que nadie quiere viajar tiene que gritar basta Milei.<\/p>\n\n\n\n<p>Los trabajadores de prensa que bancaron la Ley de Medios y la democratizaci\u00f3n de la comunicaci\u00f3n y hoy padecen el trabajo precario, la represi\u00f3n y la censura tienen que gritar basta Milei.<\/p>\n\n\n\n<p>Los pibes y las pibas que ven truncos sus sue\u00f1os porque no pueden estudiar y no consiguen trabajo tienen que gritar basta Milei.<\/p>\n\n\n\n<p>Los estudiantes, docentes y trabajadores de las universidades que sufren las consecuencias de los recortes tienen que gritar basta Milei.<\/p>\n\n\n\n<p>Los trabajadores de la construcci\u00f3n que hicieron viviendas, escuelas y hospitales y hoy no consiguen ni una changa tienen que gritar basta Milei.<\/p>\n\n\n\n<p>Los due\u00f1os y empleados de los cientos de comercios que tuvieron que cerrar en la provincia tienen que gritar basta Milei.<\/p>\n\n\n\n<p>Los feminismos, las diversidades, los trabajadores de la cultura, los jubilados, las econom\u00edas regionales, las pymes, los peque\u00f1os productores tienen que gritar basta Milei.<\/p>\n\n\n\n<p>A un electorado desmotivado y enojado queremos transmitirle que siguen siendo la democracia, la participaci\u00f3n y el voto las herramientas para cambiar la realidad. El 26 de octubre es la oportunidad de poner un freno.<\/p>\n\n\n\n<p>Para decirle basta a Milei en Entre R\u00edos no alcanza con votar a los mismos de siempre ni a los que hacen acuerdos de c\u00fapula de espaldas a la militancia.<\/p>\n\n\n\n<p>Para decirle basta a Milei hay que votar a los candidatos de la Lista 503, que es un proyecto de lucha colectiva que reci\u00e9n empieza y que no termina el domingo de las elecciones.<\/p>\n\n\n\n<p>En la enorme red militante que estamos construyendo a pulm\u00f3n en toda la provincia hay peronistas, radicales, kirchneristas, comunistas, alfonsinistas y mucha gente que nunca estuvo en pol\u00edtica, pero que no se banca m\u00e1s tanta crueldad.<\/p>\n\n\n\n<p>\u00bfC\u00f3mo no ir a votar en un pa\u00eds donde adultos mayores y padres y madres con hijos discapacitados tienen que ir a protestar en pleno invierno a una plaza y son corridos por la polic\u00eda?<\/p>\n\n\n\n<p>Este proyecto que encarnamos no es perfecto, pero es real. No es una marca, ni un sello, ni marketing, sino que es el comienzo de una construcci\u00f3n cimentada en el esfuerzo, la coherencia, las convicciones y la solidaridad.<\/p>\n\n\n\n<p>No tenemos consignas grandilocuentes. Apostamos a que en Entre R\u00edos los hombres y mujeres tengan trabajo, los adultos mayores tengan sus medicamentos, los gurises est\u00e9n bien alimentados, los j\u00f3venes puedan estudiar, las familias puedan pagar el alquiler, irse el fin de semana a las termas o comerse un asado.<\/p>\n\n\n\n<p>Detr\u00e1s de todas esas cosas sencillas hay derechos. Y los derechos se defienden en la calle, en las urnas y en el Congreso, como qued\u00f3 demostrado esta semana con la Ley de Emergencia en Discapacidad.<\/p>\n\n\n\n<p>No alcanza con indignarse en redes o con decir \u201cyo ya no creo en nadie\u201d. Lo que pasa no es una cat\u00e1strofe natural irreversible. Lo que pasa es pol\u00edtico y se resuelve con pol\u00edtica: votando, participando, apostando por la construcci\u00f3n de nuevos espacios para que la pol\u00edtica vuelva a ser una herramienta de transformaci\u00f3n y no una m\u00e1quina de castigo.<\/p>\n\n\n\n<p>A Milei no se le pone freno con un tuit, ni con bronca, ni con indiferencia. Se le pone freno con coraje, con organizaci\u00f3n y con la memoria encendida. Y tambi\u00e9n con el voto consciente, valiente y esperanzado.<\/p>\n\n\n\n<p><em><strong>Por Carolina Gaillard<\/strong><\/em><br><em><strong>Diputada nacional y candidata a senadora de la Lista 503<\/strong><\/em><\/p>\n","protected":false},"excerpt":{"rendered":"<p>Cuando el domingo de las elecciones se terminen de contar los votos, desde el interior profundo tiene que escucharse fuerte un grito: basta Milei. Que sepa el pa\u00eds entero que Entre R\u00edos no se va a \u201cpintar de violeta\u201d. Las 53 mil familias entrerrianas que tienen en su hogar a una persona con discapacidad tienen [&hellip;]<\/p>\n","protected":false},"author":2,"featured_media":4561,"comment_status":"open","ping_status":"open","sticky":false,"template":"","format":"standard","meta":{"footnotes":""},"categories":[22],"tags":[],"class_list":{"0":"post-4560","1":"post","2":"type-post","3":"status-publish","4":"format-standard","5":"has-post-thumbnail","7":"category-politica"},"yoast_head":"<!-- This site is optimized with the Yoast SEO plugin v27.4 - https:\/\/yoast.com\/product\/yoast-seo-wordpress\/ -->\n<title>Basta Milei: el grito entrerriano que tiene que hacerse sentir en las urnas - Diario del Sur<\/title>\n<meta name=\"robots\" content=\"index, follow, max-snippet:-1, max-image-preview:large, max-video-preview:-1\" \/>\n<link rel=\"canonical\" href=\"https:\/\/diariodelsurdigital.com.ar\/?p=4560\" \/>\n<meta property=\"og:locale\" content=\"es_ES\" \/>\n<meta property=\"og:type\" content=\"article\" \/>\n<meta property=\"og:title\" content=\"Basta Milei: el grito entrerriano que tiene que hacerse sentir en las urnas - Diario del Sur\" \/>\n<meta property=\"og:description\" content=\"Cuando el domingo de las elecciones se terminen de contar los votos, desde el interior profundo tiene que escucharse fuerte un grito: basta Milei. Que sepa el pa\u00eds entero que Entre R\u00edos no se va a \u201cpintar de violeta\u201d. Las 53 mil familias entrerrianas que tienen en su hogar a una persona con discapacidad tienen [&hellip;]\" \/>\n<meta property=\"og:url\" content=\"https:\/\/diariodelsurdigital.com.ar\/?p=4560\" \/>\n<meta property=\"og:site_name\" content=\"Diario del Sur\" \/>\n<meta property=\"article:published_time\" content=\"2025-09-07T20:22:26+00:00\" \/>\n<meta property=\"article:modified_time\" content=\"2025-09-07T20:22:27+00:00\" \/>\n<meta property=\"og:image\" content=\"https:\/\/diariodelsurdigital.com.ar\/wp-content\/uploads\/2025\/09\/IMG-20250907-WA0008-1536x1152-1.jpg\" \/>\n\t<meta property=\"og:image:width\" content=\"510\" \/>\n\t<meta property=\"og:image:height\" content=\"306\" \/>\n\t<meta property=\"og:image:type\" content=\"image\/jpeg\" \/>\n<meta name=\"author\" content=\"Diario del Sur Digital\" \/>\n<meta name=\"twitter:card\" content=\"summary_large_image\" \/>\n<meta name=\"twitter:label1\" content=\"Escrito por\" \/>\n\t<meta name=\"twitter:data1\" content=\"Diario del Sur Digital\" \/>\n\t<meta name=\"twitter:label2\" content=\"Tiempo de lectura\" \/>\n\t<meta name=\"twitter:data2\" content=\"4 minutos\" \/>\n<script type=\"application\/ld+json\" class=\"yoast-schema-graph\">{\"@context\":\"https:\\\/\\\/schema.org\",\"@graph\":[{\"@type\":\"Article\",\"@id\":\"https:\\\/\\\/diariodelsurdigital.com.ar\\\/?p=4560#article\",\"isPartOf\":{\"@id\":\"https:\\\/\\\/diariodelsurdigital.com.ar\\\/?p=4560\"},\"author\":{\"name\":\"Diario del Sur Digital\",\"@id\":\"https:\\\/\\\/diariodelsurdigital.com.ar\\\/#\\\/schema\\\/person\\\/6136a32571657f7dba980b88b04c5465\"},\"headline\":\"Basta Milei: el grito entrerriano que tiene que hacerse sentir en las urnas\",\"datePublished\":\"2025-09-07T20:22:26+00:00\",\"dateModified\":\"2025-09-07T20:22:27+00:00\",\"mainEntityOfPage\":{\"@id\":\"https:\\\/\\\/diariodelsurdigital.com.ar\\\/?p=4560\"},\"wordCount\":721,\"commentCount\":1,\"image\":{\"@id\":\"https:\\\/\\\/diariodelsurdigital.com.ar\\\/?p=4560#primaryimage\"},\"thumbnailUrl\":\"https:\\\/\\\/diariodelsurdigital.com.ar\\\/wp-content\\\/uploads\\\/2025\\\/09\\\/IMG-20250907-WA0008-1536x1152-1.jpg\",\"articleSection\":[\"Pol\u00edtica\"],\"inLanguage\":\"es\",\"potentialAction\":[{\"@type\":\"CommentAction\",\"name\":\"Comment\",\"target\":[\"https:\\\/\\\/diariodelsurdigital.com.ar\\\/?p=4560#respond\"]}]},{\"@type\":\"WebPage\",\"@id\":\"https:\\\/\\\/diariodelsurdigital.com.ar\\\/?p=4560\",\"url\":\"https:\\\/\\\/diariodelsurdigital.com.ar\\\/?p=4560\",\"name\":\"Basta Milei: el grito entrerriano que tiene que hacerse sentir en las urnas - Diario del Sur\",\"isPartOf\":{\"@id\":\"https:\\\/\\\/diariodelsurdigital.com.ar\\\/#website\"},\"primaryImageOfPage\":{\"@id\":\"https:\\\/\\\/diariodelsurdigital.com.ar\\\/?p=4560#primaryimage\"},\"image\":{\"@id\":\"https:\\\/\\\/diariodelsurdigital.com.ar\\\/?p=4560#primaryimage\"},\"thumbnailUrl\":\"https:\\\/\\\/diariodelsurdigital.com.ar\\\/wp-content\\\/uploads\\\/2025\\\/09\\\/IMG-20250907-WA0008-1536x1152-1.jpg\",\"datePublished\":\"2025-09-07T20:22:26+00:00\",\"dateModified\":\"2025-09-07T20:22:27+00:00\",\"author\":{\"@id\":\"https:\\\/\\\/diariodelsurdigital.com.ar\\\/#\\\/schema\\\/person\\\/6136a32571657f7dba980b88b04c5465\"},\"breadcrumb\":{\"@id\":\"https:\\\/\\\/diariodelsurdigital.com.ar\\\/?p=4560#breadcrumb\"},\"inLanguage\":\"es\",\"potentialAction\":[{\"@type\":\"ReadAction\",\"target\":[\"https:\\\/\\\/diariodelsurdigital.com.ar\\\/?p=4560\"]}]},{\"@type\":\"ImageObject\",\"inLanguage\":\"es\",\"@id\":\"https:\\\/\\\/diariodelsurdigital.com.ar\\\/?p=4560#primaryimage\",\"url\":\"https:\\\/\\\/diariodelsurdigital.com.ar\\\/wp-content\\\/uploads\\\/2025\\\/09\\\/IMG-20250907-WA0008-1536x1152-1.jpg\",\"contentUrl\":\"https:\\\/\\\/diariodelsurdigital.com.ar\\\/wp-content\\\/uploads\\\/2025\\\/09\\\/IMG-20250907-WA0008-1536x1152-1.jpg\",\"width\":510,\"height\":306},{\"@type\":\"BreadcrumbList\",\"@id\":\"https:\\\/\\\/diariodelsurdigital.com.ar\\\/?p=4560#breadcrumb\",\"itemListElement\":[{\"@type\":\"ListItem\",\"position\":1,\"name\":\"Portada\",\"item\":\"https:\\\/\\\/diariodelsurdigital.com.ar\\\/\"},{\"@type\":\"ListItem\",\"position\":2,\"name\":\"Basta Milei: el grito entrerriano que tiene que hacerse sentir en las urnas\"}]},{\"@type\":\"WebSite\",\"@id\":\"https:\\\/\\\/diariodelsurdigital.com.ar\\\/#website\",\"url\":\"https:\\\/\\\/diariodelsurdigital.com.ar\\\/\",\"name\":\"Diario del Sur\",\"description\":\"Digital\",\"potentialAction\":[{\"@type\":\"SearchAction\",\"target\":{\"@type\":\"EntryPoint\",\"urlTemplate\":\"https:\\\/\\\/diariodelsurdigital.com.ar\\\/?s={search_term_string}\"},\"query-input\":{\"@type\":\"PropertyValueSpecification\",\"valueRequired\":true,\"valueName\":\"search_term_string\"}}],\"inLanguage\":\"es\"},{\"@type\":\"Person\",\"@id\":\"https:\\\/\\\/diariodelsurdigital.com.ar\\\/#\\\/schema\\\/person\\\/6136a32571657f7dba980b88b04c5465\",\"name\":\"Diario del Sur Digital\",\"image\":{\"@type\":\"ImageObject\",\"inLanguage\":\"es\",\"@id\":\"https:\\\/\\\/secure.gravatar.com\\\/avatar\\\/4c29ceac98541dd42460b2474aaa5dd37594d6ce6cb3cf2c101d09b48ee287ba?s=96&d=mm&r=g\",\"url\":\"https:\\\/\\\/secure.gravatar.com\\\/avatar\\\/4c29ceac98541dd42460b2474aaa5dd37594d6ce6cb3cf2c101d09b48ee287ba?s=96&d=mm&r=g\",\"contentUrl\":\"https:\\\/\\\/secure.gravatar.com\\\/avatar\\\/4c29ceac98541dd42460b2474aaa5dd37594d6ce6cb3cf2c101d09b48ee287ba?s=96&d=mm&r=g\",\"caption\":\"Diario del Sur Digital\"},\"url\":\"https:\\\/\\\/diariodelsurdigital.com.ar\\\/?author=2\"}]}<\/script>\n<!-- \/ Yoast SEO plugin. -->","yoast_head_json":{"title":"Basta Milei: el grito entrerriano que tiene que hacerse sentir en las urnas - Diario del Sur","robots":{"index":"index","follow":"follow","max-snippet":"max-snippet:-1","max-image-preview":"max-image-preview:large","max-video-preview":"max-video-preview:-1"},"canonical":"https:\/\/diariodelsurdigital.com.ar\/?p=4560","og_locale":"es_ES","og_type":"article","og_title":"Basta Milei: el grito entrerriano que tiene que hacerse sentir en las urnas - Diario del Sur","og_description":"Cuando el domingo de las elecciones se terminen de contar los votos, desde el interior profundo tiene que escucharse fuerte un grito: basta Milei. Que sepa el pa\u00eds entero que Entre R\u00edos no se va a \u201cpintar de violeta\u201d. Las 53 mil familias entrerrianas que tienen en su hogar a una persona con discapacidad tienen [&hellip;]","og_url":"https:\/\/diariodelsurdigital.com.ar\/?p=4560","og_site_name":"Diario del Sur","article_published_time":"2025-09-07T20:22:26+00:00","article_modified_time":"2025-09-07T20:22:27+00:00","og_image":[{"width":510,"height":306,"url":"https:\/\/diariodelsurdigital.com.ar\/wp-content\/uploads\/2025\/09\/IMG-20250907-WA0008-1536x1152-1.jpg","type":"image\/jpeg"}],"author":"Diario del Sur Digital","twitter_card":"summary_large_image","twitter_misc":{"Escrito por":"Diario del Sur Digital","Tiempo de lectura":"4 minutos"},"schema":{"@context":"https:\/\/schema.org","@graph":[{"@type":"Article","@id":"https:\/\/diariodelsurdigital.com.ar\/?p=4560#article","isPartOf":{"@id":"https:\/\/diariodelsurdigital.com.ar\/?p=4560"},"author":{"name":"Diario del Sur Digital","@id":"https:\/\/diariodelsurdigital.com.ar\/#\/schema\/person\/6136a32571657f7dba980b88b04c5465"},"headline":"Basta Milei: el grito entrerriano que tiene que hacerse sentir en las urnas","datePublished":"2025-09-07T20:22:26+00:00","dateModified":"2025-09-07T20:22:27+00:00","mainEntityOfPage":{"@id":"https:\/\/diariodelsurdigital.com.ar\/?p=4560"},"wordCount":721,"commentCount":1,"image":{"@id":"https:\/\/diariodelsurdigital.com.ar\/?p=4560#primaryimage"},"thumbnailUrl":"https:\/\/diariodelsurdigital.com.ar\/wp-content\/uploads\/2025\/09\/IMG-20250907-WA0008-1536x1152-1.jpg","articleSection":["Pol\u00edtica"],"inLanguage":"es","potentialAction":[{"@type":"CommentAction","name":"Comment","target":["https:\/\/diariodelsurdigital.com.ar\/?p=4560#respond"]}]},{"@type":"WebPage","@id":"https:\/\/diariodelsurdigital.com.ar\/?p=4560","url":"https:\/\/diariodelsurdigital.com.ar\/?p=4560","name":"Basta Milei: el grito entrerriano que tiene que hacerse sentir en las urnas - Diario del Sur","isPartOf":{"@id":"https:\/\/diariodelsurdigital.com.ar\/#website"},"primaryImageOfPage":{"@id":"https:\/\/diariodelsurdigital.com.ar\/?p=4560#primaryimage"},"image":{"@id":"https:\/\/diariodelsurdigital.com.ar\/?p=4560#primaryimage"},"thumbnailUrl":"https:\/\/diariodelsurdigital.com.ar\/wp-content\/uploads\/2025\/09\/IMG-20250907-WA0008-1536x1152-1.jpg","datePublished":"2025-09-07T20:22:26+00:00","dateModified":"2025-09-07T20:22:27+00:00","author":{"@id":"https:\/\/diariodelsurdigital.com.ar\/#\/schema\/person\/6136a32571657f7dba980b88b04c5465"},"breadcrumb":{"@id":"https:\/\/diariodelsurdigital.com.ar\/?p=4560#breadcrumb"},"inLanguage":"es","potentialAction":[{"@type":"ReadAction","target":["https:\/\/diariodelsurdigital.com.ar\/?p=4560"]}]},{"@type":"ImageObject","inLanguage":"es","@id":"https:\/\/diariodelsurdigital.com.ar\/?p=4560#primaryimage","url":"https:\/\/diariodelsurdigital.com.ar\/wp-content\/uploads\/2025\/09\/IMG-20250907-WA0008-1536x1152-1.jpg","contentUrl":"https:\/\/diariodelsurdigital.com.ar\/wp-content\/uploads\/2025\/09\/IMG-20250907-WA0008-1536x1152-1.jpg","width":510,"height":306},{"@type":"BreadcrumbList","@id":"https:\/\/diariodelsurdigital.com.ar\/?p=4560#breadcrumb","itemListElement":[{"@type":"ListItem","position":1,"name":"Portada","item":"https:\/\/diariodelsurdigital.com.ar\/"},{"@type":"ListItem","position":2,"name":"Basta Milei: el grito entrerriano que tiene que hacerse sentir en las urnas"}]},{"@type":"WebSite","@id":"https:\/\/diariodelsurdigital.com.ar\/#website","url":"https:\/\/diariodelsurdigital.com.ar\/","name":"Diario del Sur","description":"Digital","potentialAction":[{"@type":"SearchAction","target":{"@type":"EntryPoint","urlTemplate":"https:\/\/diariodelsurdigital.com.ar\/?s={search_term_string}"},"query-input":{"@type":"PropertyValueSpecification","valueRequired":true,"valueName":"search_term_string"}}],"inLanguage":"es"},{"@type":"Person","@id":"https:\/\/diariodelsurdigital.com.ar\/#\/schema\/person\/6136a32571657f7dba980b88b04c5465","name":"Diario del Sur Digital","image":{"@type":"ImageObject","inLanguage":"es","@id":"https:\/\/secure.gravatar.com\/avatar\/4c29ceac98541dd42460b2474aaa5dd37594d6ce6cb3cf2c101d09b48ee287ba?s=96&d=mm&r=g","url":"https:\/\/secure.gravatar.com\/avatar\/4c29ceac98541dd42460b2474aaa5dd37594d6ce6cb3cf2c101d09b48ee287ba?s=96&d=mm&r=g","contentUrl":"https:\/\/secure.gravatar.com\/avatar\/4c29ceac98541dd42460b2474aaa5dd37594d6ce6cb3cf2c101d09b48ee287ba?s=96&d=mm&r=g","caption":"Diario del Sur Digital"},"url":"https:\/\/diariodelsurdigital.com.ar\/?author=2"}]}},"_links":{"self":[{"href":"https:\/\/diariodelsurdigital.com.ar\/index.php?rest_route=\/wp\/v2\/posts\/4560","targetHints":{"allow":["GET"]}}],"collection":[{"href":"https:\/\/diariodelsurdigital.com.ar\/index.php?rest_route=\/wp\/v2\/posts"}],"about":[{"href":"https:\/\/diariodelsurdigital.com.ar\/index.php?rest_route=\/wp\/v2\/types\/post"}],"author":[{"embeddable":true,"href":"https:\/\/diariodelsurdigital.com.ar\/index.php?rest_route=\/wp\/v2\/users\/2"}],"replies":[{"embeddable":true,"href":"https:\/\/diariodelsurdigital.com.ar\/index.php?rest_route=%2Fwp%2Fv2%2Fcomments&post=4560"}],"version-history":[{"count":1,"href":"https:\/\/diariodelsurdigital.com.ar\/index.php?rest_route=\/wp\/v2\/posts\/4560\/revisions"}],"predecessor-version":[{"id":4562,"href":"https:\/\/diariodelsurdigital.com.ar\/index.php?rest_route=\/wp\/v2\/posts\/4560\/revisions\/4562"}],"wp:featuredmedia":[{"embeddable":true,"href":"https:\/\/diariodelsurdigital.com.ar\/index.php?rest_route=\/wp\/v2\/media\/4561"}],"wp:attachment":[{"href":"https:\/\/diariodelsurdigital.com.ar\/index.php?rest_route=%2Fwp%2Fv2%2Fmedia&parent=4560"}],"wp:term":[{"taxonomy":"category","embeddable":true,"href":"https:\/\/diariodelsurdigital.com.ar\/index.php?rest_route=%2Fwp%2Fv2%2Fcategories&post=4560"},{"taxonomy":"post_tag","embeddable":true,"href":"https:\/\/diariodelsurdigital.com.ar\/index.php?rest_route=%2Fwp%2Fv2%2Ftags&post=4560"}],"curies":[{"name":"wp","href":"https:\/\/api.w.org\/{rel}","templated":true}]}}