{"id":4563,"date":"2025-09-08T14:40:03","date_gmt":"2025-09-08T17:40:03","guid":{"rendered":"https:\/\/diariodelsurdigital.com.ar\/?p=4563"},"modified":"2025-09-08T14:40:04","modified_gmt":"2025-09-08T17:40:04","slug":"sastre-presento-su-obra-memorias-de-un-gorila-en-la-feria-provincial-del-libro","status":"publish","type":"post","link":"https:\/\/diariodelsurdigital.com.ar\/?p=4563","title":{"rendered":"Sastre present\u00f3 su obra \u00abMemorias de un gorila\u00bb en la Feria Provincial del Libro"},"content":{"rendered":"\n<p><\/p>\n\n\n\n<p>La nueva edici\u00f3n del libro \u201cMemorias de un gorila\u201d, cuyo autor es el concejal Felipe Sastre, dijo presente en la Feria Provincial del Libro, en el marco de una charla-debate que tuvo lugar este s\u00e1bado en el Bibliopatio del Centro de Convenciones, junto al \u00abGordo Dan de Concordia\u00bb, Jos\u00e9 M\u00e4uss.<\/p>\n\n\n\n<p>La actividad cont\u00f3 con la presencia de una nutrida concurrencia y tuvo momentos muy divertidos, entre los que destac\u00f3 la intervenci\u00f3n de un \u201cGorila\u201d aut\u00e9ntico durante la exposici\u00f3n. La conducci\u00f3n estuvo a cargo del artista local M\u00e4uss, quien adem\u00e1s dirigi\u00f3 unas palabras introductorias destinadas a reivindicar las ideas de la libertad que enarbola la derecha argentina y a subrayar la importancia de dar la batalla cultural.<\/p>\n\n\n\n<p>En ese sentido, afirm\u00f3: \u201cEste libro, Memorias de un gorila, no es un panfleto complaciente ni un manual de consignas. Es un ejercicio de parres\u00eda: de hablar con franqueza frente a un poder que us\u00f3 la emergencia sanitaria como excusa para restringir derechos, manipular informaci\u00f3n y consolidar privilegios. Es un testimonio que incomoda, porque muestra c\u00f3mo la mentira se volvi\u00f3 pol\u00edtica de Estado y c\u00f3mo la obediencia ciega fue impuesta como virtud c\u00edvica\u201d.<\/p>\n\n\n\n<p>Por su parte, Sastre sostuvo que \u201ccuando se lanz\u00f3 \u2018Memorias de un gorila\u2019 hace 3 a\u00f1os, fue una tirada corta de 100 ejemplares y se agot\u00f3 muy r\u00e1pido. Poder presentar esta nueva edici\u00f3n es motivo de una gran emoci\u00f3n y adem\u00e1s una oportunidad para reflexionar desde otra perspectiva sobre las tem\u00e1ticas que plantea mi libro en tanto manifiesto contra la opresi\u00f3n y el atropello a las libertades individuales\u201d.<\/p>\n\n\n\n<p>\u201cIncluso a t\u00edtulo personal he podido notar la transformaci\u00f3n del escenario pol\u00edtico que tuvo lugar en estos a\u00f1os, porque desde que empec\u00e9 a escribir estos textos pas\u00e9 de ser un perseguido del peronismo y hasta v\u00edctima de un intento de censura por parte de la Secretar\u00eda de DDHH de Entre R\u00edos, a ser un orgulloso integrante del bloque oficialista que hoy acompa\u00f1a a la administraci\u00f3n del Intendente Francisco Azcu\u00e9\u201d, agreg\u00f3 el edil.<\/p>\n\n\n\n<p>\u201cLa verdad me voy muy contento y agradecido con los que permitieron que esto fuese posible. Especialmente con los amigos que dejaron de lado otras ocupaciones y se acercaron a escucharme. Sin dudas, esta es una de las mayores satisfacciones que me ha dado la pol\u00edtic \u201c, remat\u00f3 finalmente.<\/p>\n","protected":false},"excerpt":{"rendered":"<p>La nueva edici\u00f3n del libro \u201cMemorias de un gorila\u201d, cuyo autor es el concejal Felipe Sastre, dijo presente en la Feria Provincial del Libro, en el marco de una charla-debate que tuvo lugar este s\u00e1bado en el Bibliopatio del Centro de Convenciones, junto al \u00abGordo Dan de Concordia\u00bb, Jos\u00e9 M\u00e4uss. La actividad cont\u00f3 con la [&hellip;]<\/p>\n","protected":false},"author":2,"featured_media":4564,"comment_status":"open","ping_status":"open","sticky":false,"template":"","format":"standard","meta":{"footnotes":""},"categories":[16],"tags":[],"class_list":{"0":"post-4563","1":"post","2":"type-post","3":"status-publish","4":"format-standard","5":"has-post-thumbnail","7":"category-locales"},"yoast_head":"<!-- This site is optimized with the Yoast SEO plugin v27.4 - https:\/\/yoast.com\/product\/yoast-seo-wordpress\/ -->\n<title>Sastre present\u00f3 su obra &quot;Memorias de un gorila&quot; en la Feria Provincial del Libro - Diario del Sur<\/title>\n<meta name=\"robots\" content=\"index, follow, max-snippet:-1, max-image-preview:large, max-video-preview:-1\" \/>\n<link rel=\"canonical\" href=\"https:\/\/diariodelsurdigital.com.ar\/?p=4563\" \/>\n<meta property=\"og:locale\" content=\"es_ES\" \/>\n<meta property=\"og:type\" content=\"article\" \/>\n<meta property=\"og:title\" content=\"Sastre present\u00f3 su obra &quot;Memorias de un gorila&quot; en la Feria Provincial del Libro - Diario del Sur\" \/>\n<meta property=\"og:description\" content=\"La nueva edici\u00f3n del libro \u201cMemorias de un gorila\u201d, cuyo autor es el concejal Felipe Sastre, dijo presente en la Feria Provincial del Libro, en el marco de una charla-debate que tuvo lugar este s\u00e1bado en el Bibliopatio del Centro de Convenciones, junto al \u00abGordo Dan de Concordia\u00bb, Jos\u00e9 M\u00e4uss. La actividad cont\u00f3 con la [&hellip;]\" \/>\n<meta property=\"og:url\" content=\"https:\/\/diariodelsurdigital.com.ar\/?p=4563\" \/>\n<meta property=\"og:site_name\" content=\"Diario del Sur\" \/>\n<meta property=\"article:published_time\" content=\"2025-09-08T17:40:03+00:00\" \/>\n<meta property=\"article:modified_time\" content=\"2025-09-08T17:40:04+00:00\" \/>\n<meta property=\"og:image\" content=\"https:\/\/diariodelsurdigital.com.ar\/wp-content\/uploads\/2025\/09\/Imagen-de-WhatsApp-2025-09-07-a-las-17.00.47_579aa4b9.jpg\" \/>\n\t<meta property=\"og:image:width\" content=\"471\" \/>\n\t<meta property=\"og:image:height\" content=\"361\" \/>\n\t<meta property=\"og:image:type\" content=\"image\/jpeg\" \/>\n<meta name=\"author\" content=\"Diario del Sur Digital\" \/>\n<meta name=\"twitter:card\" content=\"summary_large_image\" \/>\n<meta name=\"twitter:label1\" content=\"Escrito por\" \/>\n\t<meta name=\"twitter:data1\" content=\"Diario del Sur Digital\" \/>\n\t<meta name=\"twitter:label2\" content=\"Tiempo de lectura\" \/>\n\t<meta name=\"twitter:data2\" content=\"2 minutos\" \/>\n<script type=\"application\/ld+json\" class=\"yoast-schema-graph\">{\"@context\":\"https:\\\/\\\/schema.org\",\"@graph\":[{\"@type\":\"Article\",\"@id\":\"https:\\\/\\\/diariodelsurdigital.com.ar\\\/?p=4563#article\",\"isPartOf\":{\"@id\":\"https:\\\/\\\/diariodelsurdigital.com.ar\\\/?p=4563\"},\"author\":{\"name\":\"Diario del Sur Digital\",\"@id\":\"https:\\\/\\\/diariodelsurdigital.com.ar\\\/#\\\/schema\\\/person\\\/6136a32571657f7dba980b88b04c5465\"},\"headline\":\"Sastre present\u00f3 su obra \u00abMemorias de un gorila\u00bb en la Feria Provincial del Libro\",\"datePublished\":\"2025-09-08T17:40:03+00:00\",\"dateModified\":\"2025-09-08T17:40:04+00:00\",\"mainEntityOfPage\":{\"@id\":\"https:\\\/\\\/diariodelsurdigital.com.ar\\\/?p=4563\"},\"wordCount\":421,\"commentCount\":1,\"image\":{\"@id\":\"https:\\\/\\\/diariodelsurdigital.com.ar\\\/?p=4563#primaryimage\"},\"thumbnailUrl\":\"https:\\\/\\\/diariodelsurdigital.com.ar\\\/wp-content\\\/uploads\\\/2025\\\/09\\\/Imagen-de-WhatsApp-2025-09-07-a-las-17.00.47_579aa4b9.jpg\",\"articleSection\":[\"Locales\"],\"inLanguage\":\"es\",\"potentialAction\":[{\"@type\":\"CommentAction\",\"name\":\"Comment\",\"target\":[\"https:\\\/\\\/diariodelsurdigital.com.ar\\\/?p=4563#respond\"]}]},{\"@type\":\"WebPage\",\"@id\":\"https:\\\/\\\/diariodelsurdigital.com.ar\\\/?p=4563\",\"url\":\"https:\\\/\\\/diariodelsurdigital.com.ar\\\/?p=4563\",\"name\":\"Sastre present\u00f3 su obra \\\"Memorias de un gorila\\\" en la Feria Provincial del Libro - Diario del Sur\",\"isPartOf\":{\"@id\":\"https:\\\/\\\/diariodelsurdigital.com.ar\\\/#website\"},\"primaryImageOfPage\":{\"@id\":\"https:\\\/\\\/diariodelsurdigital.com.ar\\\/?p=4563#primaryimage\"},\"image\":{\"@id\":\"https:\\\/\\\/diariodelsurdigital.com.ar\\\/?p=4563#primaryimage\"},\"thumbnailUrl\":\"https:\\\/\\\/diariodelsurdigital.com.ar\\\/wp-content\\\/uploads\\\/2025\\\/09\\\/Imagen-de-WhatsApp-2025-09-07-a-las-17.00.47_579aa4b9.jpg\",\"datePublished\":\"2025-09-08T17:40:03+00:00\",\"dateModified\":\"2025-09-08T17:40:04+00:00\",\"author\":{\"@id\":\"https:\\\/\\\/diariodelsurdigital.com.ar\\\/#\\\/schema\\\/person\\\/6136a32571657f7dba980b88b04c5465\"},\"breadcrumb\":{\"@id\":\"https:\\\/\\\/diariodelsurdigital.com.ar\\\/?p=4563#breadcrumb\"},\"inLanguage\":\"es\",\"potentialAction\":[{\"@type\":\"ReadAction\",\"target\":[\"https:\\\/\\\/diariodelsurdigital.com.ar\\\/?p=4563\"]}]},{\"@type\":\"ImageObject\",\"inLanguage\":\"es\",\"@id\":\"https:\\\/\\\/diariodelsurdigital.com.ar\\\/?p=4563#primaryimage\",\"url\":\"https:\\\/\\\/diariodelsurdigital.com.ar\\\/wp-content\\\/uploads\\\/2025\\\/09\\\/Imagen-de-WhatsApp-2025-09-07-a-las-17.00.47_579aa4b9.jpg\",\"contentUrl\":\"https:\\\/\\\/diariodelsurdigital.com.ar\\\/wp-content\\\/uploads\\\/2025\\\/09\\\/Imagen-de-WhatsApp-2025-09-07-a-las-17.00.47_579aa4b9.jpg\",\"width\":471,\"height\":361},{\"@type\":\"BreadcrumbList\",\"@id\":\"https:\\\/\\\/diariodelsurdigital.com.ar\\\/?p=4563#breadcrumb\",\"itemListElement\":[{\"@type\":\"ListItem\",\"position\":1,\"name\":\"Portada\",\"item\":\"https:\\\/\\\/diariodelsurdigital.com.ar\\\/\"},{\"@type\":\"ListItem\",\"position\":2,\"name\":\"Sastre present\u00f3 su obra \u00abMemorias de un gorila\u00bb en la Feria Provincial del Libro\"}]},{\"@type\":\"WebSite\",\"@id\":\"https:\\\/\\\/diariodelsurdigital.com.ar\\\/#website\",\"url\":\"https:\\\/\\\/diariodelsurdigital.com.ar\\\/\",\"name\":\"Diario del Sur\",\"description\":\"Digital\",\"potentialAction\":[{\"@type\":\"SearchAction\",\"target\":{\"@type\":\"EntryPoint\",\"urlTemplate\":\"https:\\\/\\\/diariodelsurdigital.com.ar\\\/?s={search_term_string}\"},\"query-input\":{\"@type\":\"PropertyValueSpecification\",\"valueRequired\":true,\"valueName\":\"search_term_string\"}}],\"inLanguage\":\"es\"},{\"@type\":\"Person\",\"@id\":\"https:\\\/\\\/diariodelsurdigital.com.ar\\\/#\\\/schema\\\/person\\\/6136a32571657f7dba980b88b04c5465\",\"name\":\"Diario del Sur Digital\",\"image\":{\"@type\":\"ImageObject\",\"inLanguage\":\"es\",\"@id\":\"https:\\\/\\\/secure.gravatar.com\\\/avatar\\\/4c29ceac98541dd42460b2474aaa5dd37594d6ce6cb3cf2c101d09b48ee287ba?s=96&d=mm&r=g\",\"url\":\"https:\\\/\\\/secure.gravatar.com\\\/avatar\\\/4c29ceac98541dd42460b2474aaa5dd37594d6ce6cb3cf2c101d09b48ee287ba?s=96&d=mm&r=g\",\"contentUrl\":\"https:\\\/\\\/secure.gravatar.com\\\/avatar\\\/4c29ceac98541dd42460b2474aaa5dd37594d6ce6cb3cf2c101d09b48ee287ba?s=96&d=mm&r=g\",\"caption\":\"Diario del Sur Digital\"},\"url\":\"https:\\\/\\\/diariodelsurdigital.com.ar\\\/?author=2\"}]}<\/script>\n<!-- \/ Yoast SEO plugin. -->","yoast_head_json":{"title":"Sastre present\u00f3 su obra \"Memorias de un gorila\" en la Feria Provincial del Libro - Diario del Sur","robots":{"index":"index","follow":"follow","max-snippet":"max-snippet:-1","max-image-preview":"max-image-preview:large","max-video-preview":"max-video-preview:-1"},"canonical":"https:\/\/diariodelsurdigital.com.ar\/?p=4563","og_locale":"es_ES","og_type":"article","og_title":"Sastre present\u00f3 su obra \"Memorias de un gorila\" en la Feria Provincial del Libro - Diario del Sur","og_description":"La nueva edici\u00f3n del libro \u201cMemorias de un gorila\u201d, cuyo autor es el concejal Felipe Sastre, dijo presente en la Feria Provincial del Libro, en el marco de una charla-debate que tuvo lugar este s\u00e1bado en el Bibliopatio del Centro de Convenciones, junto al \u00abGordo Dan de Concordia\u00bb, Jos\u00e9 M\u00e4uss. La actividad cont\u00f3 con la [&hellip;]","og_url":"https:\/\/diariodelsurdigital.com.ar\/?p=4563","og_site_name":"Diario del Sur","article_published_time":"2025-09-08T17:40:03+00:00","article_modified_time":"2025-09-08T17:40:04+00:00","og_image":[{"width":471,"height":361,"url":"https:\/\/diariodelsurdigital.com.ar\/wp-content\/uploads\/2025\/09\/Imagen-de-WhatsApp-2025-09-07-a-las-17.00.47_579aa4b9.jpg","type":"image\/jpeg"}],"author":"Diario del Sur Digital","twitter_card":"summary_large_image","twitter_misc":{"Escrito por":"Diario del Sur Digital","Tiempo de lectura":"2 minutos"},"schema":{"@context":"https:\/\/schema.org","@graph":[{"@type":"Article","@id":"https:\/\/diariodelsurdigital.com.ar\/?p=4563#article","isPartOf":{"@id":"https:\/\/diariodelsurdigital.com.ar\/?p=4563"},"author":{"name":"Diario del Sur Digital","@id":"https:\/\/diariodelsurdigital.com.ar\/#\/schema\/person\/6136a32571657f7dba980b88b04c5465"},"headline":"Sastre present\u00f3 su obra \u00abMemorias de un gorila\u00bb en la Feria Provincial del Libro","datePublished":"2025-09-08T17:40:03+00:00","dateModified":"2025-09-08T17:40:04+00:00","mainEntityOfPage":{"@id":"https:\/\/diariodelsurdigital.com.ar\/?p=4563"},"wordCount":421,"commentCount":1,"image":{"@id":"https:\/\/diariodelsurdigital.com.ar\/?p=4563#primaryimage"},"thumbnailUrl":"https:\/\/diariodelsurdigital.com.ar\/wp-content\/uploads\/2025\/09\/Imagen-de-WhatsApp-2025-09-07-a-las-17.00.47_579aa4b9.jpg","articleSection":["Locales"],"inLanguage":"es","potentialAction":[{"@type":"CommentAction","name":"Comment","target":["https:\/\/diariodelsurdigital.com.ar\/?p=4563#respond"]}]},{"@type":"WebPage","@id":"https:\/\/diariodelsurdigital.com.ar\/?p=4563","url":"https:\/\/diariodelsurdigital.com.ar\/?p=4563","name":"Sastre present\u00f3 su obra \"Memorias de un gorila\" en la Feria Provincial del Libro - Diario del Sur","isPartOf":{"@id":"https:\/\/diariodelsurdigital.com.ar\/#website"},"primaryImageOfPage":{"@id":"https:\/\/diariodelsurdigital.com.ar\/?p=4563#primaryimage"},"image":{"@id":"https:\/\/diariodelsurdigital.com.ar\/?p=4563#primaryimage"},"thumbnailUrl":"https:\/\/diariodelsurdigital.com.ar\/wp-content\/uploads\/2025\/09\/Imagen-de-WhatsApp-2025-09-07-a-las-17.00.47_579aa4b9.jpg","datePublished":"2025-09-08T17:40:03+00:00","dateModified":"2025-09-08T17:40:04+00:00","author":{"@id":"https:\/\/diariodelsurdigital.com.ar\/#\/schema\/person\/6136a32571657f7dba980b88b04c5465"},"breadcrumb":{"@id":"https:\/\/diariodelsurdigital.com.ar\/?p=4563#breadcrumb"},"inLanguage":"es","potentialAction":[{"@type":"ReadAction","target":["https:\/\/diariodelsurdigital.com.ar\/?p=4563"]}]},{"@type":"ImageObject","inLanguage":"es","@id":"https:\/\/diariodelsurdigital.com.ar\/?p=4563#primaryimage","url":"https:\/\/diariodelsurdigital.com.ar\/wp-content\/uploads\/2025\/09\/Imagen-de-WhatsApp-2025-09-07-a-las-17.00.47_579aa4b9.jpg","contentUrl":"https:\/\/diariodelsurdigital.com.ar\/wp-content\/uploads\/2025\/09\/Imagen-de-WhatsApp-2025-09-07-a-las-17.00.47_579aa4b9.jpg","width":471,"height":361},{"@type":"BreadcrumbList","@id":"https:\/\/diariodelsurdigital.com.ar\/?p=4563#breadcrumb","itemListElement":[{"@type":"ListItem","position":1,"name":"Portada","item":"https:\/\/diariodelsurdigital.com.ar\/"},{"@type":"ListItem","position":2,"name":"Sastre present\u00f3 su obra \u00abMemorias de un gorila\u00bb en la Feria Provincial del Libro"}]},{"@type":"WebSite","@id":"https:\/\/diariodelsurdigital.com.ar\/#website","url":"https:\/\/diariodelsurdigital.com.ar\/","name":"Diario del Sur","description":"Digital","potentialAction":[{"@type":"SearchAction","target":{"@type":"EntryPoint","urlTemplate":"https:\/\/diariodelsurdigital.com.ar\/?s={search_term_string}"},"query-input":{"@type":"PropertyValueSpecification","valueRequired":true,"valueName":"search_term_string"}}],"inLanguage":"es"},{"@type":"Person","@id":"https:\/\/diariodelsurdigital.com.ar\/#\/schema\/person\/6136a32571657f7dba980b88b04c5465","name":"Diario del Sur Digital","image":{"@type":"ImageObject","inLanguage":"es","@id":"https:\/\/secure.gravatar.com\/avatar\/4c29ceac98541dd42460b2474aaa5dd37594d6ce6cb3cf2c101d09b48ee287ba?s=96&d=mm&r=g","url":"https:\/\/secure.gravatar.com\/avatar\/4c29ceac98541dd42460b2474aaa5dd37594d6ce6cb3cf2c101d09b48ee287ba?s=96&d=mm&r=g","contentUrl":"https:\/\/secure.gravatar.com\/avatar\/4c29ceac98541dd42460b2474aaa5dd37594d6ce6cb3cf2c101d09b48ee287ba?s=96&d=mm&r=g","caption":"Diario del Sur Digital"},"url":"https:\/\/diariodelsurdigital.com.ar\/?author=2"}]}},"_links":{"self":[{"href":"https:\/\/diariodelsurdigital.com.ar\/index.php?rest_route=\/wp\/v2\/posts\/4563","targetHints":{"allow":["GET"]}}],"collection":[{"href":"https:\/\/diariodelsurdigital.com.ar\/index.php?rest_route=\/wp\/v2\/posts"}],"about":[{"href":"https:\/\/diariodelsurdigital.com.ar\/index.php?rest_route=\/wp\/v2\/types\/post"}],"author":[{"embeddable":true,"href":"https:\/\/diariodelsurdigital.com.ar\/index.php?rest_route=\/wp\/v2\/users\/2"}],"replies":[{"embeddable":true,"href":"https:\/\/diariodelsurdigital.com.ar\/index.php?rest_route=%2Fwp%2Fv2%2Fcomments&post=4563"}],"version-history":[{"count":1,"href":"https:\/\/diariodelsurdigital.com.ar\/index.php?rest_route=\/wp\/v2\/posts\/4563\/revisions"}],"predecessor-version":[{"id":4565,"href":"https:\/\/diariodelsurdigital.com.ar\/index.php?rest_route=\/wp\/v2\/posts\/4563\/revisions\/4565"}],"wp:featuredmedia":[{"embeddable":true,"href":"https:\/\/diariodelsurdigital.com.ar\/index.php?rest_route=\/wp\/v2\/media\/4564"}],"wp:attachment":[{"href":"https:\/\/diariodelsurdigital.com.ar\/index.php?rest_route=%2Fwp%2Fv2%2Fmedia&parent=4563"}],"wp:term":[{"taxonomy":"category","embeddable":true,"href":"https:\/\/diariodelsurdigital.com.ar\/index.php?rest_route=%2Fwp%2Fv2%2Fcategories&post=4563"},{"taxonomy":"post_tag","embeddable":true,"href":"https:\/\/diariodelsurdigital.com.ar\/index.php?rest_route=%2Fwp%2Fv2%2Ftags&post=4563"}],"curies":[{"name":"wp","href":"https:\/\/api.w.org\/{rel}","templated":true}]}}