{"id":4573,"date":"2025-09-08T16:31:29","date_gmt":"2025-09-08T19:31:29","guid":{"rendered":"https:\/\/diariodelsurdigital.com.ar\/?p=4573"},"modified":"2025-09-08T16:31:30","modified_gmt":"2025-09-08T19:31:30","slug":"el-silencio-sepulcral-de-la-dirigencia-entrerriana-del-pro-lla-y-la-ucr-tras-la-derrota-en-buenos-aires","status":"publish","type":"post","link":"https:\/\/diariodelsurdigital.com.ar\/?p=4573","title":{"rendered":"El silencio sepulcral de la dirigencia entrerriana del PRO, LLA y la UCR tras la derrota en Buenos Aires"},"content":{"rendered":"\n<p>El domingo por la noche las urnas bonaerenses hablaron: El PJ \u201cno desapareci\u00f3\u201d como sus opositores vaticinaron. A nivel nacional, diversas figuras libertarias, del PRO y radicales emitieron alg\u00fan tipo de declaraci\u00f3n tras la derrota. A 15 horas de la difusi\u00f3n de los primeros resultados, en Entre R\u00edos contin\u00faan guardando silencio.<\/p>\n\n\n\n<p><\/p>\n\n\n\n<p>Este domingo el peronismo hizo su mejor elecci\u00f3n legislativa en Buenos Aires tras casi 20 a\u00f1os: Gan\u00f3 en seis de las ocho secciones, algo que no lograba desde 2005. Fuerza Patria se impuso con 47,28% sobre el 33,71% de La Libertad Avanza (LLA).<\/p>\n\n\n\n<p>Tras esta paliza, quienes abogaban por \u201cla muerte del peronismo\u201d se encontraron con la realidad: Los votantes hablaron. A nivel nacional, el \u00fanico referente libertario que habl\u00f3 fue Guillermo Francos (jefe de Gabinete de Ministros de la Naci\u00f3n).<\/p>\n\n\n\n<p>En Entre R\u00edos lo \u00fanico que se escucha por fuera del justicialismo (que se encuentra en una fiesta de esperanza) es el silencio, tal como la venida de un apocalipsis o como el resultado de una magia negra mal hecha. Ning\u00fan referente libertario, radical o PRO emiti\u00f3 palabras en sus redes sociales o a la prensa.<\/p>\n\n\n\n<p>Cabe destacar que el silencio m\u00e1s notorio fue el de los gobernadores que hicieron alianza con las \u201cFuerzas del Cielo\u201d: Rogelio Frigerio (Entre R\u00edos), Leandro Zdero (Chaco) y Alfredo Cornejo (Mendoza). Mientras que los mandatarios que conforman Provincias Unidas Mart\u00edn Llaryora (C\u00f3rdoba), Maximiliano Pullaro (Santa Fe), Ignacio Torres (Chubut), Gustavo Vald\u00e9s (Corrientes), Carlos Sadir (Jujuy) y Claudio Vidal (Santa Cruz) se\u00f1alaron que \u00absin gesti\u00f3n, no hay futuro\u00bb.<\/p>\n\n\n\n<p>La derrota electoral de LLA arrastr\u00f3 al PRO: perdi\u00f3 estructura, identidad, y vuelven a surgir las cr\u00edticas internas<\/p>\n\n\n\n<p>\u00bfQu\u00e9 pasa en Entre R\u00edos?<br>Cabe recordar que Frigerio hizo p\u00fablica la alianza entre el PRO, la UCR, el MSE, el Partido FE, el Partido Libertario y La Libertad Avanza el 7 de agosto, fecha l\u00edmite para presentar las alianzas electorales para la renovaci\u00f3n de bancas en las C\u00e1maras de Diputados y Senadores.<\/p>\n\n\n\n<p>Alianza La Libertad Avanza est\u00e1 conformada por: PRO (Valentina Gotte, Jorge Satto y Daniel Galizzi), UCR (Alicia Oviedo y Gustavo Cusinato), La Libertad Avanza (Roque Fleitas y Hern\u00e1n Viola), el Partido Movimiento Social Entrerriano (Miguel \u00c1ngel Heft y Gustavo Eduardo Doce) Partido Libertario (Gast\u00f3n Chanseaud y Lourdes Z\u00e1rate, entre otros) y el Partido Fe (Julia Calleros).<\/p>\n\n\n\n<p>Por su parte, el diputado provincial Roque Fleitas (La Libertad Avanza) asegur\u00f3 que en la alianza entre los oficialismos de naci\u00f3n y provincia \u201ctrabajamos con una sola premisa\u00bb teniendo en claro que \u00abes una elecci\u00f3n nacional en donde no elegimos ni gobernador, ni intendente\u00bb, sino que se define quienes ocupar\u00e1n las bancas que le corresponden a Entre R\u00edos en el legislativo nacional. Por eso, \u00abnecesitamos llenar el Congreso con legisladores afines a nosotros\u201d.<\/p>\n\n\n\n<p>Adem\u00e1s, Fleitas habl\u00f3 sobre los audios de Karina Milei: Denunci\u00f3 que \u201cnos han sucedido, en estos \u00faltimos tiempos, todo tipo de operaciones\u00bb. Seg\u00fan entiende, a causa de \u00abtener muy pocos representantes en las c\u00e1maras\u00bb. Y por eso, \u00abel gobierno nacional no pudo llevar adelante la gesti\u00f3n que quisiera\u00bb. Ejemplificando que \u00abla Ley de Bases tard\u00f3 10 meses en aprobarse\u201d.<\/p>\n\n\n\n<p>Por otra parte el intendente de Gualeguaych\u00fa, Mauricio Davico (PRO) fue el primer entrerriano en respaldar a Karina Milei en medio de la crisis gubernamental tras la revelaci\u00f3n de audios de Diego Spagnuolo que incriminan por el supuesto cobro de coimas a la hermana del Presidente y los Menem: Mart\u00edn y Eduardo, conocido como \u201cLule\u201d.<\/p>\n\n\n\n<p>El intendente de Gualeguaych\u00fa acudi\u00f3 a la red social Instagram para bancar con el siguiente mensaje: \u201cSiempre con ustedes, con m\u00e1s fuerza que nunca\u201d.<\/p>\n","protected":false},"excerpt":{"rendered":"<p>El domingo por la noche las urnas bonaerenses hablaron: El PJ \u201cno desapareci\u00f3\u201d como sus opositores vaticinaron. A nivel nacional, diversas figuras libertarias, del PRO y radicales emitieron alg\u00fan tipo de declaraci\u00f3n tras la derrota. A 15 horas de la difusi\u00f3n de los primeros resultados, en Entre R\u00edos contin\u00faan guardando silencio. Este domingo el peronismo [&hellip;]<\/p>\n","protected":false},"author":4,"featured_media":4574,"comment_status":"open","ping_status":"open","sticky":false,"template":"","format":"standard","meta":{"footnotes":""},"categories":[22,17],"tags":[],"class_list":{"0":"post-4573","1":"post","2":"type-post","3":"status-publish","4":"format-standard","5":"has-post-thumbnail","7":"category-politica","8":"category-provinciales"},"yoast_head":"<!-- This site is optimized with the Yoast SEO plugin v27.4 - https:\/\/yoast.com\/product\/yoast-seo-wordpress\/ -->\n<title>El silencio sepulcral de la dirigencia entrerriana del PRO, LLA y la UCR tras la derrota en Buenos Aires - Diario del Sur<\/title>\n<meta name=\"robots\" content=\"index, follow, max-snippet:-1, max-image-preview:large, max-video-preview:-1\" \/>\n<link rel=\"canonical\" href=\"https:\/\/diariodelsurdigital.com.ar\/?p=4573\" \/>\n<meta property=\"og:locale\" content=\"es_ES\" \/>\n<meta property=\"og:type\" content=\"article\" \/>\n<meta property=\"og:title\" content=\"El silencio sepulcral de la dirigencia entrerriana del PRO, LLA y la UCR tras la derrota en Buenos Aires - Diario del Sur\" \/>\n<meta property=\"og:description\" content=\"El domingo por la noche las urnas bonaerenses hablaron: El PJ \u201cno desapareci\u00f3\u201d como sus opositores vaticinaron. A nivel nacional, diversas figuras libertarias, del PRO y radicales emitieron alg\u00fan tipo de declaraci\u00f3n tras la derrota. A 15 horas de la difusi\u00f3n de los primeros resultados, en Entre R\u00edos contin\u00faan guardando silencio. Este domingo el peronismo [&hellip;]\" \/>\n<meta property=\"og:url\" content=\"https:\/\/diariodelsurdigital.com.ar\/?p=4573\" \/>\n<meta property=\"og:site_name\" content=\"Diario del Sur\" \/>\n<meta property=\"article:published_time\" content=\"2025-09-08T19:31:29+00:00\" \/>\n<meta property=\"article:modified_time\" content=\"2025-09-08T19:31:30+00:00\" \/>\n<meta property=\"og:image\" content=\"https:\/\/diariodelsurdigital.com.ar\/wp-content\/uploads\/2025\/09\/md-24.webp\" \/>\n\t<meta property=\"og:image:width\" content=\"992\" \/>\n\t<meta property=\"og:image:height\" content=\"661\" \/>\n\t<meta property=\"og:image:type\" content=\"image\/webp\" \/>\n<meta name=\"author\" content=\"Diario del Sur Digital\" \/>\n<meta name=\"twitter:card\" content=\"summary_large_image\" \/>\n<meta name=\"twitter:label1\" content=\"Escrito por\" \/>\n\t<meta name=\"twitter:data1\" content=\"Diario del Sur Digital\" \/>\n\t<meta name=\"twitter:label2\" content=\"Tiempo de lectura\" \/>\n\t<meta name=\"twitter:data2\" content=\"3 minutos\" \/>\n<script type=\"application\/ld+json\" class=\"yoast-schema-graph\">{\"@context\":\"https:\\\/\\\/schema.org\",\"@graph\":[{\"@type\":\"Article\",\"@id\":\"https:\\\/\\\/diariodelsurdigital.com.ar\\\/?p=4573#article\",\"isPartOf\":{\"@id\":\"https:\\\/\\\/diariodelsurdigital.com.ar\\\/?p=4573\"},\"author\":{\"name\":\"Diario del Sur Digital\",\"@id\":\"https:\\\/\\\/diariodelsurdigital.com.ar\\\/#\\\/schema\\\/person\\\/1a4992532ed62965c968031b49195c81\"},\"headline\":\"El silencio sepulcral de la dirigencia entrerriana del PRO, LLA y la UCR tras la derrota en Buenos Aires\",\"datePublished\":\"2025-09-08T19:31:29+00:00\",\"dateModified\":\"2025-09-08T19:31:30+00:00\",\"mainEntityOfPage\":{\"@id\":\"https:\\\/\\\/diariodelsurdigital.com.ar\\\/?p=4573\"},\"wordCount\":642,\"commentCount\":0,\"image\":{\"@id\":\"https:\\\/\\\/diariodelsurdigital.com.ar\\\/?p=4573#primaryimage\"},\"thumbnailUrl\":\"https:\\\/\\\/diariodelsurdigital.com.ar\\\/wp-content\\\/uploads\\\/2025\\\/09\\\/md-24.webp\",\"articleSection\":[\"Pol\u00edtica\",\"Provinciales\"],\"inLanguage\":\"es\",\"potentialAction\":[{\"@type\":\"CommentAction\",\"name\":\"Comment\",\"target\":[\"https:\\\/\\\/diariodelsurdigital.com.ar\\\/?p=4573#respond\"]}]},{\"@type\":\"WebPage\",\"@id\":\"https:\\\/\\\/diariodelsurdigital.com.ar\\\/?p=4573\",\"url\":\"https:\\\/\\\/diariodelsurdigital.com.ar\\\/?p=4573\",\"name\":\"El silencio sepulcral de la dirigencia entrerriana del PRO, LLA y la UCR tras la derrota en Buenos Aires - Diario del Sur\",\"isPartOf\":{\"@id\":\"https:\\\/\\\/diariodelsurdigital.com.ar\\\/#website\"},\"primaryImageOfPage\":{\"@id\":\"https:\\\/\\\/diariodelsurdigital.com.ar\\\/?p=4573#primaryimage\"},\"image\":{\"@id\":\"https:\\\/\\\/diariodelsurdigital.com.ar\\\/?p=4573#primaryimage\"},\"thumbnailUrl\":\"https:\\\/\\\/diariodelsurdigital.com.ar\\\/wp-content\\\/uploads\\\/2025\\\/09\\\/md-24.webp\",\"datePublished\":\"2025-09-08T19:31:29+00:00\",\"dateModified\":\"2025-09-08T19:31:30+00:00\",\"author\":{\"@id\":\"https:\\\/\\\/diariodelsurdigital.com.ar\\\/#\\\/schema\\\/person\\\/1a4992532ed62965c968031b49195c81\"},\"breadcrumb\":{\"@id\":\"https:\\\/\\\/diariodelsurdigital.com.ar\\\/?p=4573#breadcrumb\"},\"inLanguage\":\"es\",\"potentialAction\":[{\"@type\":\"ReadAction\",\"target\":[\"https:\\\/\\\/diariodelsurdigital.com.ar\\\/?p=4573\"]}]},{\"@type\":\"ImageObject\",\"inLanguage\":\"es\",\"@id\":\"https:\\\/\\\/diariodelsurdigital.com.ar\\\/?p=4573#primaryimage\",\"url\":\"https:\\\/\\\/diariodelsurdigital.com.ar\\\/wp-content\\\/uploads\\\/2025\\\/09\\\/md-24.webp\",\"contentUrl\":\"https:\\\/\\\/diariodelsurdigital.com.ar\\\/wp-content\\\/uploads\\\/2025\\\/09\\\/md-24.webp\",\"width\":992,\"height\":661},{\"@type\":\"BreadcrumbList\",\"@id\":\"https:\\\/\\\/diariodelsurdigital.com.ar\\\/?p=4573#breadcrumb\",\"itemListElement\":[{\"@type\":\"ListItem\",\"position\":1,\"name\":\"Portada\",\"item\":\"https:\\\/\\\/diariodelsurdigital.com.ar\\\/\"},{\"@type\":\"ListItem\",\"position\":2,\"name\":\"El silencio sepulcral de la dirigencia entrerriana del PRO, LLA y la UCR tras la derrota en Buenos Aires\"}]},{\"@type\":\"WebSite\",\"@id\":\"https:\\\/\\\/diariodelsurdigital.com.ar\\\/#website\",\"url\":\"https:\\\/\\\/diariodelsurdigital.com.ar\\\/\",\"name\":\"Diario del Sur\",\"description\":\"Digital\",\"potentialAction\":[{\"@type\":\"SearchAction\",\"target\":{\"@type\":\"EntryPoint\",\"urlTemplate\":\"https:\\\/\\\/diariodelsurdigital.com.ar\\\/?s={search_term_string}\"},\"query-input\":{\"@type\":\"PropertyValueSpecification\",\"valueRequired\":true,\"valueName\":\"search_term_string\"}}],\"inLanguage\":\"es\"},{\"@type\":\"Person\",\"@id\":\"https:\\\/\\\/diariodelsurdigital.com.ar\\\/#\\\/schema\\\/person\\\/1a4992532ed62965c968031b49195c81\",\"name\":\"Diario del Sur Digital\",\"image\":{\"@type\":\"ImageObject\",\"inLanguage\":\"es\",\"@id\":\"https:\\\/\\\/secure.gravatar.com\\\/avatar\\\/f0c7c47fc7146d19828273b9b8eda651c9c7ab583767e6338d3d3bee825adf76?s=96&d=mm&r=g\",\"url\":\"https:\\\/\\\/secure.gravatar.com\\\/avatar\\\/f0c7c47fc7146d19828273b9b8eda651c9c7ab583767e6338d3d3bee825adf76?s=96&d=mm&r=g\",\"contentUrl\":\"https:\\\/\\\/secure.gravatar.com\\\/avatar\\\/f0c7c47fc7146d19828273b9b8eda651c9c7ab583767e6338d3d3bee825adf76?s=96&d=mm&r=g\",\"caption\":\"Diario del Sur Digital\"},\"url\":\"https:\\\/\\\/diariodelsurdigital.com.ar\\\/?author=4\"}]}<\/script>\n<!-- \/ Yoast SEO plugin. -->","yoast_head_json":{"title":"El silencio sepulcral de la dirigencia entrerriana del PRO, LLA y la UCR tras la derrota en Buenos Aires - Diario del Sur","robots":{"index":"index","follow":"follow","max-snippet":"max-snippet:-1","max-image-preview":"max-image-preview:large","max-video-preview":"max-video-preview:-1"},"canonical":"https:\/\/diariodelsurdigital.com.ar\/?p=4573","og_locale":"es_ES","og_type":"article","og_title":"El silencio sepulcral de la dirigencia entrerriana del PRO, LLA y la UCR tras la derrota en Buenos Aires - Diario del Sur","og_description":"El domingo por la noche las urnas bonaerenses hablaron: El PJ \u201cno desapareci\u00f3\u201d como sus opositores vaticinaron. A nivel nacional, diversas figuras libertarias, del PRO y radicales emitieron alg\u00fan tipo de declaraci\u00f3n tras la derrota. A 15 horas de la difusi\u00f3n de los primeros resultados, en Entre R\u00edos contin\u00faan guardando silencio. Este domingo el peronismo [&hellip;]","og_url":"https:\/\/diariodelsurdigital.com.ar\/?p=4573","og_site_name":"Diario del Sur","article_published_time":"2025-09-08T19:31:29+00:00","article_modified_time":"2025-09-08T19:31:30+00:00","og_image":[{"width":992,"height":661,"url":"https:\/\/diariodelsurdigital.com.ar\/wp-content\/uploads\/2025\/09\/md-24.webp","type":"image\/webp"}],"author":"Diario del Sur Digital","twitter_card":"summary_large_image","twitter_misc":{"Escrito por":"Diario del Sur Digital","Tiempo de lectura":"3 minutos"},"schema":{"@context":"https:\/\/schema.org","@graph":[{"@type":"Article","@id":"https:\/\/diariodelsurdigital.com.ar\/?p=4573#article","isPartOf":{"@id":"https:\/\/diariodelsurdigital.com.ar\/?p=4573"},"author":{"name":"Diario del Sur Digital","@id":"https:\/\/diariodelsurdigital.com.ar\/#\/schema\/person\/1a4992532ed62965c968031b49195c81"},"headline":"El silencio sepulcral de la dirigencia entrerriana del PRO, LLA y la UCR tras la derrota en Buenos Aires","datePublished":"2025-09-08T19:31:29+00:00","dateModified":"2025-09-08T19:31:30+00:00","mainEntityOfPage":{"@id":"https:\/\/diariodelsurdigital.com.ar\/?p=4573"},"wordCount":642,"commentCount":0,"image":{"@id":"https:\/\/diariodelsurdigital.com.ar\/?p=4573#primaryimage"},"thumbnailUrl":"https:\/\/diariodelsurdigital.com.ar\/wp-content\/uploads\/2025\/09\/md-24.webp","articleSection":["Pol\u00edtica","Provinciales"],"inLanguage":"es","potentialAction":[{"@type":"CommentAction","name":"Comment","target":["https:\/\/diariodelsurdigital.com.ar\/?p=4573#respond"]}]},{"@type":"WebPage","@id":"https:\/\/diariodelsurdigital.com.ar\/?p=4573","url":"https:\/\/diariodelsurdigital.com.ar\/?p=4573","name":"El silencio sepulcral de la dirigencia entrerriana del PRO, LLA y la UCR tras la derrota en Buenos Aires - Diario del Sur","isPartOf":{"@id":"https:\/\/diariodelsurdigital.com.ar\/#website"},"primaryImageOfPage":{"@id":"https:\/\/diariodelsurdigital.com.ar\/?p=4573#primaryimage"},"image":{"@id":"https:\/\/diariodelsurdigital.com.ar\/?p=4573#primaryimage"},"thumbnailUrl":"https:\/\/diariodelsurdigital.com.ar\/wp-content\/uploads\/2025\/09\/md-24.webp","datePublished":"2025-09-08T19:31:29+00:00","dateModified":"2025-09-08T19:31:30+00:00","author":{"@id":"https:\/\/diariodelsurdigital.com.ar\/#\/schema\/person\/1a4992532ed62965c968031b49195c81"},"breadcrumb":{"@id":"https:\/\/diariodelsurdigital.com.ar\/?p=4573#breadcrumb"},"inLanguage":"es","potentialAction":[{"@type":"ReadAction","target":["https:\/\/diariodelsurdigital.com.ar\/?p=4573"]}]},{"@type":"ImageObject","inLanguage":"es","@id":"https:\/\/diariodelsurdigital.com.ar\/?p=4573#primaryimage","url":"https:\/\/diariodelsurdigital.com.ar\/wp-content\/uploads\/2025\/09\/md-24.webp","contentUrl":"https:\/\/diariodelsurdigital.com.ar\/wp-content\/uploads\/2025\/09\/md-24.webp","width":992,"height":661},{"@type":"BreadcrumbList","@id":"https:\/\/diariodelsurdigital.com.ar\/?p=4573#breadcrumb","itemListElement":[{"@type":"ListItem","position":1,"name":"Portada","item":"https:\/\/diariodelsurdigital.com.ar\/"},{"@type":"ListItem","position":2,"name":"El silencio sepulcral de la dirigencia entrerriana del PRO, LLA y la UCR tras la derrota en Buenos Aires"}]},{"@type":"WebSite","@id":"https:\/\/diariodelsurdigital.com.ar\/#website","url":"https:\/\/diariodelsurdigital.com.ar\/","name":"Diario del Sur","description":"Digital","potentialAction":[{"@type":"SearchAction","target":{"@type":"EntryPoint","urlTemplate":"https:\/\/diariodelsurdigital.com.ar\/?s={search_term_string}"},"query-input":{"@type":"PropertyValueSpecification","valueRequired":true,"valueName":"search_term_string"}}],"inLanguage":"es"},{"@type":"Person","@id":"https:\/\/diariodelsurdigital.com.ar\/#\/schema\/person\/1a4992532ed62965c968031b49195c81","name":"Diario del Sur Digital","image":{"@type":"ImageObject","inLanguage":"es","@id":"https:\/\/secure.gravatar.com\/avatar\/f0c7c47fc7146d19828273b9b8eda651c9c7ab583767e6338d3d3bee825adf76?s=96&d=mm&r=g","url":"https:\/\/secure.gravatar.com\/avatar\/f0c7c47fc7146d19828273b9b8eda651c9c7ab583767e6338d3d3bee825adf76?s=96&d=mm&r=g","contentUrl":"https:\/\/secure.gravatar.com\/avatar\/f0c7c47fc7146d19828273b9b8eda651c9c7ab583767e6338d3d3bee825adf76?s=96&d=mm&r=g","caption":"Diario del Sur Digital"},"url":"https:\/\/diariodelsurdigital.com.ar\/?author=4"}]}},"_links":{"self":[{"href":"https:\/\/diariodelsurdigital.com.ar\/index.php?rest_route=\/wp\/v2\/posts\/4573","targetHints":{"allow":["GET"]}}],"collection":[{"href":"https:\/\/diariodelsurdigital.com.ar\/index.php?rest_route=\/wp\/v2\/posts"}],"about":[{"href":"https:\/\/diariodelsurdigital.com.ar\/index.php?rest_route=\/wp\/v2\/types\/post"}],"author":[{"embeddable":true,"href":"https:\/\/diariodelsurdigital.com.ar\/index.php?rest_route=\/wp\/v2\/users\/4"}],"replies":[{"embeddable":true,"href":"https:\/\/diariodelsurdigital.com.ar\/index.php?rest_route=%2Fwp%2Fv2%2Fcomments&post=4573"}],"version-history":[{"count":1,"href":"https:\/\/diariodelsurdigital.com.ar\/index.php?rest_route=\/wp\/v2\/posts\/4573\/revisions"}],"predecessor-version":[{"id":4575,"href":"https:\/\/diariodelsurdigital.com.ar\/index.php?rest_route=\/wp\/v2\/posts\/4573\/revisions\/4575"}],"wp:featuredmedia":[{"embeddable":true,"href":"https:\/\/diariodelsurdigital.com.ar\/index.php?rest_route=\/wp\/v2\/media\/4574"}],"wp:attachment":[{"href":"https:\/\/diariodelsurdigital.com.ar\/index.php?rest_route=%2Fwp%2Fv2%2Fmedia&parent=4573"}],"wp:term":[{"taxonomy":"category","embeddable":true,"href":"https:\/\/diariodelsurdigital.com.ar\/index.php?rest_route=%2Fwp%2Fv2%2Fcategories&post=4573"},{"taxonomy":"post_tag","embeddable":true,"href":"https:\/\/diariodelsurdigital.com.ar\/index.php?rest_route=%2Fwp%2Fv2%2Ftags&post=4573"}],"curies":[{"name":"wp","href":"https:\/\/api.w.org\/{rel}","templated":true}]}}