{"id":4576,"date":"2025-09-08T16:33:51","date_gmt":"2025-09-08T19:33:51","guid":{"rendered":"https:\/\/diariodelsurdigital.com.ar\/?p=4576"},"modified":"2025-09-08T16:33:52","modified_gmt":"2025-09-08T19:33:52","slug":"espana-anuncio-medidas-contra-israel-por-genocidio-en-gaza","status":"publish","type":"post","link":"https:\/\/diariodelsurdigital.com.ar\/?p=4576","title":{"rendered":"Espa\u00f1a anunci\u00f3 medidas contra Israel por \u00abgenocidio\u00bb en Gaza"},"content":{"rendered":"\n<p>El presidente del Gobierno espa\u00f1ol, Pedro S\u00e1nchez, anunci\u00f3 la consolidaci\u00f3n jur\u00eddica del embargo de armas y otras medidas contra Israel \u00abpara detener el genocidio en Gaza\u00bb.<\/p>\n\n\n\n<p><\/p>\n\n\n\n<p>El presidente del Gobierno de Espa\u00f1a, el socialista Pedro S\u00e1nchez, compareci\u00f3 en el Palacio de la Moncloa, en Madrid, para informar que su Ejecutivo incrementar\u00e1 la presi\u00f3n sobre Israel, ante el \u00abgenocidio\u00bb en Gaza.<\/p>\n\n\n\n<p>El Gobierno de Espa\u00f1a, una de las voces europeas m\u00e1s cr\u00edticas con la actuaci\u00f3n israel\u00ed en Gaza, \u00abha decidido dar un paso m\u00e1s y poner en marcha de forma inmediata nueve acciones adicionales para detener el genocidio en Gaza, para perseguir a sus ejecutores y para apoyar a la poblaci\u00f3n palestina\u00bb, anunci\u00f3 S\u00e1nchez.<\/p>\n\n\n\n<p>\u00abSabemos que todas estas medidas no van a bastar para frenar la invasi\u00f3n ni los cr\u00edmenes de guerra, pero esperamos que sirvan para a\u00f1adir presi\u00f3n sobre el primer ministro (Benjam\u00edn) Netanyahu y su Gobierno para aliviar parte del sufrimiento que est\u00e1 padeciendo la poblaci\u00f3n palestina\u00bb, continu\u00f3 el dirigente de izquierda.<\/p>\n\n\n\n<p>Consolidaci\u00f3n jur\u00eddica del embargo de armas<\/p>\n\n\n\n<p>Las medidas se aplicar\u00e1n \u00abde manera inmediata\u00bb e incluyen la consolidaci\u00f3n jur\u00eddica del embargo de armas, que se viene aplicando de facto desde octubre del a\u00f1o 2023, con la aprobaci\u00f3n urgente de un real decreto ley que establezca la prohibici\u00f3n legal y permanente de comprar y vender armamento, munici\u00f3n y equipamiento militar a Israel.<\/p>\n\n\n\n<p>Asimismo, se prohibir\u00e1 la escala en puertos espa\u00f1oles \u00aba todos los barcos que transporten combustibles destinados a las fuerzas armadas israel\u00edes\u00bb, as\u00ed como se denegar\u00e1 la entrada a espacio a\u00e9reo espa\u00f1ol a aeronaves que \u00abtransporten material de defensa destinado a Israel\u00bb, apunt\u00f3 S\u00e1nchez.<\/p>\n\n\n\n<p>Las medidas tambi\u00e9n incluyen prohibir la entrada a territorio a personas \u00abque participen de forma directa en el genocidio\u00bb, vetar el ingreso de productos \u00abprovenientes de los asentamientos ilegales en Gaza y en Cisjordania\u00bb y limitar los servicios consultares espa\u00f1oles a personas que residan en esos territorios palestinos ocupados.<\/p>\n\n\n\n<p>S\u00e1nchez afirm\u00f3 tambi\u00e9n que el Gobierno espa\u00f1ol incrementar\u00e1 la ayuda a la Autoridad Palestina y a la agencia de Naciones Unidas para los Refugiados de Palestina en Oriente Pr\u00f3ximo (UNRWA).<\/p>\n\n\n\n<p>23 meses de ofensiva israel\u00ed en Gaza, tras ataques de Ham\u00e1s<\/p>\n\n\n\n<p>Durante su alocuci\u00f3n, S\u00e1nchez mantuvo un discurso duro contra la ofensiva israel\u00ed en Gaza, al asegurar que \u00abesto no es defenderse\u00bb ni \u00abatacar, es exterminar a un pueblo que est\u00e1 indefenso, es quebrantar todas las leyes del Derecho humanitario\u00bb.<\/p>\n\n\n\n<p>La ofensiva israel\u00ed contra la Franja de Gaza lleva m\u00e1s de 23 meses activa, desde los ataques contra Israel perpetrados por Ham\u00e1s (considerada una organizaci\u00f3n terrorista por Israel, EE. UU. y la UE), el 7 de octubre de 2023.<\/p>\n\n\n\n<p>Esta ofensiva de represalia, que Israel justifica con su derecho a la defensa, est\u00e1 causando una crisis humanitaria sin precedentes y una enorme destrucci\u00f3n a lo largo de toda la Franja, con hospitales, edificios, universidades, mezquitas y colegios totalmente arrasados.<\/p>\n\n\n\n<p>Para diversos organismos internacionales y de derechos humanos, la situaci\u00f3n representa \u00abun genocidio\u00bb. Pero esta acusaci\u00f3n es rechazada por Israel y Gobiernos aliados como el de Alemania.<\/p>\n\n\n\n<p>Plan de colonizaci\u00f3n de Cisjordania y choques con Israel<\/p>\n\n\n\n<p>Adicionalmente, el Gobierno de Israel aprob\u00f3 el pasado agosto un plan de colonizaci\u00f3n de Cisjordania ocupada, donde se han incrementado los enfrentamientos entre colonos israel\u00edes y residentes palestinos, adem\u00e1s de con las fuerzas de ocupaci\u00f3n israel\u00edes, desde octubre de 2023.<\/p>\n\n\n\n<p>M\u00e1s de 20 pa\u00edses, entre los que se incluye Espa\u00f1a, han rechazado como \u00abinaceptable\u00bb este plan de Israel.<\/p>\n\n\n\n<p>La postura del Gobierno de Espa\u00f1a, pa\u00eds donde se suceden con frecuencia protestas propalestinas como las que han entorpecido en los \u00faltimos d\u00edas la Vuelta ciclista a Espa\u00f1a, ha provocado choques con Israel, que ya no tiene embajadora en Madrid desde el reconocimiento del Estado de Palestina por parte del Gobierno de S\u00e1nchez, junto a sus pares de Irlanda y Noruega, en mayo 2024.<\/p>\n\n\n\n<p>El ministro israel\u00ed de Exteriores, Gideon Saar, reaccion\u00f3 acusando al Gobierno espa\u00f1ol: \u00abQueda claro el intento de la administraci\u00f3n corrupta de S\u00e1nchez de distraer la atenci\u00f3n de graves esc\u00e1ndalos de corrupci\u00f3n, por medio de una campa\u00f1a continuada antiisrael\u00ed y antisemita\u00bb, escribi\u00f3 Saar en un largo mensaje en la red X.<\/p>\n\n\n\n<p>El ministro afirm\u00f3 que, a modo de sanci\u00f3n, su Gobierno prohibir\u00e1 adem\u00e1s la entrada en Israel a la vicepresidenta y ministra de Trabajo espa\u00f1ola, Yolanda D\u00edaz, as\u00ed como a la ministra de Juventud e Infancia, Sira Rego, de origen palestino. Ambas han sido insistentes en sus cr\u00edticas a Israel y su defensa de Gaza y los territorios palestinos.<\/p>\n\n\n\n<p>El Ministerio de Exteriores espa\u00f1ol rechaz\u00f3 \u00abtajantemente las falsas y calumniosas acusaciones de antisemitismo\u00bb de Israel y critic\u00f3 \u00abla inaceptable prohibici\u00f3n de entrada a Israel a dos miembros del Gobierno de Espa\u00f1a\u00bb, public\u00f3 DW.<\/p>\n","protected":false},"excerpt":{"rendered":"<p>El presidente del Gobierno espa\u00f1ol, Pedro S\u00e1nchez, anunci\u00f3 la consolidaci\u00f3n jur\u00eddica del embargo de armas y otras medidas contra Israel \u00abpara detener el genocidio en Gaza\u00bb. El presidente del Gobierno de Espa\u00f1a, el socialista Pedro S\u00e1nchez, compareci\u00f3 en el Palacio de la Moncloa, en Madrid, para informar que su Ejecutivo incrementar\u00e1 la presi\u00f3n sobre Israel, [&hellip;]<\/p>\n","protected":false},"author":4,"featured_media":4577,"comment_status":"open","ping_status":"open","sticky":false,"template":"","format":"standard","meta":{"footnotes":""},"categories":[20],"tags":[],"class_list":{"0":"post-4576","1":"post","2":"type-post","3":"status-publish","4":"format-standard","5":"has-post-thumbnail","7":"category-internacionales"},"yoast_head":"<!-- This site is optimized with the Yoast SEO plugin v27.4 - https:\/\/yoast.com\/product\/yoast-seo-wordpress\/ -->\n<title>Espa\u00f1a anunci\u00f3 medidas contra Israel por &quot;genocidio&quot; en Gaza - Diario del Sur<\/title>\n<meta name=\"robots\" content=\"index, follow, max-snippet:-1, max-image-preview:large, max-video-preview:-1\" \/>\n<link rel=\"canonical\" href=\"https:\/\/diariodelsurdigital.com.ar\/?p=4576\" \/>\n<meta property=\"og:locale\" content=\"es_ES\" \/>\n<meta property=\"og:type\" content=\"article\" \/>\n<meta property=\"og:title\" content=\"Espa\u00f1a anunci\u00f3 medidas contra Israel por &quot;genocidio&quot; en Gaza - Diario del Sur\" \/>\n<meta property=\"og:description\" content=\"El presidente del Gobierno espa\u00f1ol, Pedro S\u00e1nchez, anunci\u00f3 la consolidaci\u00f3n jur\u00eddica del embargo de armas y otras medidas contra Israel \u00abpara detener el genocidio en Gaza\u00bb. El presidente del Gobierno de Espa\u00f1a, el socialista Pedro S\u00e1nchez, compareci\u00f3 en el Palacio de la Moncloa, en Madrid, para informar que su Ejecutivo incrementar\u00e1 la presi\u00f3n sobre Israel, [&hellip;]\" \/>\n<meta property=\"og:url\" content=\"https:\/\/diariodelsurdigital.com.ar\/?p=4576\" \/>\n<meta property=\"og:site_name\" content=\"Diario del Sur\" \/>\n<meta property=\"article:published_time\" content=\"2025-09-08T19:33:51+00:00\" \/>\n<meta property=\"article:modified_time\" content=\"2025-09-08T19:33:52+00:00\" \/>\n<meta property=\"og:image\" content=\"https:\/\/diariodelsurdigital.com.ar\/wp-content\/uploads\/2025\/09\/md-25.webp\" \/>\n\t<meta property=\"og:image:width\" content=\"992\" \/>\n\t<meta property=\"og:image:height\" content=\"521\" \/>\n\t<meta property=\"og:image:type\" content=\"image\/webp\" \/>\n<meta name=\"author\" content=\"Diario del Sur Digital\" \/>\n<meta name=\"twitter:card\" content=\"summary_large_image\" \/>\n<meta name=\"twitter:label1\" content=\"Escrito por\" \/>\n\t<meta name=\"twitter:data1\" content=\"Diario del Sur Digital\" \/>\n\t<meta name=\"twitter:label2\" content=\"Tiempo de lectura\" \/>\n\t<meta name=\"twitter:data2\" content=\"4 minutos\" \/>\n<script type=\"application\/ld+json\" class=\"yoast-schema-graph\">{\"@context\":\"https:\\\/\\\/schema.org\",\"@graph\":[{\"@type\":\"Article\",\"@id\":\"https:\\\/\\\/diariodelsurdigital.com.ar\\\/?p=4576#article\",\"isPartOf\":{\"@id\":\"https:\\\/\\\/diariodelsurdigital.com.ar\\\/?p=4576\"},\"author\":{\"name\":\"Diario del Sur Digital\",\"@id\":\"https:\\\/\\\/diariodelsurdigital.com.ar\\\/#\\\/schema\\\/person\\\/1a4992532ed62965c968031b49195c81\"},\"headline\":\"Espa\u00f1a anunci\u00f3 medidas contra Israel por \u00abgenocidio\u00bb en Gaza\",\"datePublished\":\"2025-09-08T19:33:51+00:00\",\"dateModified\":\"2025-09-08T19:33:52+00:00\",\"mainEntityOfPage\":{\"@id\":\"https:\\\/\\\/diariodelsurdigital.com.ar\\\/?p=4576\"},\"wordCount\":854,\"commentCount\":0,\"image\":{\"@id\":\"https:\\\/\\\/diariodelsurdigital.com.ar\\\/?p=4576#primaryimage\"},\"thumbnailUrl\":\"https:\\\/\\\/diariodelsurdigital.com.ar\\\/wp-content\\\/uploads\\\/2025\\\/09\\\/md-25.webp\",\"articleSection\":[\"Internacionales\"],\"inLanguage\":\"es\",\"potentialAction\":[{\"@type\":\"CommentAction\",\"name\":\"Comment\",\"target\":[\"https:\\\/\\\/diariodelsurdigital.com.ar\\\/?p=4576#respond\"]}]},{\"@type\":\"WebPage\",\"@id\":\"https:\\\/\\\/diariodelsurdigital.com.ar\\\/?p=4576\",\"url\":\"https:\\\/\\\/diariodelsurdigital.com.ar\\\/?p=4576\",\"name\":\"Espa\u00f1a anunci\u00f3 medidas contra Israel por \\\"genocidio\\\" en Gaza - Diario del Sur\",\"isPartOf\":{\"@id\":\"https:\\\/\\\/diariodelsurdigital.com.ar\\\/#website\"},\"primaryImageOfPage\":{\"@id\":\"https:\\\/\\\/diariodelsurdigital.com.ar\\\/?p=4576#primaryimage\"},\"image\":{\"@id\":\"https:\\\/\\\/diariodelsurdigital.com.ar\\\/?p=4576#primaryimage\"},\"thumbnailUrl\":\"https:\\\/\\\/diariodelsurdigital.com.ar\\\/wp-content\\\/uploads\\\/2025\\\/09\\\/md-25.webp\",\"datePublished\":\"2025-09-08T19:33:51+00:00\",\"dateModified\":\"2025-09-08T19:33:52+00:00\",\"author\":{\"@id\":\"https:\\\/\\\/diariodelsurdigital.com.ar\\\/#\\\/schema\\\/person\\\/1a4992532ed62965c968031b49195c81\"},\"breadcrumb\":{\"@id\":\"https:\\\/\\\/diariodelsurdigital.com.ar\\\/?p=4576#breadcrumb\"},\"inLanguage\":\"es\",\"potentialAction\":[{\"@type\":\"ReadAction\",\"target\":[\"https:\\\/\\\/diariodelsurdigital.com.ar\\\/?p=4576\"]}]},{\"@type\":\"ImageObject\",\"inLanguage\":\"es\",\"@id\":\"https:\\\/\\\/diariodelsurdigital.com.ar\\\/?p=4576#primaryimage\",\"url\":\"https:\\\/\\\/diariodelsurdigital.com.ar\\\/wp-content\\\/uploads\\\/2025\\\/09\\\/md-25.webp\",\"contentUrl\":\"https:\\\/\\\/diariodelsurdigital.com.ar\\\/wp-content\\\/uploads\\\/2025\\\/09\\\/md-25.webp\",\"width\":992,\"height\":521},{\"@type\":\"BreadcrumbList\",\"@id\":\"https:\\\/\\\/diariodelsurdigital.com.ar\\\/?p=4576#breadcrumb\",\"itemListElement\":[{\"@type\":\"ListItem\",\"position\":1,\"name\":\"Portada\",\"item\":\"https:\\\/\\\/diariodelsurdigital.com.ar\\\/\"},{\"@type\":\"ListItem\",\"position\":2,\"name\":\"Espa\u00f1a anunci\u00f3 medidas contra Israel por \u00abgenocidio\u00bb en Gaza\"}]},{\"@type\":\"WebSite\",\"@id\":\"https:\\\/\\\/diariodelsurdigital.com.ar\\\/#website\",\"url\":\"https:\\\/\\\/diariodelsurdigital.com.ar\\\/\",\"name\":\"Diario del Sur\",\"description\":\"Digital\",\"potentialAction\":[{\"@type\":\"SearchAction\",\"target\":{\"@type\":\"EntryPoint\",\"urlTemplate\":\"https:\\\/\\\/diariodelsurdigital.com.ar\\\/?s={search_term_string}\"},\"query-input\":{\"@type\":\"PropertyValueSpecification\",\"valueRequired\":true,\"valueName\":\"search_term_string\"}}],\"inLanguage\":\"es\"},{\"@type\":\"Person\",\"@id\":\"https:\\\/\\\/diariodelsurdigital.com.ar\\\/#\\\/schema\\\/person\\\/1a4992532ed62965c968031b49195c81\",\"name\":\"Diario del Sur Digital\",\"image\":{\"@type\":\"ImageObject\",\"inLanguage\":\"es\",\"@id\":\"https:\\\/\\\/secure.gravatar.com\\\/avatar\\\/f0c7c47fc7146d19828273b9b8eda651c9c7ab583767e6338d3d3bee825adf76?s=96&d=mm&r=g\",\"url\":\"https:\\\/\\\/secure.gravatar.com\\\/avatar\\\/f0c7c47fc7146d19828273b9b8eda651c9c7ab583767e6338d3d3bee825adf76?s=96&d=mm&r=g\",\"contentUrl\":\"https:\\\/\\\/secure.gravatar.com\\\/avatar\\\/f0c7c47fc7146d19828273b9b8eda651c9c7ab583767e6338d3d3bee825adf76?s=96&d=mm&r=g\",\"caption\":\"Diario del Sur Digital\"},\"url\":\"https:\\\/\\\/diariodelsurdigital.com.ar\\\/?author=4\"}]}<\/script>\n<!-- \/ Yoast SEO plugin. -->","yoast_head_json":{"title":"Espa\u00f1a anunci\u00f3 medidas contra Israel por \"genocidio\" en Gaza - Diario del Sur","robots":{"index":"index","follow":"follow","max-snippet":"max-snippet:-1","max-image-preview":"max-image-preview:large","max-video-preview":"max-video-preview:-1"},"canonical":"https:\/\/diariodelsurdigital.com.ar\/?p=4576","og_locale":"es_ES","og_type":"article","og_title":"Espa\u00f1a anunci\u00f3 medidas contra Israel por \"genocidio\" en Gaza - Diario del Sur","og_description":"El presidente del Gobierno espa\u00f1ol, Pedro S\u00e1nchez, anunci\u00f3 la consolidaci\u00f3n jur\u00eddica del embargo de armas y otras medidas contra Israel \u00abpara detener el genocidio en Gaza\u00bb. El presidente del Gobierno de Espa\u00f1a, el socialista Pedro S\u00e1nchez, compareci\u00f3 en el Palacio de la Moncloa, en Madrid, para informar que su Ejecutivo incrementar\u00e1 la presi\u00f3n sobre Israel, [&hellip;]","og_url":"https:\/\/diariodelsurdigital.com.ar\/?p=4576","og_site_name":"Diario del Sur","article_published_time":"2025-09-08T19:33:51+00:00","article_modified_time":"2025-09-08T19:33:52+00:00","og_image":[{"width":992,"height":521,"url":"https:\/\/diariodelsurdigital.com.ar\/wp-content\/uploads\/2025\/09\/md-25.webp","type":"image\/webp"}],"author":"Diario del Sur Digital","twitter_card":"summary_large_image","twitter_misc":{"Escrito por":"Diario del Sur Digital","Tiempo de lectura":"4 minutos"},"schema":{"@context":"https:\/\/schema.org","@graph":[{"@type":"Article","@id":"https:\/\/diariodelsurdigital.com.ar\/?p=4576#article","isPartOf":{"@id":"https:\/\/diariodelsurdigital.com.ar\/?p=4576"},"author":{"name":"Diario del Sur Digital","@id":"https:\/\/diariodelsurdigital.com.ar\/#\/schema\/person\/1a4992532ed62965c968031b49195c81"},"headline":"Espa\u00f1a anunci\u00f3 medidas contra Israel por \u00abgenocidio\u00bb en Gaza","datePublished":"2025-09-08T19:33:51+00:00","dateModified":"2025-09-08T19:33:52+00:00","mainEntityOfPage":{"@id":"https:\/\/diariodelsurdigital.com.ar\/?p=4576"},"wordCount":854,"commentCount":0,"image":{"@id":"https:\/\/diariodelsurdigital.com.ar\/?p=4576#primaryimage"},"thumbnailUrl":"https:\/\/diariodelsurdigital.com.ar\/wp-content\/uploads\/2025\/09\/md-25.webp","articleSection":["Internacionales"],"inLanguage":"es","potentialAction":[{"@type":"CommentAction","name":"Comment","target":["https:\/\/diariodelsurdigital.com.ar\/?p=4576#respond"]}]},{"@type":"WebPage","@id":"https:\/\/diariodelsurdigital.com.ar\/?p=4576","url":"https:\/\/diariodelsurdigital.com.ar\/?p=4576","name":"Espa\u00f1a anunci\u00f3 medidas contra Israel por \"genocidio\" en Gaza - Diario del Sur","isPartOf":{"@id":"https:\/\/diariodelsurdigital.com.ar\/#website"},"primaryImageOfPage":{"@id":"https:\/\/diariodelsurdigital.com.ar\/?p=4576#primaryimage"},"image":{"@id":"https:\/\/diariodelsurdigital.com.ar\/?p=4576#primaryimage"},"thumbnailUrl":"https:\/\/diariodelsurdigital.com.ar\/wp-content\/uploads\/2025\/09\/md-25.webp","datePublished":"2025-09-08T19:33:51+00:00","dateModified":"2025-09-08T19:33:52+00:00","author":{"@id":"https:\/\/diariodelsurdigital.com.ar\/#\/schema\/person\/1a4992532ed62965c968031b49195c81"},"breadcrumb":{"@id":"https:\/\/diariodelsurdigital.com.ar\/?p=4576#breadcrumb"},"inLanguage":"es","potentialAction":[{"@type":"ReadAction","target":["https:\/\/diariodelsurdigital.com.ar\/?p=4576"]}]},{"@type":"ImageObject","inLanguage":"es","@id":"https:\/\/diariodelsurdigital.com.ar\/?p=4576#primaryimage","url":"https:\/\/diariodelsurdigital.com.ar\/wp-content\/uploads\/2025\/09\/md-25.webp","contentUrl":"https:\/\/diariodelsurdigital.com.ar\/wp-content\/uploads\/2025\/09\/md-25.webp","width":992,"height":521},{"@type":"BreadcrumbList","@id":"https:\/\/diariodelsurdigital.com.ar\/?p=4576#breadcrumb","itemListElement":[{"@type":"ListItem","position":1,"name":"Portada","item":"https:\/\/diariodelsurdigital.com.ar\/"},{"@type":"ListItem","position":2,"name":"Espa\u00f1a anunci\u00f3 medidas contra Israel por \u00abgenocidio\u00bb en Gaza"}]},{"@type":"WebSite","@id":"https:\/\/diariodelsurdigital.com.ar\/#website","url":"https:\/\/diariodelsurdigital.com.ar\/","name":"Diario del Sur","description":"Digital","potentialAction":[{"@type":"SearchAction","target":{"@type":"EntryPoint","urlTemplate":"https:\/\/diariodelsurdigital.com.ar\/?s={search_term_string}"},"query-input":{"@type":"PropertyValueSpecification","valueRequired":true,"valueName":"search_term_string"}}],"inLanguage":"es"},{"@type":"Person","@id":"https:\/\/diariodelsurdigital.com.ar\/#\/schema\/person\/1a4992532ed62965c968031b49195c81","name":"Diario del Sur Digital","image":{"@type":"ImageObject","inLanguage":"es","@id":"https:\/\/secure.gravatar.com\/avatar\/f0c7c47fc7146d19828273b9b8eda651c9c7ab583767e6338d3d3bee825adf76?s=96&d=mm&r=g","url":"https:\/\/secure.gravatar.com\/avatar\/f0c7c47fc7146d19828273b9b8eda651c9c7ab583767e6338d3d3bee825adf76?s=96&d=mm&r=g","contentUrl":"https:\/\/secure.gravatar.com\/avatar\/f0c7c47fc7146d19828273b9b8eda651c9c7ab583767e6338d3d3bee825adf76?s=96&d=mm&r=g","caption":"Diario del Sur Digital"},"url":"https:\/\/diariodelsurdigital.com.ar\/?author=4"}]}},"_links":{"self":[{"href":"https:\/\/diariodelsurdigital.com.ar\/index.php?rest_route=\/wp\/v2\/posts\/4576","targetHints":{"allow":["GET"]}}],"collection":[{"href":"https:\/\/diariodelsurdigital.com.ar\/index.php?rest_route=\/wp\/v2\/posts"}],"about":[{"href":"https:\/\/diariodelsurdigital.com.ar\/index.php?rest_route=\/wp\/v2\/types\/post"}],"author":[{"embeddable":true,"href":"https:\/\/diariodelsurdigital.com.ar\/index.php?rest_route=\/wp\/v2\/users\/4"}],"replies":[{"embeddable":true,"href":"https:\/\/diariodelsurdigital.com.ar\/index.php?rest_route=%2Fwp%2Fv2%2Fcomments&post=4576"}],"version-history":[{"count":1,"href":"https:\/\/diariodelsurdigital.com.ar\/index.php?rest_route=\/wp\/v2\/posts\/4576\/revisions"}],"predecessor-version":[{"id":4578,"href":"https:\/\/diariodelsurdigital.com.ar\/index.php?rest_route=\/wp\/v2\/posts\/4576\/revisions\/4578"}],"wp:featuredmedia":[{"embeddable":true,"href":"https:\/\/diariodelsurdigital.com.ar\/index.php?rest_route=\/wp\/v2\/media\/4577"}],"wp:attachment":[{"href":"https:\/\/diariodelsurdigital.com.ar\/index.php?rest_route=%2Fwp%2Fv2%2Fmedia&parent=4576"}],"wp:term":[{"taxonomy":"category","embeddable":true,"href":"https:\/\/diariodelsurdigital.com.ar\/index.php?rest_route=%2Fwp%2Fv2%2Fcategories&post=4576"},{"taxonomy":"post_tag","embeddable":true,"href":"https:\/\/diariodelsurdigital.com.ar\/index.php?rest_route=%2Fwp%2Fv2%2Ftags&post=4576"}],"curies":[{"name":"wp","href":"https:\/\/api.w.org\/{rel}","templated":true}]}}