{"id":4579,"date":"2025-09-08T16:35:48","date_gmt":"2025-09-08T19:35:48","guid":{"rendered":"https:\/\/diariodelsurdigital.com.ar\/?p=4579"},"modified":"2025-09-08T16:35:49","modified_gmt":"2025-09-08T19:35:49","slug":"ate-entre-rios-celebro-el-triunfo-del-pj-en-buenos-aires-abre-una-nueva-esperanza","status":"publish","type":"post","link":"https:\/\/diariodelsurdigital.com.ar\/?p=4579","title":{"rendered":"ATE Entre R\u00edos celebr\u00f3 el triunfo del PJ en Buenos Aires: \u201cAbre una nueva esperanza\u201d"},"content":{"rendered":"\n<p>El contundente triunfo del Partido Justicialista en las recientes elecciones legislativas de la provincia de Buenos Aires fue celebrado por el sindicato de ATE Entre R\u00edos. Para su secretario general, Oscar Muntes, este resultado es un \u00abllamado de atenci\u00f3n\u00bb al gobierno provincial y una clara se\u00f1al de que la ciudadan\u00eda exige un cambio.<\/p>\n\n\n\n<p>Tras las elecciones legislativas del pasado domingo en la provincia de Buenos Aires, el Secretario General de ATE Entre R\u00edos, Oscar Muntes, celebr\u00f3 el triunfo del PJ y lo interpret\u00f3 como un \u00abllamado de atenci\u00f3n\u00bb para el gobierno de Entre R\u00edos. Seg\u00fan Muntes, la derrota de La Libertad Avanza en 6 de las 8 secciones electorales de la provincia es un \u00abclaro mensaje de lo que quiere la sociedad cansada de atropellos\u00bb.<\/p>\n\n\n\n<p>Aunque las encuestas previas pronosticaban un empate t\u00e9cnico, el resultado final fue contundente y reson\u00f3 a nivel nacional. La victoria del peronismo se interpreta como un rev\u00e9s para aquellos que, como el gobernador Rogelio Frigerio en Entre R\u00edos, hab\u00edan ratificado su alianza con Javier Milei.<\/p>\n\n\n\n<p>Muntes destac\u00f3 que la participaci\u00f3n de diversos sectores, como los trabajadores, peque\u00f1os empresarios, jubilados, estudiantes, comerciantes y profesionales de la salud, fue fundamental para el resultado.<\/p>\n\n\n\n<p>\u00abEstas elecciones se nacionalizaron y van a golpear al gobernador\u00bb, afirm\u00f3 el l\u00edder sindical. \u00abEl pueblo bonaerense lo dijo con claridad: basta de ajustes. Es necesario reformular el rol del Estado, con m\u00e1s y mejor salud, viviendas, educaci\u00f3n, y respeto a las instituciones y a la Constituci\u00f3n\u00bb.<\/p>\n\n\n\n<p>Para Muntes, la victoria del PJ en Buenos Aires \u00abexpres\u00f3 una esperanza para el pueblo argentino\u00bb.<\/p>\n","protected":false},"excerpt":{"rendered":"<p>El contundente triunfo del Partido Justicialista en las recientes elecciones legislativas de la provincia de Buenos Aires fue celebrado por el sindicato de ATE Entre R\u00edos. Para su secretario general, Oscar Muntes, este resultado es un \u00abllamado de atenci\u00f3n\u00bb al gobierno provincial y una clara se\u00f1al de que la ciudadan\u00eda exige un cambio. Tras las [&hellip;]<\/p>\n","protected":false},"author":4,"featured_media":4580,"comment_status":"open","ping_status":"open","sticky":false,"template":"","format":"standard","meta":{"footnotes":""},"categories":[22,17],"tags":[],"class_list":{"0":"post-4579","1":"post","2":"type-post","3":"status-publish","4":"format-standard","5":"has-post-thumbnail","7":"category-politica","8":"category-provinciales"},"yoast_head":"<!-- This site is optimized with the Yoast SEO plugin v27.4 - https:\/\/yoast.com\/product\/yoast-seo-wordpress\/ -->\n<title>ATE Entre R\u00edos celebr\u00f3 el triunfo del PJ en Buenos Aires: \u201cAbre una nueva esperanza\u201d - Diario del Sur<\/title>\n<meta name=\"robots\" content=\"index, follow, max-snippet:-1, max-image-preview:large, max-video-preview:-1\" \/>\n<link rel=\"canonical\" href=\"https:\/\/diariodelsurdigital.com.ar\/?p=4579\" \/>\n<meta property=\"og:locale\" content=\"es_ES\" \/>\n<meta property=\"og:type\" content=\"article\" \/>\n<meta property=\"og:title\" content=\"ATE Entre R\u00edos celebr\u00f3 el triunfo del PJ en Buenos Aires: \u201cAbre una nueva esperanza\u201d - Diario del Sur\" \/>\n<meta property=\"og:description\" content=\"El contundente triunfo del Partido Justicialista en las recientes elecciones legislativas de la provincia de Buenos Aires fue celebrado por el sindicato de ATE Entre R\u00edos. Para su secretario general, Oscar Muntes, este resultado es un \u00abllamado de atenci\u00f3n\u00bb al gobierno provincial y una clara se\u00f1al de que la ciudadan\u00eda exige un cambio. Tras las [&hellip;]\" \/>\n<meta property=\"og:url\" content=\"https:\/\/diariodelsurdigital.com.ar\/?p=4579\" \/>\n<meta property=\"og:site_name\" content=\"Diario del Sur\" \/>\n<meta property=\"article:published_time\" content=\"2025-09-08T19:35:48+00:00\" \/>\n<meta property=\"article:modified_time\" content=\"2025-09-08T19:35:49+00:00\" \/>\n<meta property=\"og:image\" content=\"https:\/\/diariodelsurdigital.com.ar\/wp-content\/uploads\/2025\/09\/md-26.webp\" \/>\n\t<meta property=\"og:image:width\" content=\"992\" \/>\n\t<meta property=\"og:image:height\" content=\"557\" \/>\n\t<meta property=\"og:image:type\" content=\"image\/webp\" \/>\n<meta name=\"author\" content=\"Diario del Sur Digital\" \/>\n<meta name=\"twitter:card\" content=\"summary_large_image\" \/>\n<meta name=\"twitter:label1\" content=\"Escrito por\" \/>\n\t<meta name=\"twitter:data1\" content=\"Diario del Sur Digital\" \/>\n\t<meta name=\"twitter:label2\" content=\"Tiempo de lectura\" \/>\n\t<meta name=\"twitter:data2\" content=\"2 minutos\" \/>\n<script type=\"application\/ld+json\" class=\"yoast-schema-graph\">{\"@context\":\"https:\\\/\\\/schema.org\",\"@graph\":[{\"@type\":\"Article\",\"@id\":\"https:\\\/\\\/diariodelsurdigital.com.ar\\\/?p=4579#article\",\"isPartOf\":{\"@id\":\"https:\\\/\\\/diariodelsurdigital.com.ar\\\/?p=4579\"},\"author\":{\"name\":\"Diario del Sur Digital\",\"@id\":\"https:\\\/\\\/diariodelsurdigital.com.ar\\\/#\\\/schema\\\/person\\\/1a4992532ed62965c968031b49195c81\"},\"headline\":\"ATE Entre R\u00edos celebr\u00f3 el triunfo del PJ en Buenos Aires: \u201cAbre una nueva esperanza\u201d\",\"datePublished\":\"2025-09-08T19:35:48+00:00\",\"dateModified\":\"2025-09-08T19:35:49+00:00\",\"mainEntityOfPage\":{\"@id\":\"https:\\\/\\\/diariodelsurdigital.com.ar\\\/?p=4579\"},\"wordCount\":291,\"commentCount\":0,\"image\":{\"@id\":\"https:\\\/\\\/diariodelsurdigital.com.ar\\\/?p=4579#primaryimage\"},\"thumbnailUrl\":\"https:\\\/\\\/diariodelsurdigital.com.ar\\\/wp-content\\\/uploads\\\/2025\\\/09\\\/md-26.webp\",\"articleSection\":[\"Pol\u00edtica\",\"Provinciales\"],\"inLanguage\":\"es\",\"potentialAction\":[{\"@type\":\"CommentAction\",\"name\":\"Comment\",\"target\":[\"https:\\\/\\\/diariodelsurdigital.com.ar\\\/?p=4579#respond\"]}]},{\"@type\":\"WebPage\",\"@id\":\"https:\\\/\\\/diariodelsurdigital.com.ar\\\/?p=4579\",\"url\":\"https:\\\/\\\/diariodelsurdigital.com.ar\\\/?p=4579\",\"name\":\"ATE Entre R\u00edos celebr\u00f3 el triunfo del PJ en Buenos Aires: \u201cAbre una nueva esperanza\u201d - Diario del Sur\",\"isPartOf\":{\"@id\":\"https:\\\/\\\/diariodelsurdigital.com.ar\\\/#website\"},\"primaryImageOfPage\":{\"@id\":\"https:\\\/\\\/diariodelsurdigital.com.ar\\\/?p=4579#primaryimage\"},\"image\":{\"@id\":\"https:\\\/\\\/diariodelsurdigital.com.ar\\\/?p=4579#primaryimage\"},\"thumbnailUrl\":\"https:\\\/\\\/diariodelsurdigital.com.ar\\\/wp-content\\\/uploads\\\/2025\\\/09\\\/md-26.webp\",\"datePublished\":\"2025-09-08T19:35:48+00:00\",\"dateModified\":\"2025-09-08T19:35:49+00:00\",\"author\":{\"@id\":\"https:\\\/\\\/diariodelsurdigital.com.ar\\\/#\\\/schema\\\/person\\\/1a4992532ed62965c968031b49195c81\"},\"breadcrumb\":{\"@id\":\"https:\\\/\\\/diariodelsurdigital.com.ar\\\/?p=4579#breadcrumb\"},\"inLanguage\":\"es\",\"potentialAction\":[{\"@type\":\"ReadAction\",\"target\":[\"https:\\\/\\\/diariodelsurdigital.com.ar\\\/?p=4579\"]}]},{\"@type\":\"ImageObject\",\"inLanguage\":\"es\",\"@id\":\"https:\\\/\\\/diariodelsurdigital.com.ar\\\/?p=4579#primaryimage\",\"url\":\"https:\\\/\\\/diariodelsurdigital.com.ar\\\/wp-content\\\/uploads\\\/2025\\\/09\\\/md-26.webp\",\"contentUrl\":\"https:\\\/\\\/diariodelsurdigital.com.ar\\\/wp-content\\\/uploads\\\/2025\\\/09\\\/md-26.webp\",\"width\":992,\"height\":557},{\"@type\":\"BreadcrumbList\",\"@id\":\"https:\\\/\\\/diariodelsurdigital.com.ar\\\/?p=4579#breadcrumb\",\"itemListElement\":[{\"@type\":\"ListItem\",\"position\":1,\"name\":\"Portada\",\"item\":\"https:\\\/\\\/diariodelsurdigital.com.ar\\\/\"},{\"@type\":\"ListItem\",\"position\":2,\"name\":\"ATE Entre R\u00edos celebr\u00f3 el triunfo del PJ en Buenos Aires: \u201cAbre una nueva esperanza\u201d\"}]},{\"@type\":\"WebSite\",\"@id\":\"https:\\\/\\\/diariodelsurdigital.com.ar\\\/#website\",\"url\":\"https:\\\/\\\/diariodelsurdigital.com.ar\\\/\",\"name\":\"Diario del Sur\",\"description\":\"Digital\",\"potentialAction\":[{\"@type\":\"SearchAction\",\"target\":{\"@type\":\"EntryPoint\",\"urlTemplate\":\"https:\\\/\\\/diariodelsurdigital.com.ar\\\/?s={search_term_string}\"},\"query-input\":{\"@type\":\"PropertyValueSpecification\",\"valueRequired\":true,\"valueName\":\"search_term_string\"}}],\"inLanguage\":\"es\"},{\"@type\":\"Person\",\"@id\":\"https:\\\/\\\/diariodelsurdigital.com.ar\\\/#\\\/schema\\\/person\\\/1a4992532ed62965c968031b49195c81\",\"name\":\"Diario del Sur Digital\",\"image\":{\"@type\":\"ImageObject\",\"inLanguage\":\"es\",\"@id\":\"https:\\\/\\\/secure.gravatar.com\\\/avatar\\\/f0c7c47fc7146d19828273b9b8eda651c9c7ab583767e6338d3d3bee825adf76?s=96&d=mm&r=g\",\"url\":\"https:\\\/\\\/secure.gravatar.com\\\/avatar\\\/f0c7c47fc7146d19828273b9b8eda651c9c7ab583767e6338d3d3bee825adf76?s=96&d=mm&r=g\",\"contentUrl\":\"https:\\\/\\\/secure.gravatar.com\\\/avatar\\\/f0c7c47fc7146d19828273b9b8eda651c9c7ab583767e6338d3d3bee825adf76?s=96&d=mm&r=g\",\"caption\":\"Diario del Sur Digital\"},\"url\":\"https:\\\/\\\/diariodelsurdigital.com.ar\\\/?author=4\"}]}<\/script>\n<!-- \/ Yoast SEO plugin. -->","yoast_head_json":{"title":"ATE Entre R\u00edos celebr\u00f3 el triunfo del PJ en Buenos Aires: \u201cAbre una nueva esperanza\u201d - Diario del Sur","robots":{"index":"index","follow":"follow","max-snippet":"max-snippet:-1","max-image-preview":"max-image-preview:large","max-video-preview":"max-video-preview:-1"},"canonical":"https:\/\/diariodelsurdigital.com.ar\/?p=4579","og_locale":"es_ES","og_type":"article","og_title":"ATE Entre R\u00edos celebr\u00f3 el triunfo del PJ en Buenos Aires: \u201cAbre una nueva esperanza\u201d - Diario del Sur","og_description":"El contundente triunfo del Partido Justicialista en las recientes elecciones legislativas de la provincia de Buenos Aires fue celebrado por el sindicato de ATE Entre R\u00edos. Para su secretario general, Oscar Muntes, este resultado es un \u00abllamado de atenci\u00f3n\u00bb al gobierno provincial y una clara se\u00f1al de que la ciudadan\u00eda exige un cambio. Tras las [&hellip;]","og_url":"https:\/\/diariodelsurdigital.com.ar\/?p=4579","og_site_name":"Diario del Sur","article_published_time":"2025-09-08T19:35:48+00:00","article_modified_time":"2025-09-08T19:35:49+00:00","og_image":[{"width":992,"height":557,"url":"https:\/\/diariodelsurdigital.com.ar\/wp-content\/uploads\/2025\/09\/md-26.webp","type":"image\/webp"}],"author":"Diario del Sur Digital","twitter_card":"summary_large_image","twitter_misc":{"Escrito por":"Diario del Sur Digital","Tiempo de lectura":"2 minutos"},"schema":{"@context":"https:\/\/schema.org","@graph":[{"@type":"Article","@id":"https:\/\/diariodelsurdigital.com.ar\/?p=4579#article","isPartOf":{"@id":"https:\/\/diariodelsurdigital.com.ar\/?p=4579"},"author":{"name":"Diario del Sur Digital","@id":"https:\/\/diariodelsurdigital.com.ar\/#\/schema\/person\/1a4992532ed62965c968031b49195c81"},"headline":"ATE Entre R\u00edos celebr\u00f3 el triunfo del PJ en Buenos Aires: \u201cAbre una nueva esperanza\u201d","datePublished":"2025-09-08T19:35:48+00:00","dateModified":"2025-09-08T19:35:49+00:00","mainEntityOfPage":{"@id":"https:\/\/diariodelsurdigital.com.ar\/?p=4579"},"wordCount":291,"commentCount":0,"image":{"@id":"https:\/\/diariodelsurdigital.com.ar\/?p=4579#primaryimage"},"thumbnailUrl":"https:\/\/diariodelsurdigital.com.ar\/wp-content\/uploads\/2025\/09\/md-26.webp","articleSection":["Pol\u00edtica","Provinciales"],"inLanguage":"es","potentialAction":[{"@type":"CommentAction","name":"Comment","target":["https:\/\/diariodelsurdigital.com.ar\/?p=4579#respond"]}]},{"@type":"WebPage","@id":"https:\/\/diariodelsurdigital.com.ar\/?p=4579","url":"https:\/\/diariodelsurdigital.com.ar\/?p=4579","name":"ATE Entre R\u00edos celebr\u00f3 el triunfo del PJ en Buenos Aires: \u201cAbre una nueva esperanza\u201d - Diario del Sur","isPartOf":{"@id":"https:\/\/diariodelsurdigital.com.ar\/#website"},"primaryImageOfPage":{"@id":"https:\/\/diariodelsurdigital.com.ar\/?p=4579#primaryimage"},"image":{"@id":"https:\/\/diariodelsurdigital.com.ar\/?p=4579#primaryimage"},"thumbnailUrl":"https:\/\/diariodelsurdigital.com.ar\/wp-content\/uploads\/2025\/09\/md-26.webp","datePublished":"2025-09-08T19:35:48+00:00","dateModified":"2025-09-08T19:35:49+00:00","author":{"@id":"https:\/\/diariodelsurdigital.com.ar\/#\/schema\/person\/1a4992532ed62965c968031b49195c81"},"breadcrumb":{"@id":"https:\/\/diariodelsurdigital.com.ar\/?p=4579#breadcrumb"},"inLanguage":"es","potentialAction":[{"@type":"ReadAction","target":["https:\/\/diariodelsurdigital.com.ar\/?p=4579"]}]},{"@type":"ImageObject","inLanguage":"es","@id":"https:\/\/diariodelsurdigital.com.ar\/?p=4579#primaryimage","url":"https:\/\/diariodelsurdigital.com.ar\/wp-content\/uploads\/2025\/09\/md-26.webp","contentUrl":"https:\/\/diariodelsurdigital.com.ar\/wp-content\/uploads\/2025\/09\/md-26.webp","width":992,"height":557},{"@type":"BreadcrumbList","@id":"https:\/\/diariodelsurdigital.com.ar\/?p=4579#breadcrumb","itemListElement":[{"@type":"ListItem","position":1,"name":"Portada","item":"https:\/\/diariodelsurdigital.com.ar\/"},{"@type":"ListItem","position":2,"name":"ATE Entre R\u00edos celebr\u00f3 el triunfo del PJ en Buenos Aires: \u201cAbre una nueva esperanza\u201d"}]},{"@type":"WebSite","@id":"https:\/\/diariodelsurdigital.com.ar\/#website","url":"https:\/\/diariodelsurdigital.com.ar\/","name":"Diario del Sur","description":"Digital","potentialAction":[{"@type":"SearchAction","target":{"@type":"EntryPoint","urlTemplate":"https:\/\/diariodelsurdigital.com.ar\/?s={search_term_string}"},"query-input":{"@type":"PropertyValueSpecification","valueRequired":true,"valueName":"search_term_string"}}],"inLanguage":"es"},{"@type":"Person","@id":"https:\/\/diariodelsurdigital.com.ar\/#\/schema\/person\/1a4992532ed62965c968031b49195c81","name":"Diario del Sur Digital","image":{"@type":"ImageObject","inLanguage":"es","@id":"https:\/\/secure.gravatar.com\/avatar\/f0c7c47fc7146d19828273b9b8eda651c9c7ab583767e6338d3d3bee825adf76?s=96&d=mm&r=g","url":"https:\/\/secure.gravatar.com\/avatar\/f0c7c47fc7146d19828273b9b8eda651c9c7ab583767e6338d3d3bee825adf76?s=96&d=mm&r=g","contentUrl":"https:\/\/secure.gravatar.com\/avatar\/f0c7c47fc7146d19828273b9b8eda651c9c7ab583767e6338d3d3bee825adf76?s=96&d=mm&r=g","caption":"Diario del Sur Digital"},"url":"https:\/\/diariodelsurdigital.com.ar\/?author=4"}]}},"_links":{"self":[{"href":"https:\/\/diariodelsurdigital.com.ar\/index.php?rest_route=\/wp\/v2\/posts\/4579","targetHints":{"allow":["GET"]}}],"collection":[{"href":"https:\/\/diariodelsurdigital.com.ar\/index.php?rest_route=\/wp\/v2\/posts"}],"about":[{"href":"https:\/\/diariodelsurdigital.com.ar\/index.php?rest_route=\/wp\/v2\/types\/post"}],"author":[{"embeddable":true,"href":"https:\/\/diariodelsurdigital.com.ar\/index.php?rest_route=\/wp\/v2\/users\/4"}],"replies":[{"embeddable":true,"href":"https:\/\/diariodelsurdigital.com.ar\/index.php?rest_route=%2Fwp%2Fv2%2Fcomments&post=4579"}],"version-history":[{"count":1,"href":"https:\/\/diariodelsurdigital.com.ar\/index.php?rest_route=\/wp\/v2\/posts\/4579\/revisions"}],"predecessor-version":[{"id":4581,"href":"https:\/\/diariodelsurdigital.com.ar\/index.php?rest_route=\/wp\/v2\/posts\/4579\/revisions\/4581"}],"wp:featuredmedia":[{"embeddable":true,"href":"https:\/\/diariodelsurdigital.com.ar\/index.php?rest_route=\/wp\/v2\/media\/4580"}],"wp:attachment":[{"href":"https:\/\/diariodelsurdigital.com.ar\/index.php?rest_route=%2Fwp%2Fv2%2Fmedia&parent=4579"}],"wp:term":[{"taxonomy":"category","embeddable":true,"href":"https:\/\/diariodelsurdigital.com.ar\/index.php?rest_route=%2Fwp%2Fv2%2Fcategories&post=4579"},{"taxonomy":"post_tag","embeddable":true,"href":"https:\/\/diariodelsurdigital.com.ar\/index.php?rest_route=%2Fwp%2Fv2%2Ftags&post=4579"}],"curies":[{"name":"wp","href":"https:\/\/api.w.org\/{rel}","templated":true}]}}