{"id":4602,"date":"2025-09-09T21:59:50","date_gmt":"2025-09-10T00:59:50","guid":{"rendered":"https:\/\/diariodelsurdigital.com.ar\/?p=4602"},"modified":"2025-09-09T21:59:50","modified_gmt":"2025-09-10T00:59:50","slug":"fuerte-cruce-entre-colello-y-gaillard-de-cara-a-las-elecciones-de-octubre","status":"publish","type":"post","link":"https:\/\/diariodelsurdigital.com.ar\/?p=4602","title":{"rendered":"Fuerte cruce entre Colello y Gaillard de cara a las elecciones de octubre"},"content":{"rendered":"\n<p><a href=\"https:\/\/www.facebook.com\/sharer\/sharer.php?u=https:\/\/www.analisisdigital.com.ar\/provinciales\/2025\/09\/09\/fuerte-cruce-entre-colello-y-gaillard-de-cara-las-elecciones-de-octubre&amp;title=Fuerte%20cruce%20entre%20Colello%20y%20Gaillard%20de%20cara%20a%20las%20elecciones%20de%20octubre\" target=\"_blank\" rel=\"noreferrer noopener\"><\/a><a href=\"https:\/\/twitter.com\/intent\/tweet?text=Fuerte%20cruce%20entre%20Colello%20y%20Gaillard%20de%20cara%20a%20las%20elecciones%20de%20octubre+https:\/\/www.analisisdigital.com.ar\/provinciales\/2025\/09\/09\/fuerte-cruce-entre-colello-y-gaillard-de-cara-las-elecciones-de-octubre\" target=\"_blank\" rel=\"noreferrer noopener\"><\/a><a href=\"https:\/\/wa.me\/?text=https:\/\/www.analisisdigital.com.ar\/provinciales\/2025\/09\/09\/fuerte-cruce-entre-colello-y-gaillard-de-cara-las-elecciones-de-octubre\" target=\"_blank\" rel=\"noreferrer noopener\"><\/a><a href=\"https:\/\/www.linkedin.com\/sharing\/share-offsite\/?url=https:\/\/www.analisisdigital.com.ar\/provinciales\/2025\/09\/09\/fuerte-cruce-entre-colello-y-gaillard-de-cara-las-elecciones-de-octubre\" target=\"_blank\" rel=\"noreferrer noopener\"><\/a><a href=\"mailto:?subject=Fuerte%20cruce%20entre%20Colello%20y%20Gaillard%20de%20cara%20a%20las%20elecciones%20de%20octubre&amp;body=https:\/\/www.analisisdigital.com.ar\/provinciales\/2025\/09\/09\/fuerte-cruce-entre-colello-y-gaillard-de-cara-las-elecciones-de-octubre\" target=\"_blank\" rel=\"noreferrer noopener\"><\/a><a href=\"https:\/\/www.analisisdigital.com.ar\/provinciales\/2025\/09\/09\/fuerte-cruce-entre-colello-y-gaillard-de-cara-las-elecciones-de-octubre#\"><\/a><a href=\"javascript:window.print()\"><\/a><\/p>\n\n\n\n<p>Un fuerte contrapunto pol\u00edtico se desat\u00f3 en la red social X entre Mauricio Colello, secretario de la Gobernaci\u00f3n de Rogelio Frigerio, y la diputada nacional y candidata a senadora por Ahora 503, la kirchnerista Carolina Gaillard. El cruce se produjo luego de que el funcionario entrerriano publicara un hilo en el que llam\u00f3 a \u201cderrotar al kirchnerismo\u201d en las elecciones de octubre, apenas horas despu\u00e9s de que el peronismo se impusiera en la provincia de Buenos Aires.<\/p>\n\n\n\n<p>La legisladora respondi\u00f3 con dureza: \u201cDescolocado con la victoria arrasadora del peronismo este domingo, que deja en evidencia que se puede gobernar una provincia protegiendo a sus habitantes y con la dignidad intacta, es entendible que quienes no pueden hacer ni un cord\u00f3n cuneta y no tienen gesti\u00f3n para mostrar recurran a los golpes bajos, a las frases marketineras y a las burlas. \u00bfQu\u00e9 otra cosa podr\u00edan decir?\u201d.<\/p>\n\n\n\n<p>Gaillard agreg\u00f3: \u201cQue no le vaya a salir a Collelo el tiro por la culata, porque en una provincia con rutas detonadas, comercios que cierran, gente durmiendo en la calle, empleados p\u00fablicos y docentes con salarios congelados y tantos otros problemas, cuando nombran al kirchnerismo son muchos los entrerrianos y las entrerrianas que recuerdan autom\u00e1ticamente tiempos mejores\u201d.<\/p>\n\n\n\n<p>La candidata reivindic\u00f3 la gesti\u00f3n peronista: \u201cEl kirchnerismo, al que desde el gobierno provincial tanto se insiste en denostar y posicionar como enemigo, es la fuerza pol\u00edtica que gestion\u00f3 las rutas, las viviendas, los hospitales, las escuelas y la gran infraestructura que conforma la provincia de Entre R\u00edos. El asfalto por el que viajan, el centro de convenciones en el que se re\u00fanen, el centro de medicina nuclear que visitan y admiran y tantas otras obras se hicieron durante el gobierno de Cristina Fern\u00e1ndez de Kirchner\u201d.<\/p>\n\n\n\n<p>Ante estas declaraciones, Colello replic\u00f3 este martes: \u201cBuenas Carolina Gaillard. Un poco de memoria y humildad. Durante el cuarto gobierno K, nos encerraron mientras hac\u00edan fiestas clandestinas, armaron un vacunatorio VIP para funcionarios p\u00fablicos y empobrecieron a todos los argentinos de bien con casi 1000% de inflaci\u00f3n\u201d.<\/p>\n\n\n\n<p>La \u00faltima palabra volvi\u00f3 a estar en manos de Gaillard: \u201cNo es culpa nuestra la falta de timing para pintarse de violeta. Hoy son parte del gobierno m\u00e1s cruel de la historia pol\u00edtica argentina, y c\u00f3mplices de votarle todas las leyes. A diferencia de nosotros que estamos orgullosos de 12 a\u00f1os de transformaci\u00f3n de N\u00e9stor y Cristina Kirchner que dej\u00f3 el pa\u00eds des endeudado ustedes no pueden decir lo mismo fueron parte del gobierno de Mauricio Macri que volvi\u00f3 al FMI para tomar el pr\u00e9stamo m\u00e1s caro de la historia del organismo que nos hipotec\u00f3 de por vida a todos los argentinos\u201d.<\/p>\n\n\n\n<p><\/p>\n\n\n\n<p><\/p>\n","protected":false},"excerpt":{"rendered":"<p>Un fuerte contrapunto pol\u00edtico se desat\u00f3 en la red social X entre Mauricio Colello, secretario de la Gobernaci\u00f3n de Rogelio Frigerio, y la diputada nacional y candidata a senadora por Ahora 503, la kirchnerista Carolina Gaillard. El cruce se produjo luego de que el funcionario entrerriano publicara un hilo en el que llam\u00f3 a \u201cderrotar [&hellip;]<\/p>\n","protected":false},"author":2,"featured_media":4603,"comment_status":"open","ping_status":"open","sticky":false,"template":"","format":"standard","meta":{"footnotes":""},"categories":[17],"tags":[],"class_list":{"0":"post-4602","1":"post","2":"type-post","3":"status-publish","4":"format-standard","5":"has-post-thumbnail","7":"category-provinciales"},"yoast_head":"<!-- This site is optimized with the Yoast SEO plugin v27.4 - https:\/\/yoast.com\/product\/yoast-seo-wordpress\/ -->\n<title>Fuerte cruce entre Colello y Gaillard de cara a las elecciones de octubre - Diario del Sur<\/title>\n<meta name=\"robots\" content=\"index, follow, max-snippet:-1, max-image-preview:large, max-video-preview:-1\" \/>\n<link rel=\"canonical\" href=\"https:\/\/diariodelsurdigital.com.ar\/?p=4602\" \/>\n<meta property=\"og:locale\" content=\"es_ES\" \/>\n<meta property=\"og:type\" content=\"article\" \/>\n<meta property=\"og:title\" content=\"Fuerte cruce entre Colello y Gaillard de cara a las elecciones de octubre - Diario del Sur\" \/>\n<meta property=\"og:description\" content=\"Un fuerte contrapunto pol\u00edtico se desat\u00f3 en la red social X entre Mauricio Colello, secretario de la Gobernaci\u00f3n de Rogelio Frigerio, y la diputada nacional y candidata a senadora por Ahora 503, la kirchnerista Carolina Gaillard. El cruce se produjo luego de que el funcionario entrerriano publicara un hilo en el que llam\u00f3 a \u201cderrotar [&hellip;]\" \/>\n<meta property=\"og:url\" content=\"https:\/\/diariodelsurdigital.com.ar\/?p=4602\" \/>\n<meta property=\"og:site_name\" content=\"Diario del Sur\" \/>\n<meta property=\"article:published_time\" content=\"2025-09-10T00:59:50+00:00\" \/>\n<meta property=\"og:image\" content=\"https:\/\/diariodelsurdigital.com.ar\/wp-content\/uploads\/2025\/09\/Colello-Gaillard.jpg.webp\" \/>\n\t<meta property=\"og:image:width\" content=\"900\" \/>\n\t<meta property=\"og:image:height\" content=\"507\" \/>\n\t<meta property=\"og:image:type\" content=\"image\/webp\" \/>\n<meta name=\"author\" content=\"Diario del Sur Digital\" \/>\n<meta name=\"twitter:card\" content=\"summary_large_image\" \/>\n<meta name=\"twitter:label1\" content=\"Escrito por\" \/>\n\t<meta name=\"twitter:data1\" content=\"Diario del Sur Digital\" \/>\n\t<meta name=\"twitter:label2\" content=\"Tiempo de lectura\" \/>\n\t<meta name=\"twitter:data2\" content=\"3 minutos\" \/>\n<script type=\"application\/ld+json\" class=\"yoast-schema-graph\">{\"@context\":\"https:\\\/\\\/schema.org\",\"@graph\":[{\"@type\":\"Article\",\"@id\":\"https:\\\/\\\/diariodelsurdigital.com.ar\\\/?p=4602#article\",\"isPartOf\":{\"@id\":\"https:\\\/\\\/diariodelsurdigital.com.ar\\\/?p=4602\"},\"author\":{\"name\":\"Diario del Sur Digital\",\"@id\":\"https:\\\/\\\/diariodelsurdigital.com.ar\\\/#\\\/schema\\\/person\\\/6136a32571657f7dba980b88b04c5465\"},\"headline\":\"Fuerte cruce entre Colello y Gaillard de cara a las elecciones de octubre\",\"datePublished\":\"2025-09-10T00:59:50+00:00\",\"mainEntityOfPage\":{\"@id\":\"https:\\\/\\\/diariodelsurdigital.com.ar\\\/?p=4602\"},\"wordCount\":472,\"commentCount\":0,\"image\":{\"@id\":\"https:\\\/\\\/diariodelsurdigital.com.ar\\\/?p=4602#primaryimage\"},\"thumbnailUrl\":\"https:\\\/\\\/diariodelsurdigital.com.ar\\\/wp-content\\\/uploads\\\/2025\\\/09\\\/Colello-Gaillard.jpg.webp\",\"articleSection\":[\"Provinciales\"],\"inLanguage\":\"es\",\"potentialAction\":[{\"@type\":\"CommentAction\",\"name\":\"Comment\",\"target\":[\"https:\\\/\\\/diariodelsurdigital.com.ar\\\/?p=4602#respond\"]}]},{\"@type\":\"WebPage\",\"@id\":\"https:\\\/\\\/diariodelsurdigital.com.ar\\\/?p=4602\",\"url\":\"https:\\\/\\\/diariodelsurdigital.com.ar\\\/?p=4602\",\"name\":\"Fuerte cruce entre Colello y Gaillard de cara a las elecciones de octubre - Diario del Sur\",\"isPartOf\":{\"@id\":\"https:\\\/\\\/diariodelsurdigital.com.ar\\\/#website\"},\"primaryImageOfPage\":{\"@id\":\"https:\\\/\\\/diariodelsurdigital.com.ar\\\/?p=4602#primaryimage\"},\"image\":{\"@id\":\"https:\\\/\\\/diariodelsurdigital.com.ar\\\/?p=4602#primaryimage\"},\"thumbnailUrl\":\"https:\\\/\\\/diariodelsurdigital.com.ar\\\/wp-content\\\/uploads\\\/2025\\\/09\\\/Colello-Gaillard.jpg.webp\",\"datePublished\":\"2025-09-10T00:59:50+00:00\",\"author\":{\"@id\":\"https:\\\/\\\/diariodelsurdigital.com.ar\\\/#\\\/schema\\\/person\\\/6136a32571657f7dba980b88b04c5465\"},\"breadcrumb\":{\"@id\":\"https:\\\/\\\/diariodelsurdigital.com.ar\\\/?p=4602#breadcrumb\"},\"inLanguage\":\"es\",\"potentialAction\":[{\"@type\":\"ReadAction\",\"target\":[\"https:\\\/\\\/diariodelsurdigital.com.ar\\\/?p=4602\"]}]},{\"@type\":\"ImageObject\",\"inLanguage\":\"es\",\"@id\":\"https:\\\/\\\/diariodelsurdigital.com.ar\\\/?p=4602#primaryimage\",\"url\":\"https:\\\/\\\/diariodelsurdigital.com.ar\\\/wp-content\\\/uploads\\\/2025\\\/09\\\/Colello-Gaillard.jpg.webp\",\"contentUrl\":\"https:\\\/\\\/diariodelsurdigital.com.ar\\\/wp-content\\\/uploads\\\/2025\\\/09\\\/Colello-Gaillard.jpg.webp\",\"width\":900,\"height\":507},{\"@type\":\"BreadcrumbList\",\"@id\":\"https:\\\/\\\/diariodelsurdigital.com.ar\\\/?p=4602#breadcrumb\",\"itemListElement\":[{\"@type\":\"ListItem\",\"position\":1,\"name\":\"Portada\",\"item\":\"https:\\\/\\\/diariodelsurdigital.com.ar\\\/\"},{\"@type\":\"ListItem\",\"position\":2,\"name\":\"Fuerte cruce entre Colello y Gaillard de cara a las elecciones de octubre\"}]},{\"@type\":\"WebSite\",\"@id\":\"https:\\\/\\\/diariodelsurdigital.com.ar\\\/#website\",\"url\":\"https:\\\/\\\/diariodelsurdigital.com.ar\\\/\",\"name\":\"Diario del Sur\",\"description\":\"Digital\",\"potentialAction\":[{\"@type\":\"SearchAction\",\"target\":{\"@type\":\"EntryPoint\",\"urlTemplate\":\"https:\\\/\\\/diariodelsurdigital.com.ar\\\/?s={search_term_string}\"},\"query-input\":{\"@type\":\"PropertyValueSpecification\",\"valueRequired\":true,\"valueName\":\"search_term_string\"}}],\"inLanguage\":\"es\"},{\"@type\":\"Person\",\"@id\":\"https:\\\/\\\/diariodelsurdigital.com.ar\\\/#\\\/schema\\\/person\\\/6136a32571657f7dba980b88b04c5465\",\"name\":\"Diario del Sur Digital\",\"image\":{\"@type\":\"ImageObject\",\"inLanguage\":\"es\",\"@id\":\"https:\\\/\\\/secure.gravatar.com\\\/avatar\\\/4c29ceac98541dd42460b2474aaa5dd37594d6ce6cb3cf2c101d09b48ee287ba?s=96&d=mm&r=g\",\"url\":\"https:\\\/\\\/secure.gravatar.com\\\/avatar\\\/4c29ceac98541dd42460b2474aaa5dd37594d6ce6cb3cf2c101d09b48ee287ba?s=96&d=mm&r=g\",\"contentUrl\":\"https:\\\/\\\/secure.gravatar.com\\\/avatar\\\/4c29ceac98541dd42460b2474aaa5dd37594d6ce6cb3cf2c101d09b48ee287ba?s=96&d=mm&r=g\",\"caption\":\"Diario del Sur Digital\"},\"url\":\"https:\\\/\\\/diariodelsurdigital.com.ar\\\/?author=2\"}]}<\/script>\n<!-- \/ Yoast SEO plugin. -->","yoast_head_json":{"title":"Fuerte cruce entre Colello y Gaillard de cara a las elecciones de octubre - Diario del Sur","robots":{"index":"index","follow":"follow","max-snippet":"max-snippet:-1","max-image-preview":"max-image-preview:large","max-video-preview":"max-video-preview:-1"},"canonical":"https:\/\/diariodelsurdigital.com.ar\/?p=4602","og_locale":"es_ES","og_type":"article","og_title":"Fuerte cruce entre Colello y Gaillard de cara a las elecciones de octubre - Diario del Sur","og_description":"Un fuerte contrapunto pol\u00edtico se desat\u00f3 en la red social X entre Mauricio Colello, secretario de la Gobernaci\u00f3n de Rogelio Frigerio, y la diputada nacional y candidata a senadora por Ahora 503, la kirchnerista Carolina Gaillard. El cruce se produjo luego de que el funcionario entrerriano publicara un hilo en el que llam\u00f3 a \u201cderrotar [&hellip;]","og_url":"https:\/\/diariodelsurdigital.com.ar\/?p=4602","og_site_name":"Diario del Sur","article_published_time":"2025-09-10T00:59:50+00:00","og_image":[{"width":900,"height":507,"url":"https:\/\/diariodelsurdigital.com.ar\/wp-content\/uploads\/2025\/09\/Colello-Gaillard.jpg.webp","type":"image\/webp"}],"author":"Diario del Sur Digital","twitter_card":"summary_large_image","twitter_misc":{"Escrito por":"Diario del Sur Digital","Tiempo de lectura":"3 minutos"},"schema":{"@context":"https:\/\/schema.org","@graph":[{"@type":"Article","@id":"https:\/\/diariodelsurdigital.com.ar\/?p=4602#article","isPartOf":{"@id":"https:\/\/diariodelsurdigital.com.ar\/?p=4602"},"author":{"name":"Diario del Sur Digital","@id":"https:\/\/diariodelsurdigital.com.ar\/#\/schema\/person\/6136a32571657f7dba980b88b04c5465"},"headline":"Fuerte cruce entre Colello y Gaillard de cara a las elecciones de octubre","datePublished":"2025-09-10T00:59:50+00:00","mainEntityOfPage":{"@id":"https:\/\/diariodelsurdigital.com.ar\/?p=4602"},"wordCount":472,"commentCount":0,"image":{"@id":"https:\/\/diariodelsurdigital.com.ar\/?p=4602#primaryimage"},"thumbnailUrl":"https:\/\/diariodelsurdigital.com.ar\/wp-content\/uploads\/2025\/09\/Colello-Gaillard.jpg.webp","articleSection":["Provinciales"],"inLanguage":"es","potentialAction":[{"@type":"CommentAction","name":"Comment","target":["https:\/\/diariodelsurdigital.com.ar\/?p=4602#respond"]}]},{"@type":"WebPage","@id":"https:\/\/diariodelsurdigital.com.ar\/?p=4602","url":"https:\/\/diariodelsurdigital.com.ar\/?p=4602","name":"Fuerte cruce entre Colello y Gaillard de cara a las elecciones de octubre - Diario del Sur","isPartOf":{"@id":"https:\/\/diariodelsurdigital.com.ar\/#website"},"primaryImageOfPage":{"@id":"https:\/\/diariodelsurdigital.com.ar\/?p=4602#primaryimage"},"image":{"@id":"https:\/\/diariodelsurdigital.com.ar\/?p=4602#primaryimage"},"thumbnailUrl":"https:\/\/diariodelsurdigital.com.ar\/wp-content\/uploads\/2025\/09\/Colello-Gaillard.jpg.webp","datePublished":"2025-09-10T00:59:50+00:00","author":{"@id":"https:\/\/diariodelsurdigital.com.ar\/#\/schema\/person\/6136a32571657f7dba980b88b04c5465"},"breadcrumb":{"@id":"https:\/\/diariodelsurdigital.com.ar\/?p=4602#breadcrumb"},"inLanguage":"es","potentialAction":[{"@type":"ReadAction","target":["https:\/\/diariodelsurdigital.com.ar\/?p=4602"]}]},{"@type":"ImageObject","inLanguage":"es","@id":"https:\/\/diariodelsurdigital.com.ar\/?p=4602#primaryimage","url":"https:\/\/diariodelsurdigital.com.ar\/wp-content\/uploads\/2025\/09\/Colello-Gaillard.jpg.webp","contentUrl":"https:\/\/diariodelsurdigital.com.ar\/wp-content\/uploads\/2025\/09\/Colello-Gaillard.jpg.webp","width":900,"height":507},{"@type":"BreadcrumbList","@id":"https:\/\/diariodelsurdigital.com.ar\/?p=4602#breadcrumb","itemListElement":[{"@type":"ListItem","position":1,"name":"Portada","item":"https:\/\/diariodelsurdigital.com.ar\/"},{"@type":"ListItem","position":2,"name":"Fuerte cruce entre Colello y Gaillard de cara a las elecciones de octubre"}]},{"@type":"WebSite","@id":"https:\/\/diariodelsurdigital.com.ar\/#website","url":"https:\/\/diariodelsurdigital.com.ar\/","name":"Diario del Sur","description":"Digital","potentialAction":[{"@type":"SearchAction","target":{"@type":"EntryPoint","urlTemplate":"https:\/\/diariodelsurdigital.com.ar\/?s={search_term_string}"},"query-input":{"@type":"PropertyValueSpecification","valueRequired":true,"valueName":"search_term_string"}}],"inLanguage":"es"},{"@type":"Person","@id":"https:\/\/diariodelsurdigital.com.ar\/#\/schema\/person\/6136a32571657f7dba980b88b04c5465","name":"Diario del Sur Digital","image":{"@type":"ImageObject","inLanguage":"es","@id":"https:\/\/secure.gravatar.com\/avatar\/4c29ceac98541dd42460b2474aaa5dd37594d6ce6cb3cf2c101d09b48ee287ba?s=96&d=mm&r=g","url":"https:\/\/secure.gravatar.com\/avatar\/4c29ceac98541dd42460b2474aaa5dd37594d6ce6cb3cf2c101d09b48ee287ba?s=96&d=mm&r=g","contentUrl":"https:\/\/secure.gravatar.com\/avatar\/4c29ceac98541dd42460b2474aaa5dd37594d6ce6cb3cf2c101d09b48ee287ba?s=96&d=mm&r=g","caption":"Diario del Sur Digital"},"url":"https:\/\/diariodelsurdigital.com.ar\/?author=2"}]}},"_links":{"self":[{"href":"https:\/\/diariodelsurdigital.com.ar\/index.php?rest_route=\/wp\/v2\/posts\/4602","targetHints":{"allow":["GET"]}}],"collection":[{"href":"https:\/\/diariodelsurdigital.com.ar\/index.php?rest_route=\/wp\/v2\/posts"}],"about":[{"href":"https:\/\/diariodelsurdigital.com.ar\/index.php?rest_route=\/wp\/v2\/types\/post"}],"author":[{"embeddable":true,"href":"https:\/\/diariodelsurdigital.com.ar\/index.php?rest_route=\/wp\/v2\/users\/2"}],"replies":[{"embeddable":true,"href":"https:\/\/diariodelsurdigital.com.ar\/index.php?rest_route=%2Fwp%2Fv2%2Fcomments&post=4602"}],"version-history":[{"count":1,"href":"https:\/\/diariodelsurdigital.com.ar\/index.php?rest_route=\/wp\/v2\/posts\/4602\/revisions"}],"predecessor-version":[{"id":4604,"href":"https:\/\/diariodelsurdigital.com.ar\/index.php?rest_route=\/wp\/v2\/posts\/4602\/revisions\/4604"}],"wp:featuredmedia":[{"embeddable":true,"href":"https:\/\/diariodelsurdigital.com.ar\/index.php?rest_route=\/wp\/v2\/media\/4603"}],"wp:attachment":[{"href":"https:\/\/diariodelsurdigital.com.ar\/index.php?rest_route=%2Fwp%2Fv2%2Fmedia&parent=4602"}],"wp:term":[{"taxonomy":"category","embeddable":true,"href":"https:\/\/diariodelsurdigital.com.ar\/index.php?rest_route=%2Fwp%2Fv2%2Fcategories&post=4602"},{"taxonomy":"post_tag","embeddable":true,"href":"https:\/\/diariodelsurdigital.com.ar\/index.php?rest_route=%2Fwp%2Fv2%2Ftags&post=4602"}],"curies":[{"name":"wp","href":"https:\/\/api.w.org\/{rel}","templated":true}]}}