{"id":4606,"date":"2025-09-10T10:47:13","date_gmt":"2025-09-10T13:47:13","guid":{"rendered":"https:\/\/diariodelsurdigital.com.ar\/?p=4606"},"modified":"2025-09-10T10:47:14","modified_gmt":"2025-09-10T13:47:14","slug":"comision-libra-citan-a-karina-milei-para-dentro-de-dos-semanas","status":"publish","type":"post","link":"https:\/\/diariodelsurdigital.com.ar\/?p=4606","title":{"rendered":"Comisi\u00f3n $LIBRA: citan a Karina Milei para dentro de dos semanas"},"content":{"rendered":"\n<p>La oposici\u00f3n resolvi\u00f3 convocar a la secretaria General de la Presidencia para el 23 y 30 de septiembre al Congreso. En caso que no lo haga, podr\u00edan ir autoridades de la comisi\u00f3n a tomarle testimonio.<\/p>\n\n\n\n<p>Tras el faltazo de dos funcionarios citados para este martes en la Comisi\u00f3n Investigadora $LIBRA de la C\u00e1mara de Diputados, la oposici\u00f3n resolvi\u00f3 avanzar con la citaci\u00f3n de la secretaria General de la Presidencia, Karina Milei: se votaron dos fechas posibles y se decidi\u00f3 que, en caso de que no concurra, las autoridades de la comisi\u00f3n podr\u00edan constituirse en Casa Rosada para tomarle testimonio.<\/p>\n\n\n\n<p>El primero en pedir que se defina con anticipaci\u00f3n la convocatoria a la hermana del presidente fue el diputado de Uni\u00f3n por la Patria Juan Marino, que propuso los pr\u00f3ximos martes 23 y 30 de septiembre. \u00abSi no puede en esas dos fechas que nos haga una contrapropuesta\u00bb, dijo.<\/p>\n\n\n\n<p>Luego, la diputada de la Coalici\u00f3n C\u00edvica M\u00f3nica Frade plante\u00f3 una \u00abtercera opci\u00f3n para que quede indiscutida la voluntad de que queremos testimonio y ning\u00fan tipo de sangr\u00eda\u00bb. De esta manera, sugiri\u00f3 que \u00ablas autoridades de esta comisi\u00f3n se constituyan en la Casa Rosada y le tomen declaraci\u00f3n en d\u00eda y hora que ella pueda\u00bb.<\/p>\n\n\n\n<p>\u00abMe parece que esto es una salida para que la se\u00f1orita no tenga que moverse y perder tiempo, pero que tenga todas las garant\u00edas para poder declarar\u00bb, lanz\u00f3 ir\u00f3nica. Desde el Frente de Izquierda, el diputado Christian Castillo recomend\u00f3 unir ambas propuestas y poner como l\u00edmite la declaraci\u00f3n de Karina \u00abno m\u00e1s all\u00e1 de la primera semana de octubre\u00bb.<\/p>\n\n\n\n<p>A mano alzada, la propuesta se vot\u00f3 por mayor\u00eda. En la reuni\u00f3n estuvieron ausentes los diputados de La Libertad Avanza y sus aliados que se oponen a la investigaci\u00f3n. Aunque particip\u00f3 durante un tramo el radical \u00abpeluca\u00bb Mariano Campero y vot\u00f3 en contra de una moci\u00f3n.<\/p>\n\n\n\n<p>No obstante, al arco opositor se sum\u00f3 para el qu\u00f3rum y las votaciones posteriores la salte\u00f1a Yolanda Vega, del bloque Innovaci\u00f3n Federal, quien responde al gobernador Gustavo S\u00e1enz, que viene de tensiones con el Gobierno nacional en el \u00faltimo tiempo y recientemente tuvo fuertes declaraciones en contra de la gesti\u00f3n libertaria.<\/p>\n\n\n\n<p>Incluso, Vega formar\u00e1 parte de una subcomisi\u00f3n que se aprob\u00f3 a pedido del diputado de Encuentro Federal Oscar Agost Carre\u00f1o, quien tambi\u00e9n la integrar\u00e1, junto a Frade, Fernando Carbajal y Sabrina Selva. Tendr\u00e1n como tarea \u00abtomar contacto con la causa judicial en Argentina\u00bb que tramita en el juzgado de la jueza federal Mar\u00eda Servini de Cubr\u00eda, en la que se investiga una presunta estafa a trav\u00e9s de la criptomoneda que Javier Milei promocion\u00f3 en su cuenta de X el pasado 14 de febrero.<\/p>\n\n\n\n<p>La reuni\u00f3n arranc\u00f3 con numerosas cr\u00edticas a los funcionarios que hab\u00edan sido citados y decidieron no concurrir: Alejandro Melik, titular de la Oficina de Anticorrupci\u00f3n, y Florencia Zicavo, extitular de la Unidad de Tareas de Investigaci\u00f3n (UTI), que el Gobierno hab\u00eda creado para autoinvestigarse en el caso. Funcion\u00f3 por tres meses y luego no se conocieron sus conclusiones. La comisi\u00f3n resolvi\u00f3 volver a citarlos a trav\u00e9s del ministro de Justicia, Mariano C\u00faneo Libarona.<\/p>\n","protected":false},"excerpt":{"rendered":"<p>La oposici\u00f3n resolvi\u00f3 convocar a la secretaria General de la Presidencia para el 23 y 30 de septiembre al Congreso. En caso que no lo haga, podr\u00edan ir autoridades de la comisi\u00f3n a tomarle testimonio. Tras el faltazo de dos funcionarios citados para este martes en la Comisi\u00f3n Investigadora $LIBRA de la C\u00e1mara de Diputados, [&hellip;]<\/p>\n","protected":false},"author":4,"featured_media":4607,"comment_status":"open","ping_status":"open","sticky":false,"template":"","format":"standard","meta":{"footnotes":""},"categories":[18,22],"tags":[],"class_list":{"0":"post-4606","1":"post","2":"type-post","3":"status-publish","4":"format-standard","5":"has-post-thumbnail","7":"category-nacionales","8":"category-politica"},"yoast_head":"<!-- This site is optimized with the Yoast SEO plugin v27.4 - https:\/\/yoast.com\/product\/yoast-seo-wordpress\/ -->\n<title>Comisi\u00f3n $LIBRA: citan a Karina Milei para dentro de dos semanas - Diario del Sur<\/title>\n<meta name=\"robots\" content=\"index, follow, max-snippet:-1, max-image-preview:large, max-video-preview:-1\" \/>\n<link rel=\"canonical\" href=\"https:\/\/diariodelsurdigital.com.ar\/?p=4606\" \/>\n<meta property=\"og:locale\" content=\"es_ES\" \/>\n<meta property=\"og:type\" content=\"article\" \/>\n<meta property=\"og:title\" content=\"Comisi\u00f3n $LIBRA: citan a Karina Milei para dentro de dos semanas - Diario del Sur\" \/>\n<meta property=\"og:description\" content=\"La oposici\u00f3n resolvi\u00f3 convocar a la secretaria General de la Presidencia para el 23 y 30 de septiembre al Congreso. En caso que no lo haga, podr\u00edan ir autoridades de la comisi\u00f3n a tomarle testimonio. Tras el faltazo de dos funcionarios citados para este martes en la Comisi\u00f3n Investigadora $LIBRA de la C\u00e1mara de Diputados, [&hellip;]\" \/>\n<meta property=\"og:url\" content=\"https:\/\/diariodelsurdigital.com.ar\/?p=4606\" \/>\n<meta property=\"og:site_name\" content=\"Diario del Sur\" \/>\n<meta property=\"article:published_time\" content=\"2025-09-10T13:47:13+00:00\" \/>\n<meta property=\"article:modified_time\" content=\"2025-09-10T13:47:14+00:00\" \/>\n<meta property=\"og:image\" content=\"https:\/\/diariodelsurdigital.com.ar\/wp-content\/uploads\/2025\/09\/md-31.webp\" \/>\n\t<meta property=\"og:image:width\" content=\"992\" \/>\n\t<meta property=\"og:image:height\" content=\"644\" \/>\n\t<meta property=\"og:image:type\" content=\"image\/webp\" \/>\n<meta name=\"author\" content=\"Diario del Sur Digital\" \/>\n<meta name=\"twitter:card\" content=\"summary_large_image\" \/>\n<meta name=\"twitter:label1\" content=\"Escrito por\" \/>\n\t<meta name=\"twitter:data1\" content=\"Diario del Sur Digital\" \/>\n\t<meta name=\"twitter:label2\" content=\"Tiempo de lectura\" \/>\n\t<meta name=\"twitter:data2\" content=\"3 minutos\" \/>\n<script type=\"application\/ld+json\" class=\"yoast-schema-graph\">{\"@context\":\"https:\\\/\\\/schema.org\",\"@graph\":[{\"@type\":\"Article\",\"@id\":\"https:\\\/\\\/diariodelsurdigital.com.ar\\\/?p=4606#article\",\"isPartOf\":{\"@id\":\"https:\\\/\\\/diariodelsurdigital.com.ar\\\/?p=4606\"},\"author\":{\"name\":\"Diario del Sur Digital\",\"@id\":\"https:\\\/\\\/diariodelsurdigital.com.ar\\\/#\\\/schema\\\/person\\\/1a4992532ed62965c968031b49195c81\"},\"headline\":\"Comisi\u00f3n $LIBRA: citan a Karina Milei para dentro de dos semanas\",\"datePublished\":\"2025-09-10T13:47:13+00:00\",\"dateModified\":\"2025-09-10T13:47:14+00:00\",\"mainEntityOfPage\":{\"@id\":\"https:\\\/\\\/diariodelsurdigital.com.ar\\\/?p=4606\"},\"wordCount\":574,\"commentCount\":0,\"image\":{\"@id\":\"https:\\\/\\\/diariodelsurdigital.com.ar\\\/?p=4606#primaryimage\"},\"thumbnailUrl\":\"https:\\\/\\\/diariodelsurdigital.com.ar\\\/wp-content\\\/uploads\\\/2025\\\/09\\\/md-31.webp\",\"articleSection\":[\"Nacionales\",\"Pol\u00edtica\"],\"inLanguage\":\"es\",\"potentialAction\":[{\"@type\":\"CommentAction\",\"name\":\"Comment\",\"target\":[\"https:\\\/\\\/diariodelsurdigital.com.ar\\\/?p=4606#respond\"]}]},{\"@type\":\"WebPage\",\"@id\":\"https:\\\/\\\/diariodelsurdigital.com.ar\\\/?p=4606\",\"url\":\"https:\\\/\\\/diariodelsurdigital.com.ar\\\/?p=4606\",\"name\":\"Comisi\u00f3n $LIBRA: citan a Karina Milei para dentro de dos semanas - Diario del Sur\",\"isPartOf\":{\"@id\":\"https:\\\/\\\/diariodelsurdigital.com.ar\\\/#website\"},\"primaryImageOfPage\":{\"@id\":\"https:\\\/\\\/diariodelsurdigital.com.ar\\\/?p=4606#primaryimage\"},\"image\":{\"@id\":\"https:\\\/\\\/diariodelsurdigital.com.ar\\\/?p=4606#primaryimage\"},\"thumbnailUrl\":\"https:\\\/\\\/diariodelsurdigital.com.ar\\\/wp-content\\\/uploads\\\/2025\\\/09\\\/md-31.webp\",\"datePublished\":\"2025-09-10T13:47:13+00:00\",\"dateModified\":\"2025-09-10T13:47:14+00:00\",\"author\":{\"@id\":\"https:\\\/\\\/diariodelsurdigital.com.ar\\\/#\\\/schema\\\/person\\\/1a4992532ed62965c968031b49195c81\"},\"breadcrumb\":{\"@id\":\"https:\\\/\\\/diariodelsurdigital.com.ar\\\/?p=4606#breadcrumb\"},\"inLanguage\":\"es\",\"potentialAction\":[{\"@type\":\"ReadAction\",\"target\":[\"https:\\\/\\\/diariodelsurdigital.com.ar\\\/?p=4606\"]}]},{\"@type\":\"ImageObject\",\"inLanguage\":\"es\",\"@id\":\"https:\\\/\\\/diariodelsurdigital.com.ar\\\/?p=4606#primaryimage\",\"url\":\"https:\\\/\\\/diariodelsurdigital.com.ar\\\/wp-content\\\/uploads\\\/2025\\\/09\\\/md-31.webp\",\"contentUrl\":\"https:\\\/\\\/diariodelsurdigital.com.ar\\\/wp-content\\\/uploads\\\/2025\\\/09\\\/md-31.webp\",\"width\":992,\"height\":644},{\"@type\":\"BreadcrumbList\",\"@id\":\"https:\\\/\\\/diariodelsurdigital.com.ar\\\/?p=4606#breadcrumb\",\"itemListElement\":[{\"@type\":\"ListItem\",\"position\":1,\"name\":\"Portada\",\"item\":\"https:\\\/\\\/diariodelsurdigital.com.ar\\\/\"},{\"@type\":\"ListItem\",\"position\":2,\"name\":\"Comisi\u00f3n $LIBRA: citan a Karina Milei para dentro de dos semanas\"}]},{\"@type\":\"WebSite\",\"@id\":\"https:\\\/\\\/diariodelsurdigital.com.ar\\\/#website\",\"url\":\"https:\\\/\\\/diariodelsurdigital.com.ar\\\/\",\"name\":\"Diario del Sur\",\"description\":\"Digital\",\"potentialAction\":[{\"@type\":\"SearchAction\",\"target\":{\"@type\":\"EntryPoint\",\"urlTemplate\":\"https:\\\/\\\/diariodelsurdigital.com.ar\\\/?s={search_term_string}\"},\"query-input\":{\"@type\":\"PropertyValueSpecification\",\"valueRequired\":true,\"valueName\":\"search_term_string\"}}],\"inLanguage\":\"es\"},{\"@type\":\"Person\",\"@id\":\"https:\\\/\\\/diariodelsurdigital.com.ar\\\/#\\\/schema\\\/person\\\/1a4992532ed62965c968031b49195c81\",\"name\":\"Diario del Sur Digital\",\"image\":{\"@type\":\"ImageObject\",\"inLanguage\":\"es\",\"@id\":\"https:\\\/\\\/secure.gravatar.com\\\/avatar\\\/f0c7c47fc7146d19828273b9b8eda651c9c7ab583767e6338d3d3bee825adf76?s=96&d=mm&r=g\",\"url\":\"https:\\\/\\\/secure.gravatar.com\\\/avatar\\\/f0c7c47fc7146d19828273b9b8eda651c9c7ab583767e6338d3d3bee825adf76?s=96&d=mm&r=g\",\"contentUrl\":\"https:\\\/\\\/secure.gravatar.com\\\/avatar\\\/f0c7c47fc7146d19828273b9b8eda651c9c7ab583767e6338d3d3bee825adf76?s=96&d=mm&r=g\",\"caption\":\"Diario del Sur Digital\"},\"url\":\"https:\\\/\\\/diariodelsurdigital.com.ar\\\/?author=4\"}]}<\/script>\n<!-- \/ Yoast SEO plugin. -->","yoast_head_json":{"title":"Comisi\u00f3n $LIBRA: citan a Karina Milei para dentro de dos semanas - Diario del Sur","robots":{"index":"index","follow":"follow","max-snippet":"max-snippet:-1","max-image-preview":"max-image-preview:large","max-video-preview":"max-video-preview:-1"},"canonical":"https:\/\/diariodelsurdigital.com.ar\/?p=4606","og_locale":"es_ES","og_type":"article","og_title":"Comisi\u00f3n $LIBRA: citan a Karina Milei para dentro de dos semanas - Diario del Sur","og_description":"La oposici\u00f3n resolvi\u00f3 convocar a la secretaria General de la Presidencia para el 23 y 30 de septiembre al Congreso. En caso que no lo haga, podr\u00edan ir autoridades de la comisi\u00f3n a tomarle testimonio. Tras el faltazo de dos funcionarios citados para este martes en la Comisi\u00f3n Investigadora $LIBRA de la C\u00e1mara de Diputados, [&hellip;]","og_url":"https:\/\/diariodelsurdigital.com.ar\/?p=4606","og_site_name":"Diario del Sur","article_published_time":"2025-09-10T13:47:13+00:00","article_modified_time":"2025-09-10T13:47:14+00:00","og_image":[{"width":992,"height":644,"url":"https:\/\/diariodelsurdigital.com.ar\/wp-content\/uploads\/2025\/09\/md-31.webp","type":"image\/webp"}],"author":"Diario del Sur Digital","twitter_card":"summary_large_image","twitter_misc":{"Escrito por":"Diario del Sur Digital","Tiempo de lectura":"3 minutos"},"schema":{"@context":"https:\/\/schema.org","@graph":[{"@type":"Article","@id":"https:\/\/diariodelsurdigital.com.ar\/?p=4606#article","isPartOf":{"@id":"https:\/\/diariodelsurdigital.com.ar\/?p=4606"},"author":{"name":"Diario del Sur Digital","@id":"https:\/\/diariodelsurdigital.com.ar\/#\/schema\/person\/1a4992532ed62965c968031b49195c81"},"headline":"Comisi\u00f3n $LIBRA: citan a Karina Milei para dentro de dos semanas","datePublished":"2025-09-10T13:47:13+00:00","dateModified":"2025-09-10T13:47:14+00:00","mainEntityOfPage":{"@id":"https:\/\/diariodelsurdigital.com.ar\/?p=4606"},"wordCount":574,"commentCount":0,"image":{"@id":"https:\/\/diariodelsurdigital.com.ar\/?p=4606#primaryimage"},"thumbnailUrl":"https:\/\/diariodelsurdigital.com.ar\/wp-content\/uploads\/2025\/09\/md-31.webp","articleSection":["Nacionales","Pol\u00edtica"],"inLanguage":"es","potentialAction":[{"@type":"CommentAction","name":"Comment","target":["https:\/\/diariodelsurdigital.com.ar\/?p=4606#respond"]}]},{"@type":"WebPage","@id":"https:\/\/diariodelsurdigital.com.ar\/?p=4606","url":"https:\/\/diariodelsurdigital.com.ar\/?p=4606","name":"Comisi\u00f3n $LIBRA: citan a Karina Milei para dentro de dos semanas - Diario del Sur","isPartOf":{"@id":"https:\/\/diariodelsurdigital.com.ar\/#website"},"primaryImageOfPage":{"@id":"https:\/\/diariodelsurdigital.com.ar\/?p=4606#primaryimage"},"image":{"@id":"https:\/\/diariodelsurdigital.com.ar\/?p=4606#primaryimage"},"thumbnailUrl":"https:\/\/diariodelsurdigital.com.ar\/wp-content\/uploads\/2025\/09\/md-31.webp","datePublished":"2025-09-10T13:47:13+00:00","dateModified":"2025-09-10T13:47:14+00:00","author":{"@id":"https:\/\/diariodelsurdigital.com.ar\/#\/schema\/person\/1a4992532ed62965c968031b49195c81"},"breadcrumb":{"@id":"https:\/\/diariodelsurdigital.com.ar\/?p=4606#breadcrumb"},"inLanguage":"es","potentialAction":[{"@type":"ReadAction","target":["https:\/\/diariodelsurdigital.com.ar\/?p=4606"]}]},{"@type":"ImageObject","inLanguage":"es","@id":"https:\/\/diariodelsurdigital.com.ar\/?p=4606#primaryimage","url":"https:\/\/diariodelsurdigital.com.ar\/wp-content\/uploads\/2025\/09\/md-31.webp","contentUrl":"https:\/\/diariodelsurdigital.com.ar\/wp-content\/uploads\/2025\/09\/md-31.webp","width":992,"height":644},{"@type":"BreadcrumbList","@id":"https:\/\/diariodelsurdigital.com.ar\/?p=4606#breadcrumb","itemListElement":[{"@type":"ListItem","position":1,"name":"Portada","item":"https:\/\/diariodelsurdigital.com.ar\/"},{"@type":"ListItem","position":2,"name":"Comisi\u00f3n $LIBRA: citan a Karina Milei para dentro de dos semanas"}]},{"@type":"WebSite","@id":"https:\/\/diariodelsurdigital.com.ar\/#website","url":"https:\/\/diariodelsurdigital.com.ar\/","name":"Diario del Sur","description":"Digital","potentialAction":[{"@type":"SearchAction","target":{"@type":"EntryPoint","urlTemplate":"https:\/\/diariodelsurdigital.com.ar\/?s={search_term_string}"},"query-input":{"@type":"PropertyValueSpecification","valueRequired":true,"valueName":"search_term_string"}}],"inLanguage":"es"},{"@type":"Person","@id":"https:\/\/diariodelsurdigital.com.ar\/#\/schema\/person\/1a4992532ed62965c968031b49195c81","name":"Diario del Sur Digital","image":{"@type":"ImageObject","inLanguage":"es","@id":"https:\/\/secure.gravatar.com\/avatar\/f0c7c47fc7146d19828273b9b8eda651c9c7ab583767e6338d3d3bee825adf76?s=96&d=mm&r=g","url":"https:\/\/secure.gravatar.com\/avatar\/f0c7c47fc7146d19828273b9b8eda651c9c7ab583767e6338d3d3bee825adf76?s=96&d=mm&r=g","contentUrl":"https:\/\/secure.gravatar.com\/avatar\/f0c7c47fc7146d19828273b9b8eda651c9c7ab583767e6338d3d3bee825adf76?s=96&d=mm&r=g","caption":"Diario del Sur Digital"},"url":"https:\/\/diariodelsurdigital.com.ar\/?author=4"}]}},"_links":{"self":[{"href":"https:\/\/diariodelsurdigital.com.ar\/index.php?rest_route=\/wp\/v2\/posts\/4606","targetHints":{"allow":["GET"]}}],"collection":[{"href":"https:\/\/diariodelsurdigital.com.ar\/index.php?rest_route=\/wp\/v2\/posts"}],"about":[{"href":"https:\/\/diariodelsurdigital.com.ar\/index.php?rest_route=\/wp\/v2\/types\/post"}],"author":[{"embeddable":true,"href":"https:\/\/diariodelsurdigital.com.ar\/index.php?rest_route=\/wp\/v2\/users\/4"}],"replies":[{"embeddable":true,"href":"https:\/\/diariodelsurdigital.com.ar\/index.php?rest_route=%2Fwp%2Fv2%2Fcomments&post=4606"}],"version-history":[{"count":1,"href":"https:\/\/diariodelsurdigital.com.ar\/index.php?rest_route=\/wp\/v2\/posts\/4606\/revisions"}],"predecessor-version":[{"id":4608,"href":"https:\/\/diariodelsurdigital.com.ar\/index.php?rest_route=\/wp\/v2\/posts\/4606\/revisions\/4608"}],"wp:featuredmedia":[{"embeddable":true,"href":"https:\/\/diariodelsurdigital.com.ar\/index.php?rest_route=\/wp\/v2\/media\/4607"}],"wp:attachment":[{"href":"https:\/\/diariodelsurdigital.com.ar\/index.php?rest_route=%2Fwp%2Fv2%2Fmedia&parent=4606"}],"wp:term":[{"taxonomy":"category","embeddable":true,"href":"https:\/\/diariodelsurdigital.com.ar\/index.php?rest_route=%2Fwp%2Fv2%2Fcategories&post=4606"},{"taxonomy":"post_tag","embeddable":true,"href":"https:\/\/diariodelsurdigital.com.ar\/index.php?rest_route=%2Fwp%2Fv2%2Ftags&post=4606"}],"curies":[{"name":"wp","href":"https:\/\/api.w.org\/{rel}","templated":true}]}}