{"id":4609,"date":"2025-09-10T10:49:30","date_gmt":"2025-09-10T13:49:30","guid":{"rendered":"https:\/\/diariodelsurdigital.com.ar\/?p=4609"},"modified":"2025-09-10T10:49:31","modified_gmt":"2025-09-10T13:49:31","slug":"gaillard-participo-de-la-ronda-400-contra-los-agrotoxicos-son-un-ejemplo-de-resistencia","status":"publish","type":"post","link":"https:\/\/diariodelsurdigital.com.ar\/?p=4609","title":{"rendered":"Gaillard particip\u00f3 de la Ronda 400 contra los agrot\u00f3xicos: \u201cSon un ejemplo de resistencia\u201d"},"content":{"rendered":"\n<p>La diputada nacional Carolina Gaillard particip\u00f3 este martes en Paran\u00e1 de la Ronda 400 contra los agrot\u00f3xicos. \u201cTener a un negacionista del cambio clim\u00e1tico en la Casa Rosada profundiza los desaf\u00edos ambientales y el rol de las organizaciones es clave. Son las voces que queremos llevar al Congreso\u201d, sostuvo la candidata a senadora nacional de la Lista 503.<\/p>\n\n\n\n<p>\u201cEs esencial pensar el medio ambiente y construir pol\u00edticas p\u00fablicas y normas teniendo en cuenta la voz de las organizaciones. Este colectivo ejemplar que hace m\u00e1s de siete a\u00f1os sostiene las rondas es un ejemplo de resistencia\u201d, remarc\u00f3 Gaillard, que fue coautora del proyecto por el cual se incluyeron los delitos ambientales en el C\u00f3digo Penal, basado en una iniciativa de Pino Solanas.<\/p>\n\n\n\n<p>\u201cLa apertura hacia actividades contaminantes, la desregulaci\u00f3n y el desfinanciamiento son cuestiones preocupantes de estos tiempos que nos marcan a la defensa del ambiente como un tema urgente, esencial y no negociable\u00bb, advirti\u00f3 Gaillard al acompa\u00f1ar la actividad que impulsa desde 2018 en la Plaza Mansilla la Coordinadora por una Vida Sin Agrot\u00f3xicos en Entre R\u00edos \u201cBasta es Basta\u201d.<\/p>\n\n\n\n<p>\u201cUn territorio libre de agrot\u00f3xicos implica la transici\u00f3n a un modelo productivo que no nos enferme y conlleva cambios esenciales en nuestra legislaci\u00f3n. Es un tema que desde siempre estuvo en nuestra agenda y vamos a profundizar\u201d, concluy\u00f3 la legisladora, quien concurri\u00f3 junto a Evelina Kloster, candidata a diputada nacional de la Lista 503 y referente de Patria Grande.<\/p>\n","protected":false},"excerpt":{"rendered":"<p>La diputada nacional Carolina Gaillard particip\u00f3 este martes en Paran\u00e1 de la Ronda 400 contra los agrot\u00f3xicos. \u201cTener a un negacionista del cambio clim\u00e1tico en la Casa Rosada profundiza los desaf\u00edos ambientales y el rol de las organizaciones es clave. Son las voces que queremos llevar al Congreso\u201d, sostuvo la candidata a senadora nacional de [&hellip;]<\/p>\n","protected":false},"author":4,"featured_media":4610,"comment_status":"open","ping_status":"open","sticky":false,"template":"","format":"standard","meta":{"footnotes":""},"categories":[19],"tags":[],"class_list":{"0":"post-4609","1":"post","2":"type-post","3":"status-publish","4":"format-standard","5":"has-post-thumbnail","7":"category-interes-general"},"yoast_head":"<!-- This site is optimized with the Yoast SEO plugin v27.4 - https:\/\/yoast.com\/product\/yoast-seo-wordpress\/ -->\n<title>Gaillard particip\u00f3 de la Ronda 400 contra los agrot\u00f3xicos: \u201cSon un ejemplo de resistencia\u201d - Diario del Sur<\/title>\n<meta name=\"robots\" content=\"index, follow, max-snippet:-1, max-image-preview:large, max-video-preview:-1\" \/>\n<link rel=\"canonical\" href=\"https:\/\/diariodelsurdigital.com.ar\/?p=4609\" \/>\n<meta property=\"og:locale\" content=\"es_ES\" \/>\n<meta property=\"og:type\" content=\"article\" \/>\n<meta property=\"og:title\" content=\"Gaillard particip\u00f3 de la Ronda 400 contra los agrot\u00f3xicos: \u201cSon un ejemplo de resistencia\u201d - Diario del Sur\" \/>\n<meta property=\"og:description\" content=\"La diputada nacional Carolina Gaillard particip\u00f3 este martes en Paran\u00e1 de la Ronda 400 contra los agrot\u00f3xicos. \u201cTener a un negacionista del cambio clim\u00e1tico en la Casa Rosada profundiza los desaf\u00edos ambientales y el rol de las organizaciones es clave. Son las voces que queremos llevar al Congreso\u201d, sostuvo la candidata a senadora nacional de [&hellip;]\" \/>\n<meta property=\"og:url\" content=\"https:\/\/diariodelsurdigital.com.ar\/?p=4609\" \/>\n<meta property=\"og:site_name\" content=\"Diario del Sur\" \/>\n<meta property=\"article:published_time\" content=\"2025-09-10T13:49:30+00:00\" \/>\n<meta property=\"article:modified_time\" content=\"2025-09-10T13:49:31+00:00\" \/>\n<meta property=\"og:image\" content=\"https:\/\/diariodelsurdigital.com.ar\/wp-content\/uploads\/2025\/09\/md-32.webp\" \/>\n\t<meta property=\"og:image:width\" content=\"992\" \/>\n\t<meta property=\"og:image:height\" content=\"741\" \/>\n\t<meta property=\"og:image:type\" content=\"image\/webp\" \/>\n<meta name=\"author\" content=\"Diario del Sur Digital\" \/>\n<meta name=\"twitter:card\" content=\"summary_large_image\" \/>\n<meta name=\"twitter:label1\" content=\"Escrito por\" \/>\n\t<meta name=\"twitter:data1\" content=\"Diario del Sur Digital\" \/>\n\t<meta name=\"twitter:label2\" content=\"Tiempo de lectura\" \/>\n\t<meta name=\"twitter:data2\" content=\"2 minutos\" \/>\n<script type=\"application\/ld+json\" class=\"yoast-schema-graph\">{\"@context\":\"https:\\\/\\\/schema.org\",\"@graph\":[{\"@type\":\"Article\",\"@id\":\"https:\\\/\\\/diariodelsurdigital.com.ar\\\/?p=4609#article\",\"isPartOf\":{\"@id\":\"https:\\\/\\\/diariodelsurdigital.com.ar\\\/?p=4609\"},\"author\":{\"name\":\"Diario del Sur Digital\",\"@id\":\"https:\\\/\\\/diariodelsurdigital.com.ar\\\/#\\\/schema\\\/person\\\/1a4992532ed62965c968031b49195c81\"},\"headline\":\"Gaillard particip\u00f3 de la Ronda 400 contra los agrot\u00f3xicos: \u201cSon un ejemplo de resistencia\u201d\",\"datePublished\":\"2025-09-10T13:49:30+00:00\",\"dateModified\":\"2025-09-10T13:49:31+00:00\",\"mainEntityOfPage\":{\"@id\":\"https:\\\/\\\/diariodelsurdigital.com.ar\\\/?p=4609\"},\"wordCount\":264,\"commentCount\":0,\"image\":{\"@id\":\"https:\\\/\\\/diariodelsurdigital.com.ar\\\/?p=4609#primaryimage\"},\"thumbnailUrl\":\"https:\\\/\\\/diariodelsurdigital.com.ar\\\/wp-content\\\/uploads\\\/2025\\\/09\\\/md-32.webp\",\"articleSection\":[\"Inter\u00e9s General\"],\"inLanguage\":\"es\",\"potentialAction\":[{\"@type\":\"CommentAction\",\"name\":\"Comment\",\"target\":[\"https:\\\/\\\/diariodelsurdigital.com.ar\\\/?p=4609#respond\"]}]},{\"@type\":\"WebPage\",\"@id\":\"https:\\\/\\\/diariodelsurdigital.com.ar\\\/?p=4609\",\"url\":\"https:\\\/\\\/diariodelsurdigital.com.ar\\\/?p=4609\",\"name\":\"Gaillard particip\u00f3 de la Ronda 400 contra los agrot\u00f3xicos: \u201cSon un ejemplo de resistencia\u201d - Diario del Sur\",\"isPartOf\":{\"@id\":\"https:\\\/\\\/diariodelsurdigital.com.ar\\\/#website\"},\"primaryImageOfPage\":{\"@id\":\"https:\\\/\\\/diariodelsurdigital.com.ar\\\/?p=4609#primaryimage\"},\"image\":{\"@id\":\"https:\\\/\\\/diariodelsurdigital.com.ar\\\/?p=4609#primaryimage\"},\"thumbnailUrl\":\"https:\\\/\\\/diariodelsurdigital.com.ar\\\/wp-content\\\/uploads\\\/2025\\\/09\\\/md-32.webp\",\"datePublished\":\"2025-09-10T13:49:30+00:00\",\"dateModified\":\"2025-09-10T13:49:31+00:00\",\"author\":{\"@id\":\"https:\\\/\\\/diariodelsurdigital.com.ar\\\/#\\\/schema\\\/person\\\/1a4992532ed62965c968031b49195c81\"},\"breadcrumb\":{\"@id\":\"https:\\\/\\\/diariodelsurdigital.com.ar\\\/?p=4609#breadcrumb\"},\"inLanguage\":\"es\",\"potentialAction\":[{\"@type\":\"ReadAction\",\"target\":[\"https:\\\/\\\/diariodelsurdigital.com.ar\\\/?p=4609\"]}]},{\"@type\":\"ImageObject\",\"inLanguage\":\"es\",\"@id\":\"https:\\\/\\\/diariodelsurdigital.com.ar\\\/?p=4609#primaryimage\",\"url\":\"https:\\\/\\\/diariodelsurdigital.com.ar\\\/wp-content\\\/uploads\\\/2025\\\/09\\\/md-32.webp\",\"contentUrl\":\"https:\\\/\\\/diariodelsurdigital.com.ar\\\/wp-content\\\/uploads\\\/2025\\\/09\\\/md-32.webp\",\"width\":992,\"height\":741},{\"@type\":\"BreadcrumbList\",\"@id\":\"https:\\\/\\\/diariodelsurdigital.com.ar\\\/?p=4609#breadcrumb\",\"itemListElement\":[{\"@type\":\"ListItem\",\"position\":1,\"name\":\"Portada\",\"item\":\"https:\\\/\\\/diariodelsurdigital.com.ar\\\/\"},{\"@type\":\"ListItem\",\"position\":2,\"name\":\"Gaillard particip\u00f3 de la Ronda 400 contra los agrot\u00f3xicos: \u201cSon un ejemplo de resistencia\u201d\"}]},{\"@type\":\"WebSite\",\"@id\":\"https:\\\/\\\/diariodelsurdigital.com.ar\\\/#website\",\"url\":\"https:\\\/\\\/diariodelsurdigital.com.ar\\\/\",\"name\":\"Diario del Sur\",\"description\":\"Digital\",\"potentialAction\":[{\"@type\":\"SearchAction\",\"target\":{\"@type\":\"EntryPoint\",\"urlTemplate\":\"https:\\\/\\\/diariodelsurdigital.com.ar\\\/?s={search_term_string}\"},\"query-input\":{\"@type\":\"PropertyValueSpecification\",\"valueRequired\":true,\"valueName\":\"search_term_string\"}}],\"inLanguage\":\"es\"},{\"@type\":\"Person\",\"@id\":\"https:\\\/\\\/diariodelsurdigital.com.ar\\\/#\\\/schema\\\/person\\\/1a4992532ed62965c968031b49195c81\",\"name\":\"Diario del Sur Digital\",\"image\":{\"@type\":\"ImageObject\",\"inLanguage\":\"es\",\"@id\":\"https:\\\/\\\/secure.gravatar.com\\\/avatar\\\/f0c7c47fc7146d19828273b9b8eda651c9c7ab583767e6338d3d3bee825adf76?s=96&d=mm&r=g\",\"url\":\"https:\\\/\\\/secure.gravatar.com\\\/avatar\\\/f0c7c47fc7146d19828273b9b8eda651c9c7ab583767e6338d3d3bee825adf76?s=96&d=mm&r=g\",\"contentUrl\":\"https:\\\/\\\/secure.gravatar.com\\\/avatar\\\/f0c7c47fc7146d19828273b9b8eda651c9c7ab583767e6338d3d3bee825adf76?s=96&d=mm&r=g\",\"caption\":\"Diario del Sur Digital\"},\"url\":\"https:\\\/\\\/diariodelsurdigital.com.ar\\\/?author=4\"}]}<\/script>\n<!-- \/ Yoast SEO plugin. -->","yoast_head_json":{"title":"Gaillard particip\u00f3 de la Ronda 400 contra los agrot\u00f3xicos: \u201cSon un ejemplo de resistencia\u201d - Diario del Sur","robots":{"index":"index","follow":"follow","max-snippet":"max-snippet:-1","max-image-preview":"max-image-preview:large","max-video-preview":"max-video-preview:-1"},"canonical":"https:\/\/diariodelsurdigital.com.ar\/?p=4609","og_locale":"es_ES","og_type":"article","og_title":"Gaillard particip\u00f3 de la Ronda 400 contra los agrot\u00f3xicos: \u201cSon un ejemplo de resistencia\u201d - Diario del Sur","og_description":"La diputada nacional Carolina Gaillard particip\u00f3 este martes en Paran\u00e1 de la Ronda 400 contra los agrot\u00f3xicos. \u201cTener a un negacionista del cambio clim\u00e1tico en la Casa Rosada profundiza los desaf\u00edos ambientales y el rol de las organizaciones es clave. Son las voces que queremos llevar al Congreso\u201d, sostuvo la candidata a senadora nacional de [&hellip;]","og_url":"https:\/\/diariodelsurdigital.com.ar\/?p=4609","og_site_name":"Diario del Sur","article_published_time":"2025-09-10T13:49:30+00:00","article_modified_time":"2025-09-10T13:49:31+00:00","og_image":[{"width":992,"height":741,"url":"https:\/\/diariodelsurdigital.com.ar\/wp-content\/uploads\/2025\/09\/md-32.webp","type":"image\/webp"}],"author":"Diario del Sur Digital","twitter_card":"summary_large_image","twitter_misc":{"Escrito por":"Diario del Sur Digital","Tiempo de lectura":"2 minutos"},"schema":{"@context":"https:\/\/schema.org","@graph":[{"@type":"Article","@id":"https:\/\/diariodelsurdigital.com.ar\/?p=4609#article","isPartOf":{"@id":"https:\/\/diariodelsurdigital.com.ar\/?p=4609"},"author":{"name":"Diario del Sur Digital","@id":"https:\/\/diariodelsurdigital.com.ar\/#\/schema\/person\/1a4992532ed62965c968031b49195c81"},"headline":"Gaillard particip\u00f3 de la Ronda 400 contra los agrot\u00f3xicos: \u201cSon un ejemplo de resistencia\u201d","datePublished":"2025-09-10T13:49:30+00:00","dateModified":"2025-09-10T13:49:31+00:00","mainEntityOfPage":{"@id":"https:\/\/diariodelsurdigital.com.ar\/?p=4609"},"wordCount":264,"commentCount":0,"image":{"@id":"https:\/\/diariodelsurdigital.com.ar\/?p=4609#primaryimage"},"thumbnailUrl":"https:\/\/diariodelsurdigital.com.ar\/wp-content\/uploads\/2025\/09\/md-32.webp","articleSection":["Inter\u00e9s General"],"inLanguage":"es","potentialAction":[{"@type":"CommentAction","name":"Comment","target":["https:\/\/diariodelsurdigital.com.ar\/?p=4609#respond"]}]},{"@type":"WebPage","@id":"https:\/\/diariodelsurdigital.com.ar\/?p=4609","url":"https:\/\/diariodelsurdigital.com.ar\/?p=4609","name":"Gaillard particip\u00f3 de la Ronda 400 contra los agrot\u00f3xicos: \u201cSon un ejemplo de resistencia\u201d - Diario del Sur","isPartOf":{"@id":"https:\/\/diariodelsurdigital.com.ar\/#website"},"primaryImageOfPage":{"@id":"https:\/\/diariodelsurdigital.com.ar\/?p=4609#primaryimage"},"image":{"@id":"https:\/\/diariodelsurdigital.com.ar\/?p=4609#primaryimage"},"thumbnailUrl":"https:\/\/diariodelsurdigital.com.ar\/wp-content\/uploads\/2025\/09\/md-32.webp","datePublished":"2025-09-10T13:49:30+00:00","dateModified":"2025-09-10T13:49:31+00:00","author":{"@id":"https:\/\/diariodelsurdigital.com.ar\/#\/schema\/person\/1a4992532ed62965c968031b49195c81"},"breadcrumb":{"@id":"https:\/\/diariodelsurdigital.com.ar\/?p=4609#breadcrumb"},"inLanguage":"es","potentialAction":[{"@type":"ReadAction","target":["https:\/\/diariodelsurdigital.com.ar\/?p=4609"]}]},{"@type":"ImageObject","inLanguage":"es","@id":"https:\/\/diariodelsurdigital.com.ar\/?p=4609#primaryimage","url":"https:\/\/diariodelsurdigital.com.ar\/wp-content\/uploads\/2025\/09\/md-32.webp","contentUrl":"https:\/\/diariodelsurdigital.com.ar\/wp-content\/uploads\/2025\/09\/md-32.webp","width":992,"height":741},{"@type":"BreadcrumbList","@id":"https:\/\/diariodelsurdigital.com.ar\/?p=4609#breadcrumb","itemListElement":[{"@type":"ListItem","position":1,"name":"Portada","item":"https:\/\/diariodelsurdigital.com.ar\/"},{"@type":"ListItem","position":2,"name":"Gaillard particip\u00f3 de la Ronda 400 contra los agrot\u00f3xicos: \u201cSon un ejemplo de resistencia\u201d"}]},{"@type":"WebSite","@id":"https:\/\/diariodelsurdigital.com.ar\/#website","url":"https:\/\/diariodelsurdigital.com.ar\/","name":"Diario del Sur","description":"Digital","potentialAction":[{"@type":"SearchAction","target":{"@type":"EntryPoint","urlTemplate":"https:\/\/diariodelsurdigital.com.ar\/?s={search_term_string}"},"query-input":{"@type":"PropertyValueSpecification","valueRequired":true,"valueName":"search_term_string"}}],"inLanguage":"es"},{"@type":"Person","@id":"https:\/\/diariodelsurdigital.com.ar\/#\/schema\/person\/1a4992532ed62965c968031b49195c81","name":"Diario del Sur Digital","image":{"@type":"ImageObject","inLanguage":"es","@id":"https:\/\/secure.gravatar.com\/avatar\/f0c7c47fc7146d19828273b9b8eda651c9c7ab583767e6338d3d3bee825adf76?s=96&d=mm&r=g","url":"https:\/\/secure.gravatar.com\/avatar\/f0c7c47fc7146d19828273b9b8eda651c9c7ab583767e6338d3d3bee825adf76?s=96&d=mm&r=g","contentUrl":"https:\/\/secure.gravatar.com\/avatar\/f0c7c47fc7146d19828273b9b8eda651c9c7ab583767e6338d3d3bee825adf76?s=96&d=mm&r=g","caption":"Diario del Sur Digital"},"url":"https:\/\/diariodelsurdigital.com.ar\/?author=4"}]}},"_links":{"self":[{"href":"https:\/\/diariodelsurdigital.com.ar\/index.php?rest_route=\/wp\/v2\/posts\/4609","targetHints":{"allow":["GET"]}}],"collection":[{"href":"https:\/\/diariodelsurdigital.com.ar\/index.php?rest_route=\/wp\/v2\/posts"}],"about":[{"href":"https:\/\/diariodelsurdigital.com.ar\/index.php?rest_route=\/wp\/v2\/types\/post"}],"author":[{"embeddable":true,"href":"https:\/\/diariodelsurdigital.com.ar\/index.php?rest_route=\/wp\/v2\/users\/4"}],"replies":[{"embeddable":true,"href":"https:\/\/diariodelsurdigital.com.ar\/index.php?rest_route=%2Fwp%2Fv2%2Fcomments&post=4609"}],"version-history":[{"count":1,"href":"https:\/\/diariodelsurdigital.com.ar\/index.php?rest_route=\/wp\/v2\/posts\/4609\/revisions"}],"predecessor-version":[{"id":4611,"href":"https:\/\/diariodelsurdigital.com.ar\/index.php?rest_route=\/wp\/v2\/posts\/4609\/revisions\/4611"}],"wp:featuredmedia":[{"embeddable":true,"href":"https:\/\/diariodelsurdigital.com.ar\/index.php?rest_route=\/wp\/v2\/media\/4610"}],"wp:attachment":[{"href":"https:\/\/diariodelsurdigital.com.ar\/index.php?rest_route=%2Fwp%2Fv2%2Fmedia&parent=4609"}],"wp:term":[{"taxonomy":"category","embeddable":true,"href":"https:\/\/diariodelsurdigital.com.ar\/index.php?rest_route=%2Fwp%2Fv2%2Fcategories&post=4609"},{"taxonomy":"post_tag","embeddable":true,"href":"https:\/\/diariodelsurdigital.com.ar\/index.php?rest_route=%2Fwp%2Fv2%2Ftags&post=4609"}],"curies":[{"name":"wp","href":"https:\/\/api.w.org\/{rel}","templated":true}]}}