{"id":4627,"date":"2025-09-11T10:42:46","date_gmt":"2025-09-11T13:42:46","guid":{"rendered":"https:\/\/diariodelsurdigital.com.ar\/?p=4627"},"modified":"2025-09-11T10:42:47","modified_gmt":"2025-09-11T13:42:47","slug":"pagliotto-cuestiono-la-alianza-de-frigerio-con-milei-y-vaticino-un-mal-panorama-electoral-en-entre-rios","status":"publish","type":"post","link":"https:\/\/diariodelsurdigital.com.ar\/?p=4627","title":{"rendered":"Pagliotto cuestion\u00f3 la alianza de Frigerio con Milei y vaticin\u00f3 un mal panorama electoral en Entre R\u00edos"},"content":{"rendered":"\n<p>El dirigente de UCR Activa, el abogado Rub\u00e9n Pagliotto, analiz\u00f3 la derrota del gobierno nacional en Buenos Aires, a manos del peronismo. Tambi\u00e9n reflexion\u00f3 sobre su posible impacto en Entre R\u00edos.<\/p>\n\n\n\n<p><\/p>\n\n\n\n<p>\u201cEste es un pa\u00eds que cada d\u00eda est\u00e1 m\u00e1s lejos de ser un pa\u00eds federal y, desde que Milei asumi\u00f3 la presidencia, hace todos los esfuerzos para que sea un pa\u00eds cada vez m\u00e1s unitario. Lo que pas\u00f3 en la elecci\u00f3n con Milei golpe\u00f3 muy fuerte en Entre R\u00edos\u00bb, dijo y cuestion\u00f3 que el gobernador Rogelio Frigerio se haya aliado con el presidente Javier Milei a trav\u00e9s del frente La Libertad Avanza en Entre R\u00edos.<\/p>\n\n\n\n<p>Sobre el armado pol\u00edtico local, fue categ\u00f3rico: \u201cNosotros dijimos que no les iba a ir bien y sostenemos que tampoco le va a ir bien en Entre R\u00edos porque esta alianza La Libertad Avanza es un amontonamiento de personas. Entregaron la Uni\u00f3n C\u00edvica Radical. Creo que la elecci\u00f3n va a ser muy mala y, a\u00fan si, si ganan, no les va a dar para que Dar\u00edo Schneider pueda entrar\u00bb.<\/p>\n\n\n\n<p>Durante el programa Cosas que Pasan (Radio Plaza) remarc\u00f3 que quien puede convertise en senador nacional es \u00abun conservador fascista absolutamente antirrepublicano como Joaqu\u00edn Benegas Lynch\u00bb.<\/p>\n\n\n\n<p>En ese sentido, critic\u00f3 duramente al sector radical de Atilio Benedetti, a quien responsabiliz\u00f3 por \u201clegitimar que la Uni\u00f3n C\u00edvica Radical quede afuera\u201d. \u201cNo tenemos color, perdimos el color, perdimos el n\u00famero, perdimos los s\u00edmbolos partidarios y perdimos el nombre\u201d, lanz\u00f3.<\/p>\n\n\n\n<p>Pagliotto tambi\u00e9n apunt\u00f3 contra el gobernador: \u201cNo nos sorprendamos si ahora est\u00e1 felicit\u00e1ndolo Axel Kicillof, como lo felicit\u00f3 a Vald\u00e9s en Corrientes. Es como la Alpargata, les da lo mismo a la derecha o a la izquierda. El objetivo de ellos es ser gobierno y asegurarse un lugar de poder\u201d.<\/p>\n\n\n\n<p>Consultado sobre la gesti\u00f3n provincial, respondi\u00f3: \u201cNo se les pueden quemar los papeles a alguien que nunca los tuvo. Ac\u00e1 no hubo nunca papeles. No ha habido pol\u00edtica. Este es un gobierno que agradezcan si pasan a la historia como un gobierno que pag\u00f3 los sueldos en tiempo. Creo que no le da para m\u00e1s que eso\u201d, public\u00f3 An\u00e1lisis.<\/p>\n","protected":false},"excerpt":{"rendered":"<p>El dirigente de UCR Activa, el abogado Rub\u00e9n Pagliotto, analiz\u00f3 la derrota del gobierno nacional en Buenos Aires, a manos del peronismo. Tambi\u00e9n reflexion\u00f3 sobre su posible impacto en Entre R\u00edos. \u201cEste es un pa\u00eds que cada d\u00eda est\u00e1 m\u00e1s lejos de ser un pa\u00eds federal y, desde que Milei asumi\u00f3 la presidencia, hace todos [&hellip;]<\/p>\n","protected":false},"author":4,"featured_media":4628,"comment_status":"open","ping_status":"open","sticky":false,"template":"","format":"standard","meta":{"footnotes":""},"categories":[22,17],"tags":[],"class_list":{"0":"post-4627","1":"post","2":"type-post","3":"status-publish","4":"format-standard","5":"has-post-thumbnail","7":"category-politica","8":"category-provinciales"},"yoast_head":"<!-- This site is optimized with the Yoast SEO plugin v27.4 - https:\/\/yoast.com\/product\/yoast-seo-wordpress\/ -->\n<title>Pagliotto cuestion\u00f3 la alianza de Frigerio con Milei y vaticin\u00f3 un mal panorama electoral en Entre R\u00edos - Diario del Sur<\/title>\n<meta name=\"robots\" content=\"index, follow, max-snippet:-1, max-image-preview:large, max-video-preview:-1\" \/>\n<link rel=\"canonical\" href=\"https:\/\/diariodelsurdigital.com.ar\/?p=4627\" \/>\n<meta property=\"og:locale\" content=\"es_ES\" \/>\n<meta property=\"og:type\" content=\"article\" \/>\n<meta property=\"og:title\" content=\"Pagliotto cuestion\u00f3 la alianza de Frigerio con Milei y vaticin\u00f3 un mal panorama electoral en Entre R\u00edos - Diario del Sur\" \/>\n<meta property=\"og:description\" content=\"El dirigente de UCR Activa, el abogado Rub\u00e9n Pagliotto, analiz\u00f3 la derrota del gobierno nacional en Buenos Aires, a manos del peronismo. Tambi\u00e9n reflexion\u00f3 sobre su posible impacto en Entre R\u00edos. \u201cEste es un pa\u00eds que cada d\u00eda est\u00e1 m\u00e1s lejos de ser un pa\u00eds federal y, desde que Milei asumi\u00f3 la presidencia, hace todos [&hellip;]\" \/>\n<meta property=\"og:url\" content=\"https:\/\/diariodelsurdigital.com.ar\/?p=4627\" \/>\n<meta property=\"og:site_name\" content=\"Diario del Sur\" \/>\n<meta property=\"article:published_time\" content=\"2025-09-11T13:42:46+00:00\" \/>\n<meta property=\"article:modified_time\" content=\"2025-09-11T13:42:47+00:00\" \/>\n<meta property=\"og:image\" content=\"https:\/\/diariodelsurdigital.com.ar\/wp-content\/uploads\/2025\/09\/md-35.webp\" \/>\n\t<meta property=\"og:image:width\" content=\"992\" \/>\n\t<meta property=\"og:image:height\" content=\"661\" \/>\n\t<meta property=\"og:image:type\" content=\"image\/webp\" \/>\n<meta name=\"author\" content=\"Diario del Sur Digital\" \/>\n<meta name=\"twitter:card\" content=\"summary_large_image\" \/>\n<meta name=\"twitter:label1\" content=\"Escrito por\" \/>\n\t<meta name=\"twitter:data1\" content=\"Diario del Sur Digital\" \/>\n\t<meta name=\"twitter:label2\" content=\"Tiempo de lectura\" \/>\n\t<meta name=\"twitter:data2\" content=\"2 minutos\" \/>\n<script type=\"application\/ld+json\" class=\"yoast-schema-graph\">{\"@context\":\"https:\\\/\\\/schema.org\",\"@graph\":[{\"@type\":\"Article\",\"@id\":\"https:\\\/\\\/diariodelsurdigital.com.ar\\\/?p=4627#article\",\"isPartOf\":{\"@id\":\"https:\\\/\\\/diariodelsurdigital.com.ar\\\/?p=4627\"},\"author\":{\"name\":\"Diario del Sur Digital\",\"@id\":\"https:\\\/\\\/diariodelsurdigital.com.ar\\\/#\\\/schema\\\/person\\\/1a4992532ed62965c968031b49195c81\"},\"headline\":\"Pagliotto cuestion\u00f3 la alianza de Frigerio con Milei y vaticin\u00f3 un mal panorama electoral en Entre R\u00edos\",\"datePublished\":\"2025-09-11T13:42:46+00:00\",\"dateModified\":\"2025-09-11T13:42:47+00:00\",\"mainEntityOfPage\":{\"@id\":\"https:\\\/\\\/diariodelsurdigital.com.ar\\\/?p=4627\"},\"wordCount\":402,\"commentCount\":0,\"image\":{\"@id\":\"https:\\\/\\\/diariodelsurdigital.com.ar\\\/?p=4627#primaryimage\"},\"thumbnailUrl\":\"https:\\\/\\\/diariodelsurdigital.com.ar\\\/wp-content\\\/uploads\\\/2025\\\/09\\\/md-35.webp\",\"articleSection\":[\"Pol\u00edtica\",\"Provinciales\"],\"inLanguage\":\"es\",\"potentialAction\":[{\"@type\":\"CommentAction\",\"name\":\"Comment\",\"target\":[\"https:\\\/\\\/diariodelsurdigital.com.ar\\\/?p=4627#respond\"]}]},{\"@type\":\"WebPage\",\"@id\":\"https:\\\/\\\/diariodelsurdigital.com.ar\\\/?p=4627\",\"url\":\"https:\\\/\\\/diariodelsurdigital.com.ar\\\/?p=4627\",\"name\":\"Pagliotto cuestion\u00f3 la alianza de Frigerio con Milei y vaticin\u00f3 un mal panorama electoral en Entre R\u00edos - Diario del Sur\",\"isPartOf\":{\"@id\":\"https:\\\/\\\/diariodelsurdigital.com.ar\\\/#website\"},\"primaryImageOfPage\":{\"@id\":\"https:\\\/\\\/diariodelsurdigital.com.ar\\\/?p=4627#primaryimage\"},\"image\":{\"@id\":\"https:\\\/\\\/diariodelsurdigital.com.ar\\\/?p=4627#primaryimage\"},\"thumbnailUrl\":\"https:\\\/\\\/diariodelsurdigital.com.ar\\\/wp-content\\\/uploads\\\/2025\\\/09\\\/md-35.webp\",\"datePublished\":\"2025-09-11T13:42:46+00:00\",\"dateModified\":\"2025-09-11T13:42:47+00:00\",\"author\":{\"@id\":\"https:\\\/\\\/diariodelsurdigital.com.ar\\\/#\\\/schema\\\/person\\\/1a4992532ed62965c968031b49195c81\"},\"breadcrumb\":{\"@id\":\"https:\\\/\\\/diariodelsurdigital.com.ar\\\/?p=4627#breadcrumb\"},\"inLanguage\":\"es\",\"potentialAction\":[{\"@type\":\"ReadAction\",\"target\":[\"https:\\\/\\\/diariodelsurdigital.com.ar\\\/?p=4627\"]}]},{\"@type\":\"ImageObject\",\"inLanguage\":\"es\",\"@id\":\"https:\\\/\\\/diariodelsurdigital.com.ar\\\/?p=4627#primaryimage\",\"url\":\"https:\\\/\\\/diariodelsurdigital.com.ar\\\/wp-content\\\/uploads\\\/2025\\\/09\\\/md-35.webp\",\"contentUrl\":\"https:\\\/\\\/diariodelsurdigital.com.ar\\\/wp-content\\\/uploads\\\/2025\\\/09\\\/md-35.webp\",\"width\":992,\"height\":661},{\"@type\":\"BreadcrumbList\",\"@id\":\"https:\\\/\\\/diariodelsurdigital.com.ar\\\/?p=4627#breadcrumb\",\"itemListElement\":[{\"@type\":\"ListItem\",\"position\":1,\"name\":\"Portada\",\"item\":\"https:\\\/\\\/diariodelsurdigital.com.ar\\\/\"},{\"@type\":\"ListItem\",\"position\":2,\"name\":\"Pagliotto cuestion\u00f3 la alianza de Frigerio con Milei y vaticin\u00f3 un mal panorama electoral en Entre R\u00edos\"}]},{\"@type\":\"WebSite\",\"@id\":\"https:\\\/\\\/diariodelsurdigital.com.ar\\\/#website\",\"url\":\"https:\\\/\\\/diariodelsurdigital.com.ar\\\/\",\"name\":\"Diario del Sur\",\"description\":\"Digital\",\"potentialAction\":[{\"@type\":\"SearchAction\",\"target\":{\"@type\":\"EntryPoint\",\"urlTemplate\":\"https:\\\/\\\/diariodelsurdigital.com.ar\\\/?s={search_term_string}\"},\"query-input\":{\"@type\":\"PropertyValueSpecification\",\"valueRequired\":true,\"valueName\":\"search_term_string\"}}],\"inLanguage\":\"es\"},{\"@type\":\"Person\",\"@id\":\"https:\\\/\\\/diariodelsurdigital.com.ar\\\/#\\\/schema\\\/person\\\/1a4992532ed62965c968031b49195c81\",\"name\":\"Diario del Sur Digital\",\"image\":{\"@type\":\"ImageObject\",\"inLanguage\":\"es\",\"@id\":\"https:\\\/\\\/secure.gravatar.com\\\/avatar\\\/f0c7c47fc7146d19828273b9b8eda651c9c7ab583767e6338d3d3bee825adf76?s=96&d=mm&r=g\",\"url\":\"https:\\\/\\\/secure.gravatar.com\\\/avatar\\\/f0c7c47fc7146d19828273b9b8eda651c9c7ab583767e6338d3d3bee825adf76?s=96&d=mm&r=g\",\"contentUrl\":\"https:\\\/\\\/secure.gravatar.com\\\/avatar\\\/f0c7c47fc7146d19828273b9b8eda651c9c7ab583767e6338d3d3bee825adf76?s=96&d=mm&r=g\",\"caption\":\"Diario del Sur Digital\"},\"url\":\"https:\\\/\\\/diariodelsurdigital.com.ar\\\/?author=4\"}]}<\/script>\n<!-- \/ Yoast SEO plugin. -->","yoast_head_json":{"title":"Pagliotto cuestion\u00f3 la alianza de Frigerio con Milei y vaticin\u00f3 un mal panorama electoral en Entre R\u00edos - Diario del Sur","robots":{"index":"index","follow":"follow","max-snippet":"max-snippet:-1","max-image-preview":"max-image-preview:large","max-video-preview":"max-video-preview:-1"},"canonical":"https:\/\/diariodelsurdigital.com.ar\/?p=4627","og_locale":"es_ES","og_type":"article","og_title":"Pagliotto cuestion\u00f3 la alianza de Frigerio con Milei y vaticin\u00f3 un mal panorama electoral en Entre R\u00edos - Diario del Sur","og_description":"El dirigente de UCR Activa, el abogado Rub\u00e9n Pagliotto, analiz\u00f3 la derrota del gobierno nacional en Buenos Aires, a manos del peronismo. Tambi\u00e9n reflexion\u00f3 sobre su posible impacto en Entre R\u00edos. \u201cEste es un pa\u00eds que cada d\u00eda est\u00e1 m\u00e1s lejos de ser un pa\u00eds federal y, desde que Milei asumi\u00f3 la presidencia, hace todos [&hellip;]","og_url":"https:\/\/diariodelsurdigital.com.ar\/?p=4627","og_site_name":"Diario del Sur","article_published_time":"2025-09-11T13:42:46+00:00","article_modified_time":"2025-09-11T13:42:47+00:00","og_image":[{"width":992,"height":661,"url":"https:\/\/diariodelsurdigital.com.ar\/wp-content\/uploads\/2025\/09\/md-35.webp","type":"image\/webp"}],"author":"Diario del Sur Digital","twitter_card":"summary_large_image","twitter_misc":{"Escrito por":"Diario del Sur Digital","Tiempo de lectura":"2 minutos"},"schema":{"@context":"https:\/\/schema.org","@graph":[{"@type":"Article","@id":"https:\/\/diariodelsurdigital.com.ar\/?p=4627#article","isPartOf":{"@id":"https:\/\/diariodelsurdigital.com.ar\/?p=4627"},"author":{"name":"Diario del Sur Digital","@id":"https:\/\/diariodelsurdigital.com.ar\/#\/schema\/person\/1a4992532ed62965c968031b49195c81"},"headline":"Pagliotto cuestion\u00f3 la alianza de Frigerio con Milei y vaticin\u00f3 un mal panorama electoral en Entre R\u00edos","datePublished":"2025-09-11T13:42:46+00:00","dateModified":"2025-09-11T13:42:47+00:00","mainEntityOfPage":{"@id":"https:\/\/diariodelsurdigital.com.ar\/?p=4627"},"wordCount":402,"commentCount":0,"image":{"@id":"https:\/\/diariodelsurdigital.com.ar\/?p=4627#primaryimage"},"thumbnailUrl":"https:\/\/diariodelsurdigital.com.ar\/wp-content\/uploads\/2025\/09\/md-35.webp","articleSection":["Pol\u00edtica","Provinciales"],"inLanguage":"es","potentialAction":[{"@type":"CommentAction","name":"Comment","target":["https:\/\/diariodelsurdigital.com.ar\/?p=4627#respond"]}]},{"@type":"WebPage","@id":"https:\/\/diariodelsurdigital.com.ar\/?p=4627","url":"https:\/\/diariodelsurdigital.com.ar\/?p=4627","name":"Pagliotto cuestion\u00f3 la alianza de Frigerio con Milei y vaticin\u00f3 un mal panorama electoral en Entre R\u00edos - Diario del Sur","isPartOf":{"@id":"https:\/\/diariodelsurdigital.com.ar\/#website"},"primaryImageOfPage":{"@id":"https:\/\/diariodelsurdigital.com.ar\/?p=4627#primaryimage"},"image":{"@id":"https:\/\/diariodelsurdigital.com.ar\/?p=4627#primaryimage"},"thumbnailUrl":"https:\/\/diariodelsurdigital.com.ar\/wp-content\/uploads\/2025\/09\/md-35.webp","datePublished":"2025-09-11T13:42:46+00:00","dateModified":"2025-09-11T13:42:47+00:00","author":{"@id":"https:\/\/diariodelsurdigital.com.ar\/#\/schema\/person\/1a4992532ed62965c968031b49195c81"},"breadcrumb":{"@id":"https:\/\/diariodelsurdigital.com.ar\/?p=4627#breadcrumb"},"inLanguage":"es","potentialAction":[{"@type":"ReadAction","target":["https:\/\/diariodelsurdigital.com.ar\/?p=4627"]}]},{"@type":"ImageObject","inLanguage":"es","@id":"https:\/\/diariodelsurdigital.com.ar\/?p=4627#primaryimage","url":"https:\/\/diariodelsurdigital.com.ar\/wp-content\/uploads\/2025\/09\/md-35.webp","contentUrl":"https:\/\/diariodelsurdigital.com.ar\/wp-content\/uploads\/2025\/09\/md-35.webp","width":992,"height":661},{"@type":"BreadcrumbList","@id":"https:\/\/diariodelsurdigital.com.ar\/?p=4627#breadcrumb","itemListElement":[{"@type":"ListItem","position":1,"name":"Portada","item":"https:\/\/diariodelsurdigital.com.ar\/"},{"@type":"ListItem","position":2,"name":"Pagliotto cuestion\u00f3 la alianza de Frigerio con Milei y vaticin\u00f3 un mal panorama electoral en Entre R\u00edos"}]},{"@type":"WebSite","@id":"https:\/\/diariodelsurdigital.com.ar\/#website","url":"https:\/\/diariodelsurdigital.com.ar\/","name":"Diario del Sur","description":"Digital","potentialAction":[{"@type":"SearchAction","target":{"@type":"EntryPoint","urlTemplate":"https:\/\/diariodelsurdigital.com.ar\/?s={search_term_string}"},"query-input":{"@type":"PropertyValueSpecification","valueRequired":true,"valueName":"search_term_string"}}],"inLanguage":"es"},{"@type":"Person","@id":"https:\/\/diariodelsurdigital.com.ar\/#\/schema\/person\/1a4992532ed62965c968031b49195c81","name":"Diario del Sur Digital","image":{"@type":"ImageObject","inLanguage":"es","@id":"https:\/\/secure.gravatar.com\/avatar\/f0c7c47fc7146d19828273b9b8eda651c9c7ab583767e6338d3d3bee825adf76?s=96&d=mm&r=g","url":"https:\/\/secure.gravatar.com\/avatar\/f0c7c47fc7146d19828273b9b8eda651c9c7ab583767e6338d3d3bee825adf76?s=96&d=mm&r=g","contentUrl":"https:\/\/secure.gravatar.com\/avatar\/f0c7c47fc7146d19828273b9b8eda651c9c7ab583767e6338d3d3bee825adf76?s=96&d=mm&r=g","caption":"Diario del Sur Digital"},"url":"https:\/\/diariodelsurdigital.com.ar\/?author=4"}]}},"_links":{"self":[{"href":"https:\/\/diariodelsurdigital.com.ar\/index.php?rest_route=\/wp\/v2\/posts\/4627","targetHints":{"allow":["GET"]}}],"collection":[{"href":"https:\/\/diariodelsurdigital.com.ar\/index.php?rest_route=\/wp\/v2\/posts"}],"about":[{"href":"https:\/\/diariodelsurdigital.com.ar\/index.php?rest_route=\/wp\/v2\/types\/post"}],"author":[{"embeddable":true,"href":"https:\/\/diariodelsurdigital.com.ar\/index.php?rest_route=\/wp\/v2\/users\/4"}],"replies":[{"embeddable":true,"href":"https:\/\/diariodelsurdigital.com.ar\/index.php?rest_route=%2Fwp%2Fv2%2Fcomments&post=4627"}],"version-history":[{"count":1,"href":"https:\/\/diariodelsurdigital.com.ar\/index.php?rest_route=\/wp\/v2\/posts\/4627\/revisions"}],"predecessor-version":[{"id":4629,"href":"https:\/\/diariodelsurdigital.com.ar\/index.php?rest_route=\/wp\/v2\/posts\/4627\/revisions\/4629"}],"wp:featuredmedia":[{"embeddable":true,"href":"https:\/\/diariodelsurdigital.com.ar\/index.php?rest_route=\/wp\/v2\/media\/4628"}],"wp:attachment":[{"href":"https:\/\/diariodelsurdigital.com.ar\/index.php?rest_route=%2Fwp%2Fv2%2Fmedia&parent=4627"}],"wp:term":[{"taxonomy":"category","embeddable":true,"href":"https:\/\/diariodelsurdigital.com.ar\/index.php?rest_route=%2Fwp%2Fv2%2Fcategories&post=4627"},{"taxonomy":"post_tag","embeddable":true,"href":"https:\/\/diariodelsurdigital.com.ar\/index.php?rest_route=%2Fwp%2Fv2%2Ftags&post=4627"}],"curies":[{"name":"wp","href":"https:\/\/api.w.org\/{rel}","templated":true}]}}