{"id":463,"date":"2025-01-06T16:54:41","date_gmt":"2025-01-06T19:54:41","guid":{"rendered":"https:\/\/diariodelsurdigital.com.ar\/?p=463"},"modified":"2025-01-06T16:54:43","modified_gmt":"2025-01-06T19:54:43","slug":"se-lanzo-la-edicion-2025-del-carnaval-de-concordia","status":"publish","type":"post","link":"https:\/\/diariodelsurdigital.com.ar\/?p=463","title":{"rendered":"Se lanz\u00f3 la edici\u00f3n 2025 del Carnaval de Concordia"},"content":{"rendered":"\n<p>El evento se desarroll\u00f3 en el Centro de Convenciones de Concordia. Ante un gran marco de p\u00fablico, los artistas, figuras y bater\u00edas de las comparsas R\u00e1faga, Imperio, Emperatriz y Bella Samba, hicieron vibrar a los presentes en una gran noche que tuvo regalos, emociones y la pasi\u00f3n que caracteriza al evento m\u00e1s importante de la regi\u00f3n.<\/p>\n\n\n\n<p>El intendente Francisco Azcu\u00e9 destac\u00f3 que \u00abConcordia tiene muy buenas comparsas y estoy seguro de que va a ser un gran Carnaval\u00bb remarcando que a partir de la conformaci\u00f3n del Ente Permanente, se vino trabajando todo el a\u00f1o para llegar a este momento con muchas expectativas.<\/p>\n\n\n\n<p>En ese sentido afirm\u00f3 que estos son momentos \u00abdonde los pol\u00edticos nos debemos correr del centro de la escena, ac\u00e1 los protagonistas son los integrantes de las comparsas, el p\u00fablico y los vecinos de Concordia. Nos destacamos por la pasi\u00f3n y es porque al carnaval lo llevamos en nuestro ADN, es parte de nuestra identidad y as\u00ed como esperamos una muy buena edici\u00f3n en este a\u00f1o, vamos a seguir trabajando para que las pr\u00f3ximas sean a\u00fan mejores\u00bb.<\/p>\n\n\n\n<p>Por su parte el director del Ente Permanente de Carnaval Luis S\u00e1nchez valor\u00f3 que \u00abeste es el evento m\u00e1s grande de nuestra ciudad y la realidad es que necesita un trabajo constante, es por ello que, justamente para que el resultado final de las seis noches se vea plasmado en la manga del Cors\u00f3dromo, tenemos que trabajar d\u00eda a d\u00eda junto a las comparsas\u00bb.<\/p>\n\n\n\n<p>\u00abEs el primer carnaval completo de esta gesti\u00f3n y estoy seguro que vamos a tener una gran edici\u00f3n. El espect\u00e1culo por parte de las cuatro comparsas est\u00e1 totalmente garantizado. A su vez, quisiera destacar a todas las \u00e1reas del municipio por el trabajo que vienen realizando, estando siempre a disposici\u00f3n para que nuestro p\u00fablico y los integrantes disfruten de cada noche de la mejor manera posible\u00bb concluy\u00f3 S\u00e1nchez.<\/p>\n\n\n\n<p>Estuvieron presentes el secretario de Gobierno Luciano Dell&#8217;Olio; la diputada nacional Nancy Ballejos; la senadora provincial Cielo Espejo; el subsecretario de Turismo Laureano Schvartzman; concejales; funcionarios municipales; Carla Delgado, Reina Provincial del Carnaval e integrantes del Emcontur.<\/p>\n","protected":false},"excerpt":{"rendered":"<p>El evento se desarroll\u00f3 en el Centro de Convenciones de Concordia. Ante un gran marco de p\u00fablico, los artistas, figuras y bater\u00edas de las comparsas R\u00e1faga, Imperio, Emperatriz y Bella Samba, hicieron vibrar a los presentes en una gran noche que tuvo regalos, emociones y la pasi\u00f3n que caracteriza al evento m\u00e1s importante de la [&hellip;]<\/p>\n","protected":false},"author":4,"featured_media":464,"comment_status":"open","ping_status":"open","sticky":false,"template":"","format":"standard","meta":{"footnotes":""},"categories":[19,16],"tags":[],"class_list":{"0":"post-463","1":"post","2":"type-post","3":"status-publish","4":"format-standard","5":"has-post-thumbnail","7":"category-interes-general","8":"category-locales"},"yoast_head":"<!-- This site is optimized with the Yoast SEO plugin v27.4 - https:\/\/yoast.com\/product\/yoast-seo-wordpress\/ -->\n<title>Se lanz\u00f3 la edici\u00f3n 2025 del Carnaval de Concordia - Diario del Sur<\/title>\n<meta name=\"robots\" content=\"index, follow, max-snippet:-1, max-image-preview:large, max-video-preview:-1\" \/>\n<link rel=\"canonical\" href=\"https:\/\/diariodelsurdigital.com.ar\/?p=463\" \/>\n<meta property=\"og:locale\" content=\"es_ES\" \/>\n<meta property=\"og:type\" content=\"article\" \/>\n<meta property=\"og:title\" content=\"Se lanz\u00f3 la edici\u00f3n 2025 del Carnaval de Concordia - Diario del Sur\" \/>\n<meta property=\"og:description\" content=\"El evento se desarroll\u00f3 en el Centro de Convenciones de Concordia. Ante un gran marco de p\u00fablico, los artistas, figuras y bater\u00edas de las comparsas R\u00e1faga, Imperio, Emperatriz y Bella Samba, hicieron vibrar a los presentes en una gran noche que tuvo regalos, emociones y la pasi\u00f3n que caracteriza al evento m\u00e1s importante de la [&hellip;]\" \/>\n<meta property=\"og:url\" content=\"https:\/\/diariodelsurdigital.com.ar\/?p=463\" \/>\n<meta property=\"og:site_name\" content=\"Diario del Sur\" \/>\n<meta property=\"article:published_time\" content=\"2025-01-06T19:54:41+00:00\" \/>\n<meta property=\"article:modified_time\" content=\"2025-01-06T19:54:43+00:00\" \/>\n<meta property=\"og:image\" content=\"https:\/\/diariodelsurdigital.com.ar\/wp-content\/uploads\/2025\/01\/md-2025-01-06T165333.926.webp\" \/>\n\t<meta property=\"og:image:width\" content=\"992\" \/>\n\t<meta property=\"og:image:height\" content=\"661\" \/>\n\t<meta property=\"og:image:type\" content=\"image\/webp\" \/>\n<meta name=\"author\" content=\"Diario del Sur Digital\" \/>\n<meta name=\"twitter:card\" content=\"summary_large_image\" \/>\n<meta name=\"twitter:label1\" content=\"Escrito por\" \/>\n\t<meta name=\"twitter:data1\" content=\"Diario del Sur Digital\" \/>\n\t<meta name=\"twitter:label2\" content=\"Tiempo de lectura\" \/>\n\t<meta name=\"twitter:data2\" content=\"2 minutos\" \/>\n<script type=\"application\/ld+json\" class=\"yoast-schema-graph\">{\"@context\":\"https:\\\/\\\/schema.org\",\"@graph\":[{\"@type\":\"Article\",\"@id\":\"https:\\\/\\\/diariodelsurdigital.com.ar\\\/?p=463#article\",\"isPartOf\":{\"@id\":\"https:\\\/\\\/diariodelsurdigital.com.ar\\\/?p=463\"},\"author\":{\"name\":\"Diario del Sur Digital\",\"@id\":\"https:\\\/\\\/diariodelsurdigital.com.ar\\\/#\\\/schema\\\/person\\\/1a4992532ed62965c968031b49195c81\"},\"headline\":\"Se lanz\u00f3 la edici\u00f3n 2025 del Carnaval de Concordia\",\"datePublished\":\"2025-01-06T19:54:41+00:00\",\"dateModified\":\"2025-01-06T19:54:43+00:00\",\"mainEntityOfPage\":{\"@id\":\"https:\\\/\\\/diariodelsurdigital.com.ar\\\/?p=463\"},\"wordCount\":383,\"commentCount\":0,\"image\":{\"@id\":\"https:\\\/\\\/diariodelsurdigital.com.ar\\\/?p=463#primaryimage\"},\"thumbnailUrl\":\"https:\\\/\\\/diariodelsurdigital.com.ar\\\/wp-content\\\/uploads\\\/2025\\\/01\\\/md-2025-01-06T165333.926.webp\",\"articleSection\":[\"Inter\u00e9s General\",\"Locales\"],\"inLanguage\":\"es\",\"potentialAction\":[{\"@type\":\"CommentAction\",\"name\":\"Comment\",\"target\":[\"https:\\\/\\\/diariodelsurdigital.com.ar\\\/?p=463#respond\"]}]},{\"@type\":\"WebPage\",\"@id\":\"https:\\\/\\\/diariodelsurdigital.com.ar\\\/?p=463\",\"url\":\"https:\\\/\\\/diariodelsurdigital.com.ar\\\/?p=463\",\"name\":\"Se lanz\u00f3 la edici\u00f3n 2025 del Carnaval de Concordia - Diario del Sur\",\"isPartOf\":{\"@id\":\"https:\\\/\\\/diariodelsurdigital.com.ar\\\/#website\"},\"primaryImageOfPage\":{\"@id\":\"https:\\\/\\\/diariodelsurdigital.com.ar\\\/?p=463#primaryimage\"},\"image\":{\"@id\":\"https:\\\/\\\/diariodelsurdigital.com.ar\\\/?p=463#primaryimage\"},\"thumbnailUrl\":\"https:\\\/\\\/diariodelsurdigital.com.ar\\\/wp-content\\\/uploads\\\/2025\\\/01\\\/md-2025-01-06T165333.926.webp\",\"datePublished\":\"2025-01-06T19:54:41+00:00\",\"dateModified\":\"2025-01-06T19:54:43+00:00\",\"author\":{\"@id\":\"https:\\\/\\\/diariodelsurdigital.com.ar\\\/#\\\/schema\\\/person\\\/1a4992532ed62965c968031b49195c81\"},\"breadcrumb\":{\"@id\":\"https:\\\/\\\/diariodelsurdigital.com.ar\\\/?p=463#breadcrumb\"},\"inLanguage\":\"es\",\"potentialAction\":[{\"@type\":\"ReadAction\",\"target\":[\"https:\\\/\\\/diariodelsurdigital.com.ar\\\/?p=463\"]}]},{\"@type\":\"ImageObject\",\"inLanguage\":\"es\",\"@id\":\"https:\\\/\\\/diariodelsurdigital.com.ar\\\/?p=463#primaryimage\",\"url\":\"https:\\\/\\\/diariodelsurdigital.com.ar\\\/wp-content\\\/uploads\\\/2025\\\/01\\\/md-2025-01-06T165333.926.webp\",\"contentUrl\":\"https:\\\/\\\/diariodelsurdigital.com.ar\\\/wp-content\\\/uploads\\\/2025\\\/01\\\/md-2025-01-06T165333.926.webp\",\"width\":992,\"height\":661},{\"@type\":\"BreadcrumbList\",\"@id\":\"https:\\\/\\\/diariodelsurdigital.com.ar\\\/?p=463#breadcrumb\",\"itemListElement\":[{\"@type\":\"ListItem\",\"position\":1,\"name\":\"Portada\",\"item\":\"https:\\\/\\\/diariodelsurdigital.com.ar\\\/\"},{\"@type\":\"ListItem\",\"position\":2,\"name\":\"Se lanz\u00f3 la edici\u00f3n 2025 del Carnaval de Concordia\"}]},{\"@type\":\"WebSite\",\"@id\":\"https:\\\/\\\/diariodelsurdigital.com.ar\\\/#website\",\"url\":\"https:\\\/\\\/diariodelsurdigital.com.ar\\\/\",\"name\":\"Diario del Sur\",\"description\":\"Digital\",\"potentialAction\":[{\"@type\":\"SearchAction\",\"target\":{\"@type\":\"EntryPoint\",\"urlTemplate\":\"https:\\\/\\\/diariodelsurdigital.com.ar\\\/?s={search_term_string}\"},\"query-input\":{\"@type\":\"PropertyValueSpecification\",\"valueRequired\":true,\"valueName\":\"search_term_string\"}}],\"inLanguage\":\"es\"},{\"@type\":\"Person\",\"@id\":\"https:\\\/\\\/diariodelsurdigital.com.ar\\\/#\\\/schema\\\/person\\\/1a4992532ed62965c968031b49195c81\",\"name\":\"Diario del Sur Digital\",\"image\":{\"@type\":\"ImageObject\",\"inLanguage\":\"es\",\"@id\":\"https:\\\/\\\/secure.gravatar.com\\\/avatar\\\/f0c7c47fc7146d19828273b9b8eda651c9c7ab583767e6338d3d3bee825adf76?s=96&d=mm&r=g\",\"url\":\"https:\\\/\\\/secure.gravatar.com\\\/avatar\\\/f0c7c47fc7146d19828273b9b8eda651c9c7ab583767e6338d3d3bee825adf76?s=96&d=mm&r=g\",\"contentUrl\":\"https:\\\/\\\/secure.gravatar.com\\\/avatar\\\/f0c7c47fc7146d19828273b9b8eda651c9c7ab583767e6338d3d3bee825adf76?s=96&d=mm&r=g\",\"caption\":\"Diario del Sur Digital\"},\"url\":\"https:\\\/\\\/diariodelsurdigital.com.ar\\\/?author=4\"}]}<\/script>\n<!-- \/ Yoast SEO plugin. -->","yoast_head_json":{"title":"Se lanz\u00f3 la edici\u00f3n 2025 del Carnaval de Concordia - Diario del Sur","robots":{"index":"index","follow":"follow","max-snippet":"max-snippet:-1","max-image-preview":"max-image-preview:large","max-video-preview":"max-video-preview:-1"},"canonical":"https:\/\/diariodelsurdigital.com.ar\/?p=463","og_locale":"es_ES","og_type":"article","og_title":"Se lanz\u00f3 la edici\u00f3n 2025 del Carnaval de Concordia - Diario del Sur","og_description":"El evento se desarroll\u00f3 en el Centro de Convenciones de Concordia. Ante un gran marco de p\u00fablico, los artistas, figuras y bater\u00edas de las comparsas R\u00e1faga, Imperio, Emperatriz y Bella Samba, hicieron vibrar a los presentes en una gran noche que tuvo regalos, emociones y la pasi\u00f3n que caracteriza al evento m\u00e1s importante de la [&hellip;]","og_url":"https:\/\/diariodelsurdigital.com.ar\/?p=463","og_site_name":"Diario del Sur","article_published_time":"2025-01-06T19:54:41+00:00","article_modified_time":"2025-01-06T19:54:43+00:00","og_image":[{"width":992,"height":661,"url":"https:\/\/diariodelsurdigital.com.ar\/wp-content\/uploads\/2025\/01\/md-2025-01-06T165333.926.webp","type":"image\/webp"}],"author":"Diario del Sur Digital","twitter_card":"summary_large_image","twitter_misc":{"Escrito por":"Diario del Sur Digital","Tiempo de lectura":"2 minutos"},"schema":{"@context":"https:\/\/schema.org","@graph":[{"@type":"Article","@id":"https:\/\/diariodelsurdigital.com.ar\/?p=463#article","isPartOf":{"@id":"https:\/\/diariodelsurdigital.com.ar\/?p=463"},"author":{"name":"Diario del Sur Digital","@id":"https:\/\/diariodelsurdigital.com.ar\/#\/schema\/person\/1a4992532ed62965c968031b49195c81"},"headline":"Se lanz\u00f3 la edici\u00f3n 2025 del Carnaval de Concordia","datePublished":"2025-01-06T19:54:41+00:00","dateModified":"2025-01-06T19:54:43+00:00","mainEntityOfPage":{"@id":"https:\/\/diariodelsurdigital.com.ar\/?p=463"},"wordCount":383,"commentCount":0,"image":{"@id":"https:\/\/diariodelsurdigital.com.ar\/?p=463#primaryimage"},"thumbnailUrl":"https:\/\/diariodelsurdigital.com.ar\/wp-content\/uploads\/2025\/01\/md-2025-01-06T165333.926.webp","articleSection":["Inter\u00e9s General","Locales"],"inLanguage":"es","potentialAction":[{"@type":"CommentAction","name":"Comment","target":["https:\/\/diariodelsurdigital.com.ar\/?p=463#respond"]}]},{"@type":"WebPage","@id":"https:\/\/diariodelsurdigital.com.ar\/?p=463","url":"https:\/\/diariodelsurdigital.com.ar\/?p=463","name":"Se lanz\u00f3 la edici\u00f3n 2025 del Carnaval de Concordia - Diario del Sur","isPartOf":{"@id":"https:\/\/diariodelsurdigital.com.ar\/#website"},"primaryImageOfPage":{"@id":"https:\/\/diariodelsurdigital.com.ar\/?p=463#primaryimage"},"image":{"@id":"https:\/\/diariodelsurdigital.com.ar\/?p=463#primaryimage"},"thumbnailUrl":"https:\/\/diariodelsurdigital.com.ar\/wp-content\/uploads\/2025\/01\/md-2025-01-06T165333.926.webp","datePublished":"2025-01-06T19:54:41+00:00","dateModified":"2025-01-06T19:54:43+00:00","author":{"@id":"https:\/\/diariodelsurdigital.com.ar\/#\/schema\/person\/1a4992532ed62965c968031b49195c81"},"breadcrumb":{"@id":"https:\/\/diariodelsurdigital.com.ar\/?p=463#breadcrumb"},"inLanguage":"es","potentialAction":[{"@type":"ReadAction","target":["https:\/\/diariodelsurdigital.com.ar\/?p=463"]}]},{"@type":"ImageObject","inLanguage":"es","@id":"https:\/\/diariodelsurdigital.com.ar\/?p=463#primaryimage","url":"https:\/\/diariodelsurdigital.com.ar\/wp-content\/uploads\/2025\/01\/md-2025-01-06T165333.926.webp","contentUrl":"https:\/\/diariodelsurdigital.com.ar\/wp-content\/uploads\/2025\/01\/md-2025-01-06T165333.926.webp","width":992,"height":661},{"@type":"BreadcrumbList","@id":"https:\/\/diariodelsurdigital.com.ar\/?p=463#breadcrumb","itemListElement":[{"@type":"ListItem","position":1,"name":"Portada","item":"https:\/\/diariodelsurdigital.com.ar\/"},{"@type":"ListItem","position":2,"name":"Se lanz\u00f3 la edici\u00f3n 2025 del Carnaval de Concordia"}]},{"@type":"WebSite","@id":"https:\/\/diariodelsurdigital.com.ar\/#website","url":"https:\/\/diariodelsurdigital.com.ar\/","name":"Diario del Sur","description":"Digital","potentialAction":[{"@type":"SearchAction","target":{"@type":"EntryPoint","urlTemplate":"https:\/\/diariodelsurdigital.com.ar\/?s={search_term_string}"},"query-input":{"@type":"PropertyValueSpecification","valueRequired":true,"valueName":"search_term_string"}}],"inLanguage":"es"},{"@type":"Person","@id":"https:\/\/diariodelsurdigital.com.ar\/#\/schema\/person\/1a4992532ed62965c968031b49195c81","name":"Diario del Sur Digital","image":{"@type":"ImageObject","inLanguage":"es","@id":"https:\/\/secure.gravatar.com\/avatar\/f0c7c47fc7146d19828273b9b8eda651c9c7ab583767e6338d3d3bee825adf76?s=96&d=mm&r=g","url":"https:\/\/secure.gravatar.com\/avatar\/f0c7c47fc7146d19828273b9b8eda651c9c7ab583767e6338d3d3bee825adf76?s=96&d=mm&r=g","contentUrl":"https:\/\/secure.gravatar.com\/avatar\/f0c7c47fc7146d19828273b9b8eda651c9c7ab583767e6338d3d3bee825adf76?s=96&d=mm&r=g","caption":"Diario del Sur Digital"},"url":"https:\/\/diariodelsurdigital.com.ar\/?author=4"}]}},"_links":{"self":[{"href":"https:\/\/diariodelsurdigital.com.ar\/index.php?rest_route=\/wp\/v2\/posts\/463","targetHints":{"allow":["GET"]}}],"collection":[{"href":"https:\/\/diariodelsurdigital.com.ar\/index.php?rest_route=\/wp\/v2\/posts"}],"about":[{"href":"https:\/\/diariodelsurdigital.com.ar\/index.php?rest_route=\/wp\/v2\/types\/post"}],"author":[{"embeddable":true,"href":"https:\/\/diariodelsurdigital.com.ar\/index.php?rest_route=\/wp\/v2\/users\/4"}],"replies":[{"embeddable":true,"href":"https:\/\/diariodelsurdigital.com.ar\/index.php?rest_route=%2Fwp%2Fv2%2Fcomments&post=463"}],"version-history":[{"count":1,"href":"https:\/\/diariodelsurdigital.com.ar\/index.php?rest_route=\/wp\/v2\/posts\/463\/revisions"}],"predecessor-version":[{"id":465,"href":"https:\/\/diariodelsurdigital.com.ar\/index.php?rest_route=\/wp\/v2\/posts\/463\/revisions\/465"}],"wp:featuredmedia":[{"embeddable":true,"href":"https:\/\/diariodelsurdigital.com.ar\/index.php?rest_route=\/wp\/v2\/media\/464"}],"wp:attachment":[{"href":"https:\/\/diariodelsurdigital.com.ar\/index.php?rest_route=%2Fwp%2Fv2%2Fmedia&parent=463"}],"wp:term":[{"taxonomy":"category","embeddable":true,"href":"https:\/\/diariodelsurdigital.com.ar\/index.php?rest_route=%2Fwp%2Fv2%2Fcategories&post=463"},{"taxonomy":"post_tag","embeddable":true,"href":"https:\/\/diariodelsurdigital.com.ar\/index.php?rest_route=%2Fwp%2Fv2%2Ftags&post=463"}],"curies":[{"name":"wp","href":"https:\/\/api.w.org\/{rel}","templated":true}]}}