{"id":4630,"date":"2025-09-11T10:45:23","date_gmt":"2025-09-11T13:45:23","guid":{"rendered":"https:\/\/diariodelsurdigital.com.ar\/?p=4630"},"modified":"2025-09-11T10:45:24","modified_gmt":"2025-09-11T13:45:24","slug":"gaillard-presento-su-programa-legislativo-en-salud-mental-para-democratizar-el-acceso-a-los-tratamientos","status":"publish","type":"post","link":"https:\/\/diariodelsurdigital.com.ar\/?p=4630","title":{"rendered":"Gaillard present\u00f3 su programa legislativo en salud mental para \u201cdemocratizar el acceso a los tratamientos\u201d"},"content":{"rendered":"\n<p>En la plaza 25 de Mayo de Concordia, la diputada nacional Carolina Gaillard present\u00f3 su programa legislativo en salud mental junto a los candidatos de la Lista 503. \u201cEl Estado tiene que llegar a tiempo para escuchar, atender y acompa\u00f1ar\u201d, explic\u00f3 al dar a conocer proyectos para democratizar el acceso a los tratamientos. Tambi\u00e9n visit\u00f3 barrios de la ciudad y estuvo en Federaci\u00f3n y Chajar\u00ed.<\/p>\n\n\n\n<p>\u201cTodos tenemos un amigo o un familiar que sufre de ansiedad, depresi\u00f3n, ataques de p\u00e1nico o que tiene un consumo problem\u00e1tico y sabemos lo complicado que es recibir atenci\u00f3n y costear un tratamiento\u201d, expres\u00f3 Gaillard.<\/p>\n\n\n\n<p>Junto a los candidatos a diputados nacionales Paola Rubattino e Ignacio Monn\u00e1, la legisladora particip\u00f3 de una jornada enmarcada en la agenda por el D\u00eda Nacional de Prevenci\u00f3n del Suicidio organizada por la red de vecinos voluntarios Lazos en Red.<\/p>\n\n\n\n<p>\u201cPlanteamos la creaci\u00f3n de un Sistema Federal de Hospitales P\u00fablicos de Psicolog\u00eda que, junto a los centros de salud, conformen una red que democratice el acceso a la salud mental\u201d, explic\u00f3 la legisladora.<\/p>\n\n\n\n<p>\u201cNecesitamos m\u00e1s profesionales, m\u00e1s equipos interdisciplinarios, m\u00e1s infraestructura y m\u00e1s capacitaci\u00f3n. Tambi\u00e9n queremos que se reestablezca el acceso a los psicof\u00e1rmacos en el programa Remediar\u201d, enumer\u00f3 Gaillard.<\/p>\n\n\n\n<p>La diputada es autora de un proyecto para declarar la emergencia en salud mental. \u201cQueremos que se convierta en una pol\u00edtica de Estado\u201d, agreg\u00f3, ante numerosos j\u00f3venes y estudiantes de enfermer\u00eda y otras carreras vinculadas a la salud.<\/p>\n\n\n\n<p>Los candidatos de la Lista 503 tambi\u00e9n promueven la creaci\u00f3n de un fondo solidario coparticipable para que el acceso a la salud mental est\u00e9 garantizado en todo el territorio.<\/p>\n\n\n\n<p>\u201cQueremos que Entre R\u00edos deje de destacarse por sus altas tasas de suicidio y se posicione como nodo nacional de referencia en salud mental y atenci\u00f3n integral\u201d, remarcaron.<\/p>\n\n\n\n<p>Antes de la jornada, los candidatos visitaron las ciudades de Federaci\u00f3n y Chajar\u00ed, donde mantuvieron reuniones pol\u00edticas. En Concordia, la actividad se complet\u00f3 con un encuentro con prestadores de salud preocupados por la crisis en discapacidad y visitas a los barrios La Bianca y Pancho Ram\u00edrez, donde dialogaron con vecinos.<\/p>\n","protected":false},"excerpt":{"rendered":"<p>En la plaza 25 de Mayo de Concordia, la diputada nacional Carolina Gaillard present\u00f3 su programa legislativo en salud mental junto a los candidatos de la Lista 503. \u201cEl Estado tiene que llegar a tiempo para escuchar, atender y acompa\u00f1ar\u201d, explic\u00f3 al dar a conocer proyectos para democratizar el acceso a los tratamientos. Tambi\u00e9n visit\u00f3 [&hellip;]<\/p>\n","protected":false},"author":4,"featured_media":4631,"comment_status":"open","ping_status":"open","sticky":false,"template":"","format":"standard","meta":{"footnotes":""},"categories":[16,22],"tags":[],"class_list":{"0":"post-4630","1":"post","2":"type-post","3":"status-publish","4":"format-standard","5":"has-post-thumbnail","7":"category-locales","8":"category-politica"},"yoast_head":"<!-- This site is optimized with the Yoast SEO plugin v27.4 - https:\/\/yoast.com\/product\/yoast-seo-wordpress\/ -->\n<title>Gaillard present\u00f3 su programa legislativo en salud mental para \u201cdemocratizar el acceso a los tratamientos\u201d - Diario del Sur<\/title>\n<meta name=\"robots\" content=\"index, follow, max-snippet:-1, max-image-preview:large, max-video-preview:-1\" \/>\n<link rel=\"canonical\" href=\"https:\/\/diariodelsurdigital.com.ar\/?p=4630\" \/>\n<meta property=\"og:locale\" content=\"es_ES\" \/>\n<meta property=\"og:type\" content=\"article\" \/>\n<meta property=\"og:title\" content=\"Gaillard present\u00f3 su programa legislativo en salud mental para \u201cdemocratizar el acceso a los tratamientos\u201d - Diario del Sur\" \/>\n<meta property=\"og:description\" content=\"En la plaza 25 de Mayo de Concordia, la diputada nacional Carolina Gaillard present\u00f3 su programa legislativo en salud mental junto a los candidatos de la Lista 503. \u201cEl Estado tiene que llegar a tiempo para escuchar, atender y acompa\u00f1ar\u201d, explic\u00f3 al dar a conocer proyectos para democratizar el acceso a los tratamientos. Tambi\u00e9n visit\u00f3 [&hellip;]\" \/>\n<meta property=\"og:url\" content=\"https:\/\/diariodelsurdigital.com.ar\/?p=4630\" \/>\n<meta property=\"og:site_name\" content=\"Diario del Sur\" \/>\n<meta property=\"article:published_time\" content=\"2025-09-11T13:45:23+00:00\" \/>\n<meta property=\"article:modified_time\" content=\"2025-09-11T13:45:24+00:00\" \/>\n<meta property=\"og:image\" content=\"https:\/\/diariodelsurdigital.com.ar\/wp-content\/uploads\/2025\/09\/md-36.webp\" \/>\n\t<meta property=\"og:image:width\" content=\"696\" \/>\n\t<meta property=\"og:image:height\" content=\"992\" \/>\n\t<meta property=\"og:image:type\" content=\"image\/webp\" \/>\n<meta name=\"author\" content=\"Diario del Sur Digital\" \/>\n<meta name=\"twitter:card\" content=\"summary_large_image\" \/>\n<meta name=\"twitter:label1\" content=\"Escrito por\" \/>\n\t<meta name=\"twitter:data1\" content=\"Diario del Sur Digital\" \/>\n\t<meta name=\"twitter:label2\" content=\"Tiempo de lectura\" \/>\n\t<meta name=\"twitter:data2\" content=\"2 minutos\" \/>\n<script type=\"application\/ld+json\" class=\"yoast-schema-graph\">{\"@context\":\"https:\\\/\\\/schema.org\",\"@graph\":[{\"@type\":\"Article\",\"@id\":\"https:\\\/\\\/diariodelsurdigital.com.ar\\\/?p=4630#article\",\"isPartOf\":{\"@id\":\"https:\\\/\\\/diariodelsurdigital.com.ar\\\/?p=4630\"},\"author\":{\"name\":\"Diario del Sur Digital\",\"@id\":\"https:\\\/\\\/diariodelsurdigital.com.ar\\\/#\\\/schema\\\/person\\\/1a4992532ed62965c968031b49195c81\"},\"headline\":\"Gaillard present\u00f3 su programa legislativo en salud mental para \u201cdemocratizar el acceso a los tratamientos\u201d\",\"datePublished\":\"2025-09-11T13:45:23+00:00\",\"dateModified\":\"2025-09-11T13:45:24+00:00\",\"mainEntityOfPage\":{\"@id\":\"https:\\\/\\\/diariodelsurdigital.com.ar\\\/?p=4630\"},\"wordCount\":386,\"commentCount\":0,\"image\":{\"@id\":\"https:\\\/\\\/diariodelsurdigital.com.ar\\\/?p=4630#primaryimage\"},\"thumbnailUrl\":\"https:\\\/\\\/diariodelsurdigital.com.ar\\\/wp-content\\\/uploads\\\/2025\\\/09\\\/md-36.webp\",\"articleSection\":[\"Locales\",\"Pol\u00edtica\"],\"inLanguage\":\"es\",\"potentialAction\":[{\"@type\":\"CommentAction\",\"name\":\"Comment\",\"target\":[\"https:\\\/\\\/diariodelsurdigital.com.ar\\\/?p=4630#respond\"]}]},{\"@type\":\"WebPage\",\"@id\":\"https:\\\/\\\/diariodelsurdigital.com.ar\\\/?p=4630\",\"url\":\"https:\\\/\\\/diariodelsurdigital.com.ar\\\/?p=4630\",\"name\":\"Gaillard present\u00f3 su programa legislativo en salud mental para \u201cdemocratizar el acceso a los tratamientos\u201d - Diario del Sur\",\"isPartOf\":{\"@id\":\"https:\\\/\\\/diariodelsurdigital.com.ar\\\/#website\"},\"primaryImageOfPage\":{\"@id\":\"https:\\\/\\\/diariodelsurdigital.com.ar\\\/?p=4630#primaryimage\"},\"image\":{\"@id\":\"https:\\\/\\\/diariodelsurdigital.com.ar\\\/?p=4630#primaryimage\"},\"thumbnailUrl\":\"https:\\\/\\\/diariodelsurdigital.com.ar\\\/wp-content\\\/uploads\\\/2025\\\/09\\\/md-36.webp\",\"datePublished\":\"2025-09-11T13:45:23+00:00\",\"dateModified\":\"2025-09-11T13:45:24+00:00\",\"author\":{\"@id\":\"https:\\\/\\\/diariodelsurdigital.com.ar\\\/#\\\/schema\\\/person\\\/1a4992532ed62965c968031b49195c81\"},\"breadcrumb\":{\"@id\":\"https:\\\/\\\/diariodelsurdigital.com.ar\\\/?p=4630#breadcrumb\"},\"inLanguage\":\"es\",\"potentialAction\":[{\"@type\":\"ReadAction\",\"target\":[\"https:\\\/\\\/diariodelsurdigital.com.ar\\\/?p=4630\"]}]},{\"@type\":\"ImageObject\",\"inLanguage\":\"es\",\"@id\":\"https:\\\/\\\/diariodelsurdigital.com.ar\\\/?p=4630#primaryimage\",\"url\":\"https:\\\/\\\/diariodelsurdigital.com.ar\\\/wp-content\\\/uploads\\\/2025\\\/09\\\/md-36.webp\",\"contentUrl\":\"https:\\\/\\\/diariodelsurdigital.com.ar\\\/wp-content\\\/uploads\\\/2025\\\/09\\\/md-36.webp\",\"width\":696,\"height\":992},{\"@type\":\"BreadcrumbList\",\"@id\":\"https:\\\/\\\/diariodelsurdigital.com.ar\\\/?p=4630#breadcrumb\",\"itemListElement\":[{\"@type\":\"ListItem\",\"position\":1,\"name\":\"Portada\",\"item\":\"https:\\\/\\\/diariodelsurdigital.com.ar\\\/\"},{\"@type\":\"ListItem\",\"position\":2,\"name\":\"Gaillard present\u00f3 su programa legislativo en salud mental para \u201cdemocratizar el acceso a los tratamientos\u201d\"}]},{\"@type\":\"WebSite\",\"@id\":\"https:\\\/\\\/diariodelsurdigital.com.ar\\\/#website\",\"url\":\"https:\\\/\\\/diariodelsurdigital.com.ar\\\/\",\"name\":\"Diario del Sur\",\"description\":\"Digital\",\"potentialAction\":[{\"@type\":\"SearchAction\",\"target\":{\"@type\":\"EntryPoint\",\"urlTemplate\":\"https:\\\/\\\/diariodelsurdigital.com.ar\\\/?s={search_term_string}\"},\"query-input\":{\"@type\":\"PropertyValueSpecification\",\"valueRequired\":true,\"valueName\":\"search_term_string\"}}],\"inLanguage\":\"es\"},{\"@type\":\"Person\",\"@id\":\"https:\\\/\\\/diariodelsurdigital.com.ar\\\/#\\\/schema\\\/person\\\/1a4992532ed62965c968031b49195c81\",\"name\":\"Diario del Sur Digital\",\"image\":{\"@type\":\"ImageObject\",\"inLanguage\":\"es\",\"@id\":\"https:\\\/\\\/secure.gravatar.com\\\/avatar\\\/f0c7c47fc7146d19828273b9b8eda651c9c7ab583767e6338d3d3bee825adf76?s=96&d=mm&r=g\",\"url\":\"https:\\\/\\\/secure.gravatar.com\\\/avatar\\\/f0c7c47fc7146d19828273b9b8eda651c9c7ab583767e6338d3d3bee825adf76?s=96&d=mm&r=g\",\"contentUrl\":\"https:\\\/\\\/secure.gravatar.com\\\/avatar\\\/f0c7c47fc7146d19828273b9b8eda651c9c7ab583767e6338d3d3bee825adf76?s=96&d=mm&r=g\",\"caption\":\"Diario del Sur Digital\"},\"url\":\"https:\\\/\\\/diariodelsurdigital.com.ar\\\/?author=4\"}]}<\/script>\n<!-- \/ Yoast SEO plugin. -->","yoast_head_json":{"title":"Gaillard present\u00f3 su programa legislativo en salud mental para \u201cdemocratizar el acceso a los tratamientos\u201d - Diario del Sur","robots":{"index":"index","follow":"follow","max-snippet":"max-snippet:-1","max-image-preview":"max-image-preview:large","max-video-preview":"max-video-preview:-1"},"canonical":"https:\/\/diariodelsurdigital.com.ar\/?p=4630","og_locale":"es_ES","og_type":"article","og_title":"Gaillard present\u00f3 su programa legislativo en salud mental para \u201cdemocratizar el acceso a los tratamientos\u201d - Diario del Sur","og_description":"En la plaza 25 de Mayo de Concordia, la diputada nacional Carolina Gaillard present\u00f3 su programa legislativo en salud mental junto a los candidatos de la Lista 503. \u201cEl Estado tiene que llegar a tiempo para escuchar, atender y acompa\u00f1ar\u201d, explic\u00f3 al dar a conocer proyectos para democratizar el acceso a los tratamientos. Tambi\u00e9n visit\u00f3 [&hellip;]","og_url":"https:\/\/diariodelsurdigital.com.ar\/?p=4630","og_site_name":"Diario del Sur","article_published_time":"2025-09-11T13:45:23+00:00","article_modified_time":"2025-09-11T13:45:24+00:00","og_image":[{"width":696,"height":992,"url":"https:\/\/diariodelsurdigital.com.ar\/wp-content\/uploads\/2025\/09\/md-36.webp","type":"image\/webp"}],"author":"Diario del Sur Digital","twitter_card":"summary_large_image","twitter_misc":{"Escrito por":"Diario del Sur Digital","Tiempo de lectura":"2 minutos"},"schema":{"@context":"https:\/\/schema.org","@graph":[{"@type":"Article","@id":"https:\/\/diariodelsurdigital.com.ar\/?p=4630#article","isPartOf":{"@id":"https:\/\/diariodelsurdigital.com.ar\/?p=4630"},"author":{"name":"Diario del Sur Digital","@id":"https:\/\/diariodelsurdigital.com.ar\/#\/schema\/person\/1a4992532ed62965c968031b49195c81"},"headline":"Gaillard present\u00f3 su programa legislativo en salud mental para \u201cdemocratizar el acceso a los tratamientos\u201d","datePublished":"2025-09-11T13:45:23+00:00","dateModified":"2025-09-11T13:45:24+00:00","mainEntityOfPage":{"@id":"https:\/\/diariodelsurdigital.com.ar\/?p=4630"},"wordCount":386,"commentCount":0,"image":{"@id":"https:\/\/diariodelsurdigital.com.ar\/?p=4630#primaryimage"},"thumbnailUrl":"https:\/\/diariodelsurdigital.com.ar\/wp-content\/uploads\/2025\/09\/md-36.webp","articleSection":["Locales","Pol\u00edtica"],"inLanguage":"es","potentialAction":[{"@type":"CommentAction","name":"Comment","target":["https:\/\/diariodelsurdigital.com.ar\/?p=4630#respond"]}]},{"@type":"WebPage","@id":"https:\/\/diariodelsurdigital.com.ar\/?p=4630","url":"https:\/\/diariodelsurdigital.com.ar\/?p=4630","name":"Gaillard present\u00f3 su programa legislativo en salud mental para \u201cdemocratizar el acceso a los tratamientos\u201d - Diario del Sur","isPartOf":{"@id":"https:\/\/diariodelsurdigital.com.ar\/#website"},"primaryImageOfPage":{"@id":"https:\/\/diariodelsurdigital.com.ar\/?p=4630#primaryimage"},"image":{"@id":"https:\/\/diariodelsurdigital.com.ar\/?p=4630#primaryimage"},"thumbnailUrl":"https:\/\/diariodelsurdigital.com.ar\/wp-content\/uploads\/2025\/09\/md-36.webp","datePublished":"2025-09-11T13:45:23+00:00","dateModified":"2025-09-11T13:45:24+00:00","author":{"@id":"https:\/\/diariodelsurdigital.com.ar\/#\/schema\/person\/1a4992532ed62965c968031b49195c81"},"breadcrumb":{"@id":"https:\/\/diariodelsurdigital.com.ar\/?p=4630#breadcrumb"},"inLanguage":"es","potentialAction":[{"@type":"ReadAction","target":["https:\/\/diariodelsurdigital.com.ar\/?p=4630"]}]},{"@type":"ImageObject","inLanguage":"es","@id":"https:\/\/diariodelsurdigital.com.ar\/?p=4630#primaryimage","url":"https:\/\/diariodelsurdigital.com.ar\/wp-content\/uploads\/2025\/09\/md-36.webp","contentUrl":"https:\/\/diariodelsurdigital.com.ar\/wp-content\/uploads\/2025\/09\/md-36.webp","width":696,"height":992},{"@type":"BreadcrumbList","@id":"https:\/\/diariodelsurdigital.com.ar\/?p=4630#breadcrumb","itemListElement":[{"@type":"ListItem","position":1,"name":"Portada","item":"https:\/\/diariodelsurdigital.com.ar\/"},{"@type":"ListItem","position":2,"name":"Gaillard present\u00f3 su programa legislativo en salud mental para \u201cdemocratizar el acceso a los tratamientos\u201d"}]},{"@type":"WebSite","@id":"https:\/\/diariodelsurdigital.com.ar\/#website","url":"https:\/\/diariodelsurdigital.com.ar\/","name":"Diario del Sur","description":"Digital","potentialAction":[{"@type":"SearchAction","target":{"@type":"EntryPoint","urlTemplate":"https:\/\/diariodelsurdigital.com.ar\/?s={search_term_string}"},"query-input":{"@type":"PropertyValueSpecification","valueRequired":true,"valueName":"search_term_string"}}],"inLanguage":"es"},{"@type":"Person","@id":"https:\/\/diariodelsurdigital.com.ar\/#\/schema\/person\/1a4992532ed62965c968031b49195c81","name":"Diario del Sur Digital","image":{"@type":"ImageObject","inLanguage":"es","@id":"https:\/\/secure.gravatar.com\/avatar\/f0c7c47fc7146d19828273b9b8eda651c9c7ab583767e6338d3d3bee825adf76?s=96&d=mm&r=g","url":"https:\/\/secure.gravatar.com\/avatar\/f0c7c47fc7146d19828273b9b8eda651c9c7ab583767e6338d3d3bee825adf76?s=96&d=mm&r=g","contentUrl":"https:\/\/secure.gravatar.com\/avatar\/f0c7c47fc7146d19828273b9b8eda651c9c7ab583767e6338d3d3bee825adf76?s=96&d=mm&r=g","caption":"Diario del Sur Digital"},"url":"https:\/\/diariodelsurdigital.com.ar\/?author=4"}]}},"_links":{"self":[{"href":"https:\/\/diariodelsurdigital.com.ar\/index.php?rest_route=\/wp\/v2\/posts\/4630","targetHints":{"allow":["GET"]}}],"collection":[{"href":"https:\/\/diariodelsurdigital.com.ar\/index.php?rest_route=\/wp\/v2\/posts"}],"about":[{"href":"https:\/\/diariodelsurdigital.com.ar\/index.php?rest_route=\/wp\/v2\/types\/post"}],"author":[{"embeddable":true,"href":"https:\/\/diariodelsurdigital.com.ar\/index.php?rest_route=\/wp\/v2\/users\/4"}],"replies":[{"embeddable":true,"href":"https:\/\/diariodelsurdigital.com.ar\/index.php?rest_route=%2Fwp%2Fv2%2Fcomments&post=4630"}],"version-history":[{"count":1,"href":"https:\/\/diariodelsurdigital.com.ar\/index.php?rest_route=\/wp\/v2\/posts\/4630\/revisions"}],"predecessor-version":[{"id":4632,"href":"https:\/\/diariodelsurdigital.com.ar\/index.php?rest_route=\/wp\/v2\/posts\/4630\/revisions\/4632"}],"wp:featuredmedia":[{"embeddable":true,"href":"https:\/\/diariodelsurdigital.com.ar\/index.php?rest_route=\/wp\/v2\/media\/4631"}],"wp:attachment":[{"href":"https:\/\/diariodelsurdigital.com.ar\/index.php?rest_route=%2Fwp%2Fv2%2Fmedia&parent=4630"}],"wp:term":[{"taxonomy":"category","embeddable":true,"href":"https:\/\/diariodelsurdigital.com.ar\/index.php?rest_route=%2Fwp%2Fv2%2Fcategories&post=4630"},{"taxonomy":"post_tag","embeddable":true,"href":"https:\/\/diariodelsurdigital.com.ar\/index.php?rest_route=%2Fwp%2Fv2%2Ftags&post=4630"}],"curies":[{"name":"wp","href":"https:\/\/api.w.org\/{rel}","templated":true}]}}