{"id":4633,"date":"2025-09-11T10:52:46","date_gmt":"2025-09-11T13:52:46","guid":{"rendered":"https:\/\/diariodelsurdigital.com.ar\/?p=4633"},"modified":"2025-09-11T10:52:47","modified_gmt":"2025-09-11T13:52:47","slug":"iapv-junto-a-iprodi-firmaron-un-convenio-para-garantizar-el-acceso-a-la-vivienda-a-personas-con-discapacidad","status":"publish","type":"post","link":"https:\/\/diariodelsurdigital.com.ar\/?p=4633","title":{"rendered":"IAPV junto a Iprodi firmaron un convenio para garantizar el acceso a la vivienda a personas con discapacidad"},"content":{"rendered":"\n<p>El presidente del Instituto Aut\u00e1rquico de Planeamiento y Vivienda (IAPV), Manuel Sch\u00f6nhals, firm\u00f3 un convenio marco de cooperaci\u00f3n con el titular del Instituto Provincial de la Discapacidad (Iprodi), Diego V\u00e9lez, con la finalidad de dar respuesta a las necesidades habitacionales de personas con discapacidad en la provincia.<\/p>\n\n\n\n<p>El presente convenio tiene por objeto establecer un cupo especial del total de soluciones habitacionales del Programa Habitacional Ahora Tu Hogar.<\/p>\n\n\n\n<p>Las partes acordaron que se reservar\u00e1 un cupo especial del cinco por ciento del total de cr\u00e9ditos individuales a sortear, destinado a personas con discapacidad en las operatorias Construcci\u00f3n de viviendas mediante cr\u00e9ditos individuales sobre terreno propio y Ampliaci\u00f3n de vivienda existente mediante cr\u00e9dito individual.<\/p>\n\n\n\n<p>El cupo se calcular\u00e1 sobre el total de cr\u00e9ditos individuales de cada operatoria, asegurando una distribuci\u00f3n equitativa y diferenciada de las soluciones habitacionales para personas con discapacidad, en l\u00ednea con los principios de accesibilidad e inclusi\u00f3n.<\/p>\n\n\n\n<p>Los requisitos de admisibilidad y el procedimiento de preselecci\u00f3n de los beneficiarios comprendidos en el cupo especial establecido en el presente convenio, se regir\u00e1n por la normativa vigente del Instituto Aut\u00e1rquico de Planeamiento y Vivienda.<\/p>\n\n\n\n<p>Las partes reconocen la necesidad de trabajar de manera conjunta en la identificaci\u00f3n y atenci\u00f3n de las necesidades de las personas con discapacidad, con el objetivo de asegurar que las pol\u00edticas p\u00fablicas de vivienda sean verdaderamente inclusivas y equitativas, alcanzando a quienes m\u00e1s lo necesitan.<\/p>\n","protected":false},"excerpt":{"rendered":"<p>El presidente del Instituto Aut\u00e1rquico de Planeamiento y Vivienda (IAPV), Manuel Sch\u00f6nhals, firm\u00f3 un convenio marco de cooperaci\u00f3n con el titular del Instituto Provincial de la Discapacidad (Iprodi), Diego V\u00e9lez, con la finalidad de dar respuesta a las necesidades habitacionales de personas con discapacidad en la provincia. El presente convenio tiene por objeto establecer un [&hellip;]<\/p>\n","protected":false},"author":4,"featured_media":4634,"comment_status":"open","ping_status":"open","sticky":false,"template":"","format":"standard","meta":{"footnotes":""},"categories":[17],"tags":[],"class_list":{"0":"post-4633","1":"post","2":"type-post","3":"status-publish","4":"format-standard","5":"has-post-thumbnail","7":"category-provinciales"},"yoast_head":"<!-- This site is optimized with the Yoast SEO plugin v27.4 - https:\/\/yoast.com\/product\/yoast-seo-wordpress\/ -->\n<title>IAPV junto a Iprodi firmaron un convenio para garantizar el acceso a la vivienda a personas con discapacidad - Diario del Sur<\/title>\n<meta name=\"robots\" content=\"index, follow, max-snippet:-1, max-image-preview:large, max-video-preview:-1\" \/>\n<link rel=\"canonical\" href=\"https:\/\/diariodelsurdigital.com.ar\/?p=4633\" \/>\n<meta property=\"og:locale\" content=\"es_ES\" \/>\n<meta property=\"og:type\" content=\"article\" \/>\n<meta property=\"og:title\" content=\"IAPV junto a Iprodi firmaron un convenio para garantizar el acceso a la vivienda a personas con discapacidad - Diario del Sur\" \/>\n<meta property=\"og:description\" content=\"El presidente del Instituto Aut\u00e1rquico de Planeamiento y Vivienda (IAPV), Manuel Sch\u00f6nhals, firm\u00f3 un convenio marco de cooperaci\u00f3n con el titular del Instituto Provincial de la Discapacidad (Iprodi), Diego V\u00e9lez, con la finalidad de dar respuesta a las necesidades habitacionales de personas con discapacidad en la provincia. El presente convenio tiene por objeto establecer un [&hellip;]\" \/>\n<meta property=\"og:url\" content=\"https:\/\/diariodelsurdigital.com.ar\/?p=4633\" \/>\n<meta property=\"og:site_name\" content=\"Diario del Sur\" \/>\n<meta property=\"article:published_time\" content=\"2025-09-11T13:52:46+00:00\" \/>\n<meta property=\"article:modified_time\" content=\"2025-09-11T13:52:47+00:00\" \/>\n<meta property=\"og:image\" content=\"https:\/\/diariodelsurdigital.com.ar\/wp-content\/uploads\/2025\/09\/md-38.webp\" \/>\n\t<meta property=\"og:image:width\" content=\"992\" \/>\n\t<meta property=\"og:image:height\" content=\"661\" \/>\n\t<meta property=\"og:image:type\" content=\"image\/webp\" \/>\n<meta name=\"author\" content=\"Diario del Sur Digital\" \/>\n<meta name=\"twitter:card\" content=\"summary_large_image\" \/>\n<meta name=\"twitter:label1\" content=\"Escrito por\" \/>\n\t<meta name=\"twitter:data1\" content=\"Diario del Sur Digital\" \/>\n\t<meta name=\"twitter:label2\" content=\"Tiempo de lectura\" \/>\n\t<meta name=\"twitter:data2\" content=\"2 minutos\" \/>\n<script type=\"application\/ld+json\" class=\"yoast-schema-graph\">{\"@context\":\"https:\\\/\\\/schema.org\",\"@graph\":[{\"@type\":\"Article\",\"@id\":\"https:\\\/\\\/diariodelsurdigital.com.ar\\\/?p=4633#article\",\"isPartOf\":{\"@id\":\"https:\\\/\\\/diariodelsurdigital.com.ar\\\/?p=4633\"},\"author\":{\"name\":\"Diario del Sur Digital\",\"@id\":\"https:\\\/\\\/diariodelsurdigital.com.ar\\\/#\\\/schema\\\/person\\\/1a4992532ed62965c968031b49195c81\"},\"headline\":\"IAPV junto a Iprodi firmaron un convenio para garantizar el acceso a la vivienda a personas con discapacidad\",\"datePublished\":\"2025-09-11T13:52:46+00:00\",\"dateModified\":\"2025-09-11T13:52:47+00:00\",\"mainEntityOfPage\":{\"@id\":\"https:\\\/\\\/diariodelsurdigital.com.ar\\\/?p=4633\"},\"wordCount\":268,\"commentCount\":0,\"image\":{\"@id\":\"https:\\\/\\\/diariodelsurdigital.com.ar\\\/?p=4633#primaryimage\"},\"thumbnailUrl\":\"https:\\\/\\\/diariodelsurdigital.com.ar\\\/wp-content\\\/uploads\\\/2025\\\/09\\\/md-38.webp\",\"articleSection\":[\"Provinciales\"],\"inLanguage\":\"es\",\"potentialAction\":[{\"@type\":\"CommentAction\",\"name\":\"Comment\",\"target\":[\"https:\\\/\\\/diariodelsurdigital.com.ar\\\/?p=4633#respond\"]}]},{\"@type\":\"WebPage\",\"@id\":\"https:\\\/\\\/diariodelsurdigital.com.ar\\\/?p=4633\",\"url\":\"https:\\\/\\\/diariodelsurdigital.com.ar\\\/?p=4633\",\"name\":\"IAPV junto a Iprodi firmaron un convenio para garantizar el acceso a la vivienda a personas con discapacidad - Diario del Sur\",\"isPartOf\":{\"@id\":\"https:\\\/\\\/diariodelsurdigital.com.ar\\\/#website\"},\"primaryImageOfPage\":{\"@id\":\"https:\\\/\\\/diariodelsurdigital.com.ar\\\/?p=4633#primaryimage\"},\"image\":{\"@id\":\"https:\\\/\\\/diariodelsurdigital.com.ar\\\/?p=4633#primaryimage\"},\"thumbnailUrl\":\"https:\\\/\\\/diariodelsurdigital.com.ar\\\/wp-content\\\/uploads\\\/2025\\\/09\\\/md-38.webp\",\"datePublished\":\"2025-09-11T13:52:46+00:00\",\"dateModified\":\"2025-09-11T13:52:47+00:00\",\"author\":{\"@id\":\"https:\\\/\\\/diariodelsurdigital.com.ar\\\/#\\\/schema\\\/person\\\/1a4992532ed62965c968031b49195c81\"},\"breadcrumb\":{\"@id\":\"https:\\\/\\\/diariodelsurdigital.com.ar\\\/?p=4633#breadcrumb\"},\"inLanguage\":\"es\",\"potentialAction\":[{\"@type\":\"ReadAction\",\"target\":[\"https:\\\/\\\/diariodelsurdigital.com.ar\\\/?p=4633\"]}]},{\"@type\":\"ImageObject\",\"inLanguage\":\"es\",\"@id\":\"https:\\\/\\\/diariodelsurdigital.com.ar\\\/?p=4633#primaryimage\",\"url\":\"https:\\\/\\\/diariodelsurdigital.com.ar\\\/wp-content\\\/uploads\\\/2025\\\/09\\\/md-38.webp\",\"contentUrl\":\"https:\\\/\\\/diariodelsurdigital.com.ar\\\/wp-content\\\/uploads\\\/2025\\\/09\\\/md-38.webp\",\"width\":992,\"height\":661},{\"@type\":\"BreadcrumbList\",\"@id\":\"https:\\\/\\\/diariodelsurdigital.com.ar\\\/?p=4633#breadcrumb\",\"itemListElement\":[{\"@type\":\"ListItem\",\"position\":1,\"name\":\"Portada\",\"item\":\"https:\\\/\\\/diariodelsurdigital.com.ar\\\/\"},{\"@type\":\"ListItem\",\"position\":2,\"name\":\"IAPV junto a Iprodi firmaron un convenio para garantizar el acceso a la vivienda a personas con discapacidad\"}]},{\"@type\":\"WebSite\",\"@id\":\"https:\\\/\\\/diariodelsurdigital.com.ar\\\/#website\",\"url\":\"https:\\\/\\\/diariodelsurdigital.com.ar\\\/\",\"name\":\"Diario del Sur\",\"description\":\"Digital\",\"potentialAction\":[{\"@type\":\"SearchAction\",\"target\":{\"@type\":\"EntryPoint\",\"urlTemplate\":\"https:\\\/\\\/diariodelsurdigital.com.ar\\\/?s={search_term_string}\"},\"query-input\":{\"@type\":\"PropertyValueSpecification\",\"valueRequired\":true,\"valueName\":\"search_term_string\"}}],\"inLanguage\":\"es\"},{\"@type\":\"Person\",\"@id\":\"https:\\\/\\\/diariodelsurdigital.com.ar\\\/#\\\/schema\\\/person\\\/1a4992532ed62965c968031b49195c81\",\"name\":\"Diario del Sur Digital\",\"image\":{\"@type\":\"ImageObject\",\"inLanguage\":\"es\",\"@id\":\"https:\\\/\\\/secure.gravatar.com\\\/avatar\\\/f0c7c47fc7146d19828273b9b8eda651c9c7ab583767e6338d3d3bee825adf76?s=96&d=mm&r=g\",\"url\":\"https:\\\/\\\/secure.gravatar.com\\\/avatar\\\/f0c7c47fc7146d19828273b9b8eda651c9c7ab583767e6338d3d3bee825adf76?s=96&d=mm&r=g\",\"contentUrl\":\"https:\\\/\\\/secure.gravatar.com\\\/avatar\\\/f0c7c47fc7146d19828273b9b8eda651c9c7ab583767e6338d3d3bee825adf76?s=96&d=mm&r=g\",\"caption\":\"Diario del Sur Digital\"},\"url\":\"https:\\\/\\\/diariodelsurdigital.com.ar\\\/?author=4\"}]}<\/script>\n<!-- \/ Yoast SEO plugin. -->","yoast_head_json":{"title":"IAPV junto a Iprodi firmaron un convenio para garantizar el acceso a la vivienda a personas con discapacidad - Diario del Sur","robots":{"index":"index","follow":"follow","max-snippet":"max-snippet:-1","max-image-preview":"max-image-preview:large","max-video-preview":"max-video-preview:-1"},"canonical":"https:\/\/diariodelsurdigital.com.ar\/?p=4633","og_locale":"es_ES","og_type":"article","og_title":"IAPV junto a Iprodi firmaron un convenio para garantizar el acceso a la vivienda a personas con discapacidad - Diario del Sur","og_description":"El presidente del Instituto Aut\u00e1rquico de Planeamiento y Vivienda (IAPV), Manuel Sch\u00f6nhals, firm\u00f3 un convenio marco de cooperaci\u00f3n con el titular del Instituto Provincial de la Discapacidad (Iprodi), Diego V\u00e9lez, con la finalidad de dar respuesta a las necesidades habitacionales de personas con discapacidad en la provincia. El presente convenio tiene por objeto establecer un [&hellip;]","og_url":"https:\/\/diariodelsurdigital.com.ar\/?p=4633","og_site_name":"Diario del Sur","article_published_time":"2025-09-11T13:52:46+00:00","article_modified_time":"2025-09-11T13:52:47+00:00","og_image":[{"width":992,"height":661,"url":"https:\/\/diariodelsurdigital.com.ar\/wp-content\/uploads\/2025\/09\/md-38.webp","type":"image\/webp"}],"author":"Diario del Sur Digital","twitter_card":"summary_large_image","twitter_misc":{"Escrito por":"Diario del Sur Digital","Tiempo de lectura":"2 minutos"},"schema":{"@context":"https:\/\/schema.org","@graph":[{"@type":"Article","@id":"https:\/\/diariodelsurdigital.com.ar\/?p=4633#article","isPartOf":{"@id":"https:\/\/diariodelsurdigital.com.ar\/?p=4633"},"author":{"name":"Diario del Sur Digital","@id":"https:\/\/diariodelsurdigital.com.ar\/#\/schema\/person\/1a4992532ed62965c968031b49195c81"},"headline":"IAPV junto a Iprodi firmaron un convenio para garantizar el acceso a la vivienda a personas con discapacidad","datePublished":"2025-09-11T13:52:46+00:00","dateModified":"2025-09-11T13:52:47+00:00","mainEntityOfPage":{"@id":"https:\/\/diariodelsurdigital.com.ar\/?p=4633"},"wordCount":268,"commentCount":0,"image":{"@id":"https:\/\/diariodelsurdigital.com.ar\/?p=4633#primaryimage"},"thumbnailUrl":"https:\/\/diariodelsurdigital.com.ar\/wp-content\/uploads\/2025\/09\/md-38.webp","articleSection":["Provinciales"],"inLanguage":"es","potentialAction":[{"@type":"CommentAction","name":"Comment","target":["https:\/\/diariodelsurdigital.com.ar\/?p=4633#respond"]}]},{"@type":"WebPage","@id":"https:\/\/diariodelsurdigital.com.ar\/?p=4633","url":"https:\/\/diariodelsurdigital.com.ar\/?p=4633","name":"IAPV junto a Iprodi firmaron un convenio para garantizar el acceso a la vivienda a personas con discapacidad - Diario del Sur","isPartOf":{"@id":"https:\/\/diariodelsurdigital.com.ar\/#website"},"primaryImageOfPage":{"@id":"https:\/\/diariodelsurdigital.com.ar\/?p=4633#primaryimage"},"image":{"@id":"https:\/\/diariodelsurdigital.com.ar\/?p=4633#primaryimage"},"thumbnailUrl":"https:\/\/diariodelsurdigital.com.ar\/wp-content\/uploads\/2025\/09\/md-38.webp","datePublished":"2025-09-11T13:52:46+00:00","dateModified":"2025-09-11T13:52:47+00:00","author":{"@id":"https:\/\/diariodelsurdigital.com.ar\/#\/schema\/person\/1a4992532ed62965c968031b49195c81"},"breadcrumb":{"@id":"https:\/\/diariodelsurdigital.com.ar\/?p=4633#breadcrumb"},"inLanguage":"es","potentialAction":[{"@type":"ReadAction","target":["https:\/\/diariodelsurdigital.com.ar\/?p=4633"]}]},{"@type":"ImageObject","inLanguage":"es","@id":"https:\/\/diariodelsurdigital.com.ar\/?p=4633#primaryimage","url":"https:\/\/diariodelsurdigital.com.ar\/wp-content\/uploads\/2025\/09\/md-38.webp","contentUrl":"https:\/\/diariodelsurdigital.com.ar\/wp-content\/uploads\/2025\/09\/md-38.webp","width":992,"height":661},{"@type":"BreadcrumbList","@id":"https:\/\/diariodelsurdigital.com.ar\/?p=4633#breadcrumb","itemListElement":[{"@type":"ListItem","position":1,"name":"Portada","item":"https:\/\/diariodelsurdigital.com.ar\/"},{"@type":"ListItem","position":2,"name":"IAPV junto a Iprodi firmaron un convenio para garantizar el acceso a la vivienda a personas con discapacidad"}]},{"@type":"WebSite","@id":"https:\/\/diariodelsurdigital.com.ar\/#website","url":"https:\/\/diariodelsurdigital.com.ar\/","name":"Diario del Sur","description":"Digital","potentialAction":[{"@type":"SearchAction","target":{"@type":"EntryPoint","urlTemplate":"https:\/\/diariodelsurdigital.com.ar\/?s={search_term_string}"},"query-input":{"@type":"PropertyValueSpecification","valueRequired":true,"valueName":"search_term_string"}}],"inLanguage":"es"},{"@type":"Person","@id":"https:\/\/diariodelsurdigital.com.ar\/#\/schema\/person\/1a4992532ed62965c968031b49195c81","name":"Diario del Sur Digital","image":{"@type":"ImageObject","inLanguage":"es","@id":"https:\/\/secure.gravatar.com\/avatar\/f0c7c47fc7146d19828273b9b8eda651c9c7ab583767e6338d3d3bee825adf76?s=96&d=mm&r=g","url":"https:\/\/secure.gravatar.com\/avatar\/f0c7c47fc7146d19828273b9b8eda651c9c7ab583767e6338d3d3bee825adf76?s=96&d=mm&r=g","contentUrl":"https:\/\/secure.gravatar.com\/avatar\/f0c7c47fc7146d19828273b9b8eda651c9c7ab583767e6338d3d3bee825adf76?s=96&d=mm&r=g","caption":"Diario del Sur Digital"},"url":"https:\/\/diariodelsurdigital.com.ar\/?author=4"}]}},"_links":{"self":[{"href":"https:\/\/diariodelsurdigital.com.ar\/index.php?rest_route=\/wp\/v2\/posts\/4633","targetHints":{"allow":["GET"]}}],"collection":[{"href":"https:\/\/diariodelsurdigital.com.ar\/index.php?rest_route=\/wp\/v2\/posts"}],"about":[{"href":"https:\/\/diariodelsurdigital.com.ar\/index.php?rest_route=\/wp\/v2\/types\/post"}],"author":[{"embeddable":true,"href":"https:\/\/diariodelsurdigital.com.ar\/index.php?rest_route=\/wp\/v2\/users\/4"}],"replies":[{"embeddable":true,"href":"https:\/\/diariodelsurdigital.com.ar\/index.php?rest_route=%2Fwp%2Fv2%2Fcomments&post=4633"}],"version-history":[{"count":1,"href":"https:\/\/diariodelsurdigital.com.ar\/index.php?rest_route=\/wp\/v2\/posts\/4633\/revisions"}],"predecessor-version":[{"id":4635,"href":"https:\/\/diariodelsurdigital.com.ar\/index.php?rest_route=\/wp\/v2\/posts\/4633\/revisions\/4635"}],"wp:featuredmedia":[{"embeddable":true,"href":"https:\/\/diariodelsurdigital.com.ar\/index.php?rest_route=\/wp\/v2\/media\/4634"}],"wp:attachment":[{"href":"https:\/\/diariodelsurdigital.com.ar\/index.php?rest_route=%2Fwp%2Fv2%2Fmedia&parent=4633"}],"wp:term":[{"taxonomy":"category","embeddable":true,"href":"https:\/\/diariodelsurdigital.com.ar\/index.php?rest_route=%2Fwp%2Fv2%2Fcategories&post=4633"},{"taxonomy":"post_tag","embeddable":true,"href":"https:\/\/diariodelsurdigital.com.ar\/index.php?rest_route=%2Fwp%2Fv2%2Ftags&post=4633"}],"curies":[{"name":"wp","href":"https:\/\/api.w.org\/{rel}","templated":true}]}}