{"id":4642,"date":"2025-09-11T20:33:18","date_gmt":"2025-09-11T23:33:18","guid":{"rendered":"https:\/\/diariodelsurdigital.com.ar\/?p=4642"},"modified":"2025-09-11T20:56:29","modified_gmt":"2025-09-11T23:56:29","slug":"carolina-gailliard-se-reunio-con-militantes-del-barrio-pancho-ramirez-de-concordia","status":"publish","type":"post","link":"https:\/\/diariodelsurdigital.com.ar\/?p=4642","title":{"rendered":"Carolina Gailliard se reuni\u00f3 con militantes del barrio Pancho Ram\u00edrez de Concordia"},"content":{"rendered":"\n<p>Acompa\u00f1ada por la candidata a diputada nacional, Paola Rubatino, la candidata a senadora nacional por la <strong>Lista 503<\/strong>, visit\u00f3 varios lugares de Concordia. Entre ellos, mantuvo una reuni\u00f3n con un nutrido grupo de militantes de la seccional cuarta en el populoso barrio Pancho Ram\u00edrez, precisamente en la casa del referente peronista, Rub\u00e9n Esteche.<\/p>\n\n\n\n<p>En el c\u00f3nclave, tambi\u00e9n participaron docentes, trabajadores independientes, comerciantes, trabajadores de la fruta, como as\u00ed tambi\u00e9n vecinos de los barrios aleda\u00f1os como Constituci\u00f3n, San Francisco, F\u00e1tima, San Mart\u00edn y otros.<\/p>\n\n\n\n<p>En la misma, Esteche destac\u00f3 la participaci\u00f3n de militantes de todas las \u00e9pocas, mencionando a \u00abMaca\u00bb Godoy y Miguel Yoya, pioneros en la militancia peronista desde la fundaci\u00f3n del barrio a comienzos de la d\u00e9cada del 70, junto al sacerdote Andr\u00e9s Serv\u00edn y otros militantes sociales.<\/p>\n\n\n\n<p>En el encuentro, la Gailliard indic\u00f3 que, \u00abJunto a Paola (Rubatino) nos plantamos para dar batalla al status quo del partido que no quieren que nada cambie, adem\u00e1s ac\u00e1 no hay una clara conducci\u00f3n del peronismo a nivel provincial. Para eso nosotros tenemos que construir algo genuino, con participaci\u00f3n de todos los compa\u00f1eros. Nosotros despu\u00e9s de la derrota, no podemos mirar para otro lado como si nada hubiera pasado. Tenemos que charlar con los compa\u00f1eros y entre todos hacer una evaluaci\u00f3n del porqu\u00e9 se lleg\u00f3 a este estado. Pero tambi\u00e9n hay que ir reconstruyendo el peronismo en base a la solidaridad y una organizaci\u00f3n genuina que nos permita plantarnos ante el atropello de un gobierno que no conoce l\u00edmites en cuanto a sus actos inhumanos\u00bb, puntualiz\u00f3 Gailliard. <\/p>\n\n\n\n<p>\u00abEn esta instancia electoral, es muy importante participar porque nosotros tenemos que reforzar y defender todo lo que haya que defender y proponer, lo que haya que proponer. Todos ustedes saben lo cruel que es Milei y lo necesario que es ponerle un freno a sus locuras. Tambi\u00e9n sabemos que tanto Mitchel como Bahl, no nos representan y que no sabemos c\u00f3mo pueden llegar a votar la reforma previsional o laboral por ejemplo. Creemos que la lista del Partido Justicialista es del Partido Renovador. Nosotros no estamos de acuerdo con esa lista de la tan famosa unidad. Nosotros creemos en otro peronismo. Un peronismo disruptivo, un peronismo rebelde en donde haya derecho a discernir por parte de los compa\u00f1eros, un peronismo que le cambie la vida a la gente y no que administre para el poder\u00bb, culmin\u00f3.<\/p>\n\n\n\n<p><\/p>\n","protected":false},"excerpt":{"rendered":"<p>Acompa\u00f1ada por la candidata a diputada nacional, Paola Rubatino, la candidata a senadora nacional por la Lista 503, visit\u00f3 varios lugares de Concordia. Entre ellos, mantuvo una reuni\u00f3n con un nutrido grupo de militantes de la seccional cuarta en el populoso barrio Pancho Ram\u00edrez, precisamente en la casa del referente peronista, Rub\u00e9n Esteche. En el [&hellip;]<\/p>\n","protected":false},"author":2,"featured_media":4643,"comment_status":"open","ping_status":"open","sticky":false,"template":"","format":"standard","meta":{"footnotes":""},"categories":[22],"tags":[],"class_list":{"0":"post-4642","1":"post","2":"type-post","3":"status-publish","4":"format-standard","5":"has-post-thumbnail","7":"category-politica"},"yoast_head":"<!-- This site is optimized with the Yoast SEO plugin v27.4 - https:\/\/yoast.com\/product\/yoast-seo-wordpress\/ -->\n<title>Carolina Gailliard se reuni\u00f3 con militantes del barrio Pancho Ram\u00edrez de Concordia - Diario del Sur<\/title>\n<meta name=\"robots\" content=\"index, follow, max-snippet:-1, max-image-preview:large, max-video-preview:-1\" \/>\n<link rel=\"canonical\" href=\"https:\/\/diariodelsurdigital.com.ar\/?p=4642\" \/>\n<meta property=\"og:locale\" content=\"es_ES\" \/>\n<meta property=\"og:type\" content=\"article\" \/>\n<meta property=\"og:title\" content=\"Carolina Gailliard se reuni\u00f3 con militantes del barrio Pancho Ram\u00edrez de Concordia - Diario del Sur\" \/>\n<meta property=\"og:description\" content=\"Acompa\u00f1ada por la candidata a diputada nacional, Paola Rubatino, la candidata a senadora nacional por la Lista 503, visit\u00f3 varios lugares de Concordia. Entre ellos, mantuvo una reuni\u00f3n con un nutrido grupo de militantes de la seccional cuarta en el populoso barrio Pancho Ram\u00edrez, precisamente en la casa del referente peronista, Rub\u00e9n Esteche. En el [&hellip;]\" \/>\n<meta property=\"og:url\" content=\"https:\/\/diariodelsurdigital.com.ar\/?p=4642\" \/>\n<meta property=\"og:site_name\" content=\"Diario del Sur\" \/>\n<meta property=\"article:published_time\" content=\"2025-09-11T23:33:18+00:00\" \/>\n<meta property=\"article:modified_time\" content=\"2025-09-11T23:56:29+00:00\" \/>\n<meta property=\"og:image\" content=\"https:\/\/diariodelsurdigital.com.ar\/wp-content\/uploads\/2025\/09\/Imagen-de-WhatsApp-2025-09-11-a-las-11.01.41_5f495278.jpg\" \/>\n\t<meta property=\"og:image:width\" content=\"476\" \/>\n\t<meta property=\"og:image:height\" content=\"332\" \/>\n\t<meta property=\"og:image:type\" content=\"image\/jpeg\" \/>\n<meta name=\"author\" content=\"Diario del Sur Digital\" \/>\n<meta name=\"twitter:card\" content=\"summary_large_image\" \/>\n<meta name=\"twitter:label1\" content=\"Escrito por\" \/>\n\t<meta name=\"twitter:data1\" content=\"Diario del Sur Digital\" \/>\n\t<meta name=\"twitter:label2\" content=\"Tiempo de lectura\" \/>\n\t<meta name=\"twitter:data2\" content=\"3 minutos\" \/>\n<script type=\"application\/ld+json\" class=\"yoast-schema-graph\">{\"@context\":\"https:\\\/\\\/schema.org\",\"@graph\":[{\"@type\":\"Article\",\"@id\":\"https:\\\/\\\/diariodelsurdigital.com.ar\\\/?p=4642#article\",\"isPartOf\":{\"@id\":\"https:\\\/\\\/diariodelsurdigital.com.ar\\\/?p=4642\"},\"author\":{\"name\":\"Diario del Sur Digital\",\"@id\":\"https:\\\/\\\/diariodelsurdigital.com.ar\\\/#\\\/schema\\\/person\\\/6136a32571657f7dba980b88b04c5465\"},\"headline\":\"Carolina Gailliard se reuni\u00f3 con militantes del barrio Pancho Ram\u00edrez de Concordia\",\"datePublished\":\"2025-09-11T23:33:18+00:00\",\"dateModified\":\"2025-09-11T23:56:29+00:00\",\"mainEntityOfPage\":{\"@id\":\"https:\\\/\\\/diariodelsurdigital.com.ar\\\/?p=4642\"},\"wordCount\":433,\"commentCount\":1,\"image\":{\"@id\":\"https:\\\/\\\/diariodelsurdigital.com.ar\\\/?p=4642#primaryimage\"},\"thumbnailUrl\":\"https:\\\/\\\/diariodelsurdigital.com.ar\\\/wp-content\\\/uploads\\\/2025\\\/09\\\/Imagen-de-WhatsApp-2025-09-11-a-las-11.01.41_5f495278.jpg\",\"articleSection\":[\"Pol\u00edtica\"],\"inLanguage\":\"es\",\"potentialAction\":[{\"@type\":\"CommentAction\",\"name\":\"Comment\",\"target\":[\"https:\\\/\\\/diariodelsurdigital.com.ar\\\/?p=4642#respond\"]}]},{\"@type\":\"WebPage\",\"@id\":\"https:\\\/\\\/diariodelsurdigital.com.ar\\\/?p=4642\",\"url\":\"https:\\\/\\\/diariodelsurdigital.com.ar\\\/?p=4642\",\"name\":\"Carolina Gailliard se reuni\u00f3 con militantes del barrio Pancho Ram\u00edrez de Concordia - Diario del Sur\",\"isPartOf\":{\"@id\":\"https:\\\/\\\/diariodelsurdigital.com.ar\\\/#website\"},\"primaryImageOfPage\":{\"@id\":\"https:\\\/\\\/diariodelsurdigital.com.ar\\\/?p=4642#primaryimage\"},\"image\":{\"@id\":\"https:\\\/\\\/diariodelsurdigital.com.ar\\\/?p=4642#primaryimage\"},\"thumbnailUrl\":\"https:\\\/\\\/diariodelsurdigital.com.ar\\\/wp-content\\\/uploads\\\/2025\\\/09\\\/Imagen-de-WhatsApp-2025-09-11-a-las-11.01.41_5f495278.jpg\",\"datePublished\":\"2025-09-11T23:33:18+00:00\",\"dateModified\":\"2025-09-11T23:56:29+00:00\",\"author\":{\"@id\":\"https:\\\/\\\/diariodelsurdigital.com.ar\\\/#\\\/schema\\\/person\\\/6136a32571657f7dba980b88b04c5465\"},\"breadcrumb\":{\"@id\":\"https:\\\/\\\/diariodelsurdigital.com.ar\\\/?p=4642#breadcrumb\"},\"inLanguage\":\"es\",\"potentialAction\":[{\"@type\":\"ReadAction\",\"target\":[\"https:\\\/\\\/diariodelsurdigital.com.ar\\\/?p=4642\"]}]},{\"@type\":\"ImageObject\",\"inLanguage\":\"es\",\"@id\":\"https:\\\/\\\/diariodelsurdigital.com.ar\\\/?p=4642#primaryimage\",\"url\":\"https:\\\/\\\/diariodelsurdigital.com.ar\\\/wp-content\\\/uploads\\\/2025\\\/09\\\/Imagen-de-WhatsApp-2025-09-11-a-las-11.01.41_5f495278.jpg\",\"contentUrl\":\"https:\\\/\\\/diariodelsurdigital.com.ar\\\/wp-content\\\/uploads\\\/2025\\\/09\\\/Imagen-de-WhatsApp-2025-09-11-a-las-11.01.41_5f495278.jpg\",\"width\":476,\"height\":332},{\"@type\":\"BreadcrumbList\",\"@id\":\"https:\\\/\\\/diariodelsurdigital.com.ar\\\/?p=4642#breadcrumb\",\"itemListElement\":[{\"@type\":\"ListItem\",\"position\":1,\"name\":\"Portada\",\"item\":\"https:\\\/\\\/diariodelsurdigital.com.ar\\\/\"},{\"@type\":\"ListItem\",\"position\":2,\"name\":\"Carolina Gailliard se reuni\u00f3 con militantes del barrio Pancho Ram\u00edrez de Concordia\"}]},{\"@type\":\"WebSite\",\"@id\":\"https:\\\/\\\/diariodelsurdigital.com.ar\\\/#website\",\"url\":\"https:\\\/\\\/diariodelsurdigital.com.ar\\\/\",\"name\":\"Diario del Sur\",\"description\":\"Digital\",\"potentialAction\":[{\"@type\":\"SearchAction\",\"target\":{\"@type\":\"EntryPoint\",\"urlTemplate\":\"https:\\\/\\\/diariodelsurdigital.com.ar\\\/?s={search_term_string}\"},\"query-input\":{\"@type\":\"PropertyValueSpecification\",\"valueRequired\":true,\"valueName\":\"search_term_string\"}}],\"inLanguage\":\"es\"},{\"@type\":\"Person\",\"@id\":\"https:\\\/\\\/diariodelsurdigital.com.ar\\\/#\\\/schema\\\/person\\\/6136a32571657f7dba980b88b04c5465\",\"name\":\"Diario del Sur Digital\",\"image\":{\"@type\":\"ImageObject\",\"inLanguage\":\"es\",\"@id\":\"https:\\\/\\\/secure.gravatar.com\\\/avatar\\\/4c29ceac98541dd42460b2474aaa5dd37594d6ce6cb3cf2c101d09b48ee287ba?s=96&d=mm&r=g\",\"url\":\"https:\\\/\\\/secure.gravatar.com\\\/avatar\\\/4c29ceac98541dd42460b2474aaa5dd37594d6ce6cb3cf2c101d09b48ee287ba?s=96&d=mm&r=g\",\"contentUrl\":\"https:\\\/\\\/secure.gravatar.com\\\/avatar\\\/4c29ceac98541dd42460b2474aaa5dd37594d6ce6cb3cf2c101d09b48ee287ba?s=96&d=mm&r=g\",\"caption\":\"Diario del Sur Digital\"},\"url\":\"https:\\\/\\\/diariodelsurdigital.com.ar\\\/?author=2\"}]}<\/script>\n<!-- \/ Yoast SEO plugin. -->","yoast_head_json":{"title":"Carolina Gailliard se reuni\u00f3 con militantes del barrio Pancho Ram\u00edrez de Concordia - Diario del Sur","robots":{"index":"index","follow":"follow","max-snippet":"max-snippet:-1","max-image-preview":"max-image-preview:large","max-video-preview":"max-video-preview:-1"},"canonical":"https:\/\/diariodelsurdigital.com.ar\/?p=4642","og_locale":"es_ES","og_type":"article","og_title":"Carolina Gailliard se reuni\u00f3 con militantes del barrio Pancho Ram\u00edrez de Concordia - Diario del Sur","og_description":"Acompa\u00f1ada por la candidata a diputada nacional, Paola Rubatino, la candidata a senadora nacional por la Lista 503, visit\u00f3 varios lugares de Concordia. Entre ellos, mantuvo una reuni\u00f3n con un nutrido grupo de militantes de la seccional cuarta en el populoso barrio Pancho Ram\u00edrez, precisamente en la casa del referente peronista, Rub\u00e9n Esteche. En el [&hellip;]","og_url":"https:\/\/diariodelsurdigital.com.ar\/?p=4642","og_site_name":"Diario del Sur","article_published_time":"2025-09-11T23:33:18+00:00","article_modified_time":"2025-09-11T23:56:29+00:00","og_image":[{"width":476,"height":332,"url":"https:\/\/diariodelsurdigital.com.ar\/wp-content\/uploads\/2025\/09\/Imagen-de-WhatsApp-2025-09-11-a-las-11.01.41_5f495278.jpg","type":"image\/jpeg"}],"author":"Diario del Sur Digital","twitter_card":"summary_large_image","twitter_misc":{"Escrito por":"Diario del Sur Digital","Tiempo de lectura":"3 minutos"},"schema":{"@context":"https:\/\/schema.org","@graph":[{"@type":"Article","@id":"https:\/\/diariodelsurdigital.com.ar\/?p=4642#article","isPartOf":{"@id":"https:\/\/diariodelsurdigital.com.ar\/?p=4642"},"author":{"name":"Diario del Sur Digital","@id":"https:\/\/diariodelsurdigital.com.ar\/#\/schema\/person\/6136a32571657f7dba980b88b04c5465"},"headline":"Carolina Gailliard se reuni\u00f3 con militantes del barrio Pancho Ram\u00edrez de Concordia","datePublished":"2025-09-11T23:33:18+00:00","dateModified":"2025-09-11T23:56:29+00:00","mainEntityOfPage":{"@id":"https:\/\/diariodelsurdigital.com.ar\/?p=4642"},"wordCount":433,"commentCount":1,"image":{"@id":"https:\/\/diariodelsurdigital.com.ar\/?p=4642#primaryimage"},"thumbnailUrl":"https:\/\/diariodelsurdigital.com.ar\/wp-content\/uploads\/2025\/09\/Imagen-de-WhatsApp-2025-09-11-a-las-11.01.41_5f495278.jpg","articleSection":["Pol\u00edtica"],"inLanguage":"es","potentialAction":[{"@type":"CommentAction","name":"Comment","target":["https:\/\/diariodelsurdigital.com.ar\/?p=4642#respond"]}]},{"@type":"WebPage","@id":"https:\/\/diariodelsurdigital.com.ar\/?p=4642","url":"https:\/\/diariodelsurdigital.com.ar\/?p=4642","name":"Carolina Gailliard se reuni\u00f3 con militantes del barrio Pancho Ram\u00edrez de Concordia - Diario del Sur","isPartOf":{"@id":"https:\/\/diariodelsurdigital.com.ar\/#website"},"primaryImageOfPage":{"@id":"https:\/\/diariodelsurdigital.com.ar\/?p=4642#primaryimage"},"image":{"@id":"https:\/\/diariodelsurdigital.com.ar\/?p=4642#primaryimage"},"thumbnailUrl":"https:\/\/diariodelsurdigital.com.ar\/wp-content\/uploads\/2025\/09\/Imagen-de-WhatsApp-2025-09-11-a-las-11.01.41_5f495278.jpg","datePublished":"2025-09-11T23:33:18+00:00","dateModified":"2025-09-11T23:56:29+00:00","author":{"@id":"https:\/\/diariodelsurdigital.com.ar\/#\/schema\/person\/6136a32571657f7dba980b88b04c5465"},"breadcrumb":{"@id":"https:\/\/diariodelsurdigital.com.ar\/?p=4642#breadcrumb"},"inLanguage":"es","potentialAction":[{"@type":"ReadAction","target":["https:\/\/diariodelsurdigital.com.ar\/?p=4642"]}]},{"@type":"ImageObject","inLanguage":"es","@id":"https:\/\/diariodelsurdigital.com.ar\/?p=4642#primaryimage","url":"https:\/\/diariodelsurdigital.com.ar\/wp-content\/uploads\/2025\/09\/Imagen-de-WhatsApp-2025-09-11-a-las-11.01.41_5f495278.jpg","contentUrl":"https:\/\/diariodelsurdigital.com.ar\/wp-content\/uploads\/2025\/09\/Imagen-de-WhatsApp-2025-09-11-a-las-11.01.41_5f495278.jpg","width":476,"height":332},{"@type":"BreadcrumbList","@id":"https:\/\/diariodelsurdigital.com.ar\/?p=4642#breadcrumb","itemListElement":[{"@type":"ListItem","position":1,"name":"Portada","item":"https:\/\/diariodelsurdigital.com.ar\/"},{"@type":"ListItem","position":2,"name":"Carolina Gailliard se reuni\u00f3 con militantes del barrio Pancho Ram\u00edrez de Concordia"}]},{"@type":"WebSite","@id":"https:\/\/diariodelsurdigital.com.ar\/#website","url":"https:\/\/diariodelsurdigital.com.ar\/","name":"Diario del Sur","description":"Digital","potentialAction":[{"@type":"SearchAction","target":{"@type":"EntryPoint","urlTemplate":"https:\/\/diariodelsurdigital.com.ar\/?s={search_term_string}"},"query-input":{"@type":"PropertyValueSpecification","valueRequired":true,"valueName":"search_term_string"}}],"inLanguage":"es"},{"@type":"Person","@id":"https:\/\/diariodelsurdigital.com.ar\/#\/schema\/person\/6136a32571657f7dba980b88b04c5465","name":"Diario del Sur Digital","image":{"@type":"ImageObject","inLanguage":"es","@id":"https:\/\/secure.gravatar.com\/avatar\/4c29ceac98541dd42460b2474aaa5dd37594d6ce6cb3cf2c101d09b48ee287ba?s=96&d=mm&r=g","url":"https:\/\/secure.gravatar.com\/avatar\/4c29ceac98541dd42460b2474aaa5dd37594d6ce6cb3cf2c101d09b48ee287ba?s=96&d=mm&r=g","contentUrl":"https:\/\/secure.gravatar.com\/avatar\/4c29ceac98541dd42460b2474aaa5dd37594d6ce6cb3cf2c101d09b48ee287ba?s=96&d=mm&r=g","caption":"Diario del Sur Digital"},"url":"https:\/\/diariodelsurdigital.com.ar\/?author=2"}]}},"_links":{"self":[{"href":"https:\/\/diariodelsurdigital.com.ar\/index.php?rest_route=\/wp\/v2\/posts\/4642","targetHints":{"allow":["GET"]}}],"collection":[{"href":"https:\/\/diariodelsurdigital.com.ar\/index.php?rest_route=\/wp\/v2\/posts"}],"about":[{"href":"https:\/\/diariodelsurdigital.com.ar\/index.php?rest_route=\/wp\/v2\/types\/post"}],"author":[{"embeddable":true,"href":"https:\/\/diariodelsurdigital.com.ar\/index.php?rest_route=\/wp\/v2\/users\/2"}],"replies":[{"embeddable":true,"href":"https:\/\/diariodelsurdigital.com.ar\/index.php?rest_route=%2Fwp%2Fv2%2Fcomments&post=4642"}],"version-history":[{"count":3,"href":"https:\/\/diariodelsurdigital.com.ar\/index.php?rest_route=\/wp\/v2\/posts\/4642\/revisions"}],"predecessor-version":[{"id":4646,"href":"https:\/\/diariodelsurdigital.com.ar\/index.php?rest_route=\/wp\/v2\/posts\/4642\/revisions\/4646"}],"wp:featuredmedia":[{"embeddable":true,"href":"https:\/\/diariodelsurdigital.com.ar\/index.php?rest_route=\/wp\/v2\/media\/4643"}],"wp:attachment":[{"href":"https:\/\/diariodelsurdigital.com.ar\/index.php?rest_route=%2Fwp%2Fv2%2Fmedia&parent=4642"}],"wp:term":[{"taxonomy":"category","embeddable":true,"href":"https:\/\/diariodelsurdigital.com.ar\/index.php?rest_route=%2Fwp%2Fv2%2Fcategories&post=4642"},{"taxonomy":"post_tag","embeddable":true,"href":"https:\/\/diariodelsurdigital.com.ar\/index.php?rest_route=%2Fwp%2Fv2%2Ftags&post=4642"}],"curies":[{"name":"wp","href":"https:\/\/api.w.org\/{rel}","templated":true}]}}