{"id":4655,"date":"2025-09-12T09:54:26","date_gmt":"2025-09-12T12:54:26","guid":{"rendered":"https:\/\/diariodelsurdigital.com.ar\/?p=4655"},"modified":"2025-09-12T09:54:26","modified_gmt":"2025-09-12T12:54:26","slug":"la-corte-suprema-de-brasil-condeno-a-jair-bolsonaro-a-27-anos-y-3-meses-de-prision-por-intento-de-golpe-de-estado","status":"publish","type":"post","link":"https:\/\/diariodelsurdigital.com.ar\/?p=4655","title":{"rendered":"La Corte Suprema de Brasil conden\u00f3 a Jair Bolsonaro a 27 a\u00f1os y 3 meses de prisi\u00f3n por intento de golpe de Estado"},"content":{"rendered":"\n<p>El expresidente brasile\u00f1o Jair Bolsonaro fue condenado este jueves por la Corte Suprema a 27 a\u00f1os y tres meses de prisi\u00f3n por el intento de golpe de Estado el 8 de enero de 2023, una semana despu\u00e9s de la toma de posesi\u00f3n de Lula, cuando miles de bolsonaristas asaltaron las sedes de los tres poderes.<\/p>\n\n\n\n<p><\/p>\n\n\n\n<p>El expresidente brasile\u00f1o fue condenado a 27 a\u00f1os y tres meses de prisi\u00f3n por intento de golpe de Estado contra el actual mandatario Luiz In\u00e1cio &#8216;Lula&#8217; da Silva, tras haber perdido las elecciones en 2022. La decisi\u00f3n, hist\u00f3rica, se conoci\u00f3 este jueves 11 de septiembre tras el pronunciamiento de la jueza Carmen L\u00facia, los magistrados del Tribunal Supremo de Brasil alcanzaron la mayor\u00eda para condenar a Jair Bolsonaro.<\/p>\n\n\n\n<p>La jueza Carmen L\u00facia del Tribunal Supremo de Brasil emiti\u00f3 su voto de condena contra el expresidente Jair Bolsonaro por su participaci\u00f3n en el intento de golpe de Estado contra Lula da Silva. Su voto sirvi\u00f3 para obtener la mayor\u00eda que conden\u00f3 al expresidente Bolsonaro. As\u00ed, el panel de cinco miembros del Tribunal Supremo de Brasil form\u00f3 mayor\u00eda este jueves para condenar al expresidente Jair Bolsonaro por pertenecer a una organizaci\u00f3n criminal armada.<\/p>\n\n\n\n<p>El juicio hist\u00f3rico a Bolsonaro entr\u00f3 este jueves en la recta final, con el esperado voto de los dos \u00faltimos jueces que deben determinar si el expresidente brasile\u00f1o debe ir a la c\u00e1rcel por golpismo: los jueces Carmen L\u00facia y Cristiano Zanin votaron a favor de la condena y el resultado es cuatro a uno.<\/p>\n\n\n\n<p>Organizaci\u00f3n criminal armada<\/p>\n\n\n\n<p>El l\u00edder de extrema derecha, de 70 a\u00f1os lider\u00f3 una organizaci\u00f3n criminal armada para aferrarse al poder tras perder las elecciones de 2022 contra su rival Luiz In\u00e1cio Lula da Silva. Capit\u00e1n del Ej\u00e9rcito y nost\u00e1lgico de la dictadura, Bolsonaro franque\u00f3 el paso a los militares a los pasillos del palacio de Planalto durante sus cuatro a\u00f1os de gobierno (2019-2022).<\/p>\n\n\n\n<p>Pero esos mismos generales no se dejaron arrastrar a la aventura golpista con la que Bolsonaro pretend\u00eda retener el poder tras su derrota en las elecciones de 2022. Por ello, a los 70 a\u00f1os se enfrenta a la perspectiva de pasar el resto de sus d\u00edas en la c\u00e1rcel o en prisi\u00f3n domiciliaria, public\u00f3 Clar\u00edn, con informaci\u00f3n propia y de la Agencia AFP.<\/p>\n\n\n\n<p>Bolsonaro, un excapit\u00e1n del ej\u00e9rcito en arresto domiciliario desde agosto, no participa en las audiencias en el tribunal en Brasilia al alegar problemas de salud. De remera verde y pantal\u00f3n negro, Bolsonaro se hallaba este jueves junto a su cu\u00f1ado Eduardo Torres en el patio frente a su casa en Brasilia antes del inicio de la sesi\u00f3n, constat\u00f3 un periodista de la AFP.<\/p>\n\n\n\n<p>Tras obtener autorizaci\u00f3n judicial, el ex presidente tiene previsto someterse a un procedimiento m\u00e9dico menor en un hospital de la capital el domingo, cuando ya podr\u00eda ser objeto de una condena.<\/p>\n\n\n\n<p>El exmandatario, que gobern\u00f3 Brasil desde 2019 a 2022, est\u00e1 acusado junto a otros siete excolaboradores, entre ellos exministros y jefes militares, de haber conspirado durante meses para dar un golpe de Estado.<\/p>\n\n\n\n<p>La trama golpista, que habr\u00eda incluido un plan para asesinar a Lula, no se habr\u00eda ejecutado por falta de apoyo de la c\u00fapula militar.<\/p>\n\n\n\n<p>\u00bfAmnist\u00eda?<\/p>\n\n\n\n<p>\u00abBrasil casi volvi\u00f3 a una dictadura\u00bb, dijo el juez relator del caso, Alexandre de Moraes, blanco tambi\u00e9n del presunto plan de asesinato.<\/p>\n\n\n\n<p>Moraes vot\u00f3 por una condena, as\u00ed como el juez Fl\u00e1vio Dino, exministro de Lula. Dino advirti\u00f3 adem\u00e1s que los cr\u00edmenes juzgados no son susceptibles de una amnist\u00eda, en momentos en que el bolsonarismo empuja por un perd\u00f3n legislativo a su l\u00edder si resulta condenado.<\/p>\n\n\n\n<p>A contracorriente de sus colegas, Fux estim\u00f3 que el tribunal no era competente para juzgar a un expresidente y adujo una falta de pruebas para condenar a Bolsonaro.<\/p>\n\n\n\n<p>\u00abEste voto no va a interferir en el resultado final, pero va a interferir en la historia\u00bb, dijo a la AFP el diputado bolsonarista Luiz Lima, para quien hay una \u00abpresi\u00f3n enorme\u00bb para incluir el proyecto de amnist\u00eda en la agenda del Congreso.<\/p>\n\n\n\n<p>La sociedad brasile\u00f1a, polarizada, se muestra dividida entre quienes consideran el juicio un ejercicio de defensa de la democracia y quienes aducen motivaciones partidistas.<\/p>\n\n\n\n<p>\u00abEste juicio es injusto (\u2026) no sigui\u00f3 el ritmo normal. Es m\u00e1s pol\u00edtico que jur\u00eddico\u00bb, dijo a la AFP en Brasil Germano Cavalcante, un ingeniero civil, de 60 a\u00f1os. Ana Karla Oliveira, una analista de sistemas, de 21 a\u00f1os, disinti\u00f3.<\/p>\n\n\n\n<p>Bolsonaro \u00abdebe ser responsabilizado por tentativa de golpe\u00bb. \u00abTrajo al pa\u00eds una nueva era de conservadurismo de una forma muy violenta\u00bb, estim\u00f3.<\/p>\n\n\n\n<p>Los brasile\u00f1os votar\u00e1n en las presidenciales de 2026. Mientras Lula, de 79 a\u00f1os, cuenta con presentarse a la reelecci\u00f3n, una condena a Bolsonaro precipitar\u00eda la carrera en la derecha para sucederle.<\/p>\n\n\n\n<p>Hasta ahora, pese a estar inhabilitado pol\u00edticamente, el expresidente ha afirmado su intenci\u00f3n de volver a presentarse en los comicios. El juicio se desarrolla en medio de presiones sobre Brasil del presidente estadounidense Donald Trump, que aplic\u00f3 aranceles punitivos a productos brasile\u00f1os bajo el argumento de que existe una \u00abcaza de brujas\u00bb contra su aliado Bolsonaro.<\/p>\n\n\n\n<p><\/p>\n","protected":false},"excerpt":{"rendered":"<p>El expresidente brasile\u00f1o Jair Bolsonaro fue condenado este jueves por la Corte Suprema a 27 a\u00f1os y tres meses de prisi\u00f3n por el intento de golpe de Estado el 8 de enero de 2023, una semana despu\u00e9s de la toma de posesi\u00f3n de Lula, cuando miles de bolsonaristas asaltaron las sedes de los tres poderes. [&hellip;]<\/p>\n","protected":false},"author":4,"featured_media":4656,"comment_status":"open","ping_status":"open","sticky":false,"template":"","format":"standard","meta":{"footnotes":""},"categories":[20,22],"tags":[],"class_list":{"0":"post-4655","1":"post","2":"type-post","3":"status-publish","4":"format-standard","5":"has-post-thumbnail","7":"category-internacionales","8":"category-politica"},"yoast_head":"<!-- This site is optimized with the Yoast SEO plugin v27.4 - https:\/\/yoast.com\/product\/yoast-seo-wordpress\/ -->\n<title>La Corte Suprema de Brasil conden\u00f3 a Jair Bolsonaro a 27 a\u00f1os y 3 meses de prisi\u00f3n por intento de golpe de Estado - Diario del Sur<\/title>\n<meta name=\"robots\" content=\"index, follow, max-snippet:-1, max-image-preview:large, max-video-preview:-1\" \/>\n<link rel=\"canonical\" href=\"https:\/\/diariodelsurdigital.com.ar\/?p=4655\" \/>\n<meta property=\"og:locale\" content=\"es_ES\" \/>\n<meta property=\"og:type\" content=\"article\" \/>\n<meta property=\"og:title\" content=\"La Corte Suprema de Brasil conden\u00f3 a Jair Bolsonaro a 27 a\u00f1os y 3 meses de prisi\u00f3n por intento de golpe de Estado - Diario del Sur\" \/>\n<meta property=\"og:description\" content=\"El expresidente brasile\u00f1o Jair Bolsonaro fue condenado este jueves por la Corte Suprema a 27 a\u00f1os y tres meses de prisi\u00f3n por el intento de golpe de Estado el 8 de enero de 2023, una semana despu\u00e9s de la toma de posesi\u00f3n de Lula, cuando miles de bolsonaristas asaltaron las sedes de los tres poderes. [&hellip;]\" \/>\n<meta property=\"og:url\" content=\"https:\/\/diariodelsurdigital.com.ar\/?p=4655\" \/>\n<meta property=\"og:site_name\" content=\"Diario del Sur\" \/>\n<meta property=\"article:published_time\" content=\"2025-09-12T12:54:26+00:00\" \/>\n<meta property=\"og:image\" content=\"https:\/\/diariodelsurdigital.com.ar\/wp-content\/uploads\/2025\/09\/md-42.webp\" \/>\n\t<meta property=\"og:image:width\" content=\"992\" \/>\n\t<meta property=\"og:image:height\" content=\"661\" \/>\n\t<meta property=\"og:image:type\" content=\"image\/webp\" \/>\n<meta name=\"author\" content=\"Diario del Sur Digital\" \/>\n<meta name=\"twitter:card\" content=\"summary_large_image\" \/>\n<meta name=\"twitter:label1\" content=\"Escrito por\" \/>\n\t<meta name=\"twitter:data1\" content=\"Diario del Sur Digital\" \/>\n\t<meta name=\"twitter:label2\" content=\"Tiempo de lectura\" \/>\n\t<meta name=\"twitter:data2\" content=\"5 minutos\" \/>\n<script type=\"application\/ld+json\" class=\"yoast-schema-graph\">{\"@context\":\"https:\\\/\\\/schema.org\",\"@graph\":[{\"@type\":\"Article\",\"@id\":\"https:\\\/\\\/diariodelsurdigital.com.ar\\\/?p=4655#article\",\"isPartOf\":{\"@id\":\"https:\\\/\\\/diariodelsurdigital.com.ar\\\/?p=4655\"},\"author\":{\"name\":\"Diario del Sur Digital\",\"@id\":\"https:\\\/\\\/diariodelsurdigital.com.ar\\\/#\\\/schema\\\/person\\\/1a4992532ed62965c968031b49195c81\"},\"headline\":\"La Corte Suprema de Brasil conden\u00f3 a Jair Bolsonaro a 27 a\u00f1os y 3 meses de prisi\u00f3n por intento de golpe de Estado\",\"datePublished\":\"2025-09-12T12:54:26+00:00\",\"mainEntityOfPage\":{\"@id\":\"https:\\\/\\\/diariodelsurdigital.com.ar\\\/?p=4655\"},\"wordCount\":919,\"commentCount\":0,\"image\":{\"@id\":\"https:\\\/\\\/diariodelsurdigital.com.ar\\\/?p=4655#primaryimage\"},\"thumbnailUrl\":\"https:\\\/\\\/diariodelsurdigital.com.ar\\\/wp-content\\\/uploads\\\/2025\\\/09\\\/md-42.webp\",\"articleSection\":[\"Internacionales\",\"Pol\u00edtica\"],\"inLanguage\":\"es\",\"potentialAction\":[{\"@type\":\"CommentAction\",\"name\":\"Comment\",\"target\":[\"https:\\\/\\\/diariodelsurdigital.com.ar\\\/?p=4655#respond\"]}]},{\"@type\":\"WebPage\",\"@id\":\"https:\\\/\\\/diariodelsurdigital.com.ar\\\/?p=4655\",\"url\":\"https:\\\/\\\/diariodelsurdigital.com.ar\\\/?p=4655\",\"name\":\"La Corte Suprema de Brasil conden\u00f3 a Jair Bolsonaro a 27 a\u00f1os y 3 meses de prisi\u00f3n por intento de golpe de Estado - Diario del Sur\",\"isPartOf\":{\"@id\":\"https:\\\/\\\/diariodelsurdigital.com.ar\\\/#website\"},\"primaryImageOfPage\":{\"@id\":\"https:\\\/\\\/diariodelsurdigital.com.ar\\\/?p=4655#primaryimage\"},\"image\":{\"@id\":\"https:\\\/\\\/diariodelsurdigital.com.ar\\\/?p=4655#primaryimage\"},\"thumbnailUrl\":\"https:\\\/\\\/diariodelsurdigital.com.ar\\\/wp-content\\\/uploads\\\/2025\\\/09\\\/md-42.webp\",\"datePublished\":\"2025-09-12T12:54:26+00:00\",\"author\":{\"@id\":\"https:\\\/\\\/diariodelsurdigital.com.ar\\\/#\\\/schema\\\/person\\\/1a4992532ed62965c968031b49195c81\"},\"breadcrumb\":{\"@id\":\"https:\\\/\\\/diariodelsurdigital.com.ar\\\/?p=4655#breadcrumb\"},\"inLanguage\":\"es\",\"potentialAction\":[{\"@type\":\"ReadAction\",\"target\":[\"https:\\\/\\\/diariodelsurdigital.com.ar\\\/?p=4655\"]}]},{\"@type\":\"ImageObject\",\"inLanguage\":\"es\",\"@id\":\"https:\\\/\\\/diariodelsurdigital.com.ar\\\/?p=4655#primaryimage\",\"url\":\"https:\\\/\\\/diariodelsurdigital.com.ar\\\/wp-content\\\/uploads\\\/2025\\\/09\\\/md-42.webp\",\"contentUrl\":\"https:\\\/\\\/diariodelsurdigital.com.ar\\\/wp-content\\\/uploads\\\/2025\\\/09\\\/md-42.webp\",\"width\":992,\"height\":661},{\"@type\":\"BreadcrumbList\",\"@id\":\"https:\\\/\\\/diariodelsurdigital.com.ar\\\/?p=4655#breadcrumb\",\"itemListElement\":[{\"@type\":\"ListItem\",\"position\":1,\"name\":\"Portada\",\"item\":\"https:\\\/\\\/diariodelsurdigital.com.ar\\\/\"},{\"@type\":\"ListItem\",\"position\":2,\"name\":\"La Corte Suprema de Brasil conden\u00f3 a Jair Bolsonaro a 27 a\u00f1os y 3 meses de prisi\u00f3n por intento de golpe de Estado\"}]},{\"@type\":\"WebSite\",\"@id\":\"https:\\\/\\\/diariodelsurdigital.com.ar\\\/#website\",\"url\":\"https:\\\/\\\/diariodelsurdigital.com.ar\\\/\",\"name\":\"Diario del Sur\",\"description\":\"Digital\",\"potentialAction\":[{\"@type\":\"SearchAction\",\"target\":{\"@type\":\"EntryPoint\",\"urlTemplate\":\"https:\\\/\\\/diariodelsurdigital.com.ar\\\/?s={search_term_string}\"},\"query-input\":{\"@type\":\"PropertyValueSpecification\",\"valueRequired\":true,\"valueName\":\"search_term_string\"}}],\"inLanguage\":\"es\"},{\"@type\":\"Person\",\"@id\":\"https:\\\/\\\/diariodelsurdigital.com.ar\\\/#\\\/schema\\\/person\\\/1a4992532ed62965c968031b49195c81\",\"name\":\"Diario del Sur Digital\",\"image\":{\"@type\":\"ImageObject\",\"inLanguage\":\"es\",\"@id\":\"https:\\\/\\\/secure.gravatar.com\\\/avatar\\\/f0c7c47fc7146d19828273b9b8eda651c9c7ab583767e6338d3d3bee825adf76?s=96&d=mm&r=g\",\"url\":\"https:\\\/\\\/secure.gravatar.com\\\/avatar\\\/f0c7c47fc7146d19828273b9b8eda651c9c7ab583767e6338d3d3bee825adf76?s=96&d=mm&r=g\",\"contentUrl\":\"https:\\\/\\\/secure.gravatar.com\\\/avatar\\\/f0c7c47fc7146d19828273b9b8eda651c9c7ab583767e6338d3d3bee825adf76?s=96&d=mm&r=g\",\"caption\":\"Diario del Sur Digital\"},\"url\":\"https:\\\/\\\/diariodelsurdigital.com.ar\\\/?author=4\"}]}<\/script>\n<!-- \/ Yoast SEO plugin. -->","yoast_head_json":{"title":"La Corte Suprema de Brasil conden\u00f3 a Jair Bolsonaro a 27 a\u00f1os y 3 meses de prisi\u00f3n por intento de golpe de Estado - Diario del Sur","robots":{"index":"index","follow":"follow","max-snippet":"max-snippet:-1","max-image-preview":"max-image-preview:large","max-video-preview":"max-video-preview:-1"},"canonical":"https:\/\/diariodelsurdigital.com.ar\/?p=4655","og_locale":"es_ES","og_type":"article","og_title":"La Corte Suprema de Brasil conden\u00f3 a Jair Bolsonaro a 27 a\u00f1os y 3 meses de prisi\u00f3n por intento de golpe de Estado - Diario del Sur","og_description":"El expresidente brasile\u00f1o Jair Bolsonaro fue condenado este jueves por la Corte Suprema a 27 a\u00f1os y tres meses de prisi\u00f3n por el intento de golpe de Estado el 8 de enero de 2023, una semana despu\u00e9s de la toma de posesi\u00f3n de Lula, cuando miles de bolsonaristas asaltaron las sedes de los tres poderes. [&hellip;]","og_url":"https:\/\/diariodelsurdigital.com.ar\/?p=4655","og_site_name":"Diario del Sur","article_published_time":"2025-09-12T12:54:26+00:00","og_image":[{"width":992,"height":661,"url":"https:\/\/diariodelsurdigital.com.ar\/wp-content\/uploads\/2025\/09\/md-42.webp","type":"image\/webp"}],"author":"Diario del Sur Digital","twitter_card":"summary_large_image","twitter_misc":{"Escrito por":"Diario del Sur Digital","Tiempo de lectura":"5 minutos"},"schema":{"@context":"https:\/\/schema.org","@graph":[{"@type":"Article","@id":"https:\/\/diariodelsurdigital.com.ar\/?p=4655#article","isPartOf":{"@id":"https:\/\/diariodelsurdigital.com.ar\/?p=4655"},"author":{"name":"Diario del Sur Digital","@id":"https:\/\/diariodelsurdigital.com.ar\/#\/schema\/person\/1a4992532ed62965c968031b49195c81"},"headline":"La Corte Suprema de Brasil conden\u00f3 a Jair Bolsonaro a 27 a\u00f1os y 3 meses de prisi\u00f3n por intento de golpe de Estado","datePublished":"2025-09-12T12:54:26+00:00","mainEntityOfPage":{"@id":"https:\/\/diariodelsurdigital.com.ar\/?p=4655"},"wordCount":919,"commentCount":0,"image":{"@id":"https:\/\/diariodelsurdigital.com.ar\/?p=4655#primaryimage"},"thumbnailUrl":"https:\/\/diariodelsurdigital.com.ar\/wp-content\/uploads\/2025\/09\/md-42.webp","articleSection":["Internacionales","Pol\u00edtica"],"inLanguage":"es","potentialAction":[{"@type":"CommentAction","name":"Comment","target":["https:\/\/diariodelsurdigital.com.ar\/?p=4655#respond"]}]},{"@type":"WebPage","@id":"https:\/\/diariodelsurdigital.com.ar\/?p=4655","url":"https:\/\/diariodelsurdigital.com.ar\/?p=4655","name":"La Corte Suprema de Brasil conden\u00f3 a Jair Bolsonaro a 27 a\u00f1os y 3 meses de prisi\u00f3n por intento de golpe de Estado - Diario del Sur","isPartOf":{"@id":"https:\/\/diariodelsurdigital.com.ar\/#website"},"primaryImageOfPage":{"@id":"https:\/\/diariodelsurdigital.com.ar\/?p=4655#primaryimage"},"image":{"@id":"https:\/\/diariodelsurdigital.com.ar\/?p=4655#primaryimage"},"thumbnailUrl":"https:\/\/diariodelsurdigital.com.ar\/wp-content\/uploads\/2025\/09\/md-42.webp","datePublished":"2025-09-12T12:54:26+00:00","author":{"@id":"https:\/\/diariodelsurdigital.com.ar\/#\/schema\/person\/1a4992532ed62965c968031b49195c81"},"breadcrumb":{"@id":"https:\/\/diariodelsurdigital.com.ar\/?p=4655#breadcrumb"},"inLanguage":"es","potentialAction":[{"@type":"ReadAction","target":["https:\/\/diariodelsurdigital.com.ar\/?p=4655"]}]},{"@type":"ImageObject","inLanguage":"es","@id":"https:\/\/diariodelsurdigital.com.ar\/?p=4655#primaryimage","url":"https:\/\/diariodelsurdigital.com.ar\/wp-content\/uploads\/2025\/09\/md-42.webp","contentUrl":"https:\/\/diariodelsurdigital.com.ar\/wp-content\/uploads\/2025\/09\/md-42.webp","width":992,"height":661},{"@type":"BreadcrumbList","@id":"https:\/\/diariodelsurdigital.com.ar\/?p=4655#breadcrumb","itemListElement":[{"@type":"ListItem","position":1,"name":"Portada","item":"https:\/\/diariodelsurdigital.com.ar\/"},{"@type":"ListItem","position":2,"name":"La Corte Suprema de Brasil conden\u00f3 a Jair Bolsonaro a 27 a\u00f1os y 3 meses de prisi\u00f3n por intento de golpe de Estado"}]},{"@type":"WebSite","@id":"https:\/\/diariodelsurdigital.com.ar\/#website","url":"https:\/\/diariodelsurdigital.com.ar\/","name":"Diario del Sur","description":"Digital","potentialAction":[{"@type":"SearchAction","target":{"@type":"EntryPoint","urlTemplate":"https:\/\/diariodelsurdigital.com.ar\/?s={search_term_string}"},"query-input":{"@type":"PropertyValueSpecification","valueRequired":true,"valueName":"search_term_string"}}],"inLanguage":"es"},{"@type":"Person","@id":"https:\/\/diariodelsurdigital.com.ar\/#\/schema\/person\/1a4992532ed62965c968031b49195c81","name":"Diario del Sur Digital","image":{"@type":"ImageObject","inLanguage":"es","@id":"https:\/\/secure.gravatar.com\/avatar\/f0c7c47fc7146d19828273b9b8eda651c9c7ab583767e6338d3d3bee825adf76?s=96&d=mm&r=g","url":"https:\/\/secure.gravatar.com\/avatar\/f0c7c47fc7146d19828273b9b8eda651c9c7ab583767e6338d3d3bee825adf76?s=96&d=mm&r=g","contentUrl":"https:\/\/secure.gravatar.com\/avatar\/f0c7c47fc7146d19828273b9b8eda651c9c7ab583767e6338d3d3bee825adf76?s=96&d=mm&r=g","caption":"Diario del Sur Digital"},"url":"https:\/\/diariodelsurdigital.com.ar\/?author=4"}]}},"_links":{"self":[{"href":"https:\/\/diariodelsurdigital.com.ar\/index.php?rest_route=\/wp\/v2\/posts\/4655","targetHints":{"allow":["GET"]}}],"collection":[{"href":"https:\/\/diariodelsurdigital.com.ar\/index.php?rest_route=\/wp\/v2\/posts"}],"about":[{"href":"https:\/\/diariodelsurdigital.com.ar\/index.php?rest_route=\/wp\/v2\/types\/post"}],"author":[{"embeddable":true,"href":"https:\/\/diariodelsurdigital.com.ar\/index.php?rest_route=\/wp\/v2\/users\/4"}],"replies":[{"embeddable":true,"href":"https:\/\/diariodelsurdigital.com.ar\/index.php?rest_route=%2Fwp%2Fv2%2Fcomments&post=4655"}],"version-history":[{"count":1,"href":"https:\/\/diariodelsurdigital.com.ar\/index.php?rest_route=\/wp\/v2\/posts\/4655\/revisions"}],"predecessor-version":[{"id":4657,"href":"https:\/\/diariodelsurdigital.com.ar\/index.php?rest_route=\/wp\/v2\/posts\/4655\/revisions\/4657"}],"wp:featuredmedia":[{"embeddable":true,"href":"https:\/\/diariodelsurdigital.com.ar\/index.php?rest_route=\/wp\/v2\/media\/4656"}],"wp:attachment":[{"href":"https:\/\/diariodelsurdigital.com.ar\/index.php?rest_route=%2Fwp%2Fv2%2Fmedia&parent=4655"}],"wp:term":[{"taxonomy":"category","embeddable":true,"href":"https:\/\/diariodelsurdigital.com.ar\/index.php?rest_route=%2Fwp%2Fv2%2Fcategories&post=4655"},{"taxonomy":"post_tag","embeddable":true,"href":"https:\/\/diariodelsurdigital.com.ar\/index.php?rest_route=%2Fwp%2Fv2%2Ftags&post=4655"}],"curies":[{"name":"wp","href":"https:\/\/api.w.org\/{rel}","templated":true}]}}