{"id":4661,"date":"2025-09-13T13:35:00","date_gmt":"2025-09-13T16:35:00","guid":{"rendered":"https:\/\/diariodelsurdigital.com.ar\/?p=4661"},"modified":"2025-09-13T13:35:01","modified_gmt":"2025-09-13T16:35:01","slug":"guillermo-mitchel-un-candidato-que-se-mueve-en-helicoptero-haciendo-campana-por-entre-rios","status":"publish","type":"post","link":"https:\/\/diariodelsurdigital.com.ar\/?p=4661","title":{"rendered":"Guillermo Mitchel, un candidato que se mueve en helic\u00f3ptero haciendo campa\u00f1a por Entre R\u00edos"},"content":{"rendered":"\n<p><\/p>\n\n\n\n<p><strong>Diario del SUR Digital<\/strong>, publicaba hace algunos d\u00edas sobre la costosa campa\u00f1a que emprendieron los candidatos Ad\u00e1n Bahl y Guillermo Mitchel, gastando cientos de millones de pesos \u00fanicamente en carteler\u00eda para ruta, sin contar con el capital inyectado en las redes sociales y los medios de comunicaci\u00f3n, en donde se calculan cientos de millones de pesos.<\/p>\n\n\n\n<p>Para este s\u00e1bado, a las 10 horas, estaba programada una actividad en el Sindicato de Trabajadores de Luz y Fuerza de Concordia. En el encuentro se convocaba e invitaba a las mujeres a una charla en donde estar\u00edan presentes las candidatas de Fuerza Entre R\u00edos, Lista 501, Adriana Meza, Marianela Marclay y Fabiana Leiva.<\/p>\n\n\n\n<p>Al comienzo del c\u00f3nclave y en forma sorpresiva apareci\u00f3 en escena la figura del candidato a diputado nacional, Guillermo Mitchel, qui\u00e9n se pasaba la mano por su rostro en forma despectiva, para sacarse la pintura de labios de las mujeres que lo saludaban.<\/p>\n\n\n\n<p>VIDEO MITCHEL SE LIMPIA LA CARA: <a href=\"https:\/\/www.youtube.com\/shorts\/SvXlPdMITic\">https:\/\/www.youtube.com\/shorts\/SvXlPdMITic<\/a><\/p>\n\n\n\n<p>Lo que nunca se pod\u00edan imaginar los concurrentes al encuentro, es que Guillermo Mitchel hab\u00eda descendido de un helic\u00f3ptero en el predio del Polideportivo de la localidad de Puerto Yeru\u00e1 en horas de la ma\u00f1ana.<\/p>\n\n\n\n<p>Los vecinos de la peque\u00f1a localidad indicaron a Diario del SUR Digital, que les pareci\u00f3 extra\u00f1o ver descender una aeronave de color verde oscuro en ese lugar. \u201cAl hombre que vino lo estaba esperando el intendente Daniel Ben\u00edtez, (quien es candidato suplente a senador de Ad\u00e1n Bahl). Luego de un saludo, se subieron en una camioneta de vidrios polarizados, para irse en direcci\u00f3n a Concordia\u201d, aseguraron los residentes de la zona.<\/p>\n\n\n\n<p>VIDEO MITCHEL EN HELIC\u00d3PTERO: <a href=\"https:\/\/www.youtube.com\/shorts\/kMv6chp8U98\">https:\/\/www.youtube.com\/shorts\/kMv6chp8U98<\/a><\/p>\n\n\n\n<p>La campa\u00f1a de los contendientes hacia las elecciones de octubre reci\u00e9n comenz\u00f3 a calentar los motores y Mitchel ya ech\u00f3 a andar su helic\u00f3ptero por la provincia. Pero si de dinero se trata, los candidatos del Partido Justicialista parecen no tener urgencias. Plata no les falta.<\/p>\n\n\n\n<p>Del otro lado, est\u00e1n los ciudadanos de a pie. Esos entrerrianos de bolsillos flacos. Aquellos que claman por un trabajo u otros que claman por justicia, porque les han arrancado sus derechos.<\/p>\n\n\n\n<p>La sociedad que todo lo ve, m\u00e1s tarde que temprano sabr\u00e1 de qu\u00e9 lado pararse.<\/p>\n","protected":false},"excerpt":{"rendered":"<p>Diario del SUR Digital, publicaba hace algunos d\u00edas sobre la costosa campa\u00f1a que emprendieron los candidatos Ad\u00e1n Bahl y Guillermo Mitchel, gastando cientos de millones de pesos \u00fanicamente en carteler\u00eda para ruta, sin contar con el capital inyectado en las redes sociales y los medios de comunicaci\u00f3n, en donde se calculan cientos de millones de [&hellip;]<\/p>\n","protected":false},"author":2,"featured_media":4662,"comment_status":"open","ping_status":"open","sticky":false,"template":"","format":"standard","meta":{"footnotes":""},"categories":[22,17],"tags":[],"class_list":{"0":"post-4661","1":"post","2":"type-post","3":"status-publish","4":"format-standard","5":"has-post-thumbnail","7":"category-politica","8":"category-provinciales"},"yoast_head":"<!-- This site is optimized with the Yoast SEO plugin v27.4 - https:\/\/yoast.com\/product\/yoast-seo-wordpress\/ -->\n<title>Guillermo Mitchel, un candidato que se mueve en helic\u00f3ptero haciendo campa\u00f1a por Entre R\u00edos - Diario del Sur<\/title>\n<meta name=\"robots\" content=\"index, follow, max-snippet:-1, max-image-preview:large, max-video-preview:-1\" \/>\n<link rel=\"canonical\" href=\"https:\/\/diariodelsurdigital.com.ar\/?p=4661\" \/>\n<meta property=\"og:locale\" content=\"es_ES\" \/>\n<meta property=\"og:type\" content=\"article\" \/>\n<meta property=\"og:title\" content=\"Guillermo Mitchel, un candidato que se mueve en helic\u00f3ptero haciendo campa\u00f1a por Entre R\u00edos - Diario del Sur\" \/>\n<meta property=\"og:description\" content=\"Diario del SUR Digital, publicaba hace algunos d\u00edas sobre la costosa campa\u00f1a que emprendieron los candidatos Ad\u00e1n Bahl y Guillermo Mitchel, gastando cientos de millones de pesos \u00fanicamente en carteler\u00eda para ruta, sin contar con el capital inyectado en las redes sociales y los medios de comunicaci\u00f3n, en donde se calculan cientos de millones de [&hellip;]\" \/>\n<meta property=\"og:url\" content=\"https:\/\/diariodelsurdigital.com.ar\/?p=4661\" \/>\n<meta property=\"og:site_name\" content=\"Diario del Sur\" \/>\n<meta property=\"article:published_time\" content=\"2025-09-13T16:35:00+00:00\" \/>\n<meta property=\"article:modified_time\" content=\"2025-09-13T16:35:01+00:00\" \/>\n<meta property=\"og:image\" content=\"https:\/\/diariodelsurdigital.com.ar\/wp-content\/uploads\/2025\/09\/Imagen-de-WhatsApp-2025-09-13-a-las-13.33.08_79244f35.jpg\" \/>\n\t<meta property=\"og:image:width\" content=\"535\" \/>\n\t<meta property=\"og:image:height\" content=\"375\" \/>\n\t<meta property=\"og:image:type\" content=\"image\/jpeg\" \/>\n<meta name=\"author\" content=\"Diario del Sur Digital\" \/>\n<meta name=\"twitter:card\" content=\"summary_large_image\" \/>\n<meta name=\"twitter:label1\" content=\"Escrito por\" \/>\n\t<meta name=\"twitter:data1\" content=\"Diario del Sur Digital\" \/>\n\t<meta name=\"twitter:label2\" content=\"Tiempo de lectura\" \/>\n\t<meta name=\"twitter:data2\" content=\"2 minutos\" \/>\n<script type=\"application\/ld+json\" class=\"yoast-schema-graph\">{\"@context\":\"https:\\\/\\\/schema.org\",\"@graph\":[{\"@type\":\"Article\",\"@id\":\"https:\\\/\\\/diariodelsurdigital.com.ar\\\/?p=4661#article\",\"isPartOf\":{\"@id\":\"https:\\\/\\\/diariodelsurdigital.com.ar\\\/?p=4661\"},\"author\":{\"name\":\"Diario del Sur Digital\",\"@id\":\"https:\\\/\\\/diariodelsurdigital.com.ar\\\/#\\\/schema\\\/person\\\/6136a32571657f7dba980b88b04c5465\"},\"headline\":\"Guillermo Mitchel, un candidato que se mueve en helic\u00f3ptero haciendo campa\u00f1a por Entre R\u00edos\",\"datePublished\":\"2025-09-13T16:35:00+00:00\",\"dateModified\":\"2025-09-13T16:35:01+00:00\",\"mainEntityOfPage\":{\"@id\":\"https:\\\/\\\/diariodelsurdigital.com.ar\\\/?p=4661\"},\"wordCount\":416,\"commentCount\":1,\"image\":{\"@id\":\"https:\\\/\\\/diariodelsurdigital.com.ar\\\/?p=4661#primaryimage\"},\"thumbnailUrl\":\"https:\\\/\\\/diariodelsurdigital.com.ar\\\/wp-content\\\/uploads\\\/2025\\\/09\\\/Imagen-de-WhatsApp-2025-09-13-a-las-13.33.08_79244f35.jpg\",\"articleSection\":[\"Pol\u00edtica\",\"Provinciales\"],\"inLanguage\":\"es\",\"potentialAction\":[{\"@type\":\"CommentAction\",\"name\":\"Comment\",\"target\":[\"https:\\\/\\\/diariodelsurdigital.com.ar\\\/?p=4661#respond\"]}]},{\"@type\":\"WebPage\",\"@id\":\"https:\\\/\\\/diariodelsurdigital.com.ar\\\/?p=4661\",\"url\":\"https:\\\/\\\/diariodelsurdigital.com.ar\\\/?p=4661\",\"name\":\"Guillermo Mitchel, un candidato que se mueve en helic\u00f3ptero haciendo campa\u00f1a por Entre R\u00edos - Diario del Sur\",\"isPartOf\":{\"@id\":\"https:\\\/\\\/diariodelsurdigital.com.ar\\\/#website\"},\"primaryImageOfPage\":{\"@id\":\"https:\\\/\\\/diariodelsurdigital.com.ar\\\/?p=4661#primaryimage\"},\"image\":{\"@id\":\"https:\\\/\\\/diariodelsurdigital.com.ar\\\/?p=4661#primaryimage\"},\"thumbnailUrl\":\"https:\\\/\\\/diariodelsurdigital.com.ar\\\/wp-content\\\/uploads\\\/2025\\\/09\\\/Imagen-de-WhatsApp-2025-09-13-a-las-13.33.08_79244f35.jpg\",\"datePublished\":\"2025-09-13T16:35:00+00:00\",\"dateModified\":\"2025-09-13T16:35:01+00:00\",\"author\":{\"@id\":\"https:\\\/\\\/diariodelsurdigital.com.ar\\\/#\\\/schema\\\/person\\\/6136a32571657f7dba980b88b04c5465\"},\"breadcrumb\":{\"@id\":\"https:\\\/\\\/diariodelsurdigital.com.ar\\\/?p=4661#breadcrumb\"},\"inLanguage\":\"es\",\"potentialAction\":[{\"@type\":\"ReadAction\",\"target\":[\"https:\\\/\\\/diariodelsurdigital.com.ar\\\/?p=4661\"]}]},{\"@type\":\"ImageObject\",\"inLanguage\":\"es\",\"@id\":\"https:\\\/\\\/diariodelsurdigital.com.ar\\\/?p=4661#primaryimage\",\"url\":\"https:\\\/\\\/diariodelsurdigital.com.ar\\\/wp-content\\\/uploads\\\/2025\\\/09\\\/Imagen-de-WhatsApp-2025-09-13-a-las-13.33.08_79244f35.jpg\",\"contentUrl\":\"https:\\\/\\\/diariodelsurdigital.com.ar\\\/wp-content\\\/uploads\\\/2025\\\/09\\\/Imagen-de-WhatsApp-2025-09-13-a-las-13.33.08_79244f35.jpg\",\"width\":535,\"height\":375},{\"@type\":\"BreadcrumbList\",\"@id\":\"https:\\\/\\\/diariodelsurdigital.com.ar\\\/?p=4661#breadcrumb\",\"itemListElement\":[{\"@type\":\"ListItem\",\"position\":1,\"name\":\"Portada\",\"item\":\"https:\\\/\\\/diariodelsurdigital.com.ar\\\/\"},{\"@type\":\"ListItem\",\"position\":2,\"name\":\"Guillermo Mitchel, un candidato que se mueve en helic\u00f3ptero haciendo campa\u00f1a por Entre R\u00edos\"}]},{\"@type\":\"WebSite\",\"@id\":\"https:\\\/\\\/diariodelsurdigital.com.ar\\\/#website\",\"url\":\"https:\\\/\\\/diariodelsurdigital.com.ar\\\/\",\"name\":\"Diario del Sur\",\"description\":\"Digital\",\"potentialAction\":[{\"@type\":\"SearchAction\",\"target\":{\"@type\":\"EntryPoint\",\"urlTemplate\":\"https:\\\/\\\/diariodelsurdigital.com.ar\\\/?s={search_term_string}\"},\"query-input\":{\"@type\":\"PropertyValueSpecification\",\"valueRequired\":true,\"valueName\":\"search_term_string\"}}],\"inLanguage\":\"es\"},{\"@type\":\"Person\",\"@id\":\"https:\\\/\\\/diariodelsurdigital.com.ar\\\/#\\\/schema\\\/person\\\/6136a32571657f7dba980b88b04c5465\",\"name\":\"Diario del Sur Digital\",\"image\":{\"@type\":\"ImageObject\",\"inLanguage\":\"es\",\"@id\":\"https:\\\/\\\/secure.gravatar.com\\\/avatar\\\/4c29ceac98541dd42460b2474aaa5dd37594d6ce6cb3cf2c101d09b48ee287ba?s=96&d=mm&r=g\",\"url\":\"https:\\\/\\\/secure.gravatar.com\\\/avatar\\\/4c29ceac98541dd42460b2474aaa5dd37594d6ce6cb3cf2c101d09b48ee287ba?s=96&d=mm&r=g\",\"contentUrl\":\"https:\\\/\\\/secure.gravatar.com\\\/avatar\\\/4c29ceac98541dd42460b2474aaa5dd37594d6ce6cb3cf2c101d09b48ee287ba?s=96&d=mm&r=g\",\"caption\":\"Diario del Sur Digital\"},\"url\":\"https:\\\/\\\/diariodelsurdigital.com.ar\\\/?author=2\"}]}<\/script>\n<!-- \/ Yoast SEO plugin. -->","yoast_head_json":{"title":"Guillermo Mitchel, un candidato que se mueve en helic\u00f3ptero haciendo campa\u00f1a por Entre R\u00edos - Diario del Sur","robots":{"index":"index","follow":"follow","max-snippet":"max-snippet:-1","max-image-preview":"max-image-preview:large","max-video-preview":"max-video-preview:-1"},"canonical":"https:\/\/diariodelsurdigital.com.ar\/?p=4661","og_locale":"es_ES","og_type":"article","og_title":"Guillermo Mitchel, un candidato que se mueve en helic\u00f3ptero haciendo campa\u00f1a por Entre R\u00edos - Diario del Sur","og_description":"Diario del SUR Digital, publicaba hace algunos d\u00edas sobre la costosa campa\u00f1a que emprendieron los candidatos Ad\u00e1n Bahl y Guillermo Mitchel, gastando cientos de millones de pesos \u00fanicamente en carteler\u00eda para ruta, sin contar con el capital inyectado en las redes sociales y los medios de comunicaci\u00f3n, en donde se calculan cientos de millones de [&hellip;]","og_url":"https:\/\/diariodelsurdigital.com.ar\/?p=4661","og_site_name":"Diario del Sur","article_published_time":"2025-09-13T16:35:00+00:00","article_modified_time":"2025-09-13T16:35:01+00:00","og_image":[{"width":535,"height":375,"url":"https:\/\/diariodelsurdigital.com.ar\/wp-content\/uploads\/2025\/09\/Imagen-de-WhatsApp-2025-09-13-a-las-13.33.08_79244f35.jpg","type":"image\/jpeg"}],"author":"Diario del Sur Digital","twitter_card":"summary_large_image","twitter_misc":{"Escrito por":"Diario del Sur Digital","Tiempo de lectura":"2 minutos"},"schema":{"@context":"https:\/\/schema.org","@graph":[{"@type":"Article","@id":"https:\/\/diariodelsurdigital.com.ar\/?p=4661#article","isPartOf":{"@id":"https:\/\/diariodelsurdigital.com.ar\/?p=4661"},"author":{"name":"Diario del Sur Digital","@id":"https:\/\/diariodelsurdigital.com.ar\/#\/schema\/person\/6136a32571657f7dba980b88b04c5465"},"headline":"Guillermo Mitchel, un candidato que se mueve en helic\u00f3ptero haciendo campa\u00f1a por Entre R\u00edos","datePublished":"2025-09-13T16:35:00+00:00","dateModified":"2025-09-13T16:35:01+00:00","mainEntityOfPage":{"@id":"https:\/\/diariodelsurdigital.com.ar\/?p=4661"},"wordCount":416,"commentCount":1,"image":{"@id":"https:\/\/diariodelsurdigital.com.ar\/?p=4661#primaryimage"},"thumbnailUrl":"https:\/\/diariodelsurdigital.com.ar\/wp-content\/uploads\/2025\/09\/Imagen-de-WhatsApp-2025-09-13-a-las-13.33.08_79244f35.jpg","articleSection":["Pol\u00edtica","Provinciales"],"inLanguage":"es","potentialAction":[{"@type":"CommentAction","name":"Comment","target":["https:\/\/diariodelsurdigital.com.ar\/?p=4661#respond"]}]},{"@type":"WebPage","@id":"https:\/\/diariodelsurdigital.com.ar\/?p=4661","url":"https:\/\/diariodelsurdigital.com.ar\/?p=4661","name":"Guillermo Mitchel, un candidato que se mueve en helic\u00f3ptero haciendo campa\u00f1a por Entre R\u00edos - Diario del Sur","isPartOf":{"@id":"https:\/\/diariodelsurdigital.com.ar\/#website"},"primaryImageOfPage":{"@id":"https:\/\/diariodelsurdigital.com.ar\/?p=4661#primaryimage"},"image":{"@id":"https:\/\/diariodelsurdigital.com.ar\/?p=4661#primaryimage"},"thumbnailUrl":"https:\/\/diariodelsurdigital.com.ar\/wp-content\/uploads\/2025\/09\/Imagen-de-WhatsApp-2025-09-13-a-las-13.33.08_79244f35.jpg","datePublished":"2025-09-13T16:35:00+00:00","dateModified":"2025-09-13T16:35:01+00:00","author":{"@id":"https:\/\/diariodelsurdigital.com.ar\/#\/schema\/person\/6136a32571657f7dba980b88b04c5465"},"breadcrumb":{"@id":"https:\/\/diariodelsurdigital.com.ar\/?p=4661#breadcrumb"},"inLanguage":"es","potentialAction":[{"@type":"ReadAction","target":["https:\/\/diariodelsurdigital.com.ar\/?p=4661"]}]},{"@type":"ImageObject","inLanguage":"es","@id":"https:\/\/diariodelsurdigital.com.ar\/?p=4661#primaryimage","url":"https:\/\/diariodelsurdigital.com.ar\/wp-content\/uploads\/2025\/09\/Imagen-de-WhatsApp-2025-09-13-a-las-13.33.08_79244f35.jpg","contentUrl":"https:\/\/diariodelsurdigital.com.ar\/wp-content\/uploads\/2025\/09\/Imagen-de-WhatsApp-2025-09-13-a-las-13.33.08_79244f35.jpg","width":535,"height":375},{"@type":"BreadcrumbList","@id":"https:\/\/diariodelsurdigital.com.ar\/?p=4661#breadcrumb","itemListElement":[{"@type":"ListItem","position":1,"name":"Portada","item":"https:\/\/diariodelsurdigital.com.ar\/"},{"@type":"ListItem","position":2,"name":"Guillermo Mitchel, un candidato que se mueve en helic\u00f3ptero haciendo campa\u00f1a por Entre R\u00edos"}]},{"@type":"WebSite","@id":"https:\/\/diariodelsurdigital.com.ar\/#website","url":"https:\/\/diariodelsurdigital.com.ar\/","name":"Diario del Sur","description":"Digital","potentialAction":[{"@type":"SearchAction","target":{"@type":"EntryPoint","urlTemplate":"https:\/\/diariodelsurdigital.com.ar\/?s={search_term_string}"},"query-input":{"@type":"PropertyValueSpecification","valueRequired":true,"valueName":"search_term_string"}}],"inLanguage":"es"},{"@type":"Person","@id":"https:\/\/diariodelsurdigital.com.ar\/#\/schema\/person\/6136a32571657f7dba980b88b04c5465","name":"Diario del Sur Digital","image":{"@type":"ImageObject","inLanguage":"es","@id":"https:\/\/secure.gravatar.com\/avatar\/4c29ceac98541dd42460b2474aaa5dd37594d6ce6cb3cf2c101d09b48ee287ba?s=96&d=mm&r=g","url":"https:\/\/secure.gravatar.com\/avatar\/4c29ceac98541dd42460b2474aaa5dd37594d6ce6cb3cf2c101d09b48ee287ba?s=96&d=mm&r=g","contentUrl":"https:\/\/secure.gravatar.com\/avatar\/4c29ceac98541dd42460b2474aaa5dd37594d6ce6cb3cf2c101d09b48ee287ba?s=96&d=mm&r=g","caption":"Diario del Sur Digital"},"url":"https:\/\/diariodelsurdigital.com.ar\/?author=2"}]}},"_links":{"self":[{"href":"https:\/\/diariodelsurdigital.com.ar\/index.php?rest_route=\/wp\/v2\/posts\/4661","targetHints":{"allow":["GET"]}}],"collection":[{"href":"https:\/\/diariodelsurdigital.com.ar\/index.php?rest_route=\/wp\/v2\/posts"}],"about":[{"href":"https:\/\/diariodelsurdigital.com.ar\/index.php?rest_route=\/wp\/v2\/types\/post"}],"author":[{"embeddable":true,"href":"https:\/\/diariodelsurdigital.com.ar\/index.php?rest_route=\/wp\/v2\/users\/2"}],"replies":[{"embeddable":true,"href":"https:\/\/diariodelsurdigital.com.ar\/index.php?rest_route=%2Fwp%2Fv2%2Fcomments&post=4661"}],"version-history":[{"count":1,"href":"https:\/\/diariodelsurdigital.com.ar\/index.php?rest_route=\/wp\/v2\/posts\/4661\/revisions"}],"predecessor-version":[{"id":4663,"href":"https:\/\/diariodelsurdigital.com.ar\/index.php?rest_route=\/wp\/v2\/posts\/4661\/revisions\/4663"}],"wp:featuredmedia":[{"embeddable":true,"href":"https:\/\/diariodelsurdigital.com.ar\/index.php?rest_route=\/wp\/v2\/media\/4662"}],"wp:attachment":[{"href":"https:\/\/diariodelsurdigital.com.ar\/index.php?rest_route=%2Fwp%2Fv2%2Fmedia&parent=4661"}],"wp:term":[{"taxonomy":"category","embeddable":true,"href":"https:\/\/diariodelsurdigital.com.ar\/index.php?rest_route=%2Fwp%2Fv2%2Fcategories&post=4661"},{"taxonomy":"post_tag","embeddable":true,"href":"https:\/\/diariodelsurdigital.com.ar\/index.php?rest_route=%2Fwp%2Fv2%2Ftags&post=4661"}],"curies":[{"name":"wp","href":"https:\/\/api.w.org\/{rel}","templated":true}]}}