{"id":4665,"date":"2025-09-14T17:16:41","date_gmt":"2025-09-14T20:16:41","guid":{"rendered":"https:\/\/diariodelsurdigital.com.ar\/?p=4665"},"modified":"2025-09-14T17:16:42","modified_gmt":"2025-09-14T20:16:42","slug":"abren-las-inscripciones-a-formaciones-en-oratoria-fotografia-y-educacion-emocional","status":"publish","type":"post","link":"https:\/\/diariodelsurdigital.com.ar\/?p=4665","title":{"rendered":"Abren las inscripciones a formaciones en oratoria, fotograf\u00eda y educaci\u00f3n emocional"},"content":{"rendered":"\n<p><strong>La Universidad Tecnol\u00f3gica Nacional Facultad Regional Concordia tiene abierta las inscripciones a capacitaciones que se dictar\u00e1n durante septiembre. Se reeditar\u00e1n los cursos de Oratoria y Fotograf\u00eda, iniciar\u00e1n tambi\u00e9n talleres de Educaci\u00f3n Emocional.<\/strong><\/p>\n\n\n\n<figure class=\"wp-block-image\"><img decoding=\"async\" src=\"https:\/\/cdnartic.ar\/GGtM54hYBFtxhw1zE41Gbmg5FjU=\/1500x0\/filters:no_upscale()\/https:\/\/elheraldocdn.eleco.com.ar\/media\/2025\/09\/utn_1.jpeg\" alt=\"Abren las inscripciones a formaciones en oratoria, fotograf\u00eda y educaci\u00f3n emocional\"\/><\/figure>\n\n\n\n<p>El 16 de septiembre inicia el curso intensivo&nbsp;\u00abOratoria: expresando mis ideas en p\u00fablico\u00bb, que tienen una duraci\u00f3n total de cinco encuentros presenciales. Se dictar\u00e1n los martes, de 14:30 a 16:30 horas. La capacitaci\u00f3n es dictada por la Lic. Ivonne Saleh.<br>El 17 de septiembre inicia nuevamente el taller de&nbsp;\u00abFotograf\u00eda: nivel inicial\u00bb, que tienen una duraci\u00f3n total de siete encuentros. Se dictar\u00e1 los mi\u00e9rcoles de 19 a 20:30 horas, en modalidad presencial. La capacitaci\u00f3n es dictada por las Licenciadas Marcela Ver\u00f3nica Di Leo y Mar\u00eda de los Milagros Casta\u00f1eda. Una serie de talleres sobre Educaci\u00f3n Emocional iniciar\u00e1n en septiembre en la UTN Concordia, abiertos a la comunidad.&nbsp;<br>El primero de ellos se denomina&nbsp;\u00abS\u00f3lo respira: introducci\u00f3n a la gesti\u00f3n emocional\u00bb. Se dictar\u00e1 el s\u00e1bado 27 de septiembre de 9:30 a 12 horas, en modalidad presencial. La capacitaci\u00f3n es dictada por integrantes del Centro Regional de Capacitaci\u00f3n y Desarrollo Comunitario.<\/p>\n\n\n\n<p><strong>INFORMES E INSCRIPCI\u00d3N<\/strong><br>Los interesados deben inscribirse de manera&nbsp;on line, ingresando a la web de la Facultad&nbsp;<a href=\"https:\/\/www.elheraldo.com.ar\/noticias\/interes-general\/www.cursos.frcon.utn.edu.ar\" target=\"_blank\" rel=\"noreferrer noopener\">www.cursos.frcon.utn.edu.ar<\/a>.&nbsp;<\/p>\n\n\n\n<p>Por informes, se atiende personalmente de lunes a viernes de 15 a 20 horas en Salta 295, por Whatsapp al&nbsp;+54 9 345 6028922&nbsp;o al correo electr\u00f3nico&nbsp;<a href=\"mailto:cursos@frcon.utn.edu.ar\" target=\"_blank\" rel=\"noreferrer noopener\">cursos@frcon.utn.edu.ar<\/a><\/p>\n\n\n\n<p>La organizaci\u00f3n est\u00e1 a cargo de la Secretar\u00eda de Cultura y Extensi\u00f3n Universitaria de la UTN Concordia. Las capacitaciones son aranceladas.<\/p>\n\n\n\n<p>Fuente: El Heraldo<\/p>\n","protected":false},"excerpt":{"rendered":"<p>La Universidad Tecnol\u00f3gica Nacional Facultad Regional Concordia tiene abierta las inscripciones a capacitaciones que se dictar\u00e1n durante septiembre. Se reeditar\u00e1n los cursos de Oratoria y Fotograf\u00eda, iniciar\u00e1n tambi\u00e9n talleres de Educaci\u00f3n Emocional. El 16 de septiembre inicia el curso intensivo&nbsp;\u00abOratoria: expresando mis ideas en p\u00fablico\u00bb, que tienen una duraci\u00f3n total de cinco encuentros presenciales. Se [&hellip;]<\/p>\n","protected":false},"author":3,"featured_media":4666,"comment_status":"open","ping_status":"open","sticky":false,"template":"","format":"standard","meta":{"footnotes":""},"categories":[19,16],"tags":[],"class_list":{"0":"post-4665","1":"post","2":"type-post","3":"status-publish","4":"format-standard","5":"has-post-thumbnail","7":"category-interes-general","8":"category-locales"},"yoast_head":"<!-- This site is optimized with the Yoast SEO plugin v27.4 - https:\/\/yoast.com\/product\/yoast-seo-wordpress\/ -->\n<title>Abren las inscripciones a formaciones en oratoria, fotograf\u00eda y educaci\u00f3n emocional - Diario del Sur<\/title>\n<meta name=\"robots\" content=\"index, follow, max-snippet:-1, max-image-preview:large, max-video-preview:-1\" \/>\n<link rel=\"canonical\" href=\"https:\/\/diariodelsurdigital.com.ar\/?p=4665\" \/>\n<meta property=\"og:locale\" content=\"es_ES\" \/>\n<meta property=\"og:type\" content=\"article\" \/>\n<meta property=\"og:title\" content=\"Abren las inscripciones a formaciones en oratoria, fotograf\u00eda y educaci\u00f3n emocional - Diario del Sur\" \/>\n<meta property=\"og:description\" content=\"La Universidad Tecnol\u00f3gica Nacional Facultad Regional Concordia tiene abierta las inscripciones a capacitaciones que se dictar\u00e1n durante septiembre. Se reeditar\u00e1n los cursos de Oratoria y Fotograf\u00eda, iniciar\u00e1n tambi\u00e9n talleres de Educaci\u00f3n Emocional. El 16 de septiembre inicia el curso intensivo&nbsp;\u00abOratoria: expresando mis ideas en p\u00fablico\u00bb, que tienen una duraci\u00f3n total de cinco encuentros presenciales. Se [&hellip;]\" \/>\n<meta property=\"og:url\" content=\"https:\/\/diariodelsurdigital.com.ar\/?p=4665\" \/>\n<meta property=\"og:site_name\" content=\"Diario del Sur\" \/>\n<meta property=\"article:published_time\" content=\"2025-09-14T20:16:41+00:00\" \/>\n<meta property=\"article:modified_time\" content=\"2025-09-14T20:16:42+00:00\" \/>\n<meta property=\"og:image\" content=\"https:\/\/diariodelsurdigital.com.ar\/wp-content\/uploads\/2025\/09\/utn_1.jpg\" \/>\n\t<meta property=\"og:image:width\" content=\"440\" \/>\n\t<meta property=\"og:image:height\" content=\"330\" \/>\n\t<meta property=\"og:image:type\" content=\"image\/jpeg\" \/>\n<meta name=\"author\" content=\"Diario del Sur Digital\" \/>\n<meta name=\"twitter:card\" content=\"summary_large_image\" \/>\n<meta name=\"twitter:label1\" content=\"Escrito por\" \/>\n\t<meta name=\"twitter:data1\" content=\"Diario del Sur Digital\" \/>\n\t<meta name=\"twitter:label2\" content=\"Tiempo de lectura\" \/>\n\t<meta name=\"twitter:data2\" content=\"2 minutos\" \/>\n<script type=\"application\/ld+json\" class=\"yoast-schema-graph\">{\"@context\":\"https:\\\/\\\/schema.org\",\"@graph\":[{\"@type\":\"Article\",\"@id\":\"https:\\\/\\\/diariodelsurdigital.com.ar\\\/?p=4665#article\",\"isPartOf\":{\"@id\":\"https:\\\/\\\/diariodelsurdigital.com.ar\\\/?p=4665\"},\"author\":{\"name\":\"Diario del Sur Digital\",\"@id\":\"https:\\\/\\\/diariodelsurdigital.com.ar\\\/#\\\/schema\\\/person\\\/d794acb23337e88c6e4004a39c32be62\"},\"headline\":\"Abren las inscripciones a formaciones en oratoria, fotograf\u00eda y educaci\u00f3n emocional\",\"datePublished\":\"2025-09-14T20:16:41+00:00\",\"dateModified\":\"2025-09-14T20:16:42+00:00\",\"mainEntityOfPage\":{\"@id\":\"https:\\\/\\\/diariodelsurdigital.com.ar\\\/?p=4665\"},\"wordCount\":301,\"commentCount\":0,\"image\":{\"@id\":\"https:\\\/\\\/diariodelsurdigital.com.ar\\\/?p=4665#primaryimage\"},\"thumbnailUrl\":\"https:\\\/\\\/diariodelsurdigital.com.ar\\\/wp-content\\\/uploads\\\/2025\\\/09\\\/utn_1.jpg\",\"articleSection\":[\"Inter\u00e9s General\",\"Locales\"],\"inLanguage\":\"es\",\"potentialAction\":[{\"@type\":\"CommentAction\",\"name\":\"Comment\",\"target\":[\"https:\\\/\\\/diariodelsurdigital.com.ar\\\/?p=4665#respond\"]}]},{\"@type\":\"WebPage\",\"@id\":\"https:\\\/\\\/diariodelsurdigital.com.ar\\\/?p=4665\",\"url\":\"https:\\\/\\\/diariodelsurdigital.com.ar\\\/?p=4665\",\"name\":\"Abren las inscripciones a formaciones en oratoria, fotograf\u00eda y educaci\u00f3n emocional - Diario del Sur\",\"isPartOf\":{\"@id\":\"https:\\\/\\\/diariodelsurdigital.com.ar\\\/#website\"},\"primaryImageOfPage\":{\"@id\":\"https:\\\/\\\/diariodelsurdigital.com.ar\\\/?p=4665#primaryimage\"},\"image\":{\"@id\":\"https:\\\/\\\/diariodelsurdigital.com.ar\\\/?p=4665#primaryimage\"},\"thumbnailUrl\":\"https:\\\/\\\/diariodelsurdigital.com.ar\\\/wp-content\\\/uploads\\\/2025\\\/09\\\/utn_1.jpg\",\"datePublished\":\"2025-09-14T20:16:41+00:00\",\"dateModified\":\"2025-09-14T20:16:42+00:00\",\"author\":{\"@id\":\"https:\\\/\\\/diariodelsurdigital.com.ar\\\/#\\\/schema\\\/person\\\/d794acb23337e88c6e4004a39c32be62\"},\"breadcrumb\":{\"@id\":\"https:\\\/\\\/diariodelsurdigital.com.ar\\\/?p=4665#breadcrumb\"},\"inLanguage\":\"es\",\"potentialAction\":[{\"@type\":\"ReadAction\",\"target\":[\"https:\\\/\\\/diariodelsurdigital.com.ar\\\/?p=4665\"]}]},{\"@type\":\"ImageObject\",\"inLanguage\":\"es\",\"@id\":\"https:\\\/\\\/diariodelsurdigital.com.ar\\\/?p=4665#primaryimage\",\"url\":\"https:\\\/\\\/diariodelsurdigital.com.ar\\\/wp-content\\\/uploads\\\/2025\\\/09\\\/utn_1.jpg\",\"contentUrl\":\"https:\\\/\\\/diariodelsurdigital.com.ar\\\/wp-content\\\/uploads\\\/2025\\\/09\\\/utn_1.jpg\",\"width\":440,\"height\":330},{\"@type\":\"BreadcrumbList\",\"@id\":\"https:\\\/\\\/diariodelsurdigital.com.ar\\\/?p=4665#breadcrumb\",\"itemListElement\":[{\"@type\":\"ListItem\",\"position\":1,\"name\":\"Portada\",\"item\":\"https:\\\/\\\/diariodelsurdigital.com.ar\\\/\"},{\"@type\":\"ListItem\",\"position\":2,\"name\":\"Abren las inscripciones a formaciones en oratoria, fotograf\u00eda y educaci\u00f3n emocional\"}]},{\"@type\":\"WebSite\",\"@id\":\"https:\\\/\\\/diariodelsurdigital.com.ar\\\/#website\",\"url\":\"https:\\\/\\\/diariodelsurdigital.com.ar\\\/\",\"name\":\"Diario del Sur\",\"description\":\"Digital\",\"potentialAction\":[{\"@type\":\"SearchAction\",\"target\":{\"@type\":\"EntryPoint\",\"urlTemplate\":\"https:\\\/\\\/diariodelsurdigital.com.ar\\\/?s={search_term_string}\"},\"query-input\":{\"@type\":\"PropertyValueSpecification\",\"valueRequired\":true,\"valueName\":\"search_term_string\"}}],\"inLanguage\":\"es\"},{\"@type\":\"Person\",\"@id\":\"https:\\\/\\\/diariodelsurdigital.com.ar\\\/#\\\/schema\\\/person\\\/d794acb23337e88c6e4004a39c32be62\",\"name\":\"Diario del Sur Digital\",\"image\":{\"@type\":\"ImageObject\",\"inLanguage\":\"es\",\"@id\":\"https:\\\/\\\/secure.gravatar.com\\\/avatar\\\/47679bcfa15734cfdefc176b6ad58adeeccac22b2e03e095ada6c622af2b463a?s=96&d=mm&r=g\",\"url\":\"https:\\\/\\\/secure.gravatar.com\\\/avatar\\\/47679bcfa15734cfdefc176b6ad58adeeccac22b2e03e095ada6c622af2b463a?s=96&d=mm&r=g\",\"contentUrl\":\"https:\\\/\\\/secure.gravatar.com\\\/avatar\\\/47679bcfa15734cfdefc176b6ad58adeeccac22b2e03e095ada6c622af2b463a?s=96&d=mm&r=g\",\"caption\":\"Diario del Sur Digital\"},\"url\":\"https:\\\/\\\/diariodelsurdigital.com.ar\\\/?author=3\"}]}<\/script>\n<!-- \/ Yoast SEO plugin. -->","yoast_head_json":{"title":"Abren las inscripciones a formaciones en oratoria, fotograf\u00eda y educaci\u00f3n emocional - Diario del Sur","robots":{"index":"index","follow":"follow","max-snippet":"max-snippet:-1","max-image-preview":"max-image-preview:large","max-video-preview":"max-video-preview:-1"},"canonical":"https:\/\/diariodelsurdigital.com.ar\/?p=4665","og_locale":"es_ES","og_type":"article","og_title":"Abren las inscripciones a formaciones en oratoria, fotograf\u00eda y educaci\u00f3n emocional - Diario del Sur","og_description":"La Universidad Tecnol\u00f3gica Nacional Facultad Regional Concordia tiene abierta las inscripciones a capacitaciones que se dictar\u00e1n durante septiembre. Se reeditar\u00e1n los cursos de Oratoria y Fotograf\u00eda, iniciar\u00e1n tambi\u00e9n talleres de Educaci\u00f3n Emocional. El 16 de septiembre inicia el curso intensivo&nbsp;\u00abOratoria: expresando mis ideas en p\u00fablico\u00bb, que tienen una duraci\u00f3n total de cinco encuentros presenciales. Se [&hellip;]","og_url":"https:\/\/diariodelsurdigital.com.ar\/?p=4665","og_site_name":"Diario del Sur","article_published_time":"2025-09-14T20:16:41+00:00","article_modified_time":"2025-09-14T20:16:42+00:00","og_image":[{"width":440,"height":330,"url":"https:\/\/diariodelsurdigital.com.ar\/wp-content\/uploads\/2025\/09\/utn_1.jpg","type":"image\/jpeg"}],"author":"Diario del Sur Digital","twitter_card":"summary_large_image","twitter_misc":{"Escrito por":"Diario del Sur Digital","Tiempo de lectura":"2 minutos"},"schema":{"@context":"https:\/\/schema.org","@graph":[{"@type":"Article","@id":"https:\/\/diariodelsurdigital.com.ar\/?p=4665#article","isPartOf":{"@id":"https:\/\/diariodelsurdigital.com.ar\/?p=4665"},"author":{"name":"Diario del Sur Digital","@id":"https:\/\/diariodelsurdigital.com.ar\/#\/schema\/person\/d794acb23337e88c6e4004a39c32be62"},"headline":"Abren las inscripciones a formaciones en oratoria, fotograf\u00eda y educaci\u00f3n emocional","datePublished":"2025-09-14T20:16:41+00:00","dateModified":"2025-09-14T20:16:42+00:00","mainEntityOfPage":{"@id":"https:\/\/diariodelsurdigital.com.ar\/?p=4665"},"wordCount":301,"commentCount":0,"image":{"@id":"https:\/\/diariodelsurdigital.com.ar\/?p=4665#primaryimage"},"thumbnailUrl":"https:\/\/diariodelsurdigital.com.ar\/wp-content\/uploads\/2025\/09\/utn_1.jpg","articleSection":["Inter\u00e9s General","Locales"],"inLanguage":"es","potentialAction":[{"@type":"CommentAction","name":"Comment","target":["https:\/\/diariodelsurdigital.com.ar\/?p=4665#respond"]}]},{"@type":"WebPage","@id":"https:\/\/diariodelsurdigital.com.ar\/?p=4665","url":"https:\/\/diariodelsurdigital.com.ar\/?p=4665","name":"Abren las inscripciones a formaciones en oratoria, fotograf\u00eda y educaci\u00f3n emocional - Diario del Sur","isPartOf":{"@id":"https:\/\/diariodelsurdigital.com.ar\/#website"},"primaryImageOfPage":{"@id":"https:\/\/diariodelsurdigital.com.ar\/?p=4665#primaryimage"},"image":{"@id":"https:\/\/diariodelsurdigital.com.ar\/?p=4665#primaryimage"},"thumbnailUrl":"https:\/\/diariodelsurdigital.com.ar\/wp-content\/uploads\/2025\/09\/utn_1.jpg","datePublished":"2025-09-14T20:16:41+00:00","dateModified":"2025-09-14T20:16:42+00:00","author":{"@id":"https:\/\/diariodelsurdigital.com.ar\/#\/schema\/person\/d794acb23337e88c6e4004a39c32be62"},"breadcrumb":{"@id":"https:\/\/diariodelsurdigital.com.ar\/?p=4665#breadcrumb"},"inLanguage":"es","potentialAction":[{"@type":"ReadAction","target":["https:\/\/diariodelsurdigital.com.ar\/?p=4665"]}]},{"@type":"ImageObject","inLanguage":"es","@id":"https:\/\/diariodelsurdigital.com.ar\/?p=4665#primaryimage","url":"https:\/\/diariodelsurdigital.com.ar\/wp-content\/uploads\/2025\/09\/utn_1.jpg","contentUrl":"https:\/\/diariodelsurdigital.com.ar\/wp-content\/uploads\/2025\/09\/utn_1.jpg","width":440,"height":330},{"@type":"BreadcrumbList","@id":"https:\/\/diariodelsurdigital.com.ar\/?p=4665#breadcrumb","itemListElement":[{"@type":"ListItem","position":1,"name":"Portada","item":"https:\/\/diariodelsurdigital.com.ar\/"},{"@type":"ListItem","position":2,"name":"Abren las inscripciones a formaciones en oratoria, fotograf\u00eda y educaci\u00f3n emocional"}]},{"@type":"WebSite","@id":"https:\/\/diariodelsurdigital.com.ar\/#website","url":"https:\/\/diariodelsurdigital.com.ar\/","name":"Diario del Sur","description":"Digital","potentialAction":[{"@type":"SearchAction","target":{"@type":"EntryPoint","urlTemplate":"https:\/\/diariodelsurdigital.com.ar\/?s={search_term_string}"},"query-input":{"@type":"PropertyValueSpecification","valueRequired":true,"valueName":"search_term_string"}}],"inLanguage":"es"},{"@type":"Person","@id":"https:\/\/diariodelsurdigital.com.ar\/#\/schema\/person\/d794acb23337e88c6e4004a39c32be62","name":"Diario del Sur Digital","image":{"@type":"ImageObject","inLanguage":"es","@id":"https:\/\/secure.gravatar.com\/avatar\/47679bcfa15734cfdefc176b6ad58adeeccac22b2e03e095ada6c622af2b463a?s=96&d=mm&r=g","url":"https:\/\/secure.gravatar.com\/avatar\/47679bcfa15734cfdefc176b6ad58adeeccac22b2e03e095ada6c622af2b463a?s=96&d=mm&r=g","contentUrl":"https:\/\/secure.gravatar.com\/avatar\/47679bcfa15734cfdefc176b6ad58adeeccac22b2e03e095ada6c622af2b463a?s=96&d=mm&r=g","caption":"Diario del Sur Digital"},"url":"https:\/\/diariodelsurdigital.com.ar\/?author=3"}]}},"_links":{"self":[{"href":"https:\/\/diariodelsurdigital.com.ar\/index.php?rest_route=\/wp\/v2\/posts\/4665","targetHints":{"allow":["GET"]}}],"collection":[{"href":"https:\/\/diariodelsurdigital.com.ar\/index.php?rest_route=\/wp\/v2\/posts"}],"about":[{"href":"https:\/\/diariodelsurdigital.com.ar\/index.php?rest_route=\/wp\/v2\/types\/post"}],"author":[{"embeddable":true,"href":"https:\/\/diariodelsurdigital.com.ar\/index.php?rest_route=\/wp\/v2\/users\/3"}],"replies":[{"embeddable":true,"href":"https:\/\/diariodelsurdigital.com.ar\/index.php?rest_route=%2Fwp%2Fv2%2Fcomments&post=4665"}],"version-history":[{"count":1,"href":"https:\/\/diariodelsurdigital.com.ar\/index.php?rest_route=\/wp\/v2\/posts\/4665\/revisions"}],"predecessor-version":[{"id":4667,"href":"https:\/\/diariodelsurdigital.com.ar\/index.php?rest_route=\/wp\/v2\/posts\/4665\/revisions\/4667"}],"wp:featuredmedia":[{"embeddable":true,"href":"https:\/\/diariodelsurdigital.com.ar\/index.php?rest_route=\/wp\/v2\/media\/4666"}],"wp:attachment":[{"href":"https:\/\/diariodelsurdigital.com.ar\/index.php?rest_route=%2Fwp%2Fv2%2Fmedia&parent=4665"}],"wp:term":[{"taxonomy":"category","embeddable":true,"href":"https:\/\/diariodelsurdigital.com.ar\/index.php?rest_route=%2Fwp%2Fv2%2Fcategories&post=4665"},{"taxonomy":"post_tag","embeddable":true,"href":"https:\/\/diariodelsurdigital.com.ar\/index.php?rest_route=%2Fwp%2Fv2%2Ftags&post=4665"}],"curies":[{"name":"wp","href":"https:\/\/api.w.org\/{rel}","templated":true}]}}