{"id":4678,"date":"2025-09-15T10:41:51","date_gmt":"2025-09-15T13:41:51","guid":{"rendered":"https:\/\/diariodelsurdigital.com.ar\/?p=4678"},"modified":"2025-09-15T10:41:52","modified_gmt":"2025-09-15T13:41:52","slug":"concordia-habilito-su-aeropuerto-y-conecta-la-region-con-nuevas-oportunidades","status":"publish","type":"post","link":"https:\/\/diariodelsurdigital.com.ar\/?p=4678","title":{"rendered":"Concordia habilit\u00f3 su aeropuerto y conecta la regi\u00f3n con nuevas oportunidades"},"content":{"rendered":"\n<p>La nueva terminal permitir\u00e1 vuelos comerciales, sanitarios y de emergencia, fortaleciendo la conectividad y el desarrollo productivo de la regi\u00f3n de Salto Grande. Una obra estrat\u00e9gica que potencia empleo, inversiones y turismo para la regi\u00f3n.<\/p>\n\n\n\n<p><\/p>\n\n\n\n<p>Como estaba previsto y dentro de los plazos anunciados, este lunes 15 de septiembre el Aeropuerto Concordia Comodoro J.J. Pierrestegui inicia oficialmente su actividad, quedando habilitado por la ANAC para vuelos de aviaci\u00f3n civil, sanitaria, militar y de emergencia.<\/p>\n\n\n\n<p>El logro es fruto del esfuerzo del Ente de Desarrollo Aerocomercial del Aeropuerto de Concordia (E.D.A.A.C.), responsable de la administraci\u00f3n de la terminal, junto al Municipio de Concordia, la comunidad aeroportuaria ya asentada en Concordia (SMN, ANAC, EANA, PSA, ORSNA y Bomberos); con el acompa\u00f1amiento permanente del Gobierno de Entre R\u00edos a trav\u00e9s de la Unidad Ejecutora Provincial.<\/p>\n\n\n\n<p>La apertura de la readecuada terminal marca el inicio de una nueva etapa para la conectividad de la ciudad y el desarrollo tur\u00edstico y productivo de la regi\u00f3n de Salto Grande, potenciando la llegada de inversiones, la generaci\u00f3n de empleo y la expansi\u00f3n de servicios.<\/p>\n\n\n\n<p>El presidente del E.D.A.A.C. y secretario de Desarrollo Productivo, Federico Schattenhofer, destac\u00f3: \u00abEste aeropuerto es una pieza clave del legado de gesti\u00f3n de Francisco Azcu\u00e9 que implica sentar las bases de un gran cambio en la producci\u00f3n y en el paradigma productivo de Concordia. Hoy damos un paso concreto para mejorar la conectividad, optimizar la log\u00edstica y fortalecer la competitividad de las empresas, atrayendo inversiones y generando trabajo genuino.\u00bb<\/p>\n\n\n\n<p>Por su parte, el intendente Francisco Azcu\u00e9 resalt\u00f3 la importancia estrat\u00e9gica de la obra y agradeci\u00f3 el acompa\u00f1amiento de la Provincia: \u00abLa habilitaci\u00f3n del aeropuerto no es solo una obra de infraestructura, sino una decisi\u00f3n pol\u00edtica que ubica a Concordia en el mapa de las ciudades con mayor proyecci\u00f3n. Quiero reconocer el compromiso del gobernador Rogelio Frigerio y de la Unidad Ejecutora Provincial, que estuvieron presentes en cada etapa. Tambi\u00e9n, quiero destacar el rol central del Municipio, que articul\u00f3 esfuerzos para hacer esto posible.\u00bb<\/p>\n\n\n\n<p>Azcu\u00e9 subray\u00f3 adem\u00e1s la dimensi\u00f3n regional del proyecto: \u00abEste aeropuerto les pertenece a todos. Si trabajamos unidos \u2014intendentes, gobierno provincial y sector privado\u2014 podremos capitalizar esta infraestructura para potenciar el turismo, el comercio y otras actividades importantes para el crecimiento del litoral. Desde la pol\u00edtica debemos ser facilitadores: los verdaderos protagonistas son los emprendedores y empresarios que impulsan la econom\u00eda local.\u00bb<\/p>\n\n\n\n<p>Una obra que marca un antes y un despu\u00e9s<\/p>\n\n\n\n<p>El proyecto \u00abDise\u00f1o, Construcci\u00f3n y Readecuaci\u00f3n del Aeropuerto Comodoro Juan Jos\u00e9 Pierrestegui\u00bb se ejecut\u00f3 en el marco del Programa de Desarrollo e Integraci\u00f3n de la Regi\u00f3n de Salto Grande, financiado por el Banco Interamericano de Desarrollo (BID).<\/p>\n\n\n\n<p>Entre las principales mejoras se destacan:<\/p>\n\n\n\n<p>Nueva terminal de pasajeros de 1.850 m\u00b2 con estacionamiento para autos y \u00f3mnibus.<br>Plataforma comercial preparada para aeronaves de gran porte como Boeing 737-800 o Airbus A320.<br>Torre de control moderna, pista extendida a 2.000 metros y plataforma de 130 x 80 metros para tres aeronaves de dise\u00f1o simult\u00e1neas.<br>Nuevo sistema de balizamiento<br>Nueva Planta de combustibles de JET y AVGAS<br>Nuevos edificios para organismos nacionales: SMN, ANAC, EANA, PSA, ORSNA y Bomberos (SEI).<br>Su ubicaci\u00f3n estrat\u00e9gica, a pocos kil\u00f3metros del Centro de Frontera Concordia-Salto y de la RN14, convierte a la terminal en un acceso r\u00e1pido y directo hacia ciudades como Salto (ROU), Col\u00f3n, Federaci\u00f3n y Chajar\u00ed, fortaleciendo la integraci\u00f3n regional.<\/p>\n\n\n\n<p>Con esta obra, Concordia se posiciona como una ciudad atractiva para invertir, trabajar y vivir, consolidando un modelo de desarrollo que combina infraestructura moderna, producci\u00f3n diversificada y una visi\u00f3n de futuro compartida entre el Estado, el sector privado y la comunidad.<\/p>\n","protected":false},"excerpt":{"rendered":"<p>La nueva terminal permitir\u00e1 vuelos comerciales, sanitarios y de emergencia, fortaleciendo la conectividad y el desarrollo productivo de la regi\u00f3n de Salto Grande. Una obra estrat\u00e9gica que potencia empleo, inversiones y turismo para la regi\u00f3n. Como estaba previsto y dentro de los plazos anunciados, este lunes 15 de septiembre el Aeropuerto Concordia Comodoro J.J. Pierrestegui [&hellip;]<\/p>\n","protected":false},"author":4,"featured_media":4679,"comment_status":"open","ping_status":"open","sticky":false,"template":"","format":"standard","meta":{"footnotes":""},"categories":[16],"tags":[],"class_list":{"0":"post-4678","1":"post","2":"type-post","3":"status-publish","4":"format-standard","5":"has-post-thumbnail","7":"category-locales"},"yoast_head":"<!-- This site is optimized with the Yoast SEO plugin v27.4 - https:\/\/yoast.com\/product\/yoast-seo-wordpress\/ -->\n<title>Concordia habilit\u00f3 su aeropuerto y conecta la regi\u00f3n con nuevas oportunidades - Diario del Sur<\/title>\n<meta name=\"robots\" content=\"index, follow, max-snippet:-1, max-image-preview:large, max-video-preview:-1\" \/>\n<link rel=\"canonical\" href=\"https:\/\/diariodelsurdigital.com.ar\/?p=4678\" \/>\n<meta property=\"og:locale\" content=\"es_ES\" \/>\n<meta property=\"og:type\" content=\"article\" \/>\n<meta property=\"og:title\" content=\"Concordia habilit\u00f3 su aeropuerto y conecta la regi\u00f3n con nuevas oportunidades - Diario del Sur\" \/>\n<meta property=\"og:description\" content=\"La nueva terminal permitir\u00e1 vuelos comerciales, sanitarios y de emergencia, fortaleciendo la conectividad y el desarrollo productivo de la regi\u00f3n de Salto Grande. Una obra estrat\u00e9gica que potencia empleo, inversiones y turismo para la regi\u00f3n. Como estaba previsto y dentro de los plazos anunciados, este lunes 15 de septiembre el Aeropuerto Concordia Comodoro J.J. Pierrestegui [&hellip;]\" \/>\n<meta property=\"og:url\" content=\"https:\/\/diariodelsurdigital.com.ar\/?p=4678\" \/>\n<meta property=\"og:site_name\" content=\"Diario del Sur\" \/>\n<meta property=\"article:published_time\" content=\"2025-09-15T13:41:51+00:00\" \/>\n<meta property=\"article:modified_time\" content=\"2025-09-15T13:41:52+00:00\" \/>\n<meta property=\"og:image\" content=\"https:\/\/diariodelsurdigital.com.ar\/wp-content\/uploads\/2025\/09\/md-46.webp\" \/>\n\t<meta property=\"og:image:width\" content=\"992\" \/>\n\t<meta property=\"og:image:height\" content=\"744\" \/>\n\t<meta property=\"og:image:type\" content=\"image\/webp\" \/>\n<meta name=\"author\" content=\"Diario del Sur Digital\" \/>\n<meta name=\"twitter:card\" content=\"summary_large_image\" \/>\n<meta name=\"twitter:label1\" content=\"Escrito por\" \/>\n\t<meta name=\"twitter:data1\" content=\"Diario del Sur Digital\" \/>\n\t<meta name=\"twitter:label2\" content=\"Tiempo de lectura\" \/>\n\t<meta name=\"twitter:data2\" content=\"3 minutos\" \/>\n<script type=\"application\/ld+json\" class=\"yoast-schema-graph\">{\"@context\":\"https:\\\/\\\/schema.org\",\"@graph\":[{\"@type\":\"Article\",\"@id\":\"https:\\\/\\\/diariodelsurdigital.com.ar\\\/?p=4678#article\",\"isPartOf\":{\"@id\":\"https:\\\/\\\/diariodelsurdigital.com.ar\\\/?p=4678\"},\"author\":{\"name\":\"Diario del Sur Digital\",\"@id\":\"https:\\\/\\\/diariodelsurdigital.com.ar\\\/#\\\/schema\\\/person\\\/1a4992532ed62965c968031b49195c81\"},\"headline\":\"Concordia habilit\u00f3 su aeropuerto y conecta la regi\u00f3n con nuevas oportunidades\",\"datePublished\":\"2025-09-15T13:41:51+00:00\",\"dateModified\":\"2025-09-15T13:41:52+00:00\",\"mainEntityOfPage\":{\"@id\":\"https:\\\/\\\/diariodelsurdigital.com.ar\\\/?p=4678\"},\"wordCount\":653,\"commentCount\":0,\"image\":{\"@id\":\"https:\\\/\\\/diariodelsurdigital.com.ar\\\/?p=4678#primaryimage\"},\"thumbnailUrl\":\"https:\\\/\\\/diariodelsurdigital.com.ar\\\/wp-content\\\/uploads\\\/2025\\\/09\\\/md-46.webp\",\"articleSection\":[\"Locales\"],\"inLanguage\":\"es\",\"potentialAction\":[{\"@type\":\"CommentAction\",\"name\":\"Comment\",\"target\":[\"https:\\\/\\\/diariodelsurdigital.com.ar\\\/?p=4678#respond\"]}]},{\"@type\":\"WebPage\",\"@id\":\"https:\\\/\\\/diariodelsurdigital.com.ar\\\/?p=4678\",\"url\":\"https:\\\/\\\/diariodelsurdigital.com.ar\\\/?p=4678\",\"name\":\"Concordia habilit\u00f3 su aeropuerto y conecta la regi\u00f3n con nuevas oportunidades - Diario del Sur\",\"isPartOf\":{\"@id\":\"https:\\\/\\\/diariodelsurdigital.com.ar\\\/#website\"},\"primaryImageOfPage\":{\"@id\":\"https:\\\/\\\/diariodelsurdigital.com.ar\\\/?p=4678#primaryimage\"},\"image\":{\"@id\":\"https:\\\/\\\/diariodelsurdigital.com.ar\\\/?p=4678#primaryimage\"},\"thumbnailUrl\":\"https:\\\/\\\/diariodelsurdigital.com.ar\\\/wp-content\\\/uploads\\\/2025\\\/09\\\/md-46.webp\",\"datePublished\":\"2025-09-15T13:41:51+00:00\",\"dateModified\":\"2025-09-15T13:41:52+00:00\",\"author\":{\"@id\":\"https:\\\/\\\/diariodelsurdigital.com.ar\\\/#\\\/schema\\\/person\\\/1a4992532ed62965c968031b49195c81\"},\"breadcrumb\":{\"@id\":\"https:\\\/\\\/diariodelsurdigital.com.ar\\\/?p=4678#breadcrumb\"},\"inLanguage\":\"es\",\"potentialAction\":[{\"@type\":\"ReadAction\",\"target\":[\"https:\\\/\\\/diariodelsurdigital.com.ar\\\/?p=4678\"]}]},{\"@type\":\"ImageObject\",\"inLanguage\":\"es\",\"@id\":\"https:\\\/\\\/diariodelsurdigital.com.ar\\\/?p=4678#primaryimage\",\"url\":\"https:\\\/\\\/diariodelsurdigital.com.ar\\\/wp-content\\\/uploads\\\/2025\\\/09\\\/md-46.webp\",\"contentUrl\":\"https:\\\/\\\/diariodelsurdigital.com.ar\\\/wp-content\\\/uploads\\\/2025\\\/09\\\/md-46.webp\",\"width\":992,\"height\":744},{\"@type\":\"BreadcrumbList\",\"@id\":\"https:\\\/\\\/diariodelsurdigital.com.ar\\\/?p=4678#breadcrumb\",\"itemListElement\":[{\"@type\":\"ListItem\",\"position\":1,\"name\":\"Portada\",\"item\":\"https:\\\/\\\/diariodelsurdigital.com.ar\\\/\"},{\"@type\":\"ListItem\",\"position\":2,\"name\":\"Concordia habilit\u00f3 su aeropuerto y conecta la regi\u00f3n con nuevas oportunidades\"}]},{\"@type\":\"WebSite\",\"@id\":\"https:\\\/\\\/diariodelsurdigital.com.ar\\\/#website\",\"url\":\"https:\\\/\\\/diariodelsurdigital.com.ar\\\/\",\"name\":\"Diario del Sur\",\"description\":\"Digital\",\"potentialAction\":[{\"@type\":\"SearchAction\",\"target\":{\"@type\":\"EntryPoint\",\"urlTemplate\":\"https:\\\/\\\/diariodelsurdigital.com.ar\\\/?s={search_term_string}\"},\"query-input\":{\"@type\":\"PropertyValueSpecification\",\"valueRequired\":true,\"valueName\":\"search_term_string\"}}],\"inLanguage\":\"es\"},{\"@type\":\"Person\",\"@id\":\"https:\\\/\\\/diariodelsurdigital.com.ar\\\/#\\\/schema\\\/person\\\/1a4992532ed62965c968031b49195c81\",\"name\":\"Diario del Sur Digital\",\"image\":{\"@type\":\"ImageObject\",\"inLanguage\":\"es\",\"@id\":\"https:\\\/\\\/secure.gravatar.com\\\/avatar\\\/f0c7c47fc7146d19828273b9b8eda651c9c7ab583767e6338d3d3bee825adf76?s=96&d=mm&r=g\",\"url\":\"https:\\\/\\\/secure.gravatar.com\\\/avatar\\\/f0c7c47fc7146d19828273b9b8eda651c9c7ab583767e6338d3d3bee825adf76?s=96&d=mm&r=g\",\"contentUrl\":\"https:\\\/\\\/secure.gravatar.com\\\/avatar\\\/f0c7c47fc7146d19828273b9b8eda651c9c7ab583767e6338d3d3bee825adf76?s=96&d=mm&r=g\",\"caption\":\"Diario del Sur Digital\"},\"url\":\"https:\\\/\\\/diariodelsurdigital.com.ar\\\/?author=4\"}]}<\/script>\n<!-- \/ Yoast SEO plugin. -->","yoast_head_json":{"title":"Concordia habilit\u00f3 su aeropuerto y conecta la regi\u00f3n con nuevas oportunidades - Diario del Sur","robots":{"index":"index","follow":"follow","max-snippet":"max-snippet:-1","max-image-preview":"max-image-preview:large","max-video-preview":"max-video-preview:-1"},"canonical":"https:\/\/diariodelsurdigital.com.ar\/?p=4678","og_locale":"es_ES","og_type":"article","og_title":"Concordia habilit\u00f3 su aeropuerto y conecta la regi\u00f3n con nuevas oportunidades - Diario del Sur","og_description":"La nueva terminal permitir\u00e1 vuelos comerciales, sanitarios y de emergencia, fortaleciendo la conectividad y el desarrollo productivo de la regi\u00f3n de Salto Grande. Una obra estrat\u00e9gica que potencia empleo, inversiones y turismo para la regi\u00f3n. Como estaba previsto y dentro de los plazos anunciados, este lunes 15 de septiembre el Aeropuerto Concordia Comodoro J.J. Pierrestegui [&hellip;]","og_url":"https:\/\/diariodelsurdigital.com.ar\/?p=4678","og_site_name":"Diario del Sur","article_published_time":"2025-09-15T13:41:51+00:00","article_modified_time":"2025-09-15T13:41:52+00:00","og_image":[{"width":992,"height":744,"url":"https:\/\/diariodelsurdigital.com.ar\/wp-content\/uploads\/2025\/09\/md-46.webp","type":"image\/webp"}],"author":"Diario del Sur Digital","twitter_card":"summary_large_image","twitter_misc":{"Escrito por":"Diario del Sur Digital","Tiempo de lectura":"3 minutos"},"schema":{"@context":"https:\/\/schema.org","@graph":[{"@type":"Article","@id":"https:\/\/diariodelsurdigital.com.ar\/?p=4678#article","isPartOf":{"@id":"https:\/\/diariodelsurdigital.com.ar\/?p=4678"},"author":{"name":"Diario del Sur Digital","@id":"https:\/\/diariodelsurdigital.com.ar\/#\/schema\/person\/1a4992532ed62965c968031b49195c81"},"headline":"Concordia habilit\u00f3 su aeropuerto y conecta la regi\u00f3n con nuevas oportunidades","datePublished":"2025-09-15T13:41:51+00:00","dateModified":"2025-09-15T13:41:52+00:00","mainEntityOfPage":{"@id":"https:\/\/diariodelsurdigital.com.ar\/?p=4678"},"wordCount":653,"commentCount":0,"image":{"@id":"https:\/\/diariodelsurdigital.com.ar\/?p=4678#primaryimage"},"thumbnailUrl":"https:\/\/diariodelsurdigital.com.ar\/wp-content\/uploads\/2025\/09\/md-46.webp","articleSection":["Locales"],"inLanguage":"es","potentialAction":[{"@type":"CommentAction","name":"Comment","target":["https:\/\/diariodelsurdigital.com.ar\/?p=4678#respond"]}]},{"@type":"WebPage","@id":"https:\/\/diariodelsurdigital.com.ar\/?p=4678","url":"https:\/\/diariodelsurdigital.com.ar\/?p=4678","name":"Concordia habilit\u00f3 su aeropuerto y conecta la regi\u00f3n con nuevas oportunidades - Diario del Sur","isPartOf":{"@id":"https:\/\/diariodelsurdigital.com.ar\/#website"},"primaryImageOfPage":{"@id":"https:\/\/diariodelsurdigital.com.ar\/?p=4678#primaryimage"},"image":{"@id":"https:\/\/diariodelsurdigital.com.ar\/?p=4678#primaryimage"},"thumbnailUrl":"https:\/\/diariodelsurdigital.com.ar\/wp-content\/uploads\/2025\/09\/md-46.webp","datePublished":"2025-09-15T13:41:51+00:00","dateModified":"2025-09-15T13:41:52+00:00","author":{"@id":"https:\/\/diariodelsurdigital.com.ar\/#\/schema\/person\/1a4992532ed62965c968031b49195c81"},"breadcrumb":{"@id":"https:\/\/diariodelsurdigital.com.ar\/?p=4678#breadcrumb"},"inLanguage":"es","potentialAction":[{"@type":"ReadAction","target":["https:\/\/diariodelsurdigital.com.ar\/?p=4678"]}]},{"@type":"ImageObject","inLanguage":"es","@id":"https:\/\/diariodelsurdigital.com.ar\/?p=4678#primaryimage","url":"https:\/\/diariodelsurdigital.com.ar\/wp-content\/uploads\/2025\/09\/md-46.webp","contentUrl":"https:\/\/diariodelsurdigital.com.ar\/wp-content\/uploads\/2025\/09\/md-46.webp","width":992,"height":744},{"@type":"BreadcrumbList","@id":"https:\/\/diariodelsurdigital.com.ar\/?p=4678#breadcrumb","itemListElement":[{"@type":"ListItem","position":1,"name":"Portada","item":"https:\/\/diariodelsurdigital.com.ar\/"},{"@type":"ListItem","position":2,"name":"Concordia habilit\u00f3 su aeropuerto y conecta la regi\u00f3n con nuevas oportunidades"}]},{"@type":"WebSite","@id":"https:\/\/diariodelsurdigital.com.ar\/#website","url":"https:\/\/diariodelsurdigital.com.ar\/","name":"Diario del Sur","description":"Digital","potentialAction":[{"@type":"SearchAction","target":{"@type":"EntryPoint","urlTemplate":"https:\/\/diariodelsurdigital.com.ar\/?s={search_term_string}"},"query-input":{"@type":"PropertyValueSpecification","valueRequired":true,"valueName":"search_term_string"}}],"inLanguage":"es"},{"@type":"Person","@id":"https:\/\/diariodelsurdigital.com.ar\/#\/schema\/person\/1a4992532ed62965c968031b49195c81","name":"Diario del Sur Digital","image":{"@type":"ImageObject","inLanguage":"es","@id":"https:\/\/secure.gravatar.com\/avatar\/f0c7c47fc7146d19828273b9b8eda651c9c7ab583767e6338d3d3bee825adf76?s=96&d=mm&r=g","url":"https:\/\/secure.gravatar.com\/avatar\/f0c7c47fc7146d19828273b9b8eda651c9c7ab583767e6338d3d3bee825adf76?s=96&d=mm&r=g","contentUrl":"https:\/\/secure.gravatar.com\/avatar\/f0c7c47fc7146d19828273b9b8eda651c9c7ab583767e6338d3d3bee825adf76?s=96&d=mm&r=g","caption":"Diario del Sur Digital"},"url":"https:\/\/diariodelsurdigital.com.ar\/?author=4"}]}},"_links":{"self":[{"href":"https:\/\/diariodelsurdigital.com.ar\/index.php?rest_route=\/wp\/v2\/posts\/4678","targetHints":{"allow":["GET"]}}],"collection":[{"href":"https:\/\/diariodelsurdigital.com.ar\/index.php?rest_route=\/wp\/v2\/posts"}],"about":[{"href":"https:\/\/diariodelsurdigital.com.ar\/index.php?rest_route=\/wp\/v2\/types\/post"}],"author":[{"embeddable":true,"href":"https:\/\/diariodelsurdigital.com.ar\/index.php?rest_route=\/wp\/v2\/users\/4"}],"replies":[{"embeddable":true,"href":"https:\/\/diariodelsurdigital.com.ar\/index.php?rest_route=%2Fwp%2Fv2%2Fcomments&post=4678"}],"version-history":[{"count":1,"href":"https:\/\/diariodelsurdigital.com.ar\/index.php?rest_route=\/wp\/v2\/posts\/4678\/revisions"}],"predecessor-version":[{"id":4680,"href":"https:\/\/diariodelsurdigital.com.ar\/index.php?rest_route=\/wp\/v2\/posts\/4678\/revisions\/4680"}],"wp:featuredmedia":[{"embeddable":true,"href":"https:\/\/diariodelsurdigital.com.ar\/index.php?rest_route=\/wp\/v2\/media\/4679"}],"wp:attachment":[{"href":"https:\/\/diariodelsurdigital.com.ar\/index.php?rest_route=%2Fwp%2Fv2%2Fmedia&parent=4678"}],"wp:term":[{"taxonomy":"category","embeddable":true,"href":"https:\/\/diariodelsurdigital.com.ar\/index.php?rest_route=%2Fwp%2Fv2%2Fcategories&post=4678"},{"taxonomy":"post_tag","embeddable":true,"href":"https:\/\/diariodelsurdigital.com.ar\/index.php?rest_route=%2Fwp%2Fv2%2Ftags&post=4678"}],"curies":[{"name":"wp","href":"https:\/\/api.w.org\/{rel}","templated":true}]}}