{"id":4681,"date":"2025-09-15T10:43:49","date_gmt":"2025-09-15T13:43:49","guid":{"rendered":"https:\/\/diariodelsurdigital.com.ar\/?p=4681"},"modified":"2025-09-15T10:43:49","modified_gmt":"2025-09-15T13:43:49","slug":"desde-gualeguaychu-frigerio-reafirmo-el-compromiso-con-el-campo-entrerriano-y-su-aversion-al-populismo","status":"publish","type":"post","link":"https:\/\/diariodelsurdigital.com.ar\/?p=4681","title":{"rendered":"Desde Gualeguaych\u00fa Frigerio reafirm\u00f3 el compromiso con el campo entrerriano y su aversi\u00f3n al populismo"},"content":{"rendered":"\n<p>Fue durante la 132\u00aa Exposici\u00f3n de Ganader\u00eda, Industria y Comercio de la Sociedad Rural de Gualeguaych\u00fa. All\u00ed, el gobernador Rogelio Frigerio ratific\u00f3 el \u00abacompa\u00f1amiento constante del gobierno provincial al campo entrerriano\u00bb. En esa l\u00ednea, repas\u00f3 las acciones realizadas por su gesti\u00f3n de gobierno y anunci\u00f3 inversiones destinadas al sector. All\u00ed afirm\u00f3 que con su equipo har\u00e1 todo lo que est\u00e9 \u00abpara que nunca m\u00e1s el populismo pueda arrebatarnos el fruto de nuestro trabajo\u00bb.<\/p>\n\n\n\n<p><\/p>\n\n\n\n<p>La jornada congreg\u00f3 a una nutrida representaci\u00f3n de autoridades nacionales, provinciales y municipales, as\u00ed como a referentes del sector agropecuario. El mandatario realiz\u00f3 el izamiento del pabell\u00f3n nacional, junto al vicepresidente de Confederaciones Rurales Argentinas (CRA), Jos\u00e9 Ignacio Colombatto, y el presidente de la Sociedad Rural de Gualeguaych\u00fa y anfitri\u00f3n, Eduardo Calot.<\/p>\n\n\n\n<p>En su discurso, el gobernador afirm\u00f3 que junto a su equipo har\u00e1n todo lo que est\u00e9 a su alcance \u00abpara que nunca m\u00e1s el populismo pueda arrebatarnos el fruto de nuestro trabajo y que nunca m\u00e1s el Estado intente quedarse con el futuro de nuestros hijos\u00bb. Dedic\u00f3 una parte fundamental de su intervenci\u00f3n a los trabajos realizados y a realizar por vialidad provincial, destacando las inversiones en obras significativas sobre puentes y caminos de la zona, as\u00ed como el \u00ab\u00e9xito de los consorcios camineros\u00bb, como una herramienta clave para mejorar la infraestructura vial.<\/p>\n\n\n\n<p>Tambi\u00e9n mencion\u00f3 los esfuerzos del gobierno provincial para bajar \u00abtodos los impuestos en t\u00e9rminos reales\u00bb y la decisi\u00f3n de que el Impuesto Inmobiliario Rural est\u00e9 \u00abdirigido \u00edntegramente a mejorar los caminos de la producci\u00f3n\u00bb. Adem\u00e1s, destac\u00f3 la reducci\u00f3n de m\u00e1s de 100 tasas, el avance en la reducci\u00f3n de la tarifa el\u00e9ctrica provincial y la implementaci\u00f3n exitosa del Documento \u00danico de Tr\u00e1nsito (DUT). Resalt\u00f3 a su vez las acciones para que el sector pueda contar con herramientas de financiamiento e hizo hincapi\u00e9 en la lucha contra la garrapata, remarcando que \u00abes un problema de todos\u00bb.<\/p>\n\n\n\n<p>Finalmente, invit\u00f3 a los entrerrianos a \u00abhacernos cargo, abrir caminos, no repetir los errores e impulsar la producci\u00f3n con soluciones concretas, sentido com\u00fan y mucha transparencia\u00bb, convencido de que \u00abcon esa identidad, hombro con hombro, vamos a llevar Entre R\u00edos y a la Argentina al lugar m\u00e1s alto\u00bb.<\/p>\n\n\n\n<p>Por su parte, el subsecretario de Producci\u00f3n Agropecuaria y Forestal de la Naci\u00f3n, Manuel Chiappe, quien acompa\u00f1\u00f3 al gobernador en el recorrido por la exposici\u00f3n, destac\u00f3 la importancia de la estabilidad macroecon\u00f3mica como base para el desarrollo y se\u00f1al\u00f3 que vienen \u00abtrabajando en construir puentes con las provincias. Reflejo vivo de ello son las reuniones mensuales del Consejo Federal Agropecuario, donde trabajamos problemas y soluciones espec\u00edficas regi\u00f3n por regi\u00f3n\u00bb. Puso como ejemplo el apoyo de la provincia con una rebaja de tasa para los cr\u00e9ditos valor producto a tambos entrerrianos, agradeciendo al gobernador Frigerio y al ministro Bernaudo \u00abpor el trabajo en equipo en esta materia\u00bb, as\u00ed como la colaboraci\u00f3n en la lucha contra la garrapata en el norte provincial.<\/p>\n\n\n\n<p>Desde el sector productivo, el presidente de la Sociedad Rural de Gualeguaych\u00fa, Eduardo Calot, agradeci\u00f3 la presencia de Frigerio, destacando que \u00abhac\u00eda mucho tiempo que la m\u00e1xima autoridad provincial no se hac\u00eda presente en este acto tan importante para nuestra instituci\u00f3n y para toda la regi\u00f3n\u00bb. Calot reconoci\u00f3 avances como la eliminaci\u00f3n de tasas distorsivas y la ley de fitosanitarios a nivel provincial, pero especialmente valor\u00f3 que \u00abhoy somos escuchados y atendidos. Parece algo b\u00e1sico, pero no siempre lo fue y hay que reconocerlo. Estos cambios dan esperanza\u00bb. Tambi\u00e9n marc\u00f3 la necesidad de seguir trabajando en temas como los derechos de exportaci\u00f3n, vialidad provincial y la lucha contra la fiebre aftosa.<\/p>\n\n\n\n<p>En esa misma l\u00ednea, Nicasio Tito, presidente de la Federaci\u00f3n de Asociaciones Rurales de Entre R\u00edos (Farer), resalt\u00f3 el \u00abdi\u00e1logo y la relaci\u00f3n madura que hemos construido con el gobierno\u00bb, lo que permite \u00abplantear con franqueza las preocupaciones del sector y encontrar en muchos casos la voluntad de avanzar en soluciones\u00bb. Advirti\u00f3 igualmente que \u00abno alcanza con escucharnos. Necesitamos decisiones concretas, porque la producci\u00f3n no puede esperar\u00bb. Puntualmente, afirm\u00f3 que \u00absi no trabajamos mancomunadamente los entes sanitarios, el Senasa, los productores y la provincia, no podremos erradicar la garrapata\u00bb.<\/p>\n\n\n\n<p>A su turno, el vicepresidente de Confederaciones Rurales Argentinas (CRA), Jos\u00e9 Ignacio Colombatto, tambi\u00e9n enfatiz\u00f3 en la importancia de la \u00abinfraestructura, conectividad, caminos rurales para producir, acceso al cr\u00e9dito a tasas competitivas, tarifa el\u00e9ctrica tambi\u00e9n competitiva\u00bb. Valor\u00f3 las reuniones con el gobernador Frigerio e hizo un llamado a la clase pol\u00edtica para que \u00abdejen de lado las rencillas personales y trabajen para la gente, para el ciudadano y no que la gente trabaje para la dirigencia pol\u00edtica\u00bb.<\/p>\n\n\n\n<p>Participaron tambi\u00e9n de la jornada el intendente de Gualeguaych\u00fa, Mauricio Davico; el Ministro de Desarrollo Econ\u00f3mico provincial, Guillermo Bernaudo; los legisladores nacionales Alfredo De Angeli y Atilio Benedetti; los legisladores provinciales Jaime Benedetti, Carlos Alberto Damasco y Juan Bahillo; y la presidenta del Consejo General de Educaci\u00f3n (CGE), Alicia Fregonese.<\/p>\n","protected":false},"excerpt":{"rendered":"<p>Fue durante la 132\u00aa Exposici\u00f3n de Ganader\u00eda, Industria y Comercio de la Sociedad Rural de Gualeguaych\u00fa. All\u00ed, el gobernador Rogelio Frigerio ratific\u00f3 el \u00abacompa\u00f1amiento constante del gobierno provincial al campo entrerriano\u00bb. En esa l\u00ednea, repas\u00f3 las acciones realizadas por su gesti\u00f3n de gobierno y anunci\u00f3 inversiones destinadas al sector. All\u00ed afirm\u00f3 que con su equipo [&hellip;]<\/p>\n","protected":false},"author":4,"featured_media":4682,"comment_status":"open","ping_status":"open","sticky":false,"template":"","format":"standard","meta":{"footnotes":""},"categories":[22,17],"tags":[],"class_list":{"0":"post-4681","1":"post","2":"type-post","3":"status-publish","4":"format-standard","5":"has-post-thumbnail","7":"category-politica","8":"category-provinciales"},"yoast_head":"<!-- This site is optimized with the Yoast SEO plugin v27.4 - https:\/\/yoast.com\/product\/yoast-seo-wordpress\/ -->\n<title>Desde Gualeguaych\u00fa Frigerio reafirm\u00f3 el compromiso con el campo entrerriano y su aversi\u00f3n al populismo - Diario del Sur<\/title>\n<meta name=\"robots\" content=\"index, follow, max-snippet:-1, max-image-preview:large, max-video-preview:-1\" \/>\n<link rel=\"canonical\" href=\"https:\/\/diariodelsurdigital.com.ar\/?p=4681\" \/>\n<meta property=\"og:locale\" content=\"es_ES\" \/>\n<meta property=\"og:type\" content=\"article\" \/>\n<meta property=\"og:title\" content=\"Desde Gualeguaych\u00fa Frigerio reafirm\u00f3 el compromiso con el campo entrerriano y su aversi\u00f3n al populismo - Diario del Sur\" \/>\n<meta property=\"og:description\" content=\"Fue durante la 132\u00aa Exposici\u00f3n de Ganader\u00eda, Industria y Comercio de la Sociedad Rural de Gualeguaych\u00fa. All\u00ed, el gobernador Rogelio Frigerio ratific\u00f3 el \u00abacompa\u00f1amiento constante del gobierno provincial al campo entrerriano\u00bb. En esa l\u00ednea, repas\u00f3 las acciones realizadas por su gesti\u00f3n de gobierno y anunci\u00f3 inversiones destinadas al sector. All\u00ed afirm\u00f3 que con su equipo [&hellip;]\" \/>\n<meta property=\"og:url\" content=\"https:\/\/diariodelsurdigital.com.ar\/?p=4681\" \/>\n<meta property=\"og:site_name\" content=\"Diario del Sur\" \/>\n<meta property=\"article:published_time\" content=\"2025-09-15T13:43:49+00:00\" \/>\n<meta property=\"og:image\" content=\"https:\/\/diariodelsurdigital.com.ar\/wp-content\/uploads\/2025\/09\/md-47.webp\" \/>\n\t<meta property=\"og:image:width\" content=\"992\" \/>\n\t<meta property=\"og:image:height\" content=\"660\" \/>\n\t<meta property=\"og:image:type\" content=\"image\/webp\" \/>\n<meta name=\"author\" content=\"Diario del Sur Digital\" \/>\n<meta name=\"twitter:card\" content=\"summary_large_image\" \/>\n<meta name=\"twitter:label1\" content=\"Escrito por\" \/>\n\t<meta name=\"twitter:data1\" content=\"Diario del Sur Digital\" \/>\n\t<meta name=\"twitter:label2\" content=\"Tiempo de lectura\" \/>\n\t<meta name=\"twitter:data2\" content=\"4 minutos\" \/>\n<script type=\"application\/ld+json\" class=\"yoast-schema-graph\">{\"@context\":\"https:\\\/\\\/schema.org\",\"@graph\":[{\"@type\":\"Article\",\"@id\":\"https:\\\/\\\/diariodelsurdigital.com.ar\\\/?p=4681#article\",\"isPartOf\":{\"@id\":\"https:\\\/\\\/diariodelsurdigital.com.ar\\\/?p=4681\"},\"author\":{\"name\":\"Diario del Sur Digital\",\"@id\":\"https:\\\/\\\/diariodelsurdigital.com.ar\\\/#\\\/schema\\\/person\\\/1a4992532ed62965c968031b49195c81\"},\"headline\":\"Desde Gualeguaych\u00fa Frigerio reafirm\u00f3 el compromiso con el campo entrerriano y su aversi\u00f3n al populismo\",\"datePublished\":\"2025-09-15T13:43:49+00:00\",\"mainEntityOfPage\":{\"@id\":\"https:\\\/\\\/diariodelsurdigital.com.ar\\\/?p=4681\"},\"wordCount\":884,\"commentCount\":0,\"image\":{\"@id\":\"https:\\\/\\\/diariodelsurdigital.com.ar\\\/?p=4681#primaryimage\"},\"thumbnailUrl\":\"https:\\\/\\\/diariodelsurdigital.com.ar\\\/wp-content\\\/uploads\\\/2025\\\/09\\\/md-47.webp\",\"articleSection\":[\"Pol\u00edtica\",\"Provinciales\"],\"inLanguage\":\"es\",\"potentialAction\":[{\"@type\":\"CommentAction\",\"name\":\"Comment\",\"target\":[\"https:\\\/\\\/diariodelsurdigital.com.ar\\\/?p=4681#respond\"]}]},{\"@type\":\"WebPage\",\"@id\":\"https:\\\/\\\/diariodelsurdigital.com.ar\\\/?p=4681\",\"url\":\"https:\\\/\\\/diariodelsurdigital.com.ar\\\/?p=4681\",\"name\":\"Desde Gualeguaych\u00fa Frigerio reafirm\u00f3 el compromiso con el campo entrerriano y su aversi\u00f3n al populismo - Diario del Sur\",\"isPartOf\":{\"@id\":\"https:\\\/\\\/diariodelsurdigital.com.ar\\\/#website\"},\"primaryImageOfPage\":{\"@id\":\"https:\\\/\\\/diariodelsurdigital.com.ar\\\/?p=4681#primaryimage\"},\"image\":{\"@id\":\"https:\\\/\\\/diariodelsurdigital.com.ar\\\/?p=4681#primaryimage\"},\"thumbnailUrl\":\"https:\\\/\\\/diariodelsurdigital.com.ar\\\/wp-content\\\/uploads\\\/2025\\\/09\\\/md-47.webp\",\"datePublished\":\"2025-09-15T13:43:49+00:00\",\"author\":{\"@id\":\"https:\\\/\\\/diariodelsurdigital.com.ar\\\/#\\\/schema\\\/person\\\/1a4992532ed62965c968031b49195c81\"},\"breadcrumb\":{\"@id\":\"https:\\\/\\\/diariodelsurdigital.com.ar\\\/?p=4681#breadcrumb\"},\"inLanguage\":\"es\",\"potentialAction\":[{\"@type\":\"ReadAction\",\"target\":[\"https:\\\/\\\/diariodelsurdigital.com.ar\\\/?p=4681\"]}]},{\"@type\":\"ImageObject\",\"inLanguage\":\"es\",\"@id\":\"https:\\\/\\\/diariodelsurdigital.com.ar\\\/?p=4681#primaryimage\",\"url\":\"https:\\\/\\\/diariodelsurdigital.com.ar\\\/wp-content\\\/uploads\\\/2025\\\/09\\\/md-47.webp\",\"contentUrl\":\"https:\\\/\\\/diariodelsurdigital.com.ar\\\/wp-content\\\/uploads\\\/2025\\\/09\\\/md-47.webp\",\"width\":992,\"height\":660},{\"@type\":\"BreadcrumbList\",\"@id\":\"https:\\\/\\\/diariodelsurdigital.com.ar\\\/?p=4681#breadcrumb\",\"itemListElement\":[{\"@type\":\"ListItem\",\"position\":1,\"name\":\"Portada\",\"item\":\"https:\\\/\\\/diariodelsurdigital.com.ar\\\/\"},{\"@type\":\"ListItem\",\"position\":2,\"name\":\"Desde Gualeguaych\u00fa Frigerio reafirm\u00f3 el compromiso con el campo entrerriano y su aversi\u00f3n al populismo\"}]},{\"@type\":\"WebSite\",\"@id\":\"https:\\\/\\\/diariodelsurdigital.com.ar\\\/#website\",\"url\":\"https:\\\/\\\/diariodelsurdigital.com.ar\\\/\",\"name\":\"Diario del Sur\",\"description\":\"Digital\",\"potentialAction\":[{\"@type\":\"SearchAction\",\"target\":{\"@type\":\"EntryPoint\",\"urlTemplate\":\"https:\\\/\\\/diariodelsurdigital.com.ar\\\/?s={search_term_string}\"},\"query-input\":{\"@type\":\"PropertyValueSpecification\",\"valueRequired\":true,\"valueName\":\"search_term_string\"}}],\"inLanguage\":\"es\"},{\"@type\":\"Person\",\"@id\":\"https:\\\/\\\/diariodelsurdigital.com.ar\\\/#\\\/schema\\\/person\\\/1a4992532ed62965c968031b49195c81\",\"name\":\"Diario del Sur Digital\",\"image\":{\"@type\":\"ImageObject\",\"inLanguage\":\"es\",\"@id\":\"https:\\\/\\\/secure.gravatar.com\\\/avatar\\\/f0c7c47fc7146d19828273b9b8eda651c9c7ab583767e6338d3d3bee825adf76?s=96&d=mm&r=g\",\"url\":\"https:\\\/\\\/secure.gravatar.com\\\/avatar\\\/f0c7c47fc7146d19828273b9b8eda651c9c7ab583767e6338d3d3bee825adf76?s=96&d=mm&r=g\",\"contentUrl\":\"https:\\\/\\\/secure.gravatar.com\\\/avatar\\\/f0c7c47fc7146d19828273b9b8eda651c9c7ab583767e6338d3d3bee825adf76?s=96&d=mm&r=g\",\"caption\":\"Diario del Sur Digital\"},\"url\":\"https:\\\/\\\/diariodelsurdigital.com.ar\\\/?author=4\"}]}<\/script>\n<!-- \/ Yoast SEO plugin. -->","yoast_head_json":{"title":"Desde Gualeguaych\u00fa Frigerio reafirm\u00f3 el compromiso con el campo entrerriano y su aversi\u00f3n al populismo - Diario del Sur","robots":{"index":"index","follow":"follow","max-snippet":"max-snippet:-1","max-image-preview":"max-image-preview:large","max-video-preview":"max-video-preview:-1"},"canonical":"https:\/\/diariodelsurdigital.com.ar\/?p=4681","og_locale":"es_ES","og_type":"article","og_title":"Desde Gualeguaych\u00fa Frigerio reafirm\u00f3 el compromiso con el campo entrerriano y su aversi\u00f3n al populismo - Diario del Sur","og_description":"Fue durante la 132\u00aa Exposici\u00f3n de Ganader\u00eda, Industria y Comercio de la Sociedad Rural de Gualeguaych\u00fa. All\u00ed, el gobernador Rogelio Frigerio ratific\u00f3 el \u00abacompa\u00f1amiento constante del gobierno provincial al campo entrerriano\u00bb. En esa l\u00ednea, repas\u00f3 las acciones realizadas por su gesti\u00f3n de gobierno y anunci\u00f3 inversiones destinadas al sector. All\u00ed afirm\u00f3 que con su equipo [&hellip;]","og_url":"https:\/\/diariodelsurdigital.com.ar\/?p=4681","og_site_name":"Diario del Sur","article_published_time":"2025-09-15T13:43:49+00:00","og_image":[{"width":992,"height":660,"url":"https:\/\/diariodelsurdigital.com.ar\/wp-content\/uploads\/2025\/09\/md-47.webp","type":"image\/webp"}],"author":"Diario del Sur Digital","twitter_card":"summary_large_image","twitter_misc":{"Escrito por":"Diario del Sur Digital","Tiempo de lectura":"4 minutos"},"schema":{"@context":"https:\/\/schema.org","@graph":[{"@type":"Article","@id":"https:\/\/diariodelsurdigital.com.ar\/?p=4681#article","isPartOf":{"@id":"https:\/\/diariodelsurdigital.com.ar\/?p=4681"},"author":{"name":"Diario del Sur Digital","@id":"https:\/\/diariodelsurdigital.com.ar\/#\/schema\/person\/1a4992532ed62965c968031b49195c81"},"headline":"Desde Gualeguaych\u00fa Frigerio reafirm\u00f3 el compromiso con el campo entrerriano y su aversi\u00f3n al populismo","datePublished":"2025-09-15T13:43:49+00:00","mainEntityOfPage":{"@id":"https:\/\/diariodelsurdigital.com.ar\/?p=4681"},"wordCount":884,"commentCount":0,"image":{"@id":"https:\/\/diariodelsurdigital.com.ar\/?p=4681#primaryimage"},"thumbnailUrl":"https:\/\/diariodelsurdigital.com.ar\/wp-content\/uploads\/2025\/09\/md-47.webp","articleSection":["Pol\u00edtica","Provinciales"],"inLanguage":"es","potentialAction":[{"@type":"CommentAction","name":"Comment","target":["https:\/\/diariodelsurdigital.com.ar\/?p=4681#respond"]}]},{"@type":"WebPage","@id":"https:\/\/diariodelsurdigital.com.ar\/?p=4681","url":"https:\/\/diariodelsurdigital.com.ar\/?p=4681","name":"Desde Gualeguaych\u00fa Frigerio reafirm\u00f3 el compromiso con el campo entrerriano y su aversi\u00f3n al populismo - Diario del Sur","isPartOf":{"@id":"https:\/\/diariodelsurdigital.com.ar\/#website"},"primaryImageOfPage":{"@id":"https:\/\/diariodelsurdigital.com.ar\/?p=4681#primaryimage"},"image":{"@id":"https:\/\/diariodelsurdigital.com.ar\/?p=4681#primaryimage"},"thumbnailUrl":"https:\/\/diariodelsurdigital.com.ar\/wp-content\/uploads\/2025\/09\/md-47.webp","datePublished":"2025-09-15T13:43:49+00:00","author":{"@id":"https:\/\/diariodelsurdigital.com.ar\/#\/schema\/person\/1a4992532ed62965c968031b49195c81"},"breadcrumb":{"@id":"https:\/\/diariodelsurdigital.com.ar\/?p=4681#breadcrumb"},"inLanguage":"es","potentialAction":[{"@type":"ReadAction","target":["https:\/\/diariodelsurdigital.com.ar\/?p=4681"]}]},{"@type":"ImageObject","inLanguage":"es","@id":"https:\/\/diariodelsurdigital.com.ar\/?p=4681#primaryimage","url":"https:\/\/diariodelsurdigital.com.ar\/wp-content\/uploads\/2025\/09\/md-47.webp","contentUrl":"https:\/\/diariodelsurdigital.com.ar\/wp-content\/uploads\/2025\/09\/md-47.webp","width":992,"height":660},{"@type":"BreadcrumbList","@id":"https:\/\/diariodelsurdigital.com.ar\/?p=4681#breadcrumb","itemListElement":[{"@type":"ListItem","position":1,"name":"Portada","item":"https:\/\/diariodelsurdigital.com.ar\/"},{"@type":"ListItem","position":2,"name":"Desde Gualeguaych\u00fa Frigerio reafirm\u00f3 el compromiso con el campo entrerriano y su aversi\u00f3n al populismo"}]},{"@type":"WebSite","@id":"https:\/\/diariodelsurdigital.com.ar\/#website","url":"https:\/\/diariodelsurdigital.com.ar\/","name":"Diario del Sur","description":"Digital","potentialAction":[{"@type":"SearchAction","target":{"@type":"EntryPoint","urlTemplate":"https:\/\/diariodelsurdigital.com.ar\/?s={search_term_string}"},"query-input":{"@type":"PropertyValueSpecification","valueRequired":true,"valueName":"search_term_string"}}],"inLanguage":"es"},{"@type":"Person","@id":"https:\/\/diariodelsurdigital.com.ar\/#\/schema\/person\/1a4992532ed62965c968031b49195c81","name":"Diario del Sur Digital","image":{"@type":"ImageObject","inLanguage":"es","@id":"https:\/\/secure.gravatar.com\/avatar\/f0c7c47fc7146d19828273b9b8eda651c9c7ab583767e6338d3d3bee825adf76?s=96&d=mm&r=g","url":"https:\/\/secure.gravatar.com\/avatar\/f0c7c47fc7146d19828273b9b8eda651c9c7ab583767e6338d3d3bee825adf76?s=96&d=mm&r=g","contentUrl":"https:\/\/secure.gravatar.com\/avatar\/f0c7c47fc7146d19828273b9b8eda651c9c7ab583767e6338d3d3bee825adf76?s=96&d=mm&r=g","caption":"Diario del Sur Digital"},"url":"https:\/\/diariodelsurdigital.com.ar\/?author=4"}]}},"_links":{"self":[{"href":"https:\/\/diariodelsurdigital.com.ar\/index.php?rest_route=\/wp\/v2\/posts\/4681","targetHints":{"allow":["GET"]}}],"collection":[{"href":"https:\/\/diariodelsurdigital.com.ar\/index.php?rest_route=\/wp\/v2\/posts"}],"about":[{"href":"https:\/\/diariodelsurdigital.com.ar\/index.php?rest_route=\/wp\/v2\/types\/post"}],"author":[{"embeddable":true,"href":"https:\/\/diariodelsurdigital.com.ar\/index.php?rest_route=\/wp\/v2\/users\/4"}],"replies":[{"embeddable":true,"href":"https:\/\/diariodelsurdigital.com.ar\/index.php?rest_route=%2Fwp%2Fv2%2Fcomments&post=4681"}],"version-history":[{"count":1,"href":"https:\/\/diariodelsurdigital.com.ar\/index.php?rest_route=\/wp\/v2\/posts\/4681\/revisions"}],"predecessor-version":[{"id":4683,"href":"https:\/\/diariodelsurdigital.com.ar\/index.php?rest_route=\/wp\/v2\/posts\/4681\/revisions\/4683"}],"wp:featuredmedia":[{"embeddable":true,"href":"https:\/\/diariodelsurdigital.com.ar\/index.php?rest_route=\/wp\/v2\/media\/4682"}],"wp:attachment":[{"href":"https:\/\/diariodelsurdigital.com.ar\/index.php?rest_route=%2Fwp%2Fv2%2Fmedia&parent=4681"}],"wp:term":[{"taxonomy":"category","embeddable":true,"href":"https:\/\/diariodelsurdigital.com.ar\/index.php?rest_route=%2Fwp%2Fv2%2Fcategories&post=4681"},{"taxonomy":"post_tag","embeddable":true,"href":"https:\/\/diariodelsurdigital.com.ar\/index.php?rest_route=%2Fwp%2Fv2%2Ftags&post=4681"}],"curies":[{"name":"wp","href":"https:\/\/api.w.org\/{rel}","templated":true}]}}