{"id":4684,"date":"2025-09-15T15:08:31","date_gmt":"2025-09-15T18:08:31","guid":{"rendered":"https:\/\/diariodelsurdigital.com.ar\/?p=4684"},"modified":"2025-09-15T15:08:32","modified_gmt":"2025-09-15T18:08:32","slug":"pastores-evangelicos-ante-la-situacion-social-nadie-deberia-normalizar-el-padecimiento","status":"publish","type":"post","link":"https:\/\/diariodelsurdigital.com.ar\/?p=4684","title":{"rendered":"Pastores evang\u00e9licos, ante la situaci\u00f3n social: \u201cNadie deber\u00eda normalizar el padecimiento\u201d"},"content":{"rendered":"\n<h4 class=\"wp-block-heading\" id=\"nota-title\">La Asociaci\u00f3n Civil Pastores Unidos de Concordia (APUC) emiti\u00f3 una carta abierta en la que aporta reflexiones sobre la situaci\u00f3n social, con \u00e9nfasis en la necesidad imperiosa y urgente de brindar respuestas a los m\u00e1s golpeados en su dignidad humana.<\/h4>\n\n\n\n<p>\u201cCelebramos todo proyecto esperanzador y superador pero hasta ahora todo esfuerzo no parece suficiente\u201d, alertan. Y enseguida, remarcan: \u201ces necesario recordar que siempre la prioridad son las personas y sus necesidades b\u00e1sicas y urgentes, es necesario echar manos de la empat\u00eda, la compasi\u00f3n, el sentido com\u00fan y el amor al pr\u00f3jimo, las personas no son un n\u00famero en una estad\u00edstica, son seres humanos lidiando con sus realidades, con sus necesidades impostergables. Nadie deber\u00eda normalizar el padecimiento, mucho menos quienes tienen en sus manos las herramientas del estado, con las cuales sacar de la humillaci\u00f3n, la postraci\u00f3n, del hambre y la desesperanza a sus habitantes. No puede ser normal vivir sin dignidad\u201d.<\/p>\n\n\n\n<p>La carta, firmada por el Pastor Marcelo Mi\u00f1o, presidente de APUC, y el Pastor Daniel Ozuna, a cargo de Relaciones Institucionales, describen de forma descarnada situaciones que atraviesan ciudadanos de Concordia, en relaci\u00f3n a bienes fundamentales, como la nutrici\u00f3n, la salud, la educaci\u00f3n y la seguridad.<\/p>\n\n\n\n<p>\u201cNo es normal que personas acampen por horas en las guardias de hospitales para conseguir una atenci\u00f3n m\u00e9dica, que nuestros discapacitados sean humillados, la falta de fuentes de trabajos genuinos y dignos, trabajadores con sueldos que no satisfacen las necesidades b\u00e1sicas de sus familias, sueldos incoherentes de profesionales de la medicina, educaci\u00f3n y otros , mientras integrantes del sector pol\u00edtico del Estado reciban sueldos millonarios, no puede ser normal que cada vez sean m\u00e1s las familias endeudadas para alimentarse, no podemos normalizar personas dentro de los contenedores de basura para sobrevivir gracias al desecho de otros, que nuestros ancianos vivan sus \u00faltimos a\u00f1os de vida con jubilaciones miserables y medicamentos restringidos, no puede ser normal que nuestros ni\u00f1os est\u00e9n expuestos a un grave deterioro alimenticio, en muchos casos irreversible, frente a la imposibilidad de una adecuada nutrici\u00f3n\u201d, se\u00f1alan los pastores.<\/p>\n\n\n\n<p>\u201cCreemos \u2013agregan- que es sumamente importante contar con escuelas con infraestructuras adecuadas donde nuestros ni\u00f1os estudien y nuestros docentes desarrollen su profesi\u00f3n adecuadamente. Tambi\u00e9n es vital seguir trabajando por el flagelo de la droga y de la inseguridad en nuestra ciudad\u201d.<\/p>\n\n\n\n<p>\u201cEn s\u00edntesis, la necesidad ya es moral\u201d, enfatizan. Y refuerzan el concepto se\u00f1alando que \u201cmucha gente est\u00e1 hundida en una profunda aflicci\u00f3n, la desesperanza y la profunda tristeza, lo cual hacen que el alma duela, muchos rostros reflejan el abatimiento, es que la salud emocional est\u00e1 siendo afectada en la mayor\u00eda de las personas, la dignidad duele y se enferma\u201d.<\/p>\n\n\n\n<p>Los pastores evang\u00e9licos nucleados en APUC tambi\u00e9n efect\u00faan un firme llamado a dejar atr\u00e1s los odios: \u201cUrge terminar con todo lo que nos divide o confronta, como ser el odio, la prepotencia, la provocaci\u00f3n, las agresiones, en particular de quienes deben gestionar. Urge ver que la prioridad sea el esfuerzo de hallar soluciones a las distintas problem\u00e1ticas actuales, antes que temas personales y de \u00edndole ideol\u00f3gicos partidarios. La \u00fanica ideolog\u00eda de los pobres es comer todos los d\u00edas, satisfacer sus necesidades b\u00e1sicas mientras buscan esperanzas en el futuro inmediato\u201d.<\/p>\n\n\n\n<p>Por \u00faltimo, aportan una explicaci\u00f3n desde la fe para los problemas: \u201cEstamos convencidos que esta crisis moral es consecuencia del intento de quitar a Dios de nuestras vidas, solo en Jesucristo por su gracia y sacrificio en la cruz hallamos la verdadera esperanza y restauraci\u00f3n, \u00e9l es quien perdona nuestro pecado, sana nuestras heridas, nos reconcilia con Dios y nos otorga dignidad, por lo tanto levantemos nuestra cabeza, es el momento de volvernos a \u00c9l y buscar su pronto auxilio, solo \u00e9l es la fuente de toda raz\u00f3n y justicia\u201d.<\/p>\n\n\n\n<h5 class=\"wp-block-heading\">La carta completa:<\/h5>\n\n\n\n<p><em>Carta abierta:<br><br>La iglesia presente.<br><br>Los tiempos dif\u00edciles nos impulsan a estar m\u00e1s presentes que nunca.<br><br>Si bien el rol de la iglesia es la del mensaje de salvaci\u00f3n mediante la fe en Jesucristo, siempre nos hemos comprometido en la ayuda a los m\u00e1s necesitados, tanto en contenci\u00f3n emocional como en ayuda social, dentro de un marco cada vez m\u00e1s escueto de nuestras posibilidades.<br><br>Reconocemos que no estamos solos en esta labor, tambi\u00e9n distintas instituciones se expresan solidariamente, esta interacci\u00f3n construye una red de invaluable contenci\u00f3n social a pesar de que cada vez son menos los recursos disponibles.<br><br>Sabemos que quienes gobiernan tienen una responsabilidad indelegable, tambi\u00e9n sabemos que nuestra labor contribuye en disminuir la presi\u00f3n social que estos enfrentan, de lo contrario esa presi\u00f3n les seria aun mayor.<br><br>Celebramos todo proyecto esperanzador y superador pero hasta ahora todo esfuerzo no parece suficiente, es necesario recordar que siempre la prioridad son las personas y sus necesidades b\u00e1sicas y urgentes, es necesario echar manos de la empat\u00eda, la compasi\u00f3n, el sentido com\u00fan y el amor al pr\u00f3jimo, las personas no son un n\u00famero en una estad\u00edstica, son seres humanos lidiando con sus realidades, con sus necesidades impostergables.<br><br>Nadie deber\u00eda normalizar el padecimiento, mucho menos quienes tienen en sus manos las herramientas del estado, con las cuales sacar de la humillaci\u00f3n, la postraci\u00f3n, del hambre y la desesperanza a sus habitantes. No puede ser normal vivir sin dignidad.<br><br>No es normal que personas acampen por horas en las guardias de hospitales para conseguir una atenci\u00f3n m\u00e9dica, que nuestros discapacitados sean humillados, la falta de fuentes de trabajos genuinos y dignos, trabajadores con sueldos que no satisfacen las necesidades b\u00e1sicas de sus familias, sueldos incoherentes de profesionales de la medicina, educaci\u00f3n y otros , mientras integrantes del sector pol\u00edtico del Estado reciban sueldos millonarios, no puede ser normal que cada vez sean m\u00e1s las familias endeudadas para alimentarse, no podemos normalizar personas dentro de los contenedores de basura para sobrevivir gracias al desecho de otros, que nuestros ancianos vivan sus \u00faltimos a\u00f1os de vida con jubilaciones miserables y medicamentos restringidos, no puede ser normal que nuestros ni\u00f1os est\u00e9n expuestos a un grave deterioro alimenticio, en muchos casos irreversible, frente a la imposibilidad de una adecuada nutrici\u00f3n.<br><br>Creemos que es sumamente importante contar con escuelas con infraestructuras adecuadas donde nuestros ni\u00f1os estudien y nuestros docentes desarrollen su profesi\u00f3n adecuadamente. Tambi\u00e9n es vital seguir trabajando por el flagelo de la droga y de la inseguridad en nuestra ciudad.<br><br>En s\u00edntesis, La necesidad ya es moral, mucha gente est hundida en una profunda aflicci\u00f3n, la desesperanza y la profunda tristeza, lo cual hacen que el alma duela, muchos rostros reflejan el abatimiento, es que la salud emocional est\u00e1 siendo afectada en la mayor\u00eda de las personas, la dignidad duele y se enferma.<br><br>Por otro lado Urge terminar con todo lo que nos divide o confronta, como ser el odio, la prepotencia, la provocaci\u00f3n, las agresiones, en particular de quienes deben gestionar. Urge ver que la prioridad sea el esfuerzo de hallar soluciones a las distintas problem\u00e1ticas actuales, antes que temas personales y de \u00edndole ideol\u00f3gicos partidarios. La \u00fanica ideolog\u00eda de los pobres es comer todos los d\u00edas, satisfacer sus necesidades b\u00e1sicas mientras buscan esperanzas en el futuro inmediato.<br><br>Ante esta realidad social la iglesia est\u00e1 presente renovando nuestro compromiso cristiano, nos solidarizamos con los que sufren y los acompa\u00f1amos mediante el ejercicio de una fe pr\u00e1ctica y solidaria, mientras anunciamos el evangelio de salvaci\u00f3n y esperanza.<br><br>Estamos convencidos que esta crisis moral es consecuencia del intento de quitar a Dios de nuestras vidas, solo en Jesucristo por su gracia y sacrificio en la cruz hallamos la verdadera esperanza y restauraci\u00f3n, \u00e9l es quien perdona nuestro pecado, sana nuestras heridas, nos reconcilia con Dios y nos otorga dignidad, por lo tanto levantemos nuestra cabeza, es el momento de volvernos a \u00c9l y buscar su pronto auxilio, solo \u00e9l es la fuente de toda raz\u00f3n y justicia.<\/em><\/p>\n\n\n\n<p><strong>Fuente:<\/strong>\u00a0APUC<\/p>\n\n\n\n<p><\/p>\n","protected":false},"excerpt":{"rendered":"<p>La Asociaci\u00f3n Civil Pastores Unidos de Concordia (APUC) emiti\u00f3 una carta abierta en la que aporta reflexiones sobre la situaci\u00f3n social, con \u00e9nfasis en la necesidad imperiosa y urgente de brindar respuestas a los m\u00e1s golpeados en su dignidad humana. \u201cCelebramos todo proyecto esperanzador y superador pero hasta ahora todo esfuerzo no parece suficiente\u201d, alertan. [&hellip;]<\/p>\n","protected":false},"author":2,"featured_media":4685,"comment_status":"open","ping_status":"open","sticky":false,"template":"","format":"standard","meta":{"footnotes":""},"categories":[16],"tags":[],"class_list":{"0":"post-4684","1":"post","2":"type-post","3":"status-publish","4":"format-standard","5":"has-post-thumbnail","7":"category-locales"},"yoast_head":"<!-- This site is optimized with the Yoast SEO plugin v27.4 - https:\/\/yoast.com\/product\/yoast-seo-wordpress\/ -->\n<title>Pastores evang\u00e9licos, ante la situaci\u00f3n social: \u201cNadie deber\u00eda normalizar el padecimiento\u201d - Diario del Sur<\/title>\n<meta name=\"robots\" content=\"index, follow, max-snippet:-1, max-image-preview:large, max-video-preview:-1\" \/>\n<link rel=\"canonical\" href=\"https:\/\/diariodelsurdigital.com.ar\/?p=4684\" \/>\n<meta property=\"og:locale\" content=\"es_ES\" \/>\n<meta property=\"og:type\" content=\"article\" \/>\n<meta property=\"og:title\" content=\"Pastores evang\u00e9licos, ante la situaci\u00f3n social: \u201cNadie deber\u00eda normalizar el padecimiento\u201d - Diario del Sur\" \/>\n<meta property=\"og:description\" content=\"La Asociaci\u00f3n Civil Pastores Unidos de Concordia (APUC) emiti\u00f3 una carta abierta en la que aporta reflexiones sobre la situaci\u00f3n social, con \u00e9nfasis en la necesidad imperiosa y urgente de brindar respuestas a los m\u00e1s golpeados en su dignidad humana. \u201cCelebramos todo proyecto esperanzador y superador pero hasta ahora todo esfuerzo no parece suficiente\u201d, alertan. [&hellip;]\" \/>\n<meta property=\"og:url\" content=\"https:\/\/diariodelsurdigital.com.ar\/?p=4684\" \/>\n<meta property=\"og:site_name\" content=\"Diario del Sur\" \/>\n<meta property=\"article:published_time\" content=\"2025-09-15T18:08:31+00:00\" \/>\n<meta property=\"article:modified_time\" content=\"2025-09-15T18:08:32+00:00\" \/>\n<meta property=\"og:image\" content=\"https:\/\/diariodelsurdigital.com.ar\/wp-content\/uploads\/2025\/09\/o_1403793728.jpg\" \/>\n\t<meta property=\"og:image:width\" content=\"435\" \/>\n\t<meta property=\"og:image:height\" content=\"268\" \/>\n\t<meta property=\"og:image:type\" content=\"image\/jpeg\" \/>\n<meta name=\"author\" content=\"Diario del Sur Digital\" \/>\n<meta name=\"twitter:card\" content=\"summary_large_image\" \/>\n<meta name=\"twitter:label1\" content=\"Escrito por\" \/>\n\t<meta name=\"twitter:data1\" content=\"Diario del Sur Digital\" \/>\n\t<meta name=\"twitter:label2\" content=\"Tiempo de lectura\" \/>\n\t<meta name=\"twitter:data2\" content=\"7 minutos\" \/>\n<script type=\"application\/ld+json\" class=\"yoast-schema-graph\">{\"@context\":\"https:\\\/\\\/schema.org\",\"@graph\":[{\"@type\":\"Article\",\"@id\":\"https:\\\/\\\/diariodelsurdigital.com.ar\\\/?p=4684#article\",\"isPartOf\":{\"@id\":\"https:\\\/\\\/diariodelsurdigital.com.ar\\\/?p=4684\"},\"author\":{\"name\":\"Diario del Sur Digital\",\"@id\":\"https:\\\/\\\/diariodelsurdigital.com.ar\\\/#\\\/schema\\\/person\\\/6136a32571657f7dba980b88b04c5465\"},\"headline\":\"Pastores evang\u00e9licos, ante la situaci\u00f3n social: \u201cNadie deber\u00eda normalizar el padecimiento\u201d\",\"datePublished\":\"2025-09-15T18:08:31+00:00\",\"dateModified\":\"2025-09-15T18:08:32+00:00\",\"mainEntityOfPage\":{\"@id\":\"https:\\\/\\\/diariodelsurdigital.com.ar\\\/?p=4684\"},\"wordCount\":1390,\"commentCount\":0,\"image\":{\"@id\":\"https:\\\/\\\/diariodelsurdigital.com.ar\\\/?p=4684#primaryimage\"},\"thumbnailUrl\":\"https:\\\/\\\/diariodelsurdigital.com.ar\\\/wp-content\\\/uploads\\\/2025\\\/09\\\/o_1403793728.jpg\",\"articleSection\":[\"Locales\"],\"inLanguage\":\"es\",\"potentialAction\":[{\"@type\":\"CommentAction\",\"name\":\"Comment\",\"target\":[\"https:\\\/\\\/diariodelsurdigital.com.ar\\\/?p=4684#respond\"]}]},{\"@type\":\"WebPage\",\"@id\":\"https:\\\/\\\/diariodelsurdigital.com.ar\\\/?p=4684\",\"url\":\"https:\\\/\\\/diariodelsurdigital.com.ar\\\/?p=4684\",\"name\":\"Pastores evang\u00e9licos, ante la situaci\u00f3n social: \u201cNadie deber\u00eda normalizar el padecimiento\u201d - Diario del Sur\",\"isPartOf\":{\"@id\":\"https:\\\/\\\/diariodelsurdigital.com.ar\\\/#website\"},\"primaryImageOfPage\":{\"@id\":\"https:\\\/\\\/diariodelsurdigital.com.ar\\\/?p=4684#primaryimage\"},\"image\":{\"@id\":\"https:\\\/\\\/diariodelsurdigital.com.ar\\\/?p=4684#primaryimage\"},\"thumbnailUrl\":\"https:\\\/\\\/diariodelsurdigital.com.ar\\\/wp-content\\\/uploads\\\/2025\\\/09\\\/o_1403793728.jpg\",\"datePublished\":\"2025-09-15T18:08:31+00:00\",\"dateModified\":\"2025-09-15T18:08:32+00:00\",\"author\":{\"@id\":\"https:\\\/\\\/diariodelsurdigital.com.ar\\\/#\\\/schema\\\/person\\\/6136a32571657f7dba980b88b04c5465\"},\"breadcrumb\":{\"@id\":\"https:\\\/\\\/diariodelsurdigital.com.ar\\\/?p=4684#breadcrumb\"},\"inLanguage\":\"es\",\"potentialAction\":[{\"@type\":\"ReadAction\",\"target\":[\"https:\\\/\\\/diariodelsurdigital.com.ar\\\/?p=4684\"]}]},{\"@type\":\"ImageObject\",\"inLanguage\":\"es\",\"@id\":\"https:\\\/\\\/diariodelsurdigital.com.ar\\\/?p=4684#primaryimage\",\"url\":\"https:\\\/\\\/diariodelsurdigital.com.ar\\\/wp-content\\\/uploads\\\/2025\\\/09\\\/o_1403793728.jpg\",\"contentUrl\":\"https:\\\/\\\/diariodelsurdigital.com.ar\\\/wp-content\\\/uploads\\\/2025\\\/09\\\/o_1403793728.jpg\",\"width\":435,\"height\":268},{\"@type\":\"BreadcrumbList\",\"@id\":\"https:\\\/\\\/diariodelsurdigital.com.ar\\\/?p=4684#breadcrumb\",\"itemListElement\":[{\"@type\":\"ListItem\",\"position\":1,\"name\":\"Portada\",\"item\":\"https:\\\/\\\/diariodelsurdigital.com.ar\\\/\"},{\"@type\":\"ListItem\",\"position\":2,\"name\":\"Pastores evang\u00e9licos, ante la situaci\u00f3n social: \u201cNadie deber\u00eda normalizar el padecimiento\u201d\"}]},{\"@type\":\"WebSite\",\"@id\":\"https:\\\/\\\/diariodelsurdigital.com.ar\\\/#website\",\"url\":\"https:\\\/\\\/diariodelsurdigital.com.ar\\\/\",\"name\":\"Diario del Sur\",\"description\":\"Digital\",\"potentialAction\":[{\"@type\":\"SearchAction\",\"target\":{\"@type\":\"EntryPoint\",\"urlTemplate\":\"https:\\\/\\\/diariodelsurdigital.com.ar\\\/?s={search_term_string}\"},\"query-input\":{\"@type\":\"PropertyValueSpecification\",\"valueRequired\":true,\"valueName\":\"search_term_string\"}}],\"inLanguage\":\"es\"},{\"@type\":\"Person\",\"@id\":\"https:\\\/\\\/diariodelsurdigital.com.ar\\\/#\\\/schema\\\/person\\\/6136a32571657f7dba980b88b04c5465\",\"name\":\"Diario del Sur Digital\",\"image\":{\"@type\":\"ImageObject\",\"inLanguage\":\"es\",\"@id\":\"https:\\\/\\\/secure.gravatar.com\\\/avatar\\\/4c29ceac98541dd42460b2474aaa5dd37594d6ce6cb3cf2c101d09b48ee287ba?s=96&d=mm&r=g\",\"url\":\"https:\\\/\\\/secure.gravatar.com\\\/avatar\\\/4c29ceac98541dd42460b2474aaa5dd37594d6ce6cb3cf2c101d09b48ee287ba?s=96&d=mm&r=g\",\"contentUrl\":\"https:\\\/\\\/secure.gravatar.com\\\/avatar\\\/4c29ceac98541dd42460b2474aaa5dd37594d6ce6cb3cf2c101d09b48ee287ba?s=96&d=mm&r=g\",\"caption\":\"Diario del Sur Digital\"},\"url\":\"https:\\\/\\\/diariodelsurdigital.com.ar\\\/?author=2\"}]}<\/script>\n<!-- \/ Yoast SEO plugin. -->","yoast_head_json":{"title":"Pastores evang\u00e9licos, ante la situaci\u00f3n social: \u201cNadie deber\u00eda normalizar el padecimiento\u201d - Diario del Sur","robots":{"index":"index","follow":"follow","max-snippet":"max-snippet:-1","max-image-preview":"max-image-preview:large","max-video-preview":"max-video-preview:-1"},"canonical":"https:\/\/diariodelsurdigital.com.ar\/?p=4684","og_locale":"es_ES","og_type":"article","og_title":"Pastores evang\u00e9licos, ante la situaci\u00f3n social: \u201cNadie deber\u00eda normalizar el padecimiento\u201d - Diario del Sur","og_description":"La Asociaci\u00f3n Civil Pastores Unidos de Concordia (APUC) emiti\u00f3 una carta abierta en la que aporta reflexiones sobre la situaci\u00f3n social, con \u00e9nfasis en la necesidad imperiosa y urgente de brindar respuestas a los m\u00e1s golpeados en su dignidad humana. \u201cCelebramos todo proyecto esperanzador y superador pero hasta ahora todo esfuerzo no parece suficiente\u201d, alertan. [&hellip;]","og_url":"https:\/\/diariodelsurdigital.com.ar\/?p=4684","og_site_name":"Diario del Sur","article_published_time":"2025-09-15T18:08:31+00:00","article_modified_time":"2025-09-15T18:08:32+00:00","og_image":[{"width":435,"height":268,"url":"https:\/\/diariodelsurdigital.com.ar\/wp-content\/uploads\/2025\/09\/o_1403793728.jpg","type":"image\/jpeg"}],"author":"Diario del Sur Digital","twitter_card":"summary_large_image","twitter_misc":{"Escrito por":"Diario del Sur Digital","Tiempo de lectura":"7 minutos"},"schema":{"@context":"https:\/\/schema.org","@graph":[{"@type":"Article","@id":"https:\/\/diariodelsurdigital.com.ar\/?p=4684#article","isPartOf":{"@id":"https:\/\/diariodelsurdigital.com.ar\/?p=4684"},"author":{"name":"Diario del Sur Digital","@id":"https:\/\/diariodelsurdigital.com.ar\/#\/schema\/person\/6136a32571657f7dba980b88b04c5465"},"headline":"Pastores evang\u00e9licos, ante la situaci\u00f3n social: \u201cNadie deber\u00eda normalizar el padecimiento\u201d","datePublished":"2025-09-15T18:08:31+00:00","dateModified":"2025-09-15T18:08:32+00:00","mainEntityOfPage":{"@id":"https:\/\/diariodelsurdigital.com.ar\/?p=4684"},"wordCount":1390,"commentCount":0,"image":{"@id":"https:\/\/diariodelsurdigital.com.ar\/?p=4684#primaryimage"},"thumbnailUrl":"https:\/\/diariodelsurdigital.com.ar\/wp-content\/uploads\/2025\/09\/o_1403793728.jpg","articleSection":["Locales"],"inLanguage":"es","potentialAction":[{"@type":"CommentAction","name":"Comment","target":["https:\/\/diariodelsurdigital.com.ar\/?p=4684#respond"]}]},{"@type":"WebPage","@id":"https:\/\/diariodelsurdigital.com.ar\/?p=4684","url":"https:\/\/diariodelsurdigital.com.ar\/?p=4684","name":"Pastores evang\u00e9licos, ante la situaci\u00f3n social: \u201cNadie deber\u00eda normalizar el padecimiento\u201d - Diario del Sur","isPartOf":{"@id":"https:\/\/diariodelsurdigital.com.ar\/#website"},"primaryImageOfPage":{"@id":"https:\/\/diariodelsurdigital.com.ar\/?p=4684#primaryimage"},"image":{"@id":"https:\/\/diariodelsurdigital.com.ar\/?p=4684#primaryimage"},"thumbnailUrl":"https:\/\/diariodelsurdigital.com.ar\/wp-content\/uploads\/2025\/09\/o_1403793728.jpg","datePublished":"2025-09-15T18:08:31+00:00","dateModified":"2025-09-15T18:08:32+00:00","author":{"@id":"https:\/\/diariodelsurdigital.com.ar\/#\/schema\/person\/6136a32571657f7dba980b88b04c5465"},"breadcrumb":{"@id":"https:\/\/diariodelsurdigital.com.ar\/?p=4684#breadcrumb"},"inLanguage":"es","potentialAction":[{"@type":"ReadAction","target":["https:\/\/diariodelsurdigital.com.ar\/?p=4684"]}]},{"@type":"ImageObject","inLanguage":"es","@id":"https:\/\/diariodelsurdigital.com.ar\/?p=4684#primaryimage","url":"https:\/\/diariodelsurdigital.com.ar\/wp-content\/uploads\/2025\/09\/o_1403793728.jpg","contentUrl":"https:\/\/diariodelsurdigital.com.ar\/wp-content\/uploads\/2025\/09\/o_1403793728.jpg","width":435,"height":268},{"@type":"BreadcrumbList","@id":"https:\/\/diariodelsurdigital.com.ar\/?p=4684#breadcrumb","itemListElement":[{"@type":"ListItem","position":1,"name":"Portada","item":"https:\/\/diariodelsurdigital.com.ar\/"},{"@type":"ListItem","position":2,"name":"Pastores evang\u00e9licos, ante la situaci\u00f3n social: \u201cNadie deber\u00eda normalizar el padecimiento\u201d"}]},{"@type":"WebSite","@id":"https:\/\/diariodelsurdigital.com.ar\/#website","url":"https:\/\/diariodelsurdigital.com.ar\/","name":"Diario del Sur","description":"Digital","potentialAction":[{"@type":"SearchAction","target":{"@type":"EntryPoint","urlTemplate":"https:\/\/diariodelsurdigital.com.ar\/?s={search_term_string}"},"query-input":{"@type":"PropertyValueSpecification","valueRequired":true,"valueName":"search_term_string"}}],"inLanguage":"es"},{"@type":"Person","@id":"https:\/\/diariodelsurdigital.com.ar\/#\/schema\/person\/6136a32571657f7dba980b88b04c5465","name":"Diario del Sur Digital","image":{"@type":"ImageObject","inLanguage":"es","@id":"https:\/\/secure.gravatar.com\/avatar\/4c29ceac98541dd42460b2474aaa5dd37594d6ce6cb3cf2c101d09b48ee287ba?s=96&d=mm&r=g","url":"https:\/\/secure.gravatar.com\/avatar\/4c29ceac98541dd42460b2474aaa5dd37594d6ce6cb3cf2c101d09b48ee287ba?s=96&d=mm&r=g","contentUrl":"https:\/\/secure.gravatar.com\/avatar\/4c29ceac98541dd42460b2474aaa5dd37594d6ce6cb3cf2c101d09b48ee287ba?s=96&d=mm&r=g","caption":"Diario del Sur Digital"},"url":"https:\/\/diariodelsurdigital.com.ar\/?author=2"}]}},"_links":{"self":[{"href":"https:\/\/diariodelsurdigital.com.ar\/index.php?rest_route=\/wp\/v2\/posts\/4684","targetHints":{"allow":["GET"]}}],"collection":[{"href":"https:\/\/diariodelsurdigital.com.ar\/index.php?rest_route=\/wp\/v2\/posts"}],"about":[{"href":"https:\/\/diariodelsurdigital.com.ar\/index.php?rest_route=\/wp\/v2\/types\/post"}],"author":[{"embeddable":true,"href":"https:\/\/diariodelsurdigital.com.ar\/index.php?rest_route=\/wp\/v2\/users\/2"}],"replies":[{"embeddable":true,"href":"https:\/\/diariodelsurdigital.com.ar\/index.php?rest_route=%2Fwp%2Fv2%2Fcomments&post=4684"}],"version-history":[{"count":1,"href":"https:\/\/diariodelsurdigital.com.ar\/index.php?rest_route=\/wp\/v2\/posts\/4684\/revisions"}],"predecessor-version":[{"id":4686,"href":"https:\/\/diariodelsurdigital.com.ar\/index.php?rest_route=\/wp\/v2\/posts\/4684\/revisions\/4686"}],"wp:featuredmedia":[{"embeddable":true,"href":"https:\/\/diariodelsurdigital.com.ar\/index.php?rest_route=\/wp\/v2\/media\/4685"}],"wp:attachment":[{"href":"https:\/\/diariodelsurdigital.com.ar\/index.php?rest_route=%2Fwp%2Fv2%2Fmedia&parent=4684"}],"wp:term":[{"taxonomy":"category","embeddable":true,"href":"https:\/\/diariodelsurdigital.com.ar\/index.php?rest_route=%2Fwp%2Fv2%2Fcategories&post=4684"},{"taxonomy":"post_tag","embeddable":true,"href":"https:\/\/diariodelsurdigital.com.ar\/index.php?rest_route=%2Fwp%2Fv2%2Ftags&post=4684"}],"curies":[{"name":"wp","href":"https:\/\/api.w.org\/{rel}","templated":true}]}}