{"id":469,"date":"2025-01-06T20:43:44","date_gmt":"2025-01-06T23:43:44","guid":{"rendered":"https:\/\/diariodelsurdigital.com.ar\/?p=469"},"modified":"2025-01-06T20:43:45","modified_gmt":"2025-01-06T23:43:45","slug":"prision-preventiva-de-urribarri-giorgio-se-excuso-para-integrar-el-tribunal-de-feria","status":"publish","type":"post","link":"https:\/\/diariodelsurdigital.com.ar\/?p=469","title":{"rendered":"Prisi\u00f3n preventiva de Urribarri: Giorgio se excus\u00f3 para integrar el Tribunal de feria"},"content":{"rendered":"\n<h1 class=\"wp-block-heading\"><\/h1>\n\n\n\n<p> <\/p>\n\n\n\n<p>Luego de que este domingo el presidente del Superior Tribunal de Justicia&nbsp;<a href=\"https:\/\/www.analisisdigital.com.ar\/judiciales\/2025\/01\/06\/el-stj-habilito-la-feria-para-tratar-las-prisiones-preventivas-de-urribarri-y\">hiciera lugar a la habilitaci\u00f3n de feria pedida por los abogados defensores&nbsp;<\/a>de Sergio Urribarri y Juan Pablo Aguilera para tratar la impugnaci\u00f3n extraordinaria de la prisi\u00f3n preventiva, comenz\u00f3 el rompecabezas para conformar el tr\u00edo de vocales que deben resolver al respecto.<\/p>\n\n\n\n<p>La Sala Penal del STJ que deb\u00eda dictar una resoluci\u00f3n hab\u00eda quedado constituida por Miguel Giorgio, Germ\u00e1n Carlomagno y Gisela Scuhmacher (esta \u00faltima se hab\u00eda excusado por \u201cviolencia moral\u201d pero le rechazaron el planteo). Entre mediados de diciembre e inicios de enero Giorgio y Carlomagno hab\u00edan emitido sus votos y faltaba justamente quien quer\u00eda apartarse, pero los 20 d\u00edas h\u00e1biles para sentenciar se cumpl\u00edan a mediados de febrero.<\/p>\n\n\n\n<p>Comenzada la feria judicial de verano, los defensores de Urribarri, Fernando Burlando, Javier Ba\u00f1os y Leopoldo Cappa, y de Aguilera, Marcos Rodr\u00edguez Allende, solicitaron la habilitaci\u00f3n de feria y que se conforme un tribunal con los vocales que est\u00e1n de turno en estos d\u00edas para resolver sobre la impugnaci\u00f3n extraordinaria. El fiscal de Coordinaci\u00f3n Leandro Dato dictamin\u00f3 pidiendo que rechacen el planteo.<\/p>\n\n\n\n<p>Finalmente, este domingo Portela fall\u00f3 a favor de la defensa, entonces le sacan el expediente a la Sala Penal que se encontraba deliberando y se lo pasan al tribunal de feria. Los tres vocales del STJ que est\u00e1n de turno en estos d\u00edas son: Portela, Giorgio y Carlomagno.<\/p>\n\n\n\n<p>Fuentes judiciales informaron a&nbsp;<strong>AN\u00c1LISIS&nbsp;<\/strong>que Giorgio present\u00f3 este lunes el pedido de excusaci\u00f3n, argumentando que ya intervino y vot\u00f3 como parte de la Sala Penal a la que ahora le sacaron el expediente para que resuelva un tribunal de feria y que en la misma situaci\u00f3n se encuentra su colega Carlomagno.<\/p>\n\n\n\n<p>Ahora se debe conformar el Tribunal que tiene que aceptar o rechazar la excusaci\u00f3n de Giorgio. Estar\u00e1 integrada por Portela, Carlomagno y otro juez que debe subrogar a Giorgio. Quien sigue en la jerarqu\u00eda judicial en feria es el vocal del Tribunal de Juicio y Apelaciones de Paran\u00e1, Santiago Brugo (hasta el 8 de enero), pero se excusar\u00e1 porque intervino como fiscal en una de las causas contra Urribarri. Del 9 al 16 estar\u00e1 de turno Juan Malvasio, en id\u00e9ntica situaci\u00f3n.<\/p>\n\n\n\n<p>Luego, como juez de Garant\u00edas en feria se encuentra Jos\u00e9 Eduardo Ruhl (hasta el 10 de enero), quien no tendr\u00eda impedimentos para integrar el Tribunal del STJ para resolver la excusaci\u00f3n de Giorgio.<\/p>\n\n\n\n<p>Si se la aceptan, Ruhl quedar\u00eda conformando el tribunal para resolver la impugnaci\u00f3n extraordinaria. Si la rechazan, quedar\u00e1 Giorgio, quien deber\u00e1 copiar y pegar su voto ya emitido (cuya postura y fundamentos no se conocen) para el fallo del tribunal de feria.<\/p>\n\n\n\n<p>Mientras tanto, Portela tambi\u00e9n debe responder el pedido de reposici\u00f3n presentado por Dato, para que reconsidere lo resuelto al habilitar la feria. \u201cConfi\u00e1bamos que iba a primar la racionalidad y que no iba a haber un tr\u00e1mite de excepci\u00f3n en este caso, como pretend\u00eda la defensa. Ayer a la tarde cuando se nos comunic\u00f3 la resoluci\u00f3n de la habilitaci\u00f3n de feria por Presidencia, yo interpuse un recurso de revocatoria, de reposici\u00f3n,&nbsp;<a href=\"https:\/\/www.analisisdigital.com.ar\/judiciales\/2025\/01\/06\/caso-urribarri-la-habilitacion-de-feria-genera-una-gran-inseguridad-juridica\">pretendiendo que se deje sin efecto la resoluci\u00f3n y planteando que no corresponde de ninguna manera<\/a>\u201d, dijo Dato en di\u00e1logo con el programa&nbsp;<em>A quien corresponda<\/em>, en&nbsp;<em>Radio Plaza<\/em>.<\/p>\n","protected":false},"excerpt":{"rendered":"<p>Luego de que este domingo el presidente del Superior Tribunal de Justicia&nbsp;hiciera lugar a la habilitaci\u00f3n de feria pedida por los abogados defensores&nbsp;de Sergio Urribarri y Juan Pablo Aguilera para tratar la impugnaci\u00f3n extraordinaria de la prisi\u00f3n preventiva, comenz\u00f3 el rompecabezas para conformar el tr\u00edo de vocales que deben resolver al respecto. La Sala Penal [&hellip;]<\/p>\n","protected":false},"author":2,"featured_media":470,"comment_status":"open","ping_status":"open","sticky":false,"template":"","format":"standard","meta":{"footnotes":""},"categories":[17],"tags":[],"class_list":{"0":"post-469","1":"post","2":"type-post","3":"status-publish","4":"format-standard","5":"has-post-thumbnail","7":"category-provinciales"},"yoast_head":"<!-- This site is optimized with the Yoast SEO plugin v27.4 - https:\/\/yoast.com\/product\/yoast-seo-wordpress\/ -->\n<title>Prisi\u00f3n preventiva de Urribarri: Giorgio se excus\u00f3 para integrar el Tribunal de feria - Diario del Sur<\/title>\n<meta name=\"robots\" content=\"index, follow, max-snippet:-1, max-image-preview:large, max-video-preview:-1\" \/>\n<link rel=\"canonical\" href=\"https:\/\/diariodelsurdigital.com.ar\/?p=469\" \/>\n<meta property=\"og:locale\" content=\"es_ES\" \/>\n<meta property=\"og:type\" content=\"article\" \/>\n<meta property=\"og:title\" content=\"Prisi\u00f3n preventiva de Urribarri: Giorgio se excus\u00f3 para integrar el Tribunal de feria - Diario del Sur\" \/>\n<meta property=\"og:description\" content=\"Luego de que este domingo el presidente del Superior Tribunal de Justicia&nbsp;hiciera lugar a la habilitaci\u00f3n de feria pedida por los abogados defensores&nbsp;de Sergio Urribarri y Juan Pablo Aguilera para tratar la impugnaci\u00f3n extraordinaria de la prisi\u00f3n preventiva, comenz\u00f3 el rompecabezas para conformar el tr\u00edo de vocales que deben resolver al respecto. La Sala Penal [&hellip;]\" \/>\n<meta property=\"og:url\" content=\"https:\/\/diariodelsurdigital.com.ar\/?p=469\" \/>\n<meta property=\"og:site_name\" content=\"Diario del Sur\" \/>\n<meta property=\"article:published_time\" content=\"2025-01-06T23:43:44+00:00\" \/>\n<meta property=\"article:modified_time\" content=\"2025-01-06T23:43:45+00:00\" \/>\n<meta property=\"og:image\" content=\"https:\/\/diariodelsurdigital.com.ar\/wp-content\/uploads\/2025\/01\/portela_giorgio.jpg\" \/>\n\t<meta property=\"og:image:width\" content=\"563\" \/>\n\t<meta property=\"og:image:height\" content=\"260\" \/>\n\t<meta property=\"og:image:type\" content=\"image\/jpeg\" \/>\n<meta name=\"author\" content=\"Diario del Sur Digital\" \/>\n<meta name=\"twitter:card\" content=\"summary_large_image\" \/>\n<meta name=\"twitter:label1\" content=\"Escrito por\" \/>\n\t<meta name=\"twitter:data1\" content=\"Diario del Sur Digital\" \/>\n\t<meta name=\"twitter:label2\" content=\"Tiempo de lectura\" \/>\n\t<meta name=\"twitter:data2\" content=\"3 minutos\" \/>\n<script type=\"application\/ld+json\" class=\"yoast-schema-graph\">{\"@context\":\"https:\\\/\\\/schema.org\",\"@graph\":[{\"@type\":\"Article\",\"@id\":\"https:\\\/\\\/diariodelsurdigital.com.ar\\\/?p=469#article\",\"isPartOf\":{\"@id\":\"https:\\\/\\\/diariodelsurdigital.com.ar\\\/?p=469\"},\"author\":{\"name\":\"Diario del Sur Digital\",\"@id\":\"https:\\\/\\\/diariodelsurdigital.com.ar\\\/#\\\/schema\\\/person\\\/6136a32571657f7dba980b88b04c5465\"},\"headline\":\"Prisi\u00f3n preventiva de Urribarri: Giorgio se excus\u00f3 para integrar el Tribunal de feria\",\"datePublished\":\"2025-01-06T23:43:44+00:00\",\"dateModified\":\"2025-01-06T23:43:45+00:00\",\"mainEntityOfPage\":{\"@id\":\"https:\\\/\\\/diariodelsurdigital.com.ar\\\/?p=469\"},\"wordCount\":602,\"commentCount\":0,\"image\":{\"@id\":\"https:\\\/\\\/diariodelsurdigital.com.ar\\\/?p=469#primaryimage\"},\"thumbnailUrl\":\"https:\\\/\\\/diariodelsurdigital.com.ar\\\/wp-content\\\/uploads\\\/2025\\\/01\\\/portela_giorgio.jpg\",\"articleSection\":[\"Provinciales\"],\"inLanguage\":\"es\",\"potentialAction\":[{\"@type\":\"CommentAction\",\"name\":\"Comment\",\"target\":[\"https:\\\/\\\/diariodelsurdigital.com.ar\\\/?p=469#respond\"]}]},{\"@type\":\"WebPage\",\"@id\":\"https:\\\/\\\/diariodelsurdigital.com.ar\\\/?p=469\",\"url\":\"https:\\\/\\\/diariodelsurdigital.com.ar\\\/?p=469\",\"name\":\"Prisi\u00f3n preventiva de Urribarri: Giorgio se excus\u00f3 para integrar el Tribunal de feria - Diario del Sur\",\"isPartOf\":{\"@id\":\"https:\\\/\\\/diariodelsurdigital.com.ar\\\/#website\"},\"primaryImageOfPage\":{\"@id\":\"https:\\\/\\\/diariodelsurdigital.com.ar\\\/?p=469#primaryimage\"},\"image\":{\"@id\":\"https:\\\/\\\/diariodelsurdigital.com.ar\\\/?p=469#primaryimage\"},\"thumbnailUrl\":\"https:\\\/\\\/diariodelsurdigital.com.ar\\\/wp-content\\\/uploads\\\/2025\\\/01\\\/portela_giorgio.jpg\",\"datePublished\":\"2025-01-06T23:43:44+00:00\",\"dateModified\":\"2025-01-06T23:43:45+00:00\",\"author\":{\"@id\":\"https:\\\/\\\/diariodelsurdigital.com.ar\\\/#\\\/schema\\\/person\\\/6136a32571657f7dba980b88b04c5465\"},\"breadcrumb\":{\"@id\":\"https:\\\/\\\/diariodelsurdigital.com.ar\\\/?p=469#breadcrumb\"},\"inLanguage\":\"es\",\"potentialAction\":[{\"@type\":\"ReadAction\",\"target\":[\"https:\\\/\\\/diariodelsurdigital.com.ar\\\/?p=469\"]}]},{\"@type\":\"ImageObject\",\"inLanguage\":\"es\",\"@id\":\"https:\\\/\\\/diariodelsurdigital.com.ar\\\/?p=469#primaryimage\",\"url\":\"https:\\\/\\\/diariodelsurdigital.com.ar\\\/wp-content\\\/uploads\\\/2025\\\/01\\\/portela_giorgio.jpg\",\"contentUrl\":\"https:\\\/\\\/diariodelsurdigital.com.ar\\\/wp-content\\\/uploads\\\/2025\\\/01\\\/portela_giorgio.jpg\",\"width\":563,\"height\":260},{\"@type\":\"BreadcrumbList\",\"@id\":\"https:\\\/\\\/diariodelsurdigital.com.ar\\\/?p=469#breadcrumb\",\"itemListElement\":[{\"@type\":\"ListItem\",\"position\":1,\"name\":\"Portada\",\"item\":\"https:\\\/\\\/diariodelsurdigital.com.ar\\\/\"},{\"@type\":\"ListItem\",\"position\":2,\"name\":\"Prisi\u00f3n preventiva de Urribarri: Giorgio se excus\u00f3 para integrar el Tribunal de feria\"}]},{\"@type\":\"WebSite\",\"@id\":\"https:\\\/\\\/diariodelsurdigital.com.ar\\\/#website\",\"url\":\"https:\\\/\\\/diariodelsurdigital.com.ar\\\/\",\"name\":\"Diario del Sur\",\"description\":\"Digital\",\"potentialAction\":[{\"@type\":\"SearchAction\",\"target\":{\"@type\":\"EntryPoint\",\"urlTemplate\":\"https:\\\/\\\/diariodelsurdigital.com.ar\\\/?s={search_term_string}\"},\"query-input\":{\"@type\":\"PropertyValueSpecification\",\"valueRequired\":true,\"valueName\":\"search_term_string\"}}],\"inLanguage\":\"es\"},{\"@type\":\"Person\",\"@id\":\"https:\\\/\\\/diariodelsurdigital.com.ar\\\/#\\\/schema\\\/person\\\/6136a32571657f7dba980b88b04c5465\",\"name\":\"Diario del Sur Digital\",\"image\":{\"@type\":\"ImageObject\",\"inLanguage\":\"es\",\"@id\":\"https:\\\/\\\/secure.gravatar.com\\\/avatar\\\/4c29ceac98541dd42460b2474aaa5dd37594d6ce6cb3cf2c101d09b48ee287ba?s=96&d=mm&r=g\",\"url\":\"https:\\\/\\\/secure.gravatar.com\\\/avatar\\\/4c29ceac98541dd42460b2474aaa5dd37594d6ce6cb3cf2c101d09b48ee287ba?s=96&d=mm&r=g\",\"contentUrl\":\"https:\\\/\\\/secure.gravatar.com\\\/avatar\\\/4c29ceac98541dd42460b2474aaa5dd37594d6ce6cb3cf2c101d09b48ee287ba?s=96&d=mm&r=g\",\"caption\":\"Diario del Sur Digital\"},\"url\":\"https:\\\/\\\/diariodelsurdigital.com.ar\\\/?author=2\"}]}<\/script>\n<!-- \/ Yoast SEO plugin. -->","yoast_head_json":{"title":"Prisi\u00f3n preventiva de Urribarri: Giorgio se excus\u00f3 para integrar el Tribunal de feria - Diario del Sur","robots":{"index":"index","follow":"follow","max-snippet":"max-snippet:-1","max-image-preview":"max-image-preview:large","max-video-preview":"max-video-preview:-1"},"canonical":"https:\/\/diariodelsurdigital.com.ar\/?p=469","og_locale":"es_ES","og_type":"article","og_title":"Prisi\u00f3n preventiva de Urribarri: Giorgio se excus\u00f3 para integrar el Tribunal de feria - Diario del Sur","og_description":"Luego de que este domingo el presidente del Superior Tribunal de Justicia&nbsp;hiciera lugar a la habilitaci\u00f3n de feria pedida por los abogados defensores&nbsp;de Sergio Urribarri y Juan Pablo Aguilera para tratar la impugnaci\u00f3n extraordinaria de la prisi\u00f3n preventiva, comenz\u00f3 el rompecabezas para conformar el tr\u00edo de vocales que deben resolver al respecto. La Sala Penal [&hellip;]","og_url":"https:\/\/diariodelsurdigital.com.ar\/?p=469","og_site_name":"Diario del Sur","article_published_time":"2025-01-06T23:43:44+00:00","article_modified_time":"2025-01-06T23:43:45+00:00","og_image":[{"width":563,"height":260,"url":"https:\/\/diariodelsurdigital.com.ar\/wp-content\/uploads\/2025\/01\/portela_giorgio.jpg","type":"image\/jpeg"}],"author":"Diario del Sur Digital","twitter_card":"summary_large_image","twitter_misc":{"Escrito por":"Diario del Sur Digital","Tiempo de lectura":"3 minutos"},"schema":{"@context":"https:\/\/schema.org","@graph":[{"@type":"Article","@id":"https:\/\/diariodelsurdigital.com.ar\/?p=469#article","isPartOf":{"@id":"https:\/\/diariodelsurdigital.com.ar\/?p=469"},"author":{"name":"Diario del Sur Digital","@id":"https:\/\/diariodelsurdigital.com.ar\/#\/schema\/person\/6136a32571657f7dba980b88b04c5465"},"headline":"Prisi\u00f3n preventiva de Urribarri: Giorgio se excus\u00f3 para integrar el Tribunal de feria","datePublished":"2025-01-06T23:43:44+00:00","dateModified":"2025-01-06T23:43:45+00:00","mainEntityOfPage":{"@id":"https:\/\/diariodelsurdigital.com.ar\/?p=469"},"wordCount":602,"commentCount":0,"image":{"@id":"https:\/\/diariodelsurdigital.com.ar\/?p=469#primaryimage"},"thumbnailUrl":"https:\/\/diariodelsurdigital.com.ar\/wp-content\/uploads\/2025\/01\/portela_giorgio.jpg","articleSection":["Provinciales"],"inLanguage":"es","potentialAction":[{"@type":"CommentAction","name":"Comment","target":["https:\/\/diariodelsurdigital.com.ar\/?p=469#respond"]}]},{"@type":"WebPage","@id":"https:\/\/diariodelsurdigital.com.ar\/?p=469","url":"https:\/\/diariodelsurdigital.com.ar\/?p=469","name":"Prisi\u00f3n preventiva de Urribarri: Giorgio se excus\u00f3 para integrar el Tribunal de feria - Diario del Sur","isPartOf":{"@id":"https:\/\/diariodelsurdigital.com.ar\/#website"},"primaryImageOfPage":{"@id":"https:\/\/diariodelsurdigital.com.ar\/?p=469#primaryimage"},"image":{"@id":"https:\/\/diariodelsurdigital.com.ar\/?p=469#primaryimage"},"thumbnailUrl":"https:\/\/diariodelsurdigital.com.ar\/wp-content\/uploads\/2025\/01\/portela_giorgio.jpg","datePublished":"2025-01-06T23:43:44+00:00","dateModified":"2025-01-06T23:43:45+00:00","author":{"@id":"https:\/\/diariodelsurdigital.com.ar\/#\/schema\/person\/6136a32571657f7dba980b88b04c5465"},"breadcrumb":{"@id":"https:\/\/diariodelsurdigital.com.ar\/?p=469#breadcrumb"},"inLanguage":"es","potentialAction":[{"@type":"ReadAction","target":["https:\/\/diariodelsurdigital.com.ar\/?p=469"]}]},{"@type":"ImageObject","inLanguage":"es","@id":"https:\/\/diariodelsurdigital.com.ar\/?p=469#primaryimage","url":"https:\/\/diariodelsurdigital.com.ar\/wp-content\/uploads\/2025\/01\/portela_giorgio.jpg","contentUrl":"https:\/\/diariodelsurdigital.com.ar\/wp-content\/uploads\/2025\/01\/portela_giorgio.jpg","width":563,"height":260},{"@type":"BreadcrumbList","@id":"https:\/\/diariodelsurdigital.com.ar\/?p=469#breadcrumb","itemListElement":[{"@type":"ListItem","position":1,"name":"Portada","item":"https:\/\/diariodelsurdigital.com.ar\/"},{"@type":"ListItem","position":2,"name":"Prisi\u00f3n preventiva de Urribarri: Giorgio se excus\u00f3 para integrar el Tribunal de feria"}]},{"@type":"WebSite","@id":"https:\/\/diariodelsurdigital.com.ar\/#website","url":"https:\/\/diariodelsurdigital.com.ar\/","name":"Diario del Sur","description":"Digital","potentialAction":[{"@type":"SearchAction","target":{"@type":"EntryPoint","urlTemplate":"https:\/\/diariodelsurdigital.com.ar\/?s={search_term_string}"},"query-input":{"@type":"PropertyValueSpecification","valueRequired":true,"valueName":"search_term_string"}}],"inLanguage":"es"},{"@type":"Person","@id":"https:\/\/diariodelsurdigital.com.ar\/#\/schema\/person\/6136a32571657f7dba980b88b04c5465","name":"Diario del Sur Digital","image":{"@type":"ImageObject","inLanguage":"es","@id":"https:\/\/secure.gravatar.com\/avatar\/4c29ceac98541dd42460b2474aaa5dd37594d6ce6cb3cf2c101d09b48ee287ba?s=96&d=mm&r=g","url":"https:\/\/secure.gravatar.com\/avatar\/4c29ceac98541dd42460b2474aaa5dd37594d6ce6cb3cf2c101d09b48ee287ba?s=96&d=mm&r=g","contentUrl":"https:\/\/secure.gravatar.com\/avatar\/4c29ceac98541dd42460b2474aaa5dd37594d6ce6cb3cf2c101d09b48ee287ba?s=96&d=mm&r=g","caption":"Diario del Sur Digital"},"url":"https:\/\/diariodelsurdigital.com.ar\/?author=2"}]}},"_links":{"self":[{"href":"https:\/\/diariodelsurdigital.com.ar\/index.php?rest_route=\/wp\/v2\/posts\/469","targetHints":{"allow":["GET"]}}],"collection":[{"href":"https:\/\/diariodelsurdigital.com.ar\/index.php?rest_route=\/wp\/v2\/posts"}],"about":[{"href":"https:\/\/diariodelsurdigital.com.ar\/index.php?rest_route=\/wp\/v2\/types\/post"}],"author":[{"embeddable":true,"href":"https:\/\/diariodelsurdigital.com.ar\/index.php?rest_route=\/wp\/v2\/users\/2"}],"replies":[{"embeddable":true,"href":"https:\/\/diariodelsurdigital.com.ar\/index.php?rest_route=%2Fwp%2Fv2%2Fcomments&post=469"}],"version-history":[{"count":1,"href":"https:\/\/diariodelsurdigital.com.ar\/index.php?rest_route=\/wp\/v2\/posts\/469\/revisions"}],"predecessor-version":[{"id":471,"href":"https:\/\/diariodelsurdigital.com.ar\/index.php?rest_route=\/wp\/v2\/posts\/469\/revisions\/471"}],"wp:featuredmedia":[{"embeddable":true,"href":"https:\/\/diariodelsurdigital.com.ar\/index.php?rest_route=\/wp\/v2\/media\/470"}],"wp:attachment":[{"href":"https:\/\/diariodelsurdigital.com.ar\/index.php?rest_route=%2Fwp%2Fv2%2Fmedia&parent=469"}],"wp:term":[{"taxonomy":"category","embeddable":true,"href":"https:\/\/diariodelsurdigital.com.ar\/index.php?rest_route=%2Fwp%2Fv2%2Fcategories&post=469"},{"taxonomy":"post_tag","embeddable":true,"href":"https:\/\/diariodelsurdigital.com.ar\/index.php?rest_route=%2Fwp%2Fv2%2Ftags&post=469"}],"curies":[{"name":"wp","href":"https:\/\/api.w.org\/{rel}","templated":true}]}}