{"id":4695,"date":"2025-09-16T09:42:34","date_gmt":"2025-09-16T12:42:34","guid":{"rendered":"https:\/\/diariodelsurdigital.com.ar\/?p=4695"},"modified":"2025-09-16T09:42:35","modified_gmt":"2025-09-16T12:42:35","slug":"ya-se-puede-consultar-el-padron-electoral-definitivo","status":"publish","type":"post","link":"https:\/\/diariodelsurdigital.com.ar\/?p=4695","title":{"rendered":"Ya se puede consultar el padr\u00f3n electoral definitivo"},"content":{"rendered":"\n<p>El padr\u00f3n electoral definitivo ya se encuentra disponible para que cada ciudadano confirme su lugar de votaci\u00f3n de cara a las elecciones legislativas del 26 de octubre de 2025. La base es confeccionada por la C\u00e1mara Nacional Electoral (CNE) con datos del Renaper y ser\u00e1 la columna vertebral de las primeras legislativas nacionales que se har\u00e1n con boleta \u00fanica de papel, aprobada en 2024.<\/p>\n\n\n\n<p>El 26 de octubre se renovar\u00e1n 127 bancas de Diputados y 24 del Senado. Para la jornada electoral es fundamental que cada ciudadano consulte previamente el padr\u00f3n electoral definitivo y verifique su mesa y establecimiento de votaci\u00f3n.<\/p>\n\n\n\n<p>C\u00f3mo consultar el padr\u00f3n electoral<br>Ingresar al sitio oficial: www.padron.gob.ar<\/p>\n\n\n\n<p>Completar los datos: n\u00famero de DNI, g\u00e9nero seg\u00fan figura en el documento y distrito.<\/p>\n\n\n\n<p>Resolver el captcha de seguridad y presionar el bot\u00f3n \u201cConsultar\u201d.<\/p>\n\n\n\n<p>Anotar los datos de votaci\u00f3n: escuela, n\u00famero de mesa y orden que aparecen en pantalla.<\/p>\n\n\n\n<p>Verificar antes de votar: el domingo 26 de octubre conviene chequear nuevamente, ya que la Justicia Electoral puede ajustar locales hasta 48 horas antes de la elecci\u00f3n.<\/p>\n\n\n\n<p>Qu\u00e9 pasa si no voy a votar<br>El voto en la Argentina es obligatorio para todos los ciudadanos de 18 a 70 a\u00f1os.<\/p>\n\n\n\n<p>Quienes no concurran y no justifiquen su ausencia quedar\u00e1n registrados en el Registro de Infractores al Deber de Votar.<\/p>\n\n\n\n<p>La sanci\u00f3n econ\u00f3mica es de entre $50 y $500, seg\u00fan reincidencia.<\/p>\n\n\n\n<p>Adem\u00e1s, no podr\u00e1n realizar tr\u00e1mites en organismos p\u00fablicos ni renovar documentos por un a\u00f1o.<\/p>\n\n\n\n<p>Est\u00e1n exceptuados quienes se encuentren a m\u00e1s de 500 km de su lugar de votaci\u00f3n, tengan problemas de salud certificados por un m\u00e9dico o pertenezcan a fuerzas de seguridad en servicio.<\/p>\n\n\n\n<p>La justificaci\u00f3n se realiza a trav\u00e9s del sitio de la C\u00e1mara Nacional Electoral (infractores.padron.gob.ar) dentro de los 60 d\u00edas posteriores a la elecci\u00f3n.<\/p>\n","protected":false},"excerpt":{"rendered":"<p>El padr\u00f3n electoral definitivo ya se encuentra disponible para que cada ciudadano confirme su lugar de votaci\u00f3n de cara a las elecciones legislativas del 26 de octubre de 2025. La base es confeccionada por la C\u00e1mara Nacional Electoral (CNE) con datos del Renaper y ser\u00e1 la columna vertebral de las primeras legislativas nacionales que se [&hellip;]<\/p>\n","protected":false},"author":4,"featured_media":4696,"comment_status":"open","ping_status":"open","sticky":false,"template":"","format":"standard","meta":{"footnotes":""},"categories":[19,18],"tags":[],"class_list":{"0":"post-4695","1":"post","2":"type-post","3":"status-publish","4":"format-standard","5":"has-post-thumbnail","7":"category-interes-general","8":"category-nacionales"},"yoast_head":"<!-- This site is optimized with the Yoast SEO plugin v27.4 - https:\/\/yoast.com\/product\/yoast-seo-wordpress\/ -->\n<title>Ya se puede consultar el padr\u00f3n electoral definitivo - Diario del Sur<\/title>\n<meta name=\"robots\" content=\"index, follow, max-snippet:-1, max-image-preview:large, max-video-preview:-1\" \/>\n<link rel=\"canonical\" href=\"https:\/\/diariodelsurdigital.com.ar\/?p=4695\" \/>\n<meta property=\"og:locale\" content=\"es_ES\" \/>\n<meta property=\"og:type\" content=\"article\" \/>\n<meta property=\"og:title\" content=\"Ya se puede consultar el padr\u00f3n electoral definitivo - Diario del Sur\" \/>\n<meta property=\"og:description\" content=\"El padr\u00f3n electoral definitivo ya se encuentra disponible para que cada ciudadano confirme su lugar de votaci\u00f3n de cara a las elecciones legislativas del 26 de octubre de 2025. La base es confeccionada por la C\u00e1mara Nacional Electoral (CNE) con datos del Renaper y ser\u00e1 la columna vertebral de las primeras legislativas nacionales que se [&hellip;]\" \/>\n<meta property=\"og:url\" content=\"https:\/\/diariodelsurdigital.com.ar\/?p=4695\" \/>\n<meta property=\"og:site_name\" content=\"Diario del Sur\" \/>\n<meta property=\"article:published_time\" content=\"2025-09-16T12:42:34+00:00\" \/>\n<meta property=\"article:modified_time\" content=\"2025-09-16T12:42:35+00:00\" \/>\n<meta property=\"og:image\" content=\"https:\/\/diariodelsurdigital.com.ar\/wp-content\/uploads\/2025\/09\/md.webp\" \/>\n\t<meta property=\"og:image:width\" content=\"992\" \/>\n\t<meta property=\"og:image:height\" content=\"558\" \/>\n\t<meta property=\"og:image:type\" content=\"image\/webp\" \/>\n<meta name=\"author\" content=\"Diario del Sur Digital\" \/>\n<meta name=\"twitter:card\" content=\"summary_large_image\" \/>\n<meta name=\"twitter:label1\" content=\"Escrito por\" \/>\n\t<meta name=\"twitter:data1\" content=\"Diario del Sur Digital\" \/>\n\t<meta name=\"twitter:label2\" content=\"Tiempo de lectura\" \/>\n\t<meta name=\"twitter:data2\" content=\"2 minutos\" \/>\n<script type=\"application\/ld+json\" class=\"yoast-schema-graph\">{\"@context\":\"https:\\\/\\\/schema.org\",\"@graph\":[{\"@type\":\"Article\",\"@id\":\"https:\\\/\\\/diariodelsurdigital.com.ar\\\/?p=4695#article\",\"isPartOf\":{\"@id\":\"https:\\\/\\\/diariodelsurdigital.com.ar\\\/?p=4695\"},\"author\":{\"name\":\"Diario del Sur Digital\",\"@id\":\"https:\\\/\\\/diariodelsurdigital.com.ar\\\/#\\\/schema\\\/person\\\/1a4992532ed62965c968031b49195c81\"},\"headline\":\"Ya se puede consultar el padr\u00f3n electoral definitivo\",\"datePublished\":\"2025-09-16T12:42:34+00:00\",\"dateModified\":\"2025-09-16T12:42:35+00:00\",\"mainEntityOfPage\":{\"@id\":\"https:\\\/\\\/diariodelsurdigital.com.ar\\\/?p=4695\"},\"wordCount\":332,\"commentCount\":0,\"image\":{\"@id\":\"https:\\\/\\\/diariodelsurdigital.com.ar\\\/?p=4695#primaryimage\"},\"thumbnailUrl\":\"https:\\\/\\\/diariodelsurdigital.com.ar\\\/wp-content\\\/uploads\\\/2025\\\/09\\\/md.webp\",\"articleSection\":[\"Inter\u00e9s General\",\"Nacionales\"],\"inLanguage\":\"es\",\"potentialAction\":[{\"@type\":\"CommentAction\",\"name\":\"Comment\",\"target\":[\"https:\\\/\\\/diariodelsurdigital.com.ar\\\/?p=4695#respond\"]}]},{\"@type\":\"WebPage\",\"@id\":\"https:\\\/\\\/diariodelsurdigital.com.ar\\\/?p=4695\",\"url\":\"https:\\\/\\\/diariodelsurdigital.com.ar\\\/?p=4695\",\"name\":\"Ya se puede consultar el padr\u00f3n electoral definitivo - Diario del Sur\",\"isPartOf\":{\"@id\":\"https:\\\/\\\/diariodelsurdigital.com.ar\\\/#website\"},\"primaryImageOfPage\":{\"@id\":\"https:\\\/\\\/diariodelsurdigital.com.ar\\\/?p=4695#primaryimage\"},\"image\":{\"@id\":\"https:\\\/\\\/diariodelsurdigital.com.ar\\\/?p=4695#primaryimage\"},\"thumbnailUrl\":\"https:\\\/\\\/diariodelsurdigital.com.ar\\\/wp-content\\\/uploads\\\/2025\\\/09\\\/md.webp\",\"datePublished\":\"2025-09-16T12:42:34+00:00\",\"dateModified\":\"2025-09-16T12:42:35+00:00\",\"author\":{\"@id\":\"https:\\\/\\\/diariodelsurdigital.com.ar\\\/#\\\/schema\\\/person\\\/1a4992532ed62965c968031b49195c81\"},\"breadcrumb\":{\"@id\":\"https:\\\/\\\/diariodelsurdigital.com.ar\\\/?p=4695#breadcrumb\"},\"inLanguage\":\"es\",\"potentialAction\":[{\"@type\":\"ReadAction\",\"target\":[\"https:\\\/\\\/diariodelsurdigital.com.ar\\\/?p=4695\"]}]},{\"@type\":\"ImageObject\",\"inLanguage\":\"es\",\"@id\":\"https:\\\/\\\/diariodelsurdigital.com.ar\\\/?p=4695#primaryimage\",\"url\":\"https:\\\/\\\/diariodelsurdigital.com.ar\\\/wp-content\\\/uploads\\\/2025\\\/09\\\/md.webp\",\"contentUrl\":\"https:\\\/\\\/diariodelsurdigital.com.ar\\\/wp-content\\\/uploads\\\/2025\\\/09\\\/md.webp\",\"width\":992,\"height\":558},{\"@type\":\"BreadcrumbList\",\"@id\":\"https:\\\/\\\/diariodelsurdigital.com.ar\\\/?p=4695#breadcrumb\",\"itemListElement\":[{\"@type\":\"ListItem\",\"position\":1,\"name\":\"Portada\",\"item\":\"https:\\\/\\\/diariodelsurdigital.com.ar\\\/\"},{\"@type\":\"ListItem\",\"position\":2,\"name\":\"Ya se puede consultar el padr\u00f3n electoral definitivo\"}]},{\"@type\":\"WebSite\",\"@id\":\"https:\\\/\\\/diariodelsurdigital.com.ar\\\/#website\",\"url\":\"https:\\\/\\\/diariodelsurdigital.com.ar\\\/\",\"name\":\"Diario del Sur\",\"description\":\"Digital\",\"potentialAction\":[{\"@type\":\"SearchAction\",\"target\":{\"@type\":\"EntryPoint\",\"urlTemplate\":\"https:\\\/\\\/diariodelsurdigital.com.ar\\\/?s={search_term_string}\"},\"query-input\":{\"@type\":\"PropertyValueSpecification\",\"valueRequired\":true,\"valueName\":\"search_term_string\"}}],\"inLanguage\":\"es\"},{\"@type\":\"Person\",\"@id\":\"https:\\\/\\\/diariodelsurdigital.com.ar\\\/#\\\/schema\\\/person\\\/1a4992532ed62965c968031b49195c81\",\"name\":\"Diario del Sur Digital\",\"image\":{\"@type\":\"ImageObject\",\"inLanguage\":\"es\",\"@id\":\"https:\\\/\\\/secure.gravatar.com\\\/avatar\\\/f0c7c47fc7146d19828273b9b8eda651c9c7ab583767e6338d3d3bee825adf76?s=96&d=mm&r=g\",\"url\":\"https:\\\/\\\/secure.gravatar.com\\\/avatar\\\/f0c7c47fc7146d19828273b9b8eda651c9c7ab583767e6338d3d3bee825adf76?s=96&d=mm&r=g\",\"contentUrl\":\"https:\\\/\\\/secure.gravatar.com\\\/avatar\\\/f0c7c47fc7146d19828273b9b8eda651c9c7ab583767e6338d3d3bee825adf76?s=96&d=mm&r=g\",\"caption\":\"Diario del Sur Digital\"},\"url\":\"https:\\\/\\\/diariodelsurdigital.com.ar\\\/?author=4\"}]}<\/script>\n<!-- \/ Yoast SEO plugin. -->","yoast_head_json":{"title":"Ya se puede consultar el padr\u00f3n electoral definitivo - Diario del Sur","robots":{"index":"index","follow":"follow","max-snippet":"max-snippet:-1","max-image-preview":"max-image-preview:large","max-video-preview":"max-video-preview:-1"},"canonical":"https:\/\/diariodelsurdigital.com.ar\/?p=4695","og_locale":"es_ES","og_type":"article","og_title":"Ya se puede consultar el padr\u00f3n electoral definitivo - Diario del Sur","og_description":"El padr\u00f3n electoral definitivo ya se encuentra disponible para que cada ciudadano confirme su lugar de votaci\u00f3n de cara a las elecciones legislativas del 26 de octubre de 2025. La base es confeccionada por la C\u00e1mara Nacional Electoral (CNE) con datos del Renaper y ser\u00e1 la columna vertebral de las primeras legislativas nacionales que se [&hellip;]","og_url":"https:\/\/diariodelsurdigital.com.ar\/?p=4695","og_site_name":"Diario del Sur","article_published_time":"2025-09-16T12:42:34+00:00","article_modified_time":"2025-09-16T12:42:35+00:00","og_image":[{"width":992,"height":558,"url":"https:\/\/diariodelsurdigital.com.ar\/wp-content\/uploads\/2025\/09\/md.webp","type":"image\/webp"}],"author":"Diario del Sur Digital","twitter_card":"summary_large_image","twitter_misc":{"Escrito por":"Diario del Sur Digital","Tiempo de lectura":"2 minutos"},"schema":{"@context":"https:\/\/schema.org","@graph":[{"@type":"Article","@id":"https:\/\/diariodelsurdigital.com.ar\/?p=4695#article","isPartOf":{"@id":"https:\/\/diariodelsurdigital.com.ar\/?p=4695"},"author":{"name":"Diario del Sur Digital","@id":"https:\/\/diariodelsurdigital.com.ar\/#\/schema\/person\/1a4992532ed62965c968031b49195c81"},"headline":"Ya se puede consultar el padr\u00f3n electoral definitivo","datePublished":"2025-09-16T12:42:34+00:00","dateModified":"2025-09-16T12:42:35+00:00","mainEntityOfPage":{"@id":"https:\/\/diariodelsurdigital.com.ar\/?p=4695"},"wordCount":332,"commentCount":0,"image":{"@id":"https:\/\/diariodelsurdigital.com.ar\/?p=4695#primaryimage"},"thumbnailUrl":"https:\/\/diariodelsurdigital.com.ar\/wp-content\/uploads\/2025\/09\/md.webp","articleSection":["Inter\u00e9s General","Nacionales"],"inLanguage":"es","potentialAction":[{"@type":"CommentAction","name":"Comment","target":["https:\/\/diariodelsurdigital.com.ar\/?p=4695#respond"]}]},{"@type":"WebPage","@id":"https:\/\/diariodelsurdigital.com.ar\/?p=4695","url":"https:\/\/diariodelsurdigital.com.ar\/?p=4695","name":"Ya se puede consultar el padr\u00f3n electoral definitivo - Diario del Sur","isPartOf":{"@id":"https:\/\/diariodelsurdigital.com.ar\/#website"},"primaryImageOfPage":{"@id":"https:\/\/diariodelsurdigital.com.ar\/?p=4695#primaryimage"},"image":{"@id":"https:\/\/diariodelsurdigital.com.ar\/?p=4695#primaryimage"},"thumbnailUrl":"https:\/\/diariodelsurdigital.com.ar\/wp-content\/uploads\/2025\/09\/md.webp","datePublished":"2025-09-16T12:42:34+00:00","dateModified":"2025-09-16T12:42:35+00:00","author":{"@id":"https:\/\/diariodelsurdigital.com.ar\/#\/schema\/person\/1a4992532ed62965c968031b49195c81"},"breadcrumb":{"@id":"https:\/\/diariodelsurdigital.com.ar\/?p=4695#breadcrumb"},"inLanguage":"es","potentialAction":[{"@type":"ReadAction","target":["https:\/\/diariodelsurdigital.com.ar\/?p=4695"]}]},{"@type":"ImageObject","inLanguage":"es","@id":"https:\/\/diariodelsurdigital.com.ar\/?p=4695#primaryimage","url":"https:\/\/diariodelsurdigital.com.ar\/wp-content\/uploads\/2025\/09\/md.webp","contentUrl":"https:\/\/diariodelsurdigital.com.ar\/wp-content\/uploads\/2025\/09\/md.webp","width":992,"height":558},{"@type":"BreadcrumbList","@id":"https:\/\/diariodelsurdigital.com.ar\/?p=4695#breadcrumb","itemListElement":[{"@type":"ListItem","position":1,"name":"Portada","item":"https:\/\/diariodelsurdigital.com.ar\/"},{"@type":"ListItem","position":2,"name":"Ya se puede consultar el padr\u00f3n electoral definitivo"}]},{"@type":"WebSite","@id":"https:\/\/diariodelsurdigital.com.ar\/#website","url":"https:\/\/diariodelsurdigital.com.ar\/","name":"Diario del Sur","description":"Digital","potentialAction":[{"@type":"SearchAction","target":{"@type":"EntryPoint","urlTemplate":"https:\/\/diariodelsurdigital.com.ar\/?s={search_term_string}"},"query-input":{"@type":"PropertyValueSpecification","valueRequired":true,"valueName":"search_term_string"}}],"inLanguage":"es"},{"@type":"Person","@id":"https:\/\/diariodelsurdigital.com.ar\/#\/schema\/person\/1a4992532ed62965c968031b49195c81","name":"Diario del Sur Digital","image":{"@type":"ImageObject","inLanguage":"es","@id":"https:\/\/secure.gravatar.com\/avatar\/f0c7c47fc7146d19828273b9b8eda651c9c7ab583767e6338d3d3bee825adf76?s=96&d=mm&r=g","url":"https:\/\/secure.gravatar.com\/avatar\/f0c7c47fc7146d19828273b9b8eda651c9c7ab583767e6338d3d3bee825adf76?s=96&d=mm&r=g","contentUrl":"https:\/\/secure.gravatar.com\/avatar\/f0c7c47fc7146d19828273b9b8eda651c9c7ab583767e6338d3d3bee825adf76?s=96&d=mm&r=g","caption":"Diario del Sur Digital"},"url":"https:\/\/diariodelsurdigital.com.ar\/?author=4"}]}},"_links":{"self":[{"href":"https:\/\/diariodelsurdigital.com.ar\/index.php?rest_route=\/wp\/v2\/posts\/4695","targetHints":{"allow":["GET"]}}],"collection":[{"href":"https:\/\/diariodelsurdigital.com.ar\/index.php?rest_route=\/wp\/v2\/posts"}],"about":[{"href":"https:\/\/diariodelsurdigital.com.ar\/index.php?rest_route=\/wp\/v2\/types\/post"}],"author":[{"embeddable":true,"href":"https:\/\/diariodelsurdigital.com.ar\/index.php?rest_route=\/wp\/v2\/users\/4"}],"replies":[{"embeddable":true,"href":"https:\/\/diariodelsurdigital.com.ar\/index.php?rest_route=%2Fwp%2Fv2%2Fcomments&post=4695"}],"version-history":[{"count":1,"href":"https:\/\/diariodelsurdigital.com.ar\/index.php?rest_route=\/wp\/v2\/posts\/4695\/revisions"}],"predecessor-version":[{"id":4697,"href":"https:\/\/diariodelsurdigital.com.ar\/index.php?rest_route=\/wp\/v2\/posts\/4695\/revisions\/4697"}],"wp:featuredmedia":[{"embeddable":true,"href":"https:\/\/diariodelsurdigital.com.ar\/index.php?rest_route=\/wp\/v2\/media\/4696"}],"wp:attachment":[{"href":"https:\/\/diariodelsurdigital.com.ar\/index.php?rest_route=%2Fwp%2Fv2%2Fmedia&parent=4695"}],"wp:term":[{"taxonomy":"category","embeddable":true,"href":"https:\/\/diariodelsurdigital.com.ar\/index.php?rest_route=%2Fwp%2Fv2%2Fcategories&post=4695"},{"taxonomy":"post_tag","embeddable":true,"href":"https:\/\/diariodelsurdigital.com.ar\/index.php?rest_route=%2Fwp%2Fv2%2Ftags&post=4695"}],"curies":[{"name":"wp","href":"https:\/\/api.w.org\/{rel}","templated":true}]}}