{"id":4698,"date":"2025-09-16T09:45:10","date_gmt":"2025-09-16T12:45:10","guid":{"rendered":"https:\/\/diariodelsurdigital.com.ar\/?p=4698"},"modified":"2025-09-16T09:45:11","modified_gmt":"2025-09-16T12:45:11","slug":"milei-ratifico-la-austeridad-fiscal-para-2026-pero-prometio-aumentos-en-jubilaciones-salud-discapacidad-y-universidades","status":"publish","type":"post","link":"https:\/\/diariodelsurdigital.com.ar\/?p=4698","title":{"rendered":"Milei ratific\u00f3 la austeridad fiscal para 2026, pero prometi\u00f3 aumentos en jubilaciones, salud, discapacidad y universidades"},"content":{"rendered":"\n<p>Javier Milei habl\u00f3 en la noche del lunes por la cadena nacional, la octava en lo que va de su mandato, en la que present\u00f3 el Presupuesto 2026 con una serie de anuncios de alto impacto y tono electoral, en un discurso grabado en la Casa Rosada. En su mensaje de 15 minutos, en los que aludi\u00f3 reiteradamente al equilibrio fiscal, prometi\u00f3 no obstante que el a\u00f1o pr\u00f3ximo aumentar\u00e1n en t\u00e9rminos reales un 5% las jubilaciones, 17% en salud, 8% en educaci\u00f3n y 5% las pensiones por discapacidad.<\/p>\n\n\n\n<p><\/p>\n\n\n\n<p>Adem\u00e1s, anunci\u00f3 que en la letra del presupuesto est\u00e1n contemplados 4,8 billones de pesos en la partida para las universidades nacionales, uno de los ejes de conflicto social luego del veto presidencial. En su intervenci\u00f3n, el Presidente ratific\u00f3 el rumbo econ\u00f3mico, dijo que entiende que muchos argentinos \u201cno perciban en su realidad material\u201d lo que juzga como mejoras y sostuvo que \u201clo peor ya pas\u00f3\u201d.<\/p>\n\n\n\n<p>\u201cEste presupuesto le asigna 4.8 billones de pesos a las universidades nacionales, aumenta el gasto en jubilaciones un 5% y en salud un 17%, ambas partidas por encima de la inflaci\u00f3n. el gasto en educaci\u00f3n tambi\u00e9n aumenta un 8% por encima de la inflaci\u00f3n\u201d, enumer\u00f3. \u201cPor otro lado, habiendo realizado las auditor\u00edas pertinentes, el monto recibido por cada pensionado por Discapacidad tambi\u00e9n aumentar\u00e1 en un 5% por encima de la inflaci\u00f3n para el 2026\u201d, agreg\u00f3 Milei.<\/p>\n\n\n\n<p>Al hacer los anuncios de aumentos para los sectores sensibles que fomentan el malestar social contra su administraci\u00f3n, Milei especific\u00f3: \u201cEn definitiva, si el presupuesto es el plan de gobierno, y el 85% de este presupuesto ser\u00e1 destinado a educaci\u00f3n, salud y jubilaciones, eso quiere decir que la prioridad de este gobierno, tal como siempre dijimos, es el Capital Humano\u201d.<\/p>\n\n\n\n<p>En su mensaje, grabado en la Casa Rosada durante la tarde del lunes, Milei asegur\u00f3 que \u201cel futuro de la Argentina depende fundamentalmente de una sola cosa: que el pueblo y la pol\u00edtica se comprometan con el orden fiscal\u201d. El mandatario consider\u00f3 que \u201csi respetamos el equilibrio fiscal, si logramos ese consenso b\u00e1sico, tenemos asegurado un crecimiento inimaginable, luego de d\u00e9cadas de estancamiento\u201d. Y agreg\u00f3: \u201csi fallamos, volveremos a caer en el pozo de la inflaci\u00f3n descontrolada y la destrucci\u00f3n de toda expectativa en el pa\u00eds\u201d.<\/p>\n\n\n\n<p>Milei consider\u00f3 el presupuesto no como un mero proyecto de ley, sino como \u201cla ratificaci\u00f3n de nuestro compromiso inquebrantable con sacar al pa\u00eds adelante\u201d. Defini\u00f3 al equilibrio fiscal como la \u201cpiedra angular de nuestro gobierno\u201d y un principio \u201cno negociable\u201d desde el comienzo de la gesti\u00f3n. Y lo describi\u00f3 como \u201cla soluci\u00f3n definitiva a los problemas que azotan desde hace d\u00e9cadas a la Argentina\u201d. Tras lo que apunt\u00f3 a la necesidad de consensos y acuerdos.<\/p>\n\n\n\n<p>Pese a los anuncios de aumentos, Milei aclar\u00f3 que el presupuesto 2026 tendr\u00e1 una \u201cregla de estabilidad fiscal\u201d, seg\u00fan la cual \u201csi los ingresos caen, o los gastos superan lo previsto, se deber\u00e1n ajustar partidas para mantener el equilibrio fiscal\u201d.<\/p>\n\n\n\n<p>Solamente flanqueado por dos granaderos, el jefe de Estado dirigi\u00f3 una parte de su mensaje a la gente, respondiendo as\u00ed a una de las principales autocr\u00edticas tras la dura derrota en territorio bonaerense, que fue el entender que \u201cno se transmiti\u00f3 a la gente el por qu\u00e9 de los cambios que se vienen haciendo\u201d, como dicen en la Casa Rosada.<\/p>\n\n\n\n<p>\u201cLo peor ya pas\u00f3\u201d<br>En su mensaje, el mandatario busc\u00f3 transmitir que \u201clos a\u00f1os m\u00e1s duros de afrontar fueron los primeros y por eso podemos afirmar, como hecho tantas otras veces, y pese a las turbulencias coyunturales, que lo peor ya pas\u00f3\u201d. Y en ese sentido reiter\u00f3 el agradecimiento por \u201cel enorme apoyo que han demostrado a lo largo de este primer per\u00edodo\u201d. Consider\u00f3 que los ciudadanos son \u201clos protagonistas de este proceso\u201d.<\/p>\n\n\n\n<p>En otro de los tramos apunt\u00f3 que hay una \u201crelaci\u00f3n directa entre el orden fiscal, la baja del riesgo pa\u00eds, el crecimiento econ\u00f3mico y la prosperidad\u201d. Y que \u201ctodos los dem\u00e1s caminos ya se intentaron y fracasaron\u201d. Por eso, consider\u00f3, apuntando a los principales conflictos que enfrenta su gobierno: \u201cNo debemos caer presos del falso dilema que nos quieren proponer. No es a trav\u00e9s del d\u00e9ficit fiscal que atenderemos la necesidad de los m\u00e1s vulnerables. De hecho, ese remedio prob\u00f3 ser peor que la enfermedad\u201d.<\/p>\n\n\n\n<p>\u201cEl camino del d\u00e9ficit fiscal financiado con deuda ya se prob\u00f3; y nos llev\u00f3 a heredar una deuda p\u00fablica de 500 mil millones de d\u00f3lares\u201d, dijo. En otro pasaje, Milei dijo que \u201cel orden fiscal y el equilibrio son la diferencia entre trabajar para un futuro mejor, o vivir encerrados en un tormentoso y decadente presente\u201d. Y resalt\u00f3: \u201cNos ha costado mucho llegar aqu\u00ed. Todos hemos hecho enormes esfuerzos para salir del pozo en el que est\u00e1bamos cuando asumimos. Y si bien el camino es arduo, el rumbo es el correcto. Si no terminamos el proceso de cambio que hemos emprendido, habremos tirado a la basura todo el esfuerzo que hemos hecho\u201d.<\/p>\n\n\n\n<p>Milei agreg\u00f3 dirigi\u00e9ndose a la sociedad: \u201ccelebramos la baja sostenida de la inflaci\u00f3n, la baja de la pobreza, la baja de impuestos, y la salida del cepo como grandes logros. Pero tambi\u00e9n es cierto que durante estos 20 largos a\u00f1os much\u00edsimos argentinos lo han perdido todo, y les ha ido cada vez peor\u201d. Y en uno de los tramos en los que busc\u00f3 mostrar m\u00e1s empat\u00eda dijo: \u201cQuiero decirles a todos los argentinos: m\u00e1s all\u00e1 del \u00e9xito que haya tenido nuestra gesti\u00f3n en corregir el descalabro de d\u00e9cadas, entendemos que muchos a\u00fan no lo perciban en su realidad material\u201d.<\/p>\n\n\n\n<p>En el mensaje a la pol\u00edtica, Milei apunt\u00f3 que \u201cel futuro de la Argentina depende de que el pueblo y la pol\u00edtica se comprometan con el orden fiscal\u201d. Y dijo: \u201cSi fallamos, volveremos a caer en el pozo de la inflaci\u00f3n descontrolada y la destrucci\u00f3n de toda expectativa en el pa\u00eds\u201d. Y consider\u00f3 que este \u201ces el primer presupuesto de la historia argentina en incluir el R\u00e9gimen de Extinci\u00f3n de Obligaciones Rec\u00edprocas, para seguir recomponiendo la relaci\u00f3n entre el Estado nacional y las provincias\u201d.<\/p>\n\n\n\n<p>Propuso que trabajando \u201ccodo a codo con los gobernadores, diputados y senadores que quieren una argentina distinta, vamos a lograr las reformas de fondo\u201d. En tanto que dirigi\u00e9ndose al sector privado consider\u00f3 que por primera vez en d\u00e9cadas, \u201ceste super\u00e1vit primario permitir\u00e1 al sector p\u00fablico financiar al sector privado para que desarrolle obras que hacen a la infraestructura y log\u00edstica del pa\u00eds\u201d.<\/p>\n","protected":false},"excerpt":{"rendered":"<p>Javier Milei habl\u00f3 en la noche del lunes por la cadena nacional, la octava en lo que va de su mandato, en la que present\u00f3 el Presupuesto 2026 con una serie de anuncios de alto impacto y tono electoral, en un discurso grabado en la Casa Rosada. En su mensaje de 15 minutos, en los [&hellip;]<\/p>\n","protected":false},"author":4,"featured_media":4699,"comment_status":"open","ping_status":"open","sticky":false,"template":"","format":"standard","meta":{"footnotes":""},"categories":[18,22],"tags":[],"class_list":{"0":"post-4698","1":"post","2":"type-post","3":"status-publish","4":"format-standard","5":"has-post-thumbnail","7":"category-nacionales","8":"category-politica"},"yoast_head":"<!-- This site is optimized with the Yoast SEO plugin v27.4 - https:\/\/yoast.com\/product\/yoast-seo-wordpress\/ -->\n<title>Milei ratific\u00f3 la austeridad fiscal para 2026, pero prometi\u00f3 aumentos en jubilaciones, salud, discapacidad y universidades - Diario del Sur<\/title>\n<meta name=\"robots\" content=\"index, follow, max-snippet:-1, max-image-preview:large, max-video-preview:-1\" \/>\n<link rel=\"canonical\" href=\"https:\/\/diariodelsurdigital.com.ar\/?p=4698\" \/>\n<meta property=\"og:locale\" content=\"es_ES\" \/>\n<meta property=\"og:type\" content=\"article\" \/>\n<meta property=\"og:title\" content=\"Milei ratific\u00f3 la austeridad fiscal para 2026, pero prometi\u00f3 aumentos en jubilaciones, salud, discapacidad y universidades - Diario del Sur\" \/>\n<meta property=\"og:description\" content=\"Javier Milei habl\u00f3 en la noche del lunes por la cadena nacional, la octava en lo que va de su mandato, en la que present\u00f3 el Presupuesto 2026 con una serie de anuncios de alto impacto y tono electoral, en un discurso grabado en la Casa Rosada. En su mensaje de 15 minutos, en los [&hellip;]\" \/>\n<meta property=\"og:url\" content=\"https:\/\/diariodelsurdigital.com.ar\/?p=4698\" \/>\n<meta property=\"og:site_name\" content=\"Diario del Sur\" \/>\n<meta property=\"article:published_time\" content=\"2025-09-16T12:45:10+00:00\" \/>\n<meta property=\"article:modified_time\" content=\"2025-09-16T12:45:11+00:00\" \/>\n<meta property=\"og:image\" content=\"https:\/\/diariodelsurdigital.com.ar\/wp-content\/uploads\/2025\/09\/md-1.webp\" \/>\n\t<meta property=\"og:image:width\" content=\"992\" \/>\n\t<meta property=\"og:image:height\" content=\"657\" \/>\n\t<meta property=\"og:image:type\" content=\"image\/webp\" \/>\n<meta name=\"author\" content=\"Diario del Sur Digital\" \/>\n<meta name=\"twitter:card\" content=\"summary_large_image\" \/>\n<meta name=\"twitter:label1\" content=\"Escrito por\" \/>\n\t<meta name=\"twitter:data1\" content=\"Diario del Sur Digital\" \/>\n\t<meta name=\"twitter:label2\" content=\"Tiempo de lectura\" \/>\n\t<meta name=\"twitter:data2\" content=\"6 minutos\" \/>\n<script type=\"application\/ld+json\" class=\"yoast-schema-graph\">{\"@context\":\"https:\\\/\\\/schema.org\",\"@graph\":[{\"@type\":\"Article\",\"@id\":\"https:\\\/\\\/diariodelsurdigital.com.ar\\\/?p=4698#article\",\"isPartOf\":{\"@id\":\"https:\\\/\\\/diariodelsurdigital.com.ar\\\/?p=4698\"},\"author\":{\"name\":\"Diario del Sur Digital\",\"@id\":\"https:\\\/\\\/diariodelsurdigital.com.ar\\\/#\\\/schema\\\/person\\\/1a4992532ed62965c968031b49195c81\"},\"headline\":\"Milei ratific\u00f3 la austeridad fiscal para 2026, pero prometi\u00f3 aumentos en jubilaciones, salud, discapacidad y universidades\",\"datePublished\":\"2025-09-16T12:45:10+00:00\",\"dateModified\":\"2025-09-16T12:45:11+00:00\",\"mainEntityOfPage\":{\"@id\":\"https:\\\/\\\/diariodelsurdigital.com.ar\\\/?p=4698\"},\"wordCount\":1135,\"commentCount\":0,\"image\":{\"@id\":\"https:\\\/\\\/diariodelsurdigital.com.ar\\\/?p=4698#primaryimage\"},\"thumbnailUrl\":\"https:\\\/\\\/diariodelsurdigital.com.ar\\\/wp-content\\\/uploads\\\/2025\\\/09\\\/md-1.webp\",\"articleSection\":[\"Nacionales\",\"Pol\u00edtica\"],\"inLanguage\":\"es\",\"potentialAction\":[{\"@type\":\"CommentAction\",\"name\":\"Comment\",\"target\":[\"https:\\\/\\\/diariodelsurdigital.com.ar\\\/?p=4698#respond\"]}]},{\"@type\":\"WebPage\",\"@id\":\"https:\\\/\\\/diariodelsurdigital.com.ar\\\/?p=4698\",\"url\":\"https:\\\/\\\/diariodelsurdigital.com.ar\\\/?p=4698\",\"name\":\"Milei ratific\u00f3 la austeridad fiscal para 2026, pero prometi\u00f3 aumentos en jubilaciones, salud, discapacidad y universidades - Diario del Sur\",\"isPartOf\":{\"@id\":\"https:\\\/\\\/diariodelsurdigital.com.ar\\\/#website\"},\"primaryImageOfPage\":{\"@id\":\"https:\\\/\\\/diariodelsurdigital.com.ar\\\/?p=4698#primaryimage\"},\"image\":{\"@id\":\"https:\\\/\\\/diariodelsurdigital.com.ar\\\/?p=4698#primaryimage\"},\"thumbnailUrl\":\"https:\\\/\\\/diariodelsurdigital.com.ar\\\/wp-content\\\/uploads\\\/2025\\\/09\\\/md-1.webp\",\"datePublished\":\"2025-09-16T12:45:10+00:00\",\"dateModified\":\"2025-09-16T12:45:11+00:00\",\"author\":{\"@id\":\"https:\\\/\\\/diariodelsurdigital.com.ar\\\/#\\\/schema\\\/person\\\/1a4992532ed62965c968031b49195c81\"},\"breadcrumb\":{\"@id\":\"https:\\\/\\\/diariodelsurdigital.com.ar\\\/?p=4698#breadcrumb\"},\"inLanguage\":\"es\",\"potentialAction\":[{\"@type\":\"ReadAction\",\"target\":[\"https:\\\/\\\/diariodelsurdigital.com.ar\\\/?p=4698\"]}]},{\"@type\":\"ImageObject\",\"inLanguage\":\"es\",\"@id\":\"https:\\\/\\\/diariodelsurdigital.com.ar\\\/?p=4698#primaryimage\",\"url\":\"https:\\\/\\\/diariodelsurdigital.com.ar\\\/wp-content\\\/uploads\\\/2025\\\/09\\\/md-1.webp\",\"contentUrl\":\"https:\\\/\\\/diariodelsurdigital.com.ar\\\/wp-content\\\/uploads\\\/2025\\\/09\\\/md-1.webp\",\"width\":992,\"height\":657},{\"@type\":\"BreadcrumbList\",\"@id\":\"https:\\\/\\\/diariodelsurdigital.com.ar\\\/?p=4698#breadcrumb\",\"itemListElement\":[{\"@type\":\"ListItem\",\"position\":1,\"name\":\"Portada\",\"item\":\"https:\\\/\\\/diariodelsurdigital.com.ar\\\/\"},{\"@type\":\"ListItem\",\"position\":2,\"name\":\"Milei ratific\u00f3 la austeridad fiscal para 2026, pero prometi\u00f3 aumentos en jubilaciones, salud, discapacidad y universidades\"}]},{\"@type\":\"WebSite\",\"@id\":\"https:\\\/\\\/diariodelsurdigital.com.ar\\\/#website\",\"url\":\"https:\\\/\\\/diariodelsurdigital.com.ar\\\/\",\"name\":\"Diario del Sur\",\"description\":\"Digital\",\"potentialAction\":[{\"@type\":\"SearchAction\",\"target\":{\"@type\":\"EntryPoint\",\"urlTemplate\":\"https:\\\/\\\/diariodelsurdigital.com.ar\\\/?s={search_term_string}\"},\"query-input\":{\"@type\":\"PropertyValueSpecification\",\"valueRequired\":true,\"valueName\":\"search_term_string\"}}],\"inLanguage\":\"es\"},{\"@type\":\"Person\",\"@id\":\"https:\\\/\\\/diariodelsurdigital.com.ar\\\/#\\\/schema\\\/person\\\/1a4992532ed62965c968031b49195c81\",\"name\":\"Diario del Sur Digital\",\"image\":{\"@type\":\"ImageObject\",\"inLanguage\":\"es\",\"@id\":\"https:\\\/\\\/secure.gravatar.com\\\/avatar\\\/f0c7c47fc7146d19828273b9b8eda651c9c7ab583767e6338d3d3bee825adf76?s=96&d=mm&r=g\",\"url\":\"https:\\\/\\\/secure.gravatar.com\\\/avatar\\\/f0c7c47fc7146d19828273b9b8eda651c9c7ab583767e6338d3d3bee825adf76?s=96&d=mm&r=g\",\"contentUrl\":\"https:\\\/\\\/secure.gravatar.com\\\/avatar\\\/f0c7c47fc7146d19828273b9b8eda651c9c7ab583767e6338d3d3bee825adf76?s=96&d=mm&r=g\",\"caption\":\"Diario del Sur Digital\"},\"url\":\"https:\\\/\\\/diariodelsurdigital.com.ar\\\/?author=4\"}]}<\/script>\n<!-- \/ Yoast SEO plugin. -->","yoast_head_json":{"title":"Milei ratific\u00f3 la austeridad fiscal para 2026, pero prometi\u00f3 aumentos en jubilaciones, salud, discapacidad y universidades - Diario del Sur","robots":{"index":"index","follow":"follow","max-snippet":"max-snippet:-1","max-image-preview":"max-image-preview:large","max-video-preview":"max-video-preview:-1"},"canonical":"https:\/\/diariodelsurdigital.com.ar\/?p=4698","og_locale":"es_ES","og_type":"article","og_title":"Milei ratific\u00f3 la austeridad fiscal para 2026, pero prometi\u00f3 aumentos en jubilaciones, salud, discapacidad y universidades - Diario del Sur","og_description":"Javier Milei habl\u00f3 en la noche del lunes por la cadena nacional, la octava en lo que va de su mandato, en la que present\u00f3 el Presupuesto 2026 con una serie de anuncios de alto impacto y tono electoral, en un discurso grabado en la Casa Rosada. En su mensaje de 15 minutos, en los [&hellip;]","og_url":"https:\/\/diariodelsurdigital.com.ar\/?p=4698","og_site_name":"Diario del Sur","article_published_time":"2025-09-16T12:45:10+00:00","article_modified_time":"2025-09-16T12:45:11+00:00","og_image":[{"width":992,"height":657,"url":"https:\/\/diariodelsurdigital.com.ar\/wp-content\/uploads\/2025\/09\/md-1.webp","type":"image\/webp"}],"author":"Diario del Sur Digital","twitter_card":"summary_large_image","twitter_misc":{"Escrito por":"Diario del Sur Digital","Tiempo de lectura":"6 minutos"},"schema":{"@context":"https:\/\/schema.org","@graph":[{"@type":"Article","@id":"https:\/\/diariodelsurdigital.com.ar\/?p=4698#article","isPartOf":{"@id":"https:\/\/diariodelsurdigital.com.ar\/?p=4698"},"author":{"name":"Diario del Sur Digital","@id":"https:\/\/diariodelsurdigital.com.ar\/#\/schema\/person\/1a4992532ed62965c968031b49195c81"},"headline":"Milei ratific\u00f3 la austeridad fiscal para 2026, pero prometi\u00f3 aumentos en jubilaciones, salud, discapacidad y universidades","datePublished":"2025-09-16T12:45:10+00:00","dateModified":"2025-09-16T12:45:11+00:00","mainEntityOfPage":{"@id":"https:\/\/diariodelsurdigital.com.ar\/?p=4698"},"wordCount":1135,"commentCount":0,"image":{"@id":"https:\/\/diariodelsurdigital.com.ar\/?p=4698#primaryimage"},"thumbnailUrl":"https:\/\/diariodelsurdigital.com.ar\/wp-content\/uploads\/2025\/09\/md-1.webp","articleSection":["Nacionales","Pol\u00edtica"],"inLanguage":"es","potentialAction":[{"@type":"CommentAction","name":"Comment","target":["https:\/\/diariodelsurdigital.com.ar\/?p=4698#respond"]}]},{"@type":"WebPage","@id":"https:\/\/diariodelsurdigital.com.ar\/?p=4698","url":"https:\/\/diariodelsurdigital.com.ar\/?p=4698","name":"Milei ratific\u00f3 la austeridad fiscal para 2026, pero prometi\u00f3 aumentos en jubilaciones, salud, discapacidad y universidades - Diario del Sur","isPartOf":{"@id":"https:\/\/diariodelsurdigital.com.ar\/#website"},"primaryImageOfPage":{"@id":"https:\/\/diariodelsurdigital.com.ar\/?p=4698#primaryimage"},"image":{"@id":"https:\/\/diariodelsurdigital.com.ar\/?p=4698#primaryimage"},"thumbnailUrl":"https:\/\/diariodelsurdigital.com.ar\/wp-content\/uploads\/2025\/09\/md-1.webp","datePublished":"2025-09-16T12:45:10+00:00","dateModified":"2025-09-16T12:45:11+00:00","author":{"@id":"https:\/\/diariodelsurdigital.com.ar\/#\/schema\/person\/1a4992532ed62965c968031b49195c81"},"breadcrumb":{"@id":"https:\/\/diariodelsurdigital.com.ar\/?p=4698#breadcrumb"},"inLanguage":"es","potentialAction":[{"@type":"ReadAction","target":["https:\/\/diariodelsurdigital.com.ar\/?p=4698"]}]},{"@type":"ImageObject","inLanguage":"es","@id":"https:\/\/diariodelsurdigital.com.ar\/?p=4698#primaryimage","url":"https:\/\/diariodelsurdigital.com.ar\/wp-content\/uploads\/2025\/09\/md-1.webp","contentUrl":"https:\/\/diariodelsurdigital.com.ar\/wp-content\/uploads\/2025\/09\/md-1.webp","width":992,"height":657},{"@type":"BreadcrumbList","@id":"https:\/\/diariodelsurdigital.com.ar\/?p=4698#breadcrumb","itemListElement":[{"@type":"ListItem","position":1,"name":"Portada","item":"https:\/\/diariodelsurdigital.com.ar\/"},{"@type":"ListItem","position":2,"name":"Milei ratific\u00f3 la austeridad fiscal para 2026, pero prometi\u00f3 aumentos en jubilaciones, salud, discapacidad y universidades"}]},{"@type":"WebSite","@id":"https:\/\/diariodelsurdigital.com.ar\/#website","url":"https:\/\/diariodelsurdigital.com.ar\/","name":"Diario del Sur","description":"Digital","potentialAction":[{"@type":"SearchAction","target":{"@type":"EntryPoint","urlTemplate":"https:\/\/diariodelsurdigital.com.ar\/?s={search_term_string}"},"query-input":{"@type":"PropertyValueSpecification","valueRequired":true,"valueName":"search_term_string"}}],"inLanguage":"es"},{"@type":"Person","@id":"https:\/\/diariodelsurdigital.com.ar\/#\/schema\/person\/1a4992532ed62965c968031b49195c81","name":"Diario del Sur Digital","image":{"@type":"ImageObject","inLanguage":"es","@id":"https:\/\/secure.gravatar.com\/avatar\/f0c7c47fc7146d19828273b9b8eda651c9c7ab583767e6338d3d3bee825adf76?s=96&d=mm&r=g","url":"https:\/\/secure.gravatar.com\/avatar\/f0c7c47fc7146d19828273b9b8eda651c9c7ab583767e6338d3d3bee825adf76?s=96&d=mm&r=g","contentUrl":"https:\/\/secure.gravatar.com\/avatar\/f0c7c47fc7146d19828273b9b8eda651c9c7ab583767e6338d3d3bee825adf76?s=96&d=mm&r=g","caption":"Diario del Sur Digital"},"url":"https:\/\/diariodelsurdigital.com.ar\/?author=4"}]}},"_links":{"self":[{"href":"https:\/\/diariodelsurdigital.com.ar\/index.php?rest_route=\/wp\/v2\/posts\/4698","targetHints":{"allow":["GET"]}}],"collection":[{"href":"https:\/\/diariodelsurdigital.com.ar\/index.php?rest_route=\/wp\/v2\/posts"}],"about":[{"href":"https:\/\/diariodelsurdigital.com.ar\/index.php?rest_route=\/wp\/v2\/types\/post"}],"author":[{"embeddable":true,"href":"https:\/\/diariodelsurdigital.com.ar\/index.php?rest_route=\/wp\/v2\/users\/4"}],"replies":[{"embeddable":true,"href":"https:\/\/diariodelsurdigital.com.ar\/index.php?rest_route=%2Fwp%2Fv2%2Fcomments&post=4698"}],"version-history":[{"count":1,"href":"https:\/\/diariodelsurdigital.com.ar\/index.php?rest_route=\/wp\/v2\/posts\/4698\/revisions"}],"predecessor-version":[{"id":4700,"href":"https:\/\/diariodelsurdigital.com.ar\/index.php?rest_route=\/wp\/v2\/posts\/4698\/revisions\/4700"}],"wp:featuredmedia":[{"embeddable":true,"href":"https:\/\/diariodelsurdigital.com.ar\/index.php?rest_route=\/wp\/v2\/media\/4699"}],"wp:attachment":[{"href":"https:\/\/diariodelsurdigital.com.ar\/index.php?rest_route=%2Fwp%2Fv2%2Fmedia&parent=4698"}],"wp:term":[{"taxonomy":"category","embeddable":true,"href":"https:\/\/diariodelsurdigital.com.ar\/index.php?rest_route=%2Fwp%2Fv2%2Fcategories&post=4698"},{"taxonomy":"post_tag","embeddable":true,"href":"https:\/\/diariodelsurdigital.com.ar\/index.php?rest_route=%2Fwp%2Fv2%2Ftags&post=4698"}],"curies":[{"name":"wp","href":"https:\/\/api.w.org\/{rel}","templated":true}]}}