{"id":4709,"date":"2025-09-18T09:58:28","date_gmt":"2025-09-18T12:58:28","guid":{"rendered":"https:\/\/diariodelsurdigital.com.ar\/?p=4709"},"modified":"2025-09-18T09:58:29","modified_gmt":"2025-09-18T12:58:29","slug":"la-onu-confirmo-el-genocidio-en-gaza-e-israel-inicio-su-ofensiva-terrestre","status":"publish","type":"post","link":"https:\/\/diariodelsurdigital.com.ar\/?p=4709","title":{"rendered":"La ONU confirm\u00f3 el genocidio en Gaza e Israel inici\u00f3 su ofensiva terrestre"},"content":{"rendered":"\n<p>La Comisi\u00f3n Internacional Investigadora de la ONU concluy\u00f3 que las fuerzas israel\u00edes ejecutaron cuatro de los cinco actos tipificados como genocidas: asesinatos, da\u00f1os graves f\u00edsicos o mentales, condiciones de vida destinadas a la destrucci\u00f3n del grupo e imposici\u00f3n de medidas para impedir nacimientos.<\/p>\n\n\n\n<p><\/p>\n\n\n\n<p>La Comisi\u00f3n Internacional Investigadora de la ONU declar\u00f3 el genocidio en Gaza, el mismo d\u00eda en que el Ej\u00e9rcito israel\u00ed anunci\u00f3 que daba comienzo a su ofensiva terrestre contra la ciudad de Gaza, donde a\u00fan permanecen casi 150.000 palestinos refugiados, seg\u00fan cifras de la Oficina de la ONU para la Coordinaci\u00f3n de Asuntos Humanitarios (OCHA).<\/p>\n\n\n\n<p>El informe sostiene que las fuerzas israel\u00edes han llevado a cabo al menos cuatro de los cinco actos establecidos en la Convenci\u00f3n para la Prevenci\u00f3n y la Sanci\u00f3n del Delito de Genocidio de 1948: asesinatos, da\u00f1os f\u00edsicos o mentales graves, condiciones de vida orientadas a la destrucci\u00f3n f\u00edsica del grupo, e imposici\u00f3n de medidas destinadas a impedir nacimientos, public\u00f3 P\u00e1gina 12.<\/p>\n\n\n\n<p>El genocidio en Gaza<br>La Comisi\u00f3n, presidida por Navi Pillay, ex alta comisionada de derechos humanos y jueza del Tribunal Penal Internacional para Ruanda, se\u00f1ala como responsables de incitaci\u00f3n al genocidio al presidente israel\u00ed, Isaac Herzog, al primer ministro, Benjamin Netanyahu, y al exministro de Defensa, Yoav Gallant. Los investigadores aseguran que las autoridades israel\u00edes no tomaron medidas para prevenir ni castigar estos actos. \u00abLa responsabilidad recae en el Estado de Israel\u00bb, declar\u00f3 Pillay al presentar el informe, que contiene m\u00e1s de 16.000 elementos probatorios.<\/p>\n\n\n\n<p>Los investigadores afirmaron que las declaraciones expl\u00edcitas de las autoridades civiles y militares israel\u00edes, junto con el patr\u00f3n de conducta de las fuerzas israel\u00edes, \u00abindicaron que los actos genocidas se cometieron con la intenci\u00f3n de destruir (\u2026) a los palestinos de la Franja de Gaza como grupo\u00bb.<\/p>\n\n\n\n<p>Chris Sidoti, uno de los tres miembros del equipo investigador, afirm\u00f3 que \u00ablas declaraciones p\u00fablicas de dirigentes israel\u00edes, combinadas con el patr\u00f3n sistem\u00e1tico de las operaciones militares, indican la existencia de intenci\u00f3n genocida\u00bb en la ofensiva contra el enclave. \u00abLa poblaci\u00f3n israel\u00ed ha sido traicionada por su Gobierno (\u2026), que lleva dos a\u00f1os librando esta guerra genocida\u00bb, afirm\u00f3.<\/p>\n\n\n\n<p>La gran mayor\u00eda de los habitantes de Gaza han sido desplazados al menos una vez, y se est\u00e1n produciendo m\u00e1s desplazamientos masivos a medida que Israel intensifica su ofensiva para tomar el control de Ciudad de Gaza, donde la ONU ha declarado una hambruna.<\/p>\n\n\n\n<p>Uno de los hallazgos m\u00e1s dram\u00e1ticos es que la esperanza de vida ha ca\u00eddo pr\u00e1cticamente a la mitad en Gaza, desde los 75,5 a\u00f1os cuando empez\u00f3 el conflicto a 40,5 a\u00f1os un a\u00f1o despu\u00e9s y a 34,9 a\u00f1os m\u00e1s recientemente.<\/p>\n\n\n\n<p>\u00abFalso\u00bb<br>El Ministerio de Relaciones Exteriores de Israel rechaz\u00f3 categ\u00f3ricamente el informe y lo calific\u00f3 de \u00abmentiroso y sesgado\u00bb. En un comunicado, sostuvo que se trata de una \u00abreproducci\u00f3n de falsedades de Hamas\u00bb y acus\u00f3 a los miembros de la Comisi\u00f3n de actuar como \u00abrepresentantes del grupo terrorista\u00bb. Tambi\u00e9n exigi\u00f3 la disoluci\u00f3n inmediata de la Comisi\u00f3n de Investigaci\u00f3n, acusando a sus integrantes de tener posturas \u00ababiertamente antisemitas\u00bb.<\/p>\n\n\n\n<p>Sidoti respondi\u00f3 a esas acusaciones durante una conferencia de prensa. \u00abLas respuestas israel\u00edes ya son predecibles y aburridas\u00bb, afirm\u00f3, en referencia a que el Gobierno repite argumentos sin aportar pruebas documentadas. \u00abParece que reproducen las respuestas con inteligencia artificial\u00bb, ironiz\u00f3.<\/p>\n\n\n\n<p>La presidenta de la Comisi\u00f3n, Navi Pillay, expres\u00f3 que el mundo est\u00e1 siendo testigo de una ruptura de la promesa de \u00abnunca m\u00e1s\u00bb, que surgi\u00f3 tras los genocidios del siglo XX. \u00abHoy somos testigos en tiempo real de c\u00f3mo esa promesa se quiebra ante los ojos del mundo\u00bb, dijo.<\/p>\n\n\n\n<p>Agreg\u00f3 que todos los Estados est\u00e1n obligados, seg\u00fan el derecho internacional, a actuar de forma inmediata ante la posibilidad de un genocidio. \u201cNo hay necesidad de esperar una resoluci\u00f3n judicial para impedir m\u00e1s cr\u00edmenes\u00bb, afirm\u00f3.<\/p>\n\n\n\n<p>\u00abYa no hay tiempo para excusas\u00bb<br>Es la primera vez que un organismo de este nivel acusa directamente al Estado de Israel de genocidio, aunque la ONU hab\u00eda respaldado informes similares en el pasado. Aunque no proviene de una instancia jur\u00eddica formal, los hallazgos del informe pueden ser utilizados como prueba en procedimientos futuros ante tribunales internacionales, como la Corte Penal Internacional (CPI) y la Corte Internacional de Justicia (CIJ).<\/p>\n\n\n\n<p>El informe se suma al proceso judicial en curso en la CIJ, donde Sud\u00e1frica acusa a Israel de violar la Convenci\u00f3n sobre el Genocidio. La CIJ ya emiti\u00f3 medidas cautelares en enero de 2024, ordenando a Israel proteger a la poblaci\u00f3n palestina de posibles actos genocidas y garantizar la entrada de ayuda humanitaria a Gaza. Sud\u00e1frica present\u00f3 su memoria escrita en octubre de 2024 y ahora Israel tiene plazo hasta enero de 2026 para responder.<\/p>\n\n\n\n<p>Por otro lado, la CPI ya emiti\u00f3 \u00f3rdenes de detenci\u00f3n contra Netanyahu y Gallant, aunque a\u00fan no los ha acusado formalmente por genocidio. La CPI contin\u00faa investigando cr\u00edmenes de guerra y cr\u00edmenes de lesa humanidad cometidos tanto por Israel como por Hamas desde 2021.<\/p>\n\n\n\n<p>El secretario general de la ONU, Ant\u00f3nio Guterres, afirm\u00f3 que Israel no est\u00e1 dispuesto a entablar conversaciones de paz serias y est\u00e1 decidido a \u201cir hasta el final\u201d en su campa\u00f1a militar en Gaza. Calific\u00f3 la situaci\u00f3n como \u201cmoral, pol\u00edtica y legalmente intolerable\u201d. Por su parte, Amnist\u00eda Internacional afirm\u00f3 que la comunidad internacional ya no puede decir \u00abque no sab\u00eda\u00bb, tras el dictamen de la ONU, y subray\u00f3 que \u00abya no hay tiempo para excusas\u00bb.<\/p>\n\n\n\n<p>Varios l\u00edderes internacionales y organismos de derechos humanos ya han calificado la situaci\u00f3n en Gaza como genocidio. El presidente de Irlanda, Michael Higgins, incluso sugiri\u00f3 que Israel y aquellos pa\u00edses que le suministran armas deber\u00edan ser excluidos de Naciones Unidas.<\/p>\n\n\n\n<p>La Comisi\u00f3n Europea eval\u00faa imponer sanciones a funcionarios israel\u00edes y suspender beneficios comerciales en el marco del acuerdo euromediterr\u00e1neo.<\/p>\n\n\n\n<p>Por su parte, la Oficina de Derechos Humanos de la ONU solicit\u00f3 p\u00fablicamente \u201cdetener la masacre\u201d, y critic\u00f3 el uso de artiller\u00eda pesada en zonas densamente pobladas, advirtiendo que tales acciones podr\u00edan violar las leyes internacionales de guerra. En ese sentido, el Alto Comisionado de la ONU para los Derechos Humanos, Volker T\u00fcrk, manifest\u00f3 tras la publicaci\u00f3n que ve\u00eda \u00abpruebas cada vez m\u00e1s evidentes\u00bb de un genocidio en el enclave.<\/p>\n","protected":false},"excerpt":{"rendered":"<p>La Comisi\u00f3n Internacional Investigadora de la ONU concluy\u00f3 que las fuerzas israel\u00edes ejecutaron cuatro de los cinco actos tipificados como genocidas: asesinatos, da\u00f1os graves f\u00edsicos o mentales, condiciones de vida destinadas a la destrucci\u00f3n del grupo e imposici\u00f3n de medidas para impedir nacimientos. La Comisi\u00f3n Internacional Investigadora de la ONU declar\u00f3 el genocidio en Gaza, [&hellip;]<\/p>\n","protected":false},"author":4,"featured_media":4710,"comment_status":"open","ping_status":"open","sticky":false,"template":"","format":"standard","meta":{"footnotes":""},"categories":[20],"tags":[],"class_list":{"0":"post-4709","1":"post","2":"type-post","3":"status-publish","4":"format-standard","5":"has-post-thumbnail","7":"category-internacionales"},"yoast_head":"<!-- This site is optimized with the Yoast SEO plugin v27.4 - https:\/\/yoast.com\/product\/yoast-seo-wordpress\/ -->\n<title>La ONU confirm\u00f3 el genocidio en Gaza e Israel inici\u00f3 su ofensiva terrestre - Diario del Sur<\/title>\n<meta name=\"robots\" content=\"index, follow, max-snippet:-1, max-image-preview:large, max-video-preview:-1\" \/>\n<link rel=\"canonical\" href=\"https:\/\/diariodelsurdigital.com.ar\/?p=4709\" \/>\n<meta property=\"og:locale\" content=\"es_ES\" \/>\n<meta property=\"og:type\" content=\"article\" \/>\n<meta property=\"og:title\" content=\"La ONU confirm\u00f3 el genocidio en Gaza e Israel inici\u00f3 su ofensiva terrestre - Diario del Sur\" \/>\n<meta property=\"og:description\" content=\"La Comisi\u00f3n Internacional Investigadora de la ONU concluy\u00f3 que las fuerzas israel\u00edes ejecutaron cuatro de los cinco actos tipificados como genocidas: asesinatos, da\u00f1os graves f\u00edsicos o mentales, condiciones de vida destinadas a la destrucci\u00f3n del grupo e imposici\u00f3n de medidas para impedir nacimientos. La Comisi\u00f3n Internacional Investigadora de la ONU declar\u00f3 el genocidio en Gaza, [&hellip;]\" \/>\n<meta property=\"og:url\" content=\"https:\/\/diariodelsurdigital.com.ar\/?p=4709\" \/>\n<meta property=\"og:site_name\" content=\"Diario del Sur\" \/>\n<meta property=\"article:published_time\" content=\"2025-09-18T12:58:28+00:00\" \/>\n<meta property=\"article:modified_time\" content=\"2025-09-18T12:58:29+00:00\" \/>\n<meta property=\"og:image\" content=\"https:\/\/diariodelsurdigital.com.ar\/wp-content\/uploads\/2025\/09\/md-37.webp\" \/>\n\t<meta property=\"og:image:width\" content=\"992\" \/>\n\t<meta property=\"og:image:height\" content=\"449\" \/>\n\t<meta property=\"og:image:type\" content=\"image\/webp\" \/>\n<meta name=\"author\" content=\"Diario del Sur Digital\" \/>\n<meta name=\"twitter:card\" content=\"summary_large_image\" \/>\n<meta name=\"twitter:label1\" content=\"Escrito por\" \/>\n\t<meta name=\"twitter:data1\" content=\"Diario del Sur Digital\" \/>\n\t<meta name=\"twitter:label2\" content=\"Tiempo de lectura\" \/>\n\t<meta name=\"twitter:data2\" content=\"5 minutos\" \/>\n<script type=\"application\/ld+json\" class=\"yoast-schema-graph\">{\"@context\":\"https:\\\/\\\/schema.org\",\"@graph\":[{\"@type\":\"Article\",\"@id\":\"https:\\\/\\\/diariodelsurdigital.com.ar\\\/?p=4709#article\",\"isPartOf\":{\"@id\":\"https:\\\/\\\/diariodelsurdigital.com.ar\\\/?p=4709\"},\"author\":{\"name\":\"Diario del Sur Digital\",\"@id\":\"https:\\\/\\\/diariodelsurdigital.com.ar\\\/#\\\/schema\\\/person\\\/1a4992532ed62965c968031b49195c81\"},\"headline\":\"La ONU confirm\u00f3 el genocidio en Gaza e Israel inici\u00f3 su ofensiva terrestre\",\"datePublished\":\"2025-09-18T12:58:28+00:00\",\"dateModified\":\"2025-09-18T12:58:29+00:00\",\"mainEntityOfPage\":{\"@id\":\"https:\\\/\\\/diariodelsurdigital.com.ar\\\/?p=4709\"},\"wordCount\":1116,\"commentCount\":0,\"image\":{\"@id\":\"https:\\\/\\\/diariodelsurdigital.com.ar\\\/?p=4709#primaryimage\"},\"thumbnailUrl\":\"https:\\\/\\\/diariodelsurdigital.com.ar\\\/wp-content\\\/uploads\\\/2025\\\/09\\\/md-37.webp\",\"articleSection\":[\"Internacionales\"],\"inLanguage\":\"es\",\"potentialAction\":[{\"@type\":\"CommentAction\",\"name\":\"Comment\",\"target\":[\"https:\\\/\\\/diariodelsurdigital.com.ar\\\/?p=4709#respond\"]}]},{\"@type\":\"WebPage\",\"@id\":\"https:\\\/\\\/diariodelsurdigital.com.ar\\\/?p=4709\",\"url\":\"https:\\\/\\\/diariodelsurdigital.com.ar\\\/?p=4709\",\"name\":\"La ONU confirm\u00f3 el genocidio en Gaza e Israel inici\u00f3 su ofensiva terrestre - Diario del Sur\",\"isPartOf\":{\"@id\":\"https:\\\/\\\/diariodelsurdigital.com.ar\\\/#website\"},\"primaryImageOfPage\":{\"@id\":\"https:\\\/\\\/diariodelsurdigital.com.ar\\\/?p=4709#primaryimage\"},\"image\":{\"@id\":\"https:\\\/\\\/diariodelsurdigital.com.ar\\\/?p=4709#primaryimage\"},\"thumbnailUrl\":\"https:\\\/\\\/diariodelsurdigital.com.ar\\\/wp-content\\\/uploads\\\/2025\\\/09\\\/md-37.webp\",\"datePublished\":\"2025-09-18T12:58:28+00:00\",\"dateModified\":\"2025-09-18T12:58:29+00:00\",\"author\":{\"@id\":\"https:\\\/\\\/diariodelsurdigital.com.ar\\\/#\\\/schema\\\/person\\\/1a4992532ed62965c968031b49195c81\"},\"breadcrumb\":{\"@id\":\"https:\\\/\\\/diariodelsurdigital.com.ar\\\/?p=4709#breadcrumb\"},\"inLanguage\":\"es\",\"potentialAction\":[{\"@type\":\"ReadAction\",\"target\":[\"https:\\\/\\\/diariodelsurdigital.com.ar\\\/?p=4709\"]}]},{\"@type\":\"ImageObject\",\"inLanguage\":\"es\",\"@id\":\"https:\\\/\\\/diariodelsurdigital.com.ar\\\/?p=4709#primaryimage\",\"url\":\"https:\\\/\\\/diariodelsurdigital.com.ar\\\/wp-content\\\/uploads\\\/2025\\\/09\\\/md-37.webp\",\"contentUrl\":\"https:\\\/\\\/diariodelsurdigital.com.ar\\\/wp-content\\\/uploads\\\/2025\\\/09\\\/md-37.webp\",\"width\":992,\"height\":449},{\"@type\":\"BreadcrumbList\",\"@id\":\"https:\\\/\\\/diariodelsurdigital.com.ar\\\/?p=4709#breadcrumb\",\"itemListElement\":[{\"@type\":\"ListItem\",\"position\":1,\"name\":\"Portada\",\"item\":\"https:\\\/\\\/diariodelsurdigital.com.ar\\\/\"},{\"@type\":\"ListItem\",\"position\":2,\"name\":\"La ONU confirm\u00f3 el genocidio en Gaza e Israel inici\u00f3 su ofensiva terrestre\"}]},{\"@type\":\"WebSite\",\"@id\":\"https:\\\/\\\/diariodelsurdigital.com.ar\\\/#website\",\"url\":\"https:\\\/\\\/diariodelsurdigital.com.ar\\\/\",\"name\":\"Diario del Sur\",\"description\":\"Digital\",\"potentialAction\":[{\"@type\":\"SearchAction\",\"target\":{\"@type\":\"EntryPoint\",\"urlTemplate\":\"https:\\\/\\\/diariodelsurdigital.com.ar\\\/?s={search_term_string}\"},\"query-input\":{\"@type\":\"PropertyValueSpecification\",\"valueRequired\":true,\"valueName\":\"search_term_string\"}}],\"inLanguage\":\"es\"},{\"@type\":\"Person\",\"@id\":\"https:\\\/\\\/diariodelsurdigital.com.ar\\\/#\\\/schema\\\/person\\\/1a4992532ed62965c968031b49195c81\",\"name\":\"Diario del Sur Digital\",\"image\":{\"@type\":\"ImageObject\",\"inLanguage\":\"es\",\"@id\":\"https:\\\/\\\/secure.gravatar.com\\\/avatar\\\/f0c7c47fc7146d19828273b9b8eda651c9c7ab583767e6338d3d3bee825adf76?s=96&d=mm&r=g\",\"url\":\"https:\\\/\\\/secure.gravatar.com\\\/avatar\\\/f0c7c47fc7146d19828273b9b8eda651c9c7ab583767e6338d3d3bee825adf76?s=96&d=mm&r=g\",\"contentUrl\":\"https:\\\/\\\/secure.gravatar.com\\\/avatar\\\/f0c7c47fc7146d19828273b9b8eda651c9c7ab583767e6338d3d3bee825adf76?s=96&d=mm&r=g\",\"caption\":\"Diario del Sur Digital\"},\"url\":\"https:\\\/\\\/diariodelsurdigital.com.ar\\\/?author=4\"}]}<\/script>\n<!-- \/ Yoast SEO plugin. -->","yoast_head_json":{"title":"La ONU confirm\u00f3 el genocidio en Gaza e Israel inici\u00f3 su ofensiva terrestre - Diario del Sur","robots":{"index":"index","follow":"follow","max-snippet":"max-snippet:-1","max-image-preview":"max-image-preview:large","max-video-preview":"max-video-preview:-1"},"canonical":"https:\/\/diariodelsurdigital.com.ar\/?p=4709","og_locale":"es_ES","og_type":"article","og_title":"La ONU confirm\u00f3 el genocidio en Gaza e Israel inici\u00f3 su ofensiva terrestre - Diario del Sur","og_description":"La Comisi\u00f3n Internacional Investigadora de la ONU concluy\u00f3 que las fuerzas israel\u00edes ejecutaron cuatro de los cinco actos tipificados como genocidas: asesinatos, da\u00f1os graves f\u00edsicos o mentales, condiciones de vida destinadas a la destrucci\u00f3n del grupo e imposici\u00f3n de medidas para impedir nacimientos. La Comisi\u00f3n Internacional Investigadora de la ONU declar\u00f3 el genocidio en Gaza, [&hellip;]","og_url":"https:\/\/diariodelsurdigital.com.ar\/?p=4709","og_site_name":"Diario del Sur","article_published_time":"2025-09-18T12:58:28+00:00","article_modified_time":"2025-09-18T12:58:29+00:00","og_image":[{"width":992,"height":449,"url":"https:\/\/diariodelsurdigital.com.ar\/wp-content\/uploads\/2025\/09\/md-37.webp","type":"image\/webp"}],"author":"Diario del Sur Digital","twitter_card":"summary_large_image","twitter_misc":{"Escrito por":"Diario del Sur Digital","Tiempo de lectura":"5 minutos"},"schema":{"@context":"https:\/\/schema.org","@graph":[{"@type":"Article","@id":"https:\/\/diariodelsurdigital.com.ar\/?p=4709#article","isPartOf":{"@id":"https:\/\/diariodelsurdigital.com.ar\/?p=4709"},"author":{"name":"Diario del Sur Digital","@id":"https:\/\/diariodelsurdigital.com.ar\/#\/schema\/person\/1a4992532ed62965c968031b49195c81"},"headline":"La ONU confirm\u00f3 el genocidio en Gaza e Israel inici\u00f3 su ofensiva terrestre","datePublished":"2025-09-18T12:58:28+00:00","dateModified":"2025-09-18T12:58:29+00:00","mainEntityOfPage":{"@id":"https:\/\/diariodelsurdigital.com.ar\/?p=4709"},"wordCount":1116,"commentCount":0,"image":{"@id":"https:\/\/diariodelsurdigital.com.ar\/?p=4709#primaryimage"},"thumbnailUrl":"https:\/\/diariodelsurdigital.com.ar\/wp-content\/uploads\/2025\/09\/md-37.webp","articleSection":["Internacionales"],"inLanguage":"es","potentialAction":[{"@type":"CommentAction","name":"Comment","target":["https:\/\/diariodelsurdigital.com.ar\/?p=4709#respond"]}]},{"@type":"WebPage","@id":"https:\/\/diariodelsurdigital.com.ar\/?p=4709","url":"https:\/\/diariodelsurdigital.com.ar\/?p=4709","name":"La ONU confirm\u00f3 el genocidio en Gaza e Israel inici\u00f3 su ofensiva terrestre - Diario del Sur","isPartOf":{"@id":"https:\/\/diariodelsurdigital.com.ar\/#website"},"primaryImageOfPage":{"@id":"https:\/\/diariodelsurdigital.com.ar\/?p=4709#primaryimage"},"image":{"@id":"https:\/\/diariodelsurdigital.com.ar\/?p=4709#primaryimage"},"thumbnailUrl":"https:\/\/diariodelsurdigital.com.ar\/wp-content\/uploads\/2025\/09\/md-37.webp","datePublished":"2025-09-18T12:58:28+00:00","dateModified":"2025-09-18T12:58:29+00:00","author":{"@id":"https:\/\/diariodelsurdigital.com.ar\/#\/schema\/person\/1a4992532ed62965c968031b49195c81"},"breadcrumb":{"@id":"https:\/\/diariodelsurdigital.com.ar\/?p=4709#breadcrumb"},"inLanguage":"es","potentialAction":[{"@type":"ReadAction","target":["https:\/\/diariodelsurdigital.com.ar\/?p=4709"]}]},{"@type":"ImageObject","inLanguage":"es","@id":"https:\/\/diariodelsurdigital.com.ar\/?p=4709#primaryimage","url":"https:\/\/diariodelsurdigital.com.ar\/wp-content\/uploads\/2025\/09\/md-37.webp","contentUrl":"https:\/\/diariodelsurdigital.com.ar\/wp-content\/uploads\/2025\/09\/md-37.webp","width":992,"height":449},{"@type":"BreadcrumbList","@id":"https:\/\/diariodelsurdigital.com.ar\/?p=4709#breadcrumb","itemListElement":[{"@type":"ListItem","position":1,"name":"Portada","item":"https:\/\/diariodelsurdigital.com.ar\/"},{"@type":"ListItem","position":2,"name":"La ONU confirm\u00f3 el genocidio en Gaza e Israel inici\u00f3 su ofensiva terrestre"}]},{"@type":"WebSite","@id":"https:\/\/diariodelsurdigital.com.ar\/#website","url":"https:\/\/diariodelsurdigital.com.ar\/","name":"Diario del Sur","description":"Digital","potentialAction":[{"@type":"SearchAction","target":{"@type":"EntryPoint","urlTemplate":"https:\/\/diariodelsurdigital.com.ar\/?s={search_term_string}"},"query-input":{"@type":"PropertyValueSpecification","valueRequired":true,"valueName":"search_term_string"}}],"inLanguage":"es"},{"@type":"Person","@id":"https:\/\/diariodelsurdigital.com.ar\/#\/schema\/person\/1a4992532ed62965c968031b49195c81","name":"Diario del Sur Digital","image":{"@type":"ImageObject","inLanguage":"es","@id":"https:\/\/secure.gravatar.com\/avatar\/f0c7c47fc7146d19828273b9b8eda651c9c7ab583767e6338d3d3bee825adf76?s=96&d=mm&r=g","url":"https:\/\/secure.gravatar.com\/avatar\/f0c7c47fc7146d19828273b9b8eda651c9c7ab583767e6338d3d3bee825adf76?s=96&d=mm&r=g","contentUrl":"https:\/\/secure.gravatar.com\/avatar\/f0c7c47fc7146d19828273b9b8eda651c9c7ab583767e6338d3d3bee825adf76?s=96&d=mm&r=g","caption":"Diario del Sur Digital"},"url":"https:\/\/diariodelsurdigital.com.ar\/?author=4"}]}},"_links":{"self":[{"href":"https:\/\/diariodelsurdigital.com.ar\/index.php?rest_route=\/wp\/v2\/posts\/4709","targetHints":{"allow":["GET"]}}],"collection":[{"href":"https:\/\/diariodelsurdigital.com.ar\/index.php?rest_route=\/wp\/v2\/posts"}],"about":[{"href":"https:\/\/diariodelsurdigital.com.ar\/index.php?rest_route=\/wp\/v2\/types\/post"}],"author":[{"embeddable":true,"href":"https:\/\/diariodelsurdigital.com.ar\/index.php?rest_route=\/wp\/v2\/users\/4"}],"replies":[{"embeddable":true,"href":"https:\/\/diariodelsurdigital.com.ar\/index.php?rest_route=%2Fwp%2Fv2%2Fcomments&post=4709"}],"version-history":[{"count":1,"href":"https:\/\/diariodelsurdigital.com.ar\/index.php?rest_route=\/wp\/v2\/posts\/4709\/revisions"}],"predecessor-version":[{"id":4711,"href":"https:\/\/diariodelsurdigital.com.ar\/index.php?rest_route=\/wp\/v2\/posts\/4709\/revisions\/4711"}],"wp:featuredmedia":[{"embeddable":true,"href":"https:\/\/diariodelsurdigital.com.ar\/index.php?rest_route=\/wp\/v2\/media\/4710"}],"wp:attachment":[{"href":"https:\/\/diariodelsurdigital.com.ar\/index.php?rest_route=%2Fwp%2Fv2%2Fmedia&parent=4709"}],"wp:term":[{"taxonomy":"category","embeddable":true,"href":"https:\/\/diariodelsurdigital.com.ar\/index.php?rest_route=%2Fwp%2Fv2%2Fcategories&post=4709"},{"taxonomy":"post_tag","embeddable":true,"href":"https:\/\/diariodelsurdigital.com.ar\/index.php?rest_route=%2Fwp%2Fv2%2Ftags&post=4709"}],"curies":[{"name":"wp","href":"https:\/\/api.w.org\/{rel}","templated":true}]}}