{"id":4712,"date":"2025-09-18T10:01:40","date_gmt":"2025-09-18T13:01:40","guid":{"rendered":"https:\/\/diariodelsurdigital.com.ar\/?p=4712"},"modified":"2025-09-18T10:01:41","modified_gmt":"2025-09-18T13:01:41","slug":"el-presupuesto-libertario-de-2026-elimina-el-fondo-nacional-para-escuelas-tecnicas","status":"publish","type":"post","link":"https:\/\/diariodelsurdigital.com.ar\/?p=4712","title":{"rendered":"El presupuesto libertario de 2026 elimina el fondo nacional para escuelas t\u00e9cnicas"},"content":{"rendered":"\n<p>El proyecto de presupuesto 2026 elimina el Fondo Nacional para la Educaci\u00f3n T\u00e9cnico Profesional, que garantizaba recursos espec\u00edficos para equipamiento, infraestructura y formaci\u00f3n docente en escuelas t\u00e9cnicas.<\/p>\n\n\n\n<p>El proyecto de presupuesto nacional para 2026 presentado por el Poder Ejecutivo incluye la derogaci\u00f3n del art\u00edculo 52 de la Ley de Educaci\u00f3n T\u00e9cnico Profesional N\u00b0 26.058, que establece la creaci\u00f3n del Fondo Nacional para la Educaci\u00f3n T\u00e9cnico Profesional.<\/p>\n\n\n\n<p>Este fondo estaba destinado espec\u00edficamente al financiamiento de las escuelas t\u00e9cnicas y se constitu\u00eda con un monto anual no inferior al 0,2% de los ingresos corrientes del presupuesto nacional consolidado.<\/p>\n\n\n\n<p>La eliminaci\u00f3n de este fondo especializado representa un golpe particular al sistema de educaci\u00f3n t\u00e9cnica, que requiere inversiones sostenidas en equipamiento, infraestructura y formaci\u00f3n docente especializada.<\/p>\n\n\n\n<p>Este tipo de instituciones educativas tienen costos operativos significativamente mayores que las escuelas de modalidad general, debido a la necesidad de mantener talleres, laboratorios y equipos tecnol\u00f3gicos actualizados.<\/p>\n\n\n\n<p>Esta medida se enmarca en un contexto m\u00e1s amplio de desfinanciamiento educativo, que incluye la derogaci\u00f3n del art\u00edculo 9\u00b0 de la Ley de Educaci\u00f3n Nacional que establec\u00eda el objetivo de alcanzar una inversi\u00f3n educativa equivalente al 6% del PBI.<\/p>\n\n\n\n<p>Simult\u00e1neamente, el proyecto presupuestario consolida el ajuste sobre el sistema universitario, con una asignaci\u00f3n que seg\u00fan el Consejo Interuniversitario Nacional resulta insuficiente para el normal funcionamiento de las instituciones.<\/p>\n\n\n\n<p>El recorte en el financiamiento de las escuelas t\u00e9cnicas revierte una tendencia de revalorizaci\u00f3n de esta modalidad educativa que se ven\u00eda desarrollando en las \u00faltimas d\u00e9cadas. Especialistas alertan que esta desinversi\u00f3n podr\u00eda generar un retroceso en la formaci\u00f3n de t\u00e9cnicos profesionales, justo en un momento donde el pa\u00eds requiere cada vez m\u00e1s profesionales calificados para el desarrollo productivo.<\/p>\n","protected":false},"excerpt":{"rendered":"<p>El proyecto de presupuesto 2026 elimina el Fondo Nacional para la Educaci\u00f3n T\u00e9cnico Profesional, que garantizaba recursos espec\u00edficos para equipamiento, infraestructura y formaci\u00f3n docente en escuelas t\u00e9cnicas. El proyecto de presupuesto nacional para 2026 presentado por el Poder Ejecutivo incluye la derogaci\u00f3n del art\u00edculo 52 de la Ley de Educaci\u00f3n T\u00e9cnico Profesional N\u00b0 26.058, que [&hellip;]<\/p>\n","protected":false},"author":4,"featured_media":4713,"comment_status":"open","ping_status":"open","sticky":false,"template":"","format":"standard","meta":{"footnotes":""},"categories":[18],"tags":[],"class_list":{"0":"post-4712","1":"post","2":"type-post","3":"status-publish","4":"format-standard","5":"has-post-thumbnail","7":"category-nacionales"},"yoast_head":"<!-- This site is optimized with the Yoast SEO plugin v27.4 - https:\/\/yoast.com\/product\/yoast-seo-wordpress\/ -->\n<title>El presupuesto libertario de 2026 elimina el fondo nacional para escuelas t\u00e9cnicas - Diario del Sur<\/title>\n<meta name=\"robots\" content=\"index, follow, max-snippet:-1, max-image-preview:large, max-video-preview:-1\" \/>\n<link rel=\"canonical\" href=\"https:\/\/diariodelsurdigital.com.ar\/?p=4712\" \/>\n<meta property=\"og:locale\" content=\"es_ES\" \/>\n<meta property=\"og:type\" content=\"article\" \/>\n<meta property=\"og:title\" content=\"El presupuesto libertario de 2026 elimina el fondo nacional para escuelas t\u00e9cnicas - Diario del Sur\" \/>\n<meta property=\"og:description\" content=\"El proyecto de presupuesto 2026 elimina el Fondo Nacional para la Educaci\u00f3n T\u00e9cnico Profesional, que garantizaba recursos espec\u00edficos para equipamiento, infraestructura y formaci\u00f3n docente en escuelas t\u00e9cnicas. El proyecto de presupuesto nacional para 2026 presentado por el Poder Ejecutivo incluye la derogaci\u00f3n del art\u00edculo 52 de la Ley de Educaci\u00f3n T\u00e9cnico Profesional N\u00b0 26.058, que [&hellip;]\" \/>\n<meta property=\"og:url\" content=\"https:\/\/diariodelsurdigital.com.ar\/?p=4712\" \/>\n<meta property=\"og:site_name\" content=\"Diario del Sur\" \/>\n<meta property=\"article:published_time\" content=\"2025-09-18T13:01:40+00:00\" \/>\n<meta property=\"article:modified_time\" content=\"2025-09-18T13:01:41+00:00\" \/>\n<meta property=\"og:image\" content=\"https:\/\/diariodelsurdigital.com.ar\/wp-content\/uploads\/2025\/09\/md-1-1.webp\" \/>\n\t<meta property=\"og:image:width\" content=\"992\" \/>\n\t<meta property=\"og:image:height\" content=\"551\" \/>\n\t<meta property=\"og:image:type\" content=\"image\/webp\" \/>\n<meta name=\"author\" content=\"Diario del Sur Digital\" \/>\n<meta name=\"twitter:card\" content=\"summary_large_image\" \/>\n<meta name=\"twitter:label1\" content=\"Escrito por\" \/>\n\t<meta name=\"twitter:data1\" content=\"Diario del Sur Digital\" \/>\n\t<meta name=\"twitter:label2\" content=\"Tiempo de lectura\" \/>\n\t<meta name=\"twitter:data2\" content=\"2 minutos\" \/>\n<script type=\"application\/ld+json\" class=\"yoast-schema-graph\">{\"@context\":\"https:\\\/\\\/schema.org\",\"@graph\":[{\"@type\":\"Article\",\"@id\":\"https:\\\/\\\/diariodelsurdigital.com.ar\\\/?p=4712#article\",\"isPartOf\":{\"@id\":\"https:\\\/\\\/diariodelsurdigital.com.ar\\\/?p=4712\"},\"author\":{\"name\":\"Diario del Sur Digital\",\"@id\":\"https:\\\/\\\/diariodelsurdigital.com.ar\\\/#\\\/schema\\\/person\\\/1a4992532ed62965c968031b49195c81\"},\"headline\":\"El presupuesto libertario de 2026 elimina el fondo nacional para escuelas t\u00e9cnicas\",\"datePublished\":\"2025-09-18T13:01:40+00:00\",\"dateModified\":\"2025-09-18T13:01:41+00:00\",\"mainEntityOfPage\":{\"@id\":\"https:\\\/\\\/diariodelsurdigital.com.ar\\\/?p=4712\"},\"wordCount\":320,\"commentCount\":0,\"image\":{\"@id\":\"https:\\\/\\\/diariodelsurdigital.com.ar\\\/?p=4712#primaryimage\"},\"thumbnailUrl\":\"https:\\\/\\\/diariodelsurdigital.com.ar\\\/wp-content\\\/uploads\\\/2025\\\/09\\\/md-1-1.webp\",\"articleSection\":[\"Nacionales\"],\"inLanguage\":\"es\",\"potentialAction\":[{\"@type\":\"CommentAction\",\"name\":\"Comment\",\"target\":[\"https:\\\/\\\/diariodelsurdigital.com.ar\\\/?p=4712#respond\"]}]},{\"@type\":\"WebPage\",\"@id\":\"https:\\\/\\\/diariodelsurdigital.com.ar\\\/?p=4712\",\"url\":\"https:\\\/\\\/diariodelsurdigital.com.ar\\\/?p=4712\",\"name\":\"El presupuesto libertario de 2026 elimina el fondo nacional para escuelas t\u00e9cnicas - Diario del Sur\",\"isPartOf\":{\"@id\":\"https:\\\/\\\/diariodelsurdigital.com.ar\\\/#website\"},\"primaryImageOfPage\":{\"@id\":\"https:\\\/\\\/diariodelsurdigital.com.ar\\\/?p=4712#primaryimage\"},\"image\":{\"@id\":\"https:\\\/\\\/diariodelsurdigital.com.ar\\\/?p=4712#primaryimage\"},\"thumbnailUrl\":\"https:\\\/\\\/diariodelsurdigital.com.ar\\\/wp-content\\\/uploads\\\/2025\\\/09\\\/md-1-1.webp\",\"datePublished\":\"2025-09-18T13:01:40+00:00\",\"dateModified\":\"2025-09-18T13:01:41+00:00\",\"author\":{\"@id\":\"https:\\\/\\\/diariodelsurdigital.com.ar\\\/#\\\/schema\\\/person\\\/1a4992532ed62965c968031b49195c81\"},\"breadcrumb\":{\"@id\":\"https:\\\/\\\/diariodelsurdigital.com.ar\\\/?p=4712#breadcrumb\"},\"inLanguage\":\"es\",\"potentialAction\":[{\"@type\":\"ReadAction\",\"target\":[\"https:\\\/\\\/diariodelsurdigital.com.ar\\\/?p=4712\"]}]},{\"@type\":\"ImageObject\",\"inLanguage\":\"es\",\"@id\":\"https:\\\/\\\/diariodelsurdigital.com.ar\\\/?p=4712#primaryimage\",\"url\":\"https:\\\/\\\/diariodelsurdigital.com.ar\\\/wp-content\\\/uploads\\\/2025\\\/09\\\/md-1-1.webp\",\"contentUrl\":\"https:\\\/\\\/diariodelsurdigital.com.ar\\\/wp-content\\\/uploads\\\/2025\\\/09\\\/md-1-1.webp\",\"width\":992,\"height\":551},{\"@type\":\"BreadcrumbList\",\"@id\":\"https:\\\/\\\/diariodelsurdigital.com.ar\\\/?p=4712#breadcrumb\",\"itemListElement\":[{\"@type\":\"ListItem\",\"position\":1,\"name\":\"Portada\",\"item\":\"https:\\\/\\\/diariodelsurdigital.com.ar\\\/\"},{\"@type\":\"ListItem\",\"position\":2,\"name\":\"El presupuesto libertario de 2026 elimina el fondo nacional para escuelas t\u00e9cnicas\"}]},{\"@type\":\"WebSite\",\"@id\":\"https:\\\/\\\/diariodelsurdigital.com.ar\\\/#website\",\"url\":\"https:\\\/\\\/diariodelsurdigital.com.ar\\\/\",\"name\":\"Diario del Sur\",\"description\":\"Digital\",\"potentialAction\":[{\"@type\":\"SearchAction\",\"target\":{\"@type\":\"EntryPoint\",\"urlTemplate\":\"https:\\\/\\\/diariodelsurdigital.com.ar\\\/?s={search_term_string}\"},\"query-input\":{\"@type\":\"PropertyValueSpecification\",\"valueRequired\":true,\"valueName\":\"search_term_string\"}}],\"inLanguage\":\"es\"},{\"@type\":\"Person\",\"@id\":\"https:\\\/\\\/diariodelsurdigital.com.ar\\\/#\\\/schema\\\/person\\\/1a4992532ed62965c968031b49195c81\",\"name\":\"Diario del Sur Digital\",\"image\":{\"@type\":\"ImageObject\",\"inLanguage\":\"es\",\"@id\":\"https:\\\/\\\/secure.gravatar.com\\\/avatar\\\/f0c7c47fc7146d19828273b9b8eda651c9c7ab583767e6338d3d3bee825adf76?s=96&d=mm&r=g\",\"url\":\"https:\\\/\\\/secure.gravatar.com\\\/avatar\\\/f0c7c47fc7146d19828273b9b8eda651c9c7ab583767e6338d3d3bee825adf76?s=96&d=mm&r=g\",\"contentUrl\":\"https:\\\/\\\/secure.gravatar.com\\\/avatar\\\/f0c7c47fc7146d19828273b9b8eda651c9c7ab583767e6338d3d3bee825adf76?s=96&d=mm&r=g\",\"caption\":\"Diario del Sur Digital\"},\"url\":\"https:\\\/\\\/diariodelsurdigital.com.ar\\\/?author=4\"}]}<\/script>\n<!-- \/ Yoast SEO plugin. -->","yoast_head_json":{"title":"El presupuesto libertario de 2026 elimina el fondo nacional para escuelas t\u00e9cnicas - Diario del Sur","robots":{"index":"index","follow":"follow","max-snippet":"max-snippet:-1","max-image-preview":"max-image-preview:large","max-video-preview":"max-video-preview:-1"},"canonical":"https:\/\/diariodelsurdigital.com.ar\/?p=4712","og_locale":"es_ES","og_type":"article","og_title":"El presupuesto libertario de 2026 elimina el fondo nacional para escuelas t\u00e9cnicas - Diario del Sur","og_description":"El proyecto de presupuesto 2026 elimina el Fondo Nacional para la Educaci\u00f3n T\u00e9cnico Profesional, que garantizaba recursos espec\u00edficos para equipamiento, infraestructura y formaci\u00f3n docente en escuelas t\u00e9cnicas. El proyecto de presupuesto nacional para 2026 presentado por el Poder Ejecutivo incluye la derogaci\u00f3n del art\u00edculo 52 de la Ley de Educaci\u00f3n T\u00e9cnico Profesional N\u00b0 26.058, que [&hellip;]","og_url":"https:\/\/diariodelsurdigital.com.ar\/?p=4712","og_site_name":"Diario del Sur","article_published_time":"2025-09-18T13:01:40+00:00","article_modified_time":"2025-09-18T13:01:41+00:00","og_image":[{"width":992,"height":551,"url":"https:\/\/diariodelsurdigital.com.ar\/wp-content\/uploads\/2025\/09\/md-1-1.webp","type":"image\/webp"}],"author":"Diario del Sur Digital","twitter_card":"summary_large_image","twitter_misc":{"Escrito por":"Diario del Sur Digital","Tiempo de lectura":"2 minutos"},"schema":{"@context":"https:\/\/schema.org","@graph":[{"@type":"Article","@id":"https:\/\/diariodelsurdigital.com.ar\/?p=4712#article","isPartOf":{"@id":"https:\/\/diariodelsurdigital.com.ar\/?p=4712"},"author":{"name":"Diario del Sur Digital","@id":"https:\/\/diariodelsurdigital.com.ar\/#\/schema\/person\/1a4992532ed62965c968031b49195c81"},"headline":"El presupuesto libertario de 2026 elimina el fondo nacional para escuelas t\u00e9cnicas","datePublished":"2025-09-18T13:01:40+00:00","dateModified":"2025-09-18T13:01:41+00:00","mainEntityOfPage":{"@id":"https:\/\/diariodelsurdigital.com.ar\/?p=4712"},"wordCount":320,"commentCount":0,"image":{"@id":"https:\/\/diariodelsurdigital.com.ar\/?p=4712#primaryimage"},"thumbnailUrl":"https:\/\/diariodelsurdigital.com.ar\/wp-content\/uploads\/2025\/09\/md-1-1.webp","articleSection":["Nacionales"],"inLanguage":"es","potentialAction":[{"@type":"CommentAction","name":"Comment","target":["https:\/\/diariodelsurdigital.com.ar\/?p=4712#respond"]}]},{"@type":"WebPage","@id":"https:\/\/diariodelsurdigital.com.ar\/?p=4712","url":"https:\/\/diariodelsurdigital.com.ar\/?p=4712","name":"El presupuesto libertario de 2026 elimina el fondo nacional para escuelas t\u00e9cnicas - Diario del Sur","isPartOf":{"@id":"https:\/\/diariodelsurdigital.com.ar\/#website"},"primaryImageOfPage":{"@id":"https:\/\/diariodelsurdigital.com.ar\/?p=4712#primaryimage"},"image":{"@id":"https:\/\/diariodelsurdigital.com.ar\/?p=4712#primaryimage"},"thumbnailUrl":"https:\/\/diariodelsurdigital.com.ar\/wp-content\/uploads\/2025\/09\/md-1-1.webp","datePublished":"2025-09-18T13:01:40+00:00","dateModified":"2025-09-18T13:01:41+00:00","author":{"@id":"https:\/\/diariodelsurdigital.com.ar\/#\/schema\/person\/1a4992532ed62965c968031b49195c81"},"breadcrumb":{"@id":"https:\/\/diariodelsurdigital.com.ar\/?p=4712#breadcrumb"},"inLanguage":"es","potentialAction":[{"@type":"ReadAction","target":["https:\/\/diariodelsurdigital.com.ar\/?p=4712"]}]},{"@type":"ImageObject","inLanguage":"es","@id":"https:\/\/diariodelsurdigital.com.ar\/?p=4712#primaryimage","url":"https:\/\/diariodelsurdigital.com.ar\/wp-content\/uploads\/2025\/09\/md-1-1.webp","contentUrl":"https:\/\/diariodelsurdigital.com.ar\/wp-content\/uploads\/2025\/09\/md-1-1.webp","width":992,"height":551},{"@type":"BreadcrumbList","@id":"https:\/\/diariodelsurdigital.com.ar\/?p=4712#breadcrumb","itemListElement":[{"@type":"ListItem","position":1,"name":"Portada","item":"https:\/\/diariodelsurdigital.com.ar\/"},{"@type":"ListItem","position":2,"name":"El presupuesto libertario de 2026 elimina el fondo nacional para escuelas t\u00e9cnicas"}]},{"@type":"WebSite","@id":"https:\/\/diariodelsurdigital.com.ar\/#website","url":"https:\/\/diariodelsurdigital.com.ar\/","name":"Diario del Sur","description":"Digital","potentialAction":[{"@type":"SearchAction","target":{"@type":"EntryPoint","urlTemplate":"https:\/\/diariodelsurdigital.com.ar\/?s={search_term_string}"},"query-input":{"@type":"PropertyValueSpecification","valueRequired":true,"valueName":"search_term_string"}}],"inLanguage":"es"},{"@type":"Person","@id":"https:\/\/diariodelsurdigital.com.ar\/#\/schema\/person\/1a4992532ed62965c968031b49195c81","name":"Diario del Sur Digital","image":{"@type":"ImageObject","inLanguage":"es","@id":"https:\/\/secure.gravatar.com\/avatar\/f0c7c47fc7146d19828273b9b8eda651c9c7ab583767e6338d3d3bee825adf76?s=96&d=mm&r=g","url":"https:\/\/secure.gravatar.com\/avatar\/f0c7c47fc7146d19828273b9b8eda651c9c7ab583767e6338d3d3bee825adf76?s=96&d=mm&r=g","contentUrl":"https:\/\/secure.gravatar.com\/avatar\/f0c7c47fc7146d19828273b9b8eda651c9c7ab583767e6338d3d3bee825adf76?s=96&d=mm&r=g","caption":"Diario del Sur Digital"},"url":"https:\/\/diariodelsurdigital.com.ar\/?author=4"}]}},"_links":{"self":[{"href":"https:\/\/diariodelsurdigital.com.ar\/index.php?rest_route=\/wp\/v2\/posts\/4712","targetHints":{"allow":["GET"]}}],"collection":[{"href":"https:\/\/diariodelsurdigital.com.ar\/index.php?rest_route=\/wp\/v2\/posts"}],"about":[{"href":"https:\/\/diariodelsurdigital.com.ar\/index.php?rest_route=\/wp\/v2\/types\/post"}],"author":[{"embeddable":true,"href":"https:\/\/diariodelsurdigital.com.ar\/index.php?rest_route=\/wp\/v2\/users\/4"}],"replies":[{"embeddable":true,"href":"https:\/\/diariodelsurdigital.com.ar\/index.php?rest_route=%2Fwp%2Fv2%2Fcomments&post=4712"}],"version-history":[{"count":1,"href":"https:\/\/diariodelsurdigital.com.ar\/index.php?rest_route=\/wp\/v2\/posts\/4712\/revisions"}],"predecessor-version":[{"id":4714,"href":"https:\/\/diariodelsurdigital.com.ar\/index.php?rest_route=\/wp\/v2\/posts\/4712\/revisions\/4714"}],"wp:featuredmedia":[{"embeddable":true,"href":"https:\/\/diariodelsurdigital.com.ar\/index.php?rest_route=\/wp\/v2\/media\/4713"}],"wp:attachment":[{"href":"https:\/\/diariodelsurdigital.com.ar\/index.php?rest_route=%2Fwp%2Fv2%2Fmedia&parent=4712"}],"wp:term":[{"taxonomy":"category","embeddable":true,"href":"https:\/\/diariodelsurdigital.com.ar\/index.php?rest_route=%2Fwp%2Fv2%2Fcategories&post=4712"},{"taxonomy":"post_tag","embeddable":true,"href":"https:\/\/diariodelsurdigital.com.ar\/index.php?rest_route=%2Fwp%2Fv2%2Ftags&post=4712"}],"curies":[{"name":"wp","href":"https:\/\/api.w.org\/{rel}","templated":true}]}}