{"id":4718,"date":"2025-09-18T10:05:18","date_gmt":"2025-09-18T13:05:18","guid":{"rendered":"https:\/\/diariodelsurdigital.com.ar\/?p=4718"},"modified":"2025-09-18T10:05:19","modified_gmt":"2025-09-18T13:05:19","slug":"la-lista-ahora-503-acusa-de-censura-a-bahl-y-michel-y-defiende-el-uso-de-la-palabra-patria-en-su-campana","status":"publish","type":"post","link":"https:\/\/diariodelsurdigital.com.ar\/?p=4718","title":{"rendered":"La lista Ahora 503 acusa de censura a Bahl y Michel y defiende el uso de la palabra \u201cPatria\u201d en su campa\u00f1a"},"content":{"rendered":"\n<p>Desde la lista Ahora 503, que lleva como candidatas a Carolina Gaillard y Paola Rubattino, rechazaron en todos sus t\u00e9rminos ante la Junta Electoral la nueva denuncia de Fuerza Entre R\u00edos que busca impedir que el espacio use la denominaci\u00f3n Ahora la Patria en redes sociales. Tambi\u00e9n advirtieron sobre la gravedad institucional de la presentaci\u00f3n y acusaron al espacio que postula a Guillermo Michel y Ad\u00e1n Bahl de desconocer el pacto democr\u00e1tico consagrado en la Constituci\u00f3n.<\/p>\n\n\n\n<p>Los apoderados de la lista se\u00f1alaron que con la denominaci\u00f3n Ahora 503 se confeccionaron y publicaron las boletas \u00fanicas de papel que estar\u00e1n presentes en el pr\u00f3ximo acto electoral, cumpliendo de este modo con todos los recaudos formales exigidos por la normativa vigente y por la autoridad electoral competente.<\/p>\n\n\n\n<p>Acto seguido, se\u00f1alaron que la utilizaci\u00f3n del lema de campa\u00f1a Ahora La Patria, Ahora Vos, Ahora 503 \u201cde ninguna manera implica un desconocimiento de la decisi\u00f3n judicial adoptada, sino que la misma se enmarca en el leg\u00edtimo ejercicio de la libertad de expresi\u00f3n y propaganda pol\u00edtica, consagrado por la legislaci\u00f3n electoral vigente\u201d.<\/p>\n\n\n\n<p>\u201cLos denunciantes pretenden fundar su oposici\u00f3n en la utilizaci\u00f3n del t\u00e9rmino \u2018patria\u2019. Al respecto, corresponde se\u00f1alar que el mentado vocablo, por su propio significado, no puede ser de uso exclusivo de una agrupaci\u00f3n pol\u00edtica en particular\u201d, expresaron en un escrito presentado este mi\u00e9rcoles.<\/p>\n\n\n\n<p>M\u00e1s adelante, remarcaron que el lema constituye un recurso comunicacional de car\u00e1cter proselitista, diferenciado de la denominaci\u00f3n formal de la alianza y, como tal, se encuentra fuera del \u00e1mbito de contralor de la justicia electoral.<\/p>\n\n\n\n<p>\u201cLa cuesti\u00f3n planteada debe analizarse a la luz de la garant\u00eda constitucional y convencional de la libertad de expresi\u00f3n. El empleo de lemas de campa\u00f1a o perfiles comunicacionales no puede interpretarse como un incumplimiento de la normativa electoral, sino como el ejercicio leg\u00edtimo de una libertad fundamental, esencial para la vida democr\u00e1tica y para el desarrollo de un proceso electoral plural y transparente\u201d, argumentaron.<\/p>\n\n\n\n<p>M\u00e1s adelante, desde la lista 503 marcaron que en la denuncia de Fuerza Entre R\u00edos se advierte un p\u00e1rrafo de extrema gravedad en t\u00e9rminos democr\u00e1ticos y citaron: \u201cEsto impone el deber de poner en aviso a las empresas que, sin saber, son veh\u00edculos de estos intentos de distorsi\u00f3n de la propaganda electoral, reproducen esta propaganda con fines de confundir al electorado\u201d.<\/p>\n\n\n\n<p>\u201cTal afirmaci\u00f3n no s\u00f3lo carece de sustento jur\u00eddico normativo, sino que adem\u00e1s encierra una peligrosa pretensi\u00f3n de trasladar a actores privados un deber de control sobre la propaganda electoral, con el consecuente riesgo de censura pol\u00edtica\u201d, advirtieron desde Ahora 503.<\/p>\n\n\n\n<p>\u201cEn un sistema democr\u00e1tico, la fiscalizaci\u00f3n de la propaganda electoral corresponde exclusivamente a la autoridad judicial electoral y no puede delegarse en empresas de comunicaci\u00f3n o plataformas privadas, cuyo rol no es evaluar contenidos pol\u00edticos\u201d, a\u00f1adieron.<\/p>\n\n\n\n<p>\u201cEstas afirmaciones procuran acallar las voces de nuestra fuerza pol\u00edtica, pretendiendo regular qu\u00e9 podemos decir y qu\u00e9 no, qu\u00e9 debemos pensar y, sobre todo, restringir la leg\u00edtima libertad de expresi\u00f3n pol\u00edtica de muchos ciudadanos y ciudadanas de Entre R\u00edos\u201d, expresaron desde Ahora 503.<\/p>\n\n\n\n<p>Por \u00faltimo, pidieron que \u201cse advierta a la parte denunciante respecto de la gravedad institucional de las manifestaciones vertidas en su escrito, en cuanto pretenden desconocer el pacto democr\u00e1tico consagrado en el art\u00edculo 38\u00b0 de la Constituci\u00f3n Nacional\u201d. <\/p>\n","protected":false},"excerpt":{"rendered":"<p>Desde la lista Ahora 503, que lleva como candidatas a Carolina Gaillard y Paola Rubattino, rechazaron en todos sus t\u00e9rminos ante la Junta Electoral la nueva denuncia de Fuerza Entre R\u00edos que busca impedir que el espacio use la denominaci\u00f3n Ahora la Patria en redes sociales. Tambi\u00e9n advirtieron sobre la gravedad institucional de la presentaci\u00f3n [&hellip;]<\/p>\n","protected":false},"author":4,"featured_media":4719,"comment_status":"open","ping_status":"open","sticky":false,"template":"","format":"standard","meta":{"footnotes":""},"categories":[22,17],"tags":[],"class_list":{"0":"post-4718","1":"post","2":"type-post","3":"status-publish","4":"format-standard","5":"has-post-thumbnail","7":"category-politica","8":"category-provinciales"},"yoast_head":"<!-- This site is optimized with the Yoast SEO plugin v27.4 - https:\/\/yoast.com\/product\/yoast-seo-wordpress\/ -->\n<title>La lista Ahora 503 acusa de censura a Bahl y Michel y defiende el uso de la palabra \u201cPatria\u201d en su campa\u00f1a - Diario del Sur<\/title>\n<meta name=\"robots\" content=\"index, follow, max-snippet:-1, max-image-preview:large, max-video-preview:-1\" \/>\n<link rel=\"canonical\" href=\"https:\/\/diariodelsurdigital.com.ar\/?p=4718\" \/>\n<meta property=\"og:locale\" content=\"es_ES\" \/>\n<meta property=\"og:type\" content=\"article\" \/>\n<meta property=\"og:title\" content=\"La lista Ahora 503 acusa de censura a Bahl y Michel y defiende el uso de la palabra \u201cPatria\u201d en su campa\u00f1a - Diario del Sur\" \/>\n<meta property=\"og:description\" content=\"Desde la lista Ahora 503, que lleva como candidatas a Carolina Gaillard y Paola Rubattino, rechazaron en todos sus t\u00e9rminos ante la Junta Electoral la nueva denuncia de Fuerza Entre R\u00edos que busca impedir que el espacio use la denominaci\u00f3n Ahora la Patria en redes sociales. Tambi\u00e9n advirtieron sobre la gravedad institucional de la presentaci\u00f3n [&hellip;]\" \/>\n<meta property=\"og:url\" content=\"https:\/\/diariodelsurdigital.com.ar\/?p=4718\" \/>\n<meta property=\"og:site_name\" content=\"Diario del Sur\" \/>\n<meta property=\"article:published_time\" content=\"2025-09-18T13:05:18+00:00\" \/>\n<meta property=\"article:modified_time\" content=\"2025-09-18T13:05:19+00:00\" \/>\n<meta property=\"og:image\" content=\"https:\/\/diariodelsurdigital.com.ar\/wp-content\/uploads\/2025\/09\/md-3-1.webp\" \/>\n\t<meta property=\"og:image:width\" content=\"992\" \/>\n\t<meta property=\"og:image:height\" content=\"661\" \/>\n\t<meta property=\"og:image:type\" content=\"image\/webp\" \/>\n<meta name=\"author\" content=\"Diario del Sur Digital\" \/>\n<meta name=\"twitter:card\" content=\"summary_large_image\" \/>\n<meta name=\"twitter:label1\" content=\"Escrito por\" \/>\n\t<meta name=\"twitter:data1\" content=\"Diario del Sur Digital\" \/>\n\t<meta name=\"twitter:label2\" content=\"Tiempo de lectura\" \/>\n\t<meta name=\"twitter:data2\" content=\"3 minutos\" \/>\n<script type=\"application\/ld+json\" class=\"yoast-schema-graph\">{\"@context\":\"https:\\\/\\\/schema.org\",\"@graph\":[{\"@type\":\"Article\",\"@id\":\"https:\\\/\\\/diariodelsurdigital.com.ar\\\/?p=4718#article\",\"isPartOf\":{\"@id\":\"https:\\\/\\\/diariodelsurdigital.com.ar\\\/?p=4718\"},\"author\":{\"name\":\"Diario del Sur Digital\",\"@id\":\"https:\\\/\\\/diariodelsurdigital.com.ar\\\/#\\\/schema\\\/person\\\/1a4992532ed62965c968031b49195c81\"},\"headline\":\"La lista Ahora 503 acusa de censura a Bahl y Michel y defiende el uso de la palabra \u201cPatria\u201d en su campa\u00f1a\",\"datePublished\":\"2025-09-18T13:05:18+00:00\",\"dateModified\":\"2025-09-18T13:05:19+00:00\",\"mainEntityOfPage\":{\"@id\":\"https:\\\/\\\/diariodelsurdigital.com.ar\\\/?p=4718\"},\"wordCount\":614,\"commentCount\":0,\"image\":{\"@id\":\"https:\\\/\\\/diariodelsurdigital.com.ar\\\/?p=4718#primaryimage\"},\"thumbnailUrl\":\"https:\\\/\\\/diariodelsurdigital.com.ar\\\/wp-content\\\/uploads\\\/2025\\\/09\\\/md-3-1.webp\",\"articleSection\":[\"Pol\u00edtica\",\"Provinciales\"],\"inLanguage\":\"es\",\"potentialAction\":[{\"@type\":\"CommentAction\",\"name\":\"Comment\",\"target\":[\"https:\\\/\\\/diariodelsurdigital.com.ar\\\/?p=4718#respond\"]}]},{\"@type\":\"WebPage\",\"@id\":\"https:\\\/\\\/diariodelsurdigital.com.ar\\\/?p=4718\",\"url\":\"https:\\\/\\\/diariodelsurdigital.com.ar\\\/?p=4718\",\"name\":\"La lista Ahora 503 acusa de censura a Bahl y Michel y defiende el uso de la palabra \u201cPatria\u201d en su campa\u00f1a - Diario del Sur\",\"isPartOf\":{\"@id\":\"https:\\\/\\\/diariodelsurdigital.com.ar\\\/#website\"},\"primaryImageOfPage\":{\"@id\":\"https:\\\/\\\/diariodelsurdigital.com.ar\\\/?p=4718#primaryimage\"},\"image\":{\"@id\":\"https:\\\/\\\/diariodelsurdigital.com.ar\\\/?p=4718#primaryimage\"},\"thumbnailUrl\":\"https:\\\/\\\/diariodelsurdigital.com.ar\\\/wp-content\\\/uploads\\\/2025\\\/09\\\/md-3-1.webp\",\"datePublished\":\"2025-09-18T13:05:18+00:00\",\"dateModified\":\"2025-09-18T13:05:19+00:00\",\"author\":{\"@id\":\"https:\\\/\\\/diariodelsurdigital.com.ar\\\/#\\\/schema\\\/person\\\/1a4992532ed62965c968031b49195c81\"},\"breadcrumb\":{\"@id\":\"https:\\\/\\\/diariodelsurdigital.com.ar\\\/?p=4718#breadcrumb\"},\"inLanguage\":\"es\",\"potentialAction\":[{\"@type\":\"ReadAction\",\"target\":[\"https:\\\/\\\/diariodelsurdigital.com.ar\\\/?p=4718\"]}]},{\"@type\":\"ImageObject\",\"inLanguage\":\"es\",\"@id\":\"https:\\\/\\\/diariodelsurdigital.com.ar\\\/?p=4718#primaryimage\",\"url\":\"https:\\\/\\\/diariodelsurdigital.com.ar\\\/wp-content\\\/uploads\\\/2025\\\/09\\\/md-3-1.webp\",\"contentUrl\":\"https:\\\/\\\/diariodelsurdigital.com.ar\\\/wp-content\\\/uploads\\\/2025\\\/09\\\/md-3-1.webp\",\"width\":992,\"height\":661},{\"@type\":\"BreadcrumbList\",\"@id\":\"https:\\\/\\\/diariodelsurdigital.com.ar\\\/?p=4718#breadcrumb\",\"itemListElement\":[{\"@type\":\"ListItem\",\"position\":1,\"name\":\"Portada\",\"item\":\"https:\\\/\\\/diariodelsurdigital.com.ar\\\/\"},{\"@type\":\"ListItem\",\"position\":2,\"name\":\"La lista Ahora 503 acusa de censura a Bahl y Michel y defiende el uso de la palabra \u201cPatria\u201d en su campa\u00f1a\"}]},{\"@type\":\"WebSite\",\"@id\":\"https:\\\/\\\/diariodelsurdigital.com.ar\\\/#website\",\"url\":\"https:\\\/\\\/diariodelsurdigital.com.ar\\\/\",\"name\":\"Diario del Sur\",\"description\":\"Digital\",\"potentialAction\":[{\"@type\":\"SearchAction\",\"target\":{\"@type\":\"EntryPoint\",\"urlTemplate\":\"https:\\\/\\\/diariodelsurdigital.com.ar\\\/?s={search_term_string}\"},\"query-input\":{\"@type\":\"PropertyValueSpecification\",\"valueRequired\":true,\"valueName\":\"search_term_string\"}}],\"inLanguage\":\"es\"},{\"@type\":\"Person\",\"@id\":\"https:\\\/\\\/diariodelsurdigital.com.ar\\\/#\\\/schema\\\/person\\\/1a4992532ed62965c968031b49195c81\",\"name\":\"Diario del Sur Digital\",\"image\":{\"@type\":\"ImageObject\",\"inLanguage\":\"es\",\"@id\":\"https:\\\/\\\/secure.gravatar.com\\\/avatar\\\/f0c7c47fc7146d19828273b9b8eda651c9c7ab583767e6338d3d3bee825adf76?s=96&d=mm&r=g\",\"url\":\"https:\\\/\\\/secure.gravatar.com\\\/avatar\\\/f0c7c47fc7146d19828273b9b8eda651c9c7ab583767e6338d3d3bee825adf76?s=96&d=mm&r=g\",\"contentUrl\":\"https:\\\/\\\/secure.gravatar.com\\\/avatar\\\/f0c7c47fc7146d19828273b9b8eda651c9c7ab583767e6338d3d3bee825adf76?s=96&d=mm&r=g\",\"caption\":\"Diario del Sur Digital\"},\"url\":\"https:\\\/\\\/diariodelsurdigital.com.ar\\\/?author=4\"}]}<\/script>\n<!-- \/ Yoast SEO plugin. -->","yoast_head_json":{"title":"La lista Ahora 503 acusa de censura a Bahl y Michel y defiende el uso de la palabra \u201cPatria\u201d en su campa\u00f1a - Diario del Sur","robots":{"index":"index","follow":"follow","max-snippet":"max-snippet:-1","max-image-preview":"max-image-preview:large","max-video-preview":"max-video-preview:-1"},"canonical":"https:\/\/diariodelsurdigital.com.ar\/?p=4718","og_locale":"es_ES","og_type":"article","og_title":"La lista Ahora 503 acusa de censura a Bahl y Michel y defiende el uso de la palabra \u201cPatria\u201d en su campa\u00f1a - Diario del Sur","og_description":"Desde la lista Ahora 503, que lleva como candidatas a Carolina Gaillard y Paola Rubattino, rechazaron en todos sus t\u00e9rminos ante la Junta Electoral la nueva denuncia de Fuerza Entre R\u00edos que busca impedir que el espacio use la denominaci\u00f3n Ahora la Patria en redes sociales. Tambi\u00e9n advirtieron sobre la gravedad institucional de la presentaci\u00f3n [&hellip;]","og_url":"https:\/\/diariodelsurdigital.com.ar\/?p=4718","og_site_name":"Diario del Sur","article_published_time":"2025-09-18T13:05:18+00:00","article_modified_time":"2025-09-18T13:05:19+00:00","og_image":[{"width":992,"height":661,"url":"https:\/\/diariodelsurdigital.com.ar\/wp-content\/uploads\/2025\/09\/md-3-1.webp","type":"image\/webp"}],"author":"Diario del Sur Digital","twitter_card":"summary_large_image","twitter_misc":{"Escrito por":"Diario del Sur Digital","Tiempo de lectura":"3 minutos"},"schema":{"@context":"https:\/\/schema.org","@graph":[{"@type":"Article","@id":"https:\/\/diariodelsurdigital.com.ar\/?p=4718#article","isPartOf":{"@id":"https:\/\/diariodelsurdigital.com.ar\/?p=4718"},"author":{"name":"Diario del Sur Digital","@id":"https:\/\/diariodelsurdigital.com.ar\/#\/schema\/person\/1a4992532ed62965c968031b49195c81"},"headline":"La lista Ahora 503 acusa de censura a Bahl y Michel y defiende el uso de la palabra \u201cPatria\u201d en su campa\u00f1a","datePublished":"2025-09-18T13:05:18+00:00","dateModified":"2025-09-18T13:05:19+00:00","mainEntityOfPage":{"@id":"https:\/\/diariodelsurdigital.com.ar\/?p=4718"},"wordCount":614,"commentCount":0,"image":{"@id":"https:\/\/diariodelsurdigital.com.ar\/?p=4718#primaryimage"},"thumbnailUrl":"https:\/\/diariodelsurdigital.com.ar\/wp-content\/uploads\/2025\/09\/md-3-1.webp","articleSection":["Pol\u00edtica","Provinciales"],"inLanguage":"es","potentialAction":[{"@type":"CommentAction","name":"Comment","target":["https:\/\/diariodelsurdigital.com.ar\/?p=4718#respond"]}]},{"@type":"WebPage","@id":"https:\/\/diariodelsurdigital.com.ar\/?p=4718","url":"https:\/\/diariodelsurdigital.com.ar\/?p=4718","name":"La lista Ahora 503 acusa de censura a Bahl y Michel y defiende el uso de la palabra \u201cPatria\u201d en su campa\u00f1a - Diario del Sur","isPartOf":{"@id":"https:\/\/diariodelsurdigital.com.ar\/#website"},"primaryImageOfPage":{"@id":"https:\/\/diariodelsurdigital.com.ar\/?p=4718#primaryimage"},"image":{"@id":"https:\/\/diariodelsurdigital.com.ar\/?p=4718#primaryimage"},"thumbnailUrl":"https:\/\/diariodelsurdigital.com.ar\/wp-content\/uploads\/2025\/09\/md-3-1.webp","datePublished":"2025-09-18T13:05:18+00:00","dateModified":"2025-09-18T13:05:19+00:00","author":{"@id":"https:\/\/diariodelsurdigital.com.ar\/#\/schema\/person\/1a4992532ed62965c968031b49195c81"},"breadcrumb":{"@id":"https:\/\/diariodelsurdigital.com.ar\/?p=4718#breadcrumb"},"inLanguage":"es","potentialAction":[{"@type":"ReadAction","target":["https:\/\/diariodelsurdigital.com.ar\/?p=4718"]}]},{"@type":"ImageObject","inLanguage":"es","@id":"https:\/\/diariodelsurdigital.com.ar\/?p=4718#primaryimage","url":"https:\/\/diariodelsurdigital.com.ar\/wp-content\/uploads\/2025\/09\/md-3-1.webp","contentUrl":"https:\/\/diariodelsurdigital.com.ar\/wp-content\/uploads\/2025\/09\/md-3-1.webp","width":992,"height":661},{"@type":"BreadcrumbList","@id":"https:\/\/diariodelsurdigital.com.ar\/?p=4718#breadcrumb","itemListElement":[{"@type":"ListItem","position":1,"name":"Portada","item":"https:\/\/diariodelsurdigital.com.ar\/"},{"@type":"ListItem","position":2,"name":"La lista Ahora 503 acusa de censura a Bahl y Michel y defiende el uso de la palabra \u201cPatria\u201d en su campa\u00f1a"}]},{"@type":"WebSite","@id":"https:\/\/diariodelsurdigital.com.ar\/#website","url":"https:\/\/diariodelsurdigital.com.ar\/","name":"Diario del Sur","description":"Digital","potentialAction":[{"@type":"SearchAction","target":{"@type":"EntryPoint","urlTemplate":"https:\/\/diariodelsurdigital.com.ar\/?s={search_term_string}"},"query-input":{"@type":"PropertyValueSpecification","valueRequired":true,"valueName":"search_term_string"}}],"inLanguage":"es"},{"@type":"Person","@id":"https:\/\/diariodelsurdigital.com.ar\/#\/schema\/person\/1a4992532ed62965c968031b49195c81","name":"Diario del Sur Digital","image":{"@type":"ImageObject","inLanguage":"es","@id":"https:\/\/secure.gravatar.com\/avatar\/f0c7c47fc7146d19828273b9b8eda651c9c7ab583767e6338d3d3bee825adf76?s=96&d=mm&r=g","url":"https:\/\/secure.gravatar.com\/avatar\/f0c7c47fc7146d19828273b9b8eda651c9c7ab583767e6338d3d3bee825adf76?s=96&d=mm&r=g","contentUrl":"https:\/\/secure.gravatar.com\/avatar\/f0c7c47fc7146d19828273b9b8eda651c9c7ab583767e6338d3d3bee825adf76?s=96&d=mm&r=g","caption":"Diario del Sur Digital"},"url":"https:\/\/diariodelsurdigital.com.ar\/?author=4"}]}},"_links":{"self":[{"href":"https:\/\/diariodelsurdigital.com.ar\/index.php?rest_route=\/wp\/v2\/posts\/4718","targetHints":{"allow":["GET"]}}],"collection":[{"href":"https:\/\/diariodelsurdigital.com.ar\/index.php?rest_route=\/wp\/v2\/posts"}],"about":[{"href":"https:\/\/diariodelsurdigital.com.ar\/index.php?rest_route=\/wp\/v2\/types\/post"}],"author":[{"embeddable":true,"href":"https:\/\/diariodelsurdigital.com.ar\/index.php?rest_route=\/wp\/v2\/users\/4"}],"replies":[{"embeddable":true,"href":"https:\/\/diariodelsurdigital.com.ar\/index.php?rest_route=%2Fwp%2Fv2%2Fcomments&post=4718"}],"version-history":[{"count":1,"href":"https:\/\/diariodelsurdigital.com.ar\/index.php?rest_route=\/wp\/v2\/posts\/4718\/revisions"}],"predecessor-version":[{"id":4720,"href":"https:\/\/diariodelsurdigital.com.ar\/index.php?rest_route=\/wp\/v2\/posts\/4718\/revisions\/4720"}],"wp:featuredmedia":[{"embeddable":true,"href":"https:\/\/diariodelsurdigital.com.ar\/index.php?rest_route=\/wp\/v2\/media\/4719"}],"wp:attachment":[{"href":"https:\/\/diariodelsurdigital.com.ar\/index.php?rest_route=%2Fwp%2Fv2%2Fmedia&parent=4718"}],"wp:term":[{"taxonomy":"category","embeddable":true,"href":"https:\/\/diariodelsurdigital.com.ar\/index.php?rest_route=%2Fwp%2Fv2%2Fcategories&post=4718"},{"taxonomy":"post_tag","embeddable":true,"href":"https:\/\/diariodelsurdigital.com.ar\/index.php?rest_route=%2Fwp%2Fv2%2Ftags&post=4718"}],"curies":[{"name":"wp","href":"https:\/\/api.w.org\/{rel}","templated":true}]}}