{"id":4728,"date":"2025-09-19T09:25:35","date_gmt":"2025-09-19T12:25:35","guid":{"rendered":"https:\/\/diariodelsurdigital.com.ar\/?p=4728"},"modified":"2025-09-19T09:25:36","modified_gmt":"2025-09-19T12:25:36","slug":"milei-compartio-posteos-falsos-sobre-los-fondos-que-el-gobierno-giro-a-las-universidades","status":"publish","type":"post","link":"https:\/\/diariodelsurdigital.com.ar\/?p=4728","title":{"rendered":"Milei comparti\u00f3 posteos falsos sobre los fondos que el Gobierno gir\u00f3 a las universidades"},"content":{"rendered":"\n<p>Luego del rechazo de la C\u00e1mara de Diputados de la Naci\u00f3n al veto a la ley de financiamiento universitario, circularon en X mensajes que aseguran que Javier Milei \u201ces el presidente que m\u00e1s plata en t\u00e9rminos reales le dio a las universidades p\u00fablicas y Sergio Massa fue el que m\u00e1s plata les quit\u00f3\u201d. El Presidente comparti\u00f3 esta desinformaci\u00f3n en dos oportunidades.<\/p>\n\n\n\n<p><\/p>\n\n\n\n<p>En rigor, en 2024 y en lo que va de 2025, durante la gesti\u00f3n de Javier Milei, se registr\u00f3 la inversi\u00f3n real m\u00e1s baja (es decir, considerando los efectos de la inflaci\u00f3n) en educaci\u00f3n superior desde el a\u00f1o 2007, de acuerdo con los datos oficiales analizados por Chequeado.<\/p>\n\n\n\n<p>Los a\u00f1os de mayor inversi\u00f3n en las \u00faltimas 2 d\u00e9cadas fueron 2015, en la gesti\u00f3n de Cristina Fern\u00e1ndez de Kirchner (Frente para la Victoria), y 2017 y 2018, durante el mandato de Mauricio Macri (Cambiemos), public\u00f3 La Naci\u00f3n.<\/p>\n\n\n\n<p>Qu\u00e9 dicen los posteos<br>El mensaje m\u00e1s antiguo hallado por Chequeado fue publicado en la cuenta de @TraductorTeama, uno de los usuarios de X que m\u00e1s repostea el presidente, seg\u00fan un an\u00e1lisis hecho entre el 22 de julio y 24 de agosto de 2024. Su tuit obtuvo m\u00e1s de 28 mil \u201cMe gusta\u201d y 6 mil compartidos, y fue republicado por Javier Milei.<\/p>\n\n\n\n<p>El mensaje fue acompa\u00f1ado por un gr\u00e1fico que muestra la supuesta evoluci\u00f3n de la inversi\u00f3n del Gobierno nacional en educaci\u00f3n superior y se afirma que en 2023 (durante la gesti\u00f3n de Alberto Fern\u00e1ndez como presidente y Sergio Massa como ministro de Econom\u00eda) los fondos cayeron 26%.<\/p>\n\n\n\n<p>En contraposici\u00f3n, el gr\u00e1fico sostiene que en 2024 los fondos destinados a las universidades aumentaron 10%, al igual que durante los primeros 7 meses de 2025.<\/p>\n\n\n\n<p>Posteriormente, otros usuarios de X -entre ellos, el director de Realizaci\u00f3n Audiovisual de la Presidencia de la Naci\u00f3n, Santiago Or\u00eda- republicaron la imagen, con m\u00e1s de 6000 \u201cMe gusta\u201d y m\u00e1s de 3000 republicaciones (ver ac\u00e1, ac\u00e1 y ac\u00e1).<\/p>\n\n\n\n<p>La menor inversi\u00f3n<br>De acuerdo con los datos de la Subsecretar\u00eda de Presupuesto de la Naci\u00f3n analizados por Chequeado, la gesti\u00f3n de La Libertad Avanza ejecut\u00f3 la menor inversi\u00f3n en t\u00e9rminos reales en educaci\u00f3n superior desde 2007.<\/p>\n\n\n\n<p>En 2024, las transferencias a las universidades totalizaron $ 3,3 billones, lo que signific\u00f3 una ca\u00edda real del 24,97% con respecto a 2023 (\u00faltimo a\u00f1o de la gesti\u00f3n del Frente de Todos) y no un 10% m\u00e1s, como afirman los posteos desinformantes. Este dato coincide con el an\u00e1lisis realizado por la Oficina de Presupuesto del Congreso (OPC).<\/p>\n\n\n\n<p>El registro de 2024 es el m\u00e1s bajo desde 2007, cuando se invirti\u00f3 el equivalente real a $ 3,2 billones, en un contexto en el que las transferencias a las universidades se encontraban en aumento con respecto al piso registrado en 2002 ($ 1,6 billones a valores actuales).<\/p>\n\n\n\n<p>Un trabajo reciente de la Asociaci\u00f3n Civil por la Igualdad y la Justicia (ACIJ) se\u00f1al\u00f3 que \u201clos recursos asignados en 2025 para el programa de Desarrollo de la Educaci\u00f3n Superior se ubican en su nivel m\u00e1s bajo en casi dos d\u00e9cadas\u201d.<\/p>\n\n\n\n<p>El informe de ACIJ agreg\u00f3: \u201cEste recorte compromete el funcionamiento de las universidades y limita su capacidad para garantizar el acceso a una educaci\u00f3n superior gratuita y de calidad. Adem\u00e1s, la inversi\u00f3n por estudiante es la m\u00e1s baja desde 2005\u201d.<\/p>\n\n\n\n<p>En los primeros 8 meses de 2025, en tanto, las partidas para educaci\u00f3n superior cayeron 5,76% real con respecto a igual per\u00edodo de 2024 y un 30,46% en relaci\u00f3n a los primeros 8 meses de 2023. Es decir que tampoco aumentaron un 10% como se afirma en los posteos que comparti\u00f3 el presidente en X.<\/p>\n\n\n\n<p>Con respecto a la gesti\u00f3n del Frente de Todos, las transferencias a las universidades registraron aumentos interanuales en todos los a\u00f1os a excepci\u00f3n de 2020 (-2,17%), a\u00f1o en el que la actividad educativa se encontr\u00f3 parcialmente paralizada por la pandemia del coronavirus.<\/p>\n\n\n\n<p>Dentro del per\u00edodo analizado (2002-2025), los a\u00f1os de mayor inversi\u00f3n en educaci\u00f3n superior fueron 2015, 2017 y 2018, cuando se destin\u00f3 el equivalente a casi $ 5 billones actuales.<\/p>\n\n\n\n<p>C\u00f3mo debe analizarse la ejecuci\u00f3n presupuestaria<br>Para llegar a esta conclusi\u00f3n se consider\u00f3 el gasto anual devengado (es decir, todos los compromisos de pago realizados) en el \u00edtem \u201cDesarrollo de la Educaci\u00f3n Superior\u201d (que contiene todos los fondos destinados a las universidades nacionales) y se lo compar\u00f3 con el promedio anual del \u00edndice de precios al consumidor (IPC) que publica el INDEC.<\/p>\n\n\n\n<p>El an\u00e1lisis debe realizarse con el promedio anual del IPC (que contiene la media de la inflaci\u00f3n de los 12 meses) y no \u201cpunta a punta\u201d (es decir, el dato de diciembre de un a\u00f1o contra el mismo mes del a\u00f1o previo) porque esta medida capta mejor la ejecuci\u00f3n del presupuesto, que se realiza mes a mes y no todo junto a finales de a\u00f1o.<\/p>\n\n\n\n<p>Guido Rangugni, vicepresidente de la Asociaci\u00f3n Argentina de Presupuesto y Administraci\u00f3n Financiera P\u00fablica (ASAP), se\u00f1al\u00f3 a este medio que \u201ccuando comparamos gastos de un determinado periodo lo que estamos analizando son gastos que se realizaron en cada uno de los meses. Entonces, cuando uno quiere comparar el gasto lo que tiene que comparar es el promedio del \u00edndice de precios\u201d.<\/p>\n","protected":false},"excerpt":{"rendered":"<p>Luego del rechazo de la C\u00e1mara de Diputados de la Naci\u00f3n al veto a la ley de financiamiento universitario, circularon en X mensajes que aseguran que Javier Milei \u201ces el presidente que m\u00e1s plata en t\u00e9rminos reales le dio a las universidades p\u00fablicas y Sergio Massa fue el que m\u00e1s plata les quit\u00f3\u201d. El Presidente [&hellip;]<\/p>\n","protected":false},"author":4,"featured_media":4729,"comment_status":"open","ping_status":"open","sticky":false,"template":"","format":"standard","meta":{"footnotes":""},"categories":[22],"tags":[],"class_list":{"0":"post-4728","1":"post","2":"type-post","3":"status-publish","4":"format-standard","5":"has-post-thumbnail","7":"category-politica"},"yoast_head":"<!-- This site is optimized with the Yoast SEO plugin v27.4 - https:\/\/yoast.com\/product\/yoast-seo-wordpress\/ -->\n<title>Milei comparti\u00f3 posteos falsos sobre los fondos que el Gobierno gir\u00f3 a las universidades - Diario del Sur<\/title>\n<meta name=\"robots\" content=\"index, follow, max-snippet:-1, max-image-preview:large, max-video-preview:-1\" \/>\n<link rel=\"canonical\" href=\"https:\/\/diariodelsurdigital.com.ar\/?p=4728\" \/>\n<meta property=\"og:locale\" content=\"es_ES\" \/>\n<meta property=\"og:type\" content=\"article\" \/>\n<meta property=\"og:title\" content=\"Milei comparti\u00f3 posteos falsos sobre los fondos que el Gobierno gir\u00f3 a las universidades - Diario del Sur\" \/>\n<meta property=\"og:description\" content=\"Luego del rechazo de la C\u00e1mara de Diputados de la Naci\u00f3n al veto a la ley de financiamiento universitario, circularon en X mensajes que aseguran que Javier Milei \u201ces el presidente que m\u00e1s plata en t\u00e9rminos reales le dio a las universidades p\u00fablicas y Sergio Massa fue el que m\u00e1s plata les quit\u00f3\u201d. El Presidente [&hellip;]\" \/>\n<meta property=\"og:url\" content=\"https:\/\/diariodelsurdigital.com.ar\/?p=4728\" \/>\n<meta property=\"og:site_name\" content=\"Diario del Sur\" \/>\n<meta property=\"article:published_time\" content=\"2025-09-19T12:25:35+00:00\" \/>\n<meta property=\"article:modified_time\" content=\"2025-09-19T12:25:36+00:00\" \/>\n<meta property=\"og:image\" content=\"https:\/\/diariodelsurdigital.com.ar\/wp-content\/uploads\/2025\/09\/md-4-1.webp\" \/>\n\t<meta property=\"og:image:width\" content=\"992\" \/>\n\t<meta property=\"og:image:height\" content=\"663\" \/>\n\t<meta property=\"og:image:type\" content=\"image\/webp\" \/>\n<meta name=\"author\" content=\"Diario del Sur Digital\" \/>\n<meta name=\"twitter:card\" content=\"summary_large_image\" \/>\n<meta name=\"twitter:label1\" content=\"Escrito por\" \/>\n\t<meta name=\"twitter:data1\" content=\"Diario del Sur Digital\" \/>\n\t<meta name=\"twitter:label2\" content=\"Tiempo de lectura\" \/>\n\t<meta name=\"twitter:data2\" content=\"5 minutos\" \/>\n<script type=\"application\/ld+json\" class=\"yoast-schema-graph\">{\"@context\":\"https:\\\/\\\/schema.org\",\"@graph\":[{\"@type\":\"Article\",\"@id\":\"https:\\\/\\\/diariodelsurdigital.com.ar\\\/?p=4728#article\",\"isPartOf\":{\"@id\":\"https:\\\/\\\/diariodelsurdigital.com.ar\\\/?p=4728\"},\"author\":{\"name\":\"Diario del Sur Digital\",\"@id\":\"https:\\\/\\\/diariodelsurdigital.com.ar\\\/#\\\/schema\\\/person\\\/1a4992532ed62965c968031b49195c81\"},\"headline\":\"Milei comparti\u00f3 posteos falsos sobre los fondos que el Gobierno gir\u00f3 a las universidades\",\"datePublished\":\"2025-09-19T12:25:35+00:00\",\"dateModified\":\"2025-09-19T12:25:36+00:00\",\"mainEntityOfPage\":{\"@id\":\"https:\\\/\\\/diariodelsurdigital.com.ar\\\/?p=4728\"},\"wordCount\":903,\"commentCount\":0,\"image\":{\"@id\":\"https:\\\/\\\/diariodelsurdigital.com.ar\\\/?p=4728#primaryimage\"},\"thumbnailUrl\":\"https:\\\/\\\/diariodelsurdigital.com.ar\\\/wp-content\\\/uploads\\\/2025\\\/09\\\/md-4-1.webp\",\"articleSection\":[\"Pol\u00edtica\"],\"inLanguage\":\"es\",\"potentialAction\":[{\"@type\":\"CommentAction\",\"name\":\"Comment\",\"target\":[\"https:\\\/\\\/diariodelsurdigital.com.ar\\\/?p=4728#respond\"]}]},{\"@type\":\"WebPage\",\"@id\":\"https:\\\/\\\/diariodelsurdigital.com.ar\\\/?p=4728\",\"url\":\"https:\\\/\\\/diariodelsurdigital.com.ar\\\/?p=4728\",\"name\":\"Milei comparti\u00f3 posteos falsos sobre los fondos que el Gobierno gir\u00f3 a las universidades - Diario del Sur\",\"isPartOf\":{\"@id\":\"https:\\\/\\\/diariodelsurdigital.com.ar\\\/#website\"},\"primaryImageOfPage\":{\"@id\":\"https:\\\/\\\/diariodelsurdigital.com.ar\\\/?p=4728#primaryimage\"},\"image\":{\"@id\":\"https:\\\/\\\/diariodelsurdigital.com.ar\\\/?p=4728#primaryimage\"},\"thumbnailUrl\":\"https:\\\/\\\/diariodelsurdigital.com.ar\\\/wp-content\\\/uploads\\\/2025\\\/09\\\/md-4-1.webp\",\"datePublished\":\"2025-09-19T12:25:35+00:00\",\"dateModified\":\"2025-09-19T12:25:36+00:00\",\"author\":{\"@id\":\"https:\\\/\\\/diariodelsurdigital.com.ar\\\/#\\\/schema\\\/person\\\/1a4992532ed62965c968031b49195c81\"},\"breadcrumb\":{\"@id\":\"https:\\\/\\\/diariodelsurdigital.com.ar\\\/?p=4728#breadcrumb\"},\"inLanguage\":\"es\",\"potentialAction\":[{\"@type\":\"ReadAction\",\"target\":[\"https:\\\/\\\/diariodelsurdigital.com.ar\\\/?p=4728\"]}]},{\"@type\":\"ImageObject\",\"inLanguage\":\"es\",\"@id\":\"https:\\\/\\\/diariodelsurdigital.com.ar\\\/?p=4728#primaryimage\",\"url\":\"https:\\\/\\\/diariodelsurdigital.com.ar\\\/wp-content\\\/uploads\\\/2025\\\/09\\\/md-4-1.webp\",\"contentUrl\":\"https:\\\/\\\/diariodelsurdigital.com.ar\\\/wp-content\\\/uploads\\\/2025\\\/09\\\/md-4-1.webp\",\"width\":992,\"height\":663},{\"@type\":\"BreadcrumbList\",\"@id\":\"https:\\\/\\\/diariodelsurdigital.com.ar\\\/?p=4728#breadcrumb\",\"itemListElement\":[{\"@type\":\"ListItem\",\"position\":1,\"name\":\"Portada\",\"item\":\"https:\\\/\\\/diariodelsurdigital.com.ar\\\/\"},{\"@type\":\"ListItem\",\"position\":2,\"name\":\"Milei comparti\u00f3 posteos falsos sobre los fondos que el Gobierno gir\u00f3 a las universidades\"}]},{\"@type\":\"WebSite\",\"@id\":\"https:\\\/\\\/diariodelsurdigital.com.ar\\\/#website\",\"url\":\"https:\\\/\\\/diariodelsurdigital.com.ar\\\/\",\"name\":\"Diario del Sur\",\"description\":\"Digital\",\"potentialAction\":[{\"@type\":\"SearchAction\",\"target\":{\"@type\":\"EntryPoint\",\"urlTemplate\":\"https:\\\/\\\/diariodelsurdigital.com.ar\\\/?s={search_term_string}\"},\"query-input\":{\"@type\":\"PropertyValueSpecification\",\"valueRequired\":true,\"valueName\":\"search_term_string\"}}],\"inLanguage\":\"es\"},{\"@type\":\"Person\",\"@id\":\"https:\\\/\\\/diariodelsurdigital.com.ar\\\/#\\\/schema\\\/person\\\/1a4992532ed62965c968031b49195c81\",\"name\":\"Diario del Sur Digital\",\"image\":{\"@type\":\"ImageObject\",\"inLanguage\":\"es\",\"@id\":\"https:\\\/\\\/secure.gravatar.com\\\/avatar\\\/f0c7c47fc7146d19828273b9b8eda651c9c7ab583767e6338d3d3bee825adf76?s=96&d=mm&r=g\",\"url\":\"https:\\\/\\\/secure.gravatar.com\\\/avatar\\\/f0c7c47fc7146d19828273b9b8eda651c9c7ab583767e6338d3d3bee825adf76?s=96&d=mm&r=g\",\"contentUrl\":\"https:\\\/\\\/secure.gravatar.com\\\/avatar\\\/f0c7c47fc7146d19828273b9b8eda651c9c7ab583767e6338d3d3bee825adf76?s=96&d=mm&r=g\",\"caption\":\"Diario del Sur Digital\"},\"url\":\"https:\\\/\\\/diariodelsurdigital.com.ar\\\/?author=4\"}]}<\/script>\n<!-- \/ Yoast SEO plugin. -->","yoast_head_json":{"title":"Milei comparti\u00f3 posteos falsos sobre los fondos que el Gobierno gir\u00f3 a las universidades - Diario del Sur","robots":{"index":"index","follow":"follow","max-snippet":"max-snippet:-1","max-image-preview":"max-image-preview:large","max-video-preview":"max-video-preview:-1"},"canonical":"https:\/\/diariodelsurdigital.com.ar\/?p=4728","og_locale":"es_ES","og_type":"article","og_title":"Milei comparti\u00f3 posteos falsos sobre los fondos que el Gobierno gir\u00f3 a las universidades - Diario del Sur","og_description":"Luego del rechazo de la C\u00e1mara de Diputados de la Naci\u00f3n al veto a la ley de financiamiento universitario, circularon en X mensajes que aseguran que Javier Milei \u201ces el presidente que m\u00e1s plata en t\u00e9rminos reales le dio a las universidades p\u00fablicas y Sergio Massa fue el que m\u00e1s plata les quit\u00f3\u201d. El Presidente [&hellip;]","og_url":"https:\/\/diariodelsurdigital.com.ar\/?p=4728","og_site_name":"Diario del Sur","article_published_time":"2025-09-19T12:25:35+00:00","article_modified_time":"2025-09-19T12:25:36+00:00","og_image":[{"width":992,"height":663,"url":"https:\/\/diariodelsurdigital.com.ar\/wp-content\/uploads\/2025\/09\/md-4-1.webp","type":"image\/webp"}],"author":"Diario del Sur Digital","twitter_card":"summary_large_image","twitter_misc":{"Escrito por":"Diario del Sur Digital","Tiempo de lectura":"5 minutos"},"schema":{"@context":"https:\/\/schema.org","@graph":[{"@type":"Article","@id":"https:\/\/diariodelsurdigital.com.ar\/?p=4728#article","isPartOf":{"@id":"https:\/\/diariodelsurdigital.com.ar\/?p=4728"},"author":{"name":"Diario del Sur Digital","@id":"https:\/\/diariodelsurdigital.com.ar\/#\/schema\/person\/1a4992532ed62965c968031b49195c81"},"headline":"Milei comparti\u00f3 posteos falsos sobre los fondos que el Gobierno gir\u00f3 a las universidades","datePublished":"2025-09-19T12:25:35+00:00","dateModified":"2025-09-19T12:25:36+00:00","mainEntityOfPage":{"@id":"https:\/\/diariodelsurdigital.com.ar\/?p=4728"},"wordCount":903,"commentCount":0,"image":{"@id":"https:\/\/diariodelsurdigital.com.ar\/?p=4728#primaryimage"},"thumbnailUrl":"https:\/\/diariodelsurdigital.com.ar\/wp-content\/uploads\/2025\/09\/md-4-1.webp","articleSection":["Pol\u00edtica"],"inLanguage":"es","potentialAction":[{"@type":"CommentAction","name":"Comment","target":["https:\/\/diariodelsurdigital.com.ar\/?p=4728#respond"]}]},{"@type":"WebPage","@id":"https:\/\/diariodelsurdigital.com.ar\/?p=4728","url":"https:\/\/diariodelsurdigital.com.ar\/?p=4728","name":"Milei comparti\u00f3 posteos falsos sobre los fondos que el Gobierno gir\u00f3 a las universidades - Diario del Sur","isPartOf":{"@id":"https:\/\/diariodelsurdigital.com.ar\/#website"},"primaryImageOfPage":{"@id":"https:\/\/diariodelsurdigital.com.ar\/?p=4728#primaryimage"},"image":{"@id":"https:\/\/diariodelsurdigital.com.ar\/?p=4728#primaryimage"},"thumbnailUrl":"https:\/\/diariodelsurdigital.com.ar\/wp-content\/uploads\/2025\/09\/md-4-1.webp","datePublished":"2025-09-19T12:25:35+00:00","dateModified":"2025-09-19T12:25:36+00:00","author":{"@id":"https:\/\/diariodelsurdigital.com.ar\/#\/schema\/person\/1a4992532ed62965c968031b49195c81"},"breadcrumb":{"@id":"https:\/\/diariodelsurdigital.com.ar\/?p=4728#breadcrumb"},"inLanguage":"es","potentialAction":[{"@type":"ReadAction","target":["https:\/\/diariodelsurdigital.com.ar\/?p=4728"]}]},{"@type":"ImageObject","inLanguage":"es","@id":"https:\/\/diariodelsurdigital.com.ar\/?p=4728#primaryimage","url":"https:\/\/diariodelsurdigital.com.ar\/wp-content\/uploads\/2025\/09\/md-4-1.webp","contentUrl":"https:\/\/diariodelsurdigital.com.ar\/wp-content\/uploads\/2025\/09\/md-4-1.webp","width":992,"height":663},{"@type":"BreadcrumbList","@id":"https:\/\/diariodelsurdigital.com.ar\/?p=4728#breadcrumb","itemListElement":[{"@type":"ListItem","position":1,"name":"Portada","item":"https:\/\/diariodelsurdigital.com.ar\/"},{"@type":"ListItem","position":2,"name":"Milei comparti\u00f3 posteos falsos sobre los fondos que el Gobierno gir\u00f3 a las universidades"}]},{"@type":"WebSite","@id":"https:\/\/diariodelsurdigital.com.ar\/#website","url":"https:\/\/diariodelsurdigital.com.ar\/","name":"Diario del Sur","description":"Digital","potentialAction":[{"@type":"SearchAction","target":{"@type":"EntryPoint","urlTemplate":"https:\/\/diariodelsurdigital.com.ar\/?s={search_term_string}"},"query-input":{"@type":"PropertyValueSpecification","valueRequired":true,"valueName":"search_term_string"}}],"inLanguage":"es"},{"@type":"Person","@id":"https:\/\/diariodelsurdigital.com.ar\/#\/schema\/person\/1a4992532ed62965c968031b49195c81","name":"Diario del Sur Digital","image":{"@type":"ImageObject","inLanguage":"es","@id":"https:\/\/secure.gravatar.com\/avatar\/f0c7c47fc7146d19828273b9b8eda651c9c7ab583767e6338d3d3bee825adf76?s=96&d=mm&r=g","url":"https:\/\/secure.gravatar.com\/avatar\/f0c7c47fc7146d19828273b9b8eda651c9c7ab583767e6338d3d3bee825adf76?s=96&d=mm&r=g","contentUrl":"https:\/\/secure.gravatar.com\/avatar\/f0c7c47fc7146d19828273b9b8eda651c9c7ab583767e6338d3d3bee825adf76?s=96&d=mm&r=g","caption":"Diario del Sur Digital"},"url":"https:\/\/diariodelsurdigital.com.ar\/?author=4"}]}},"_links":{"self":[{"href":"https:\/\/diariodelsurdigital.com.ar\/index.php?rest_route=\/wp\/v2\/posts\/4728","targetHints":{"allow":["GET"]}}],"collection":[{"href":"https:\/\/diariodelsurdigital.com.ar\/index.php?rest_route=\/wp\/v2\/posts"}],"about":[{"href":"https:\/\/diariodelsurdigital.com.ar\/index.php?rest_route=\/wp\/v2\/types\/post"}],"author":[{"embeddable":true,"href":"https:\/\/diariodelsurdigital.com.ar\/index.php?rest_route=\/wp\/v2\/users\/4"}],"replies":[{"embeddable":true,"href":"https:\/\/diariodelsurdigital.com.ar\/index.php?rest_route=%2Fwp%2Fv2%2Fcomments&post=4728"}],"version-history":[{"count":1,"href":"https:\/\/diariodelsurdigital.com.ar\/index.php?rest_route=\/wp\/v2\/posts\/4728\/revisions"}],"predecessor-version":[{"id":4730,"href":"https:\/\/diariodelsurdigital.com.ar\/index.php?rest_route=\/wp\/v2\/posts\/4728\/revisions\/4730"}],"wp:featuredmedia":[{"embeddable":true,"href":"https:\/\/diariodelsurdigital.com.ar\/index.php?rest_route=\/wp\/v2\/media\/4729"}],"wp:attachment":[{"href":"https:\/\/diariodelsurdigital.com.ar\/index.php?rest_route=%2Fwp%2Fv2%2Fmedia&parent=4728"}],"wp:term":[{"taxonomy":"category","embeddable":true,"href":"https:\/\/diariodelsurdigital.com.ar\/index.php?rest_route=%2Fwp%2Fv2%2Fcategories&post=4728"},{"taxonomy":"post_tag","embeddable":true,"href":"https:\/\/diariodelsurdigital.com.ar\/index.php?rest_route=%2Fwp%2Fv2%2Ftags&post=4728"}],"curies":[{"name":"wp","href":"https:\/\/api.w.org\/{rel}","templated":true}]}}