{"id":4731,"date":"2025-09-19T09:28:23","date_gmt":"2025-09-19T12:28:23","guid":{"rendered":"https:\/\/diariodelsurdigital.com.ar\/?p=4731"},"modified":"2025-09-19T09:28:25","modified_gmt":"2025-09-19T12:28:25","slug":"espana-investigara-graves-violaciones-de-derechos-humanos-en-gaza","status":"publish","type":"post","link":"https:\/\/diariodelsurdigital.com.ar\/?p=4731","title":{"rendered":"Espa\u00f1a investigar\u00e1 \u00abgraves violaciones\u00bb de derechos humanos en Gaza"},"content":{"rendered":"\n<p>Espa\u00f1a anunci\u00f3 este jueves que investigar\u00e1 las \u00abgraves violaciones\u00bb de derechos humanos cometidas en la Franja de Gaza para cooperar con la Corte Penal Internacional, un nuevo lanzazo a la campa\u00f1a israel\u00ed en el enclave palestino.<\/p>\n\n\n\n<p><\/p>\n\n\n\n<p>\u00abEl fiscal general del Estado ha dictado un decreto por el que acuerda la creaci\u00f3n de un equipo de trabajo que investigar\u00e1 las violaciones del Derecho Internacional de los Derechos Humanos en Gaza\u00bb, se\u00f1al\u00f3 la oficina de \u00c1lvaro Garc\u00eda Ortiz, nombrado por el Gobierno del socialista Pedro S\u00e1nchez.<\/p>\n\n\n\n<p>El equipo de trabajo buscar\u00e1 \u00abrecabar y preservar fuentes de prueba para ponerlas a disposici\u00f3n del \u00f3rgano competente, dando cumplimiento con ello a las obligaciones asumidas por Espa\u00f1a en materia de cooperaci\u00f3n internacional y derechos humanos\u00bb, precis\u00f3 la fiscal\u00eda en un comunicado.<\/p>\n\n\n\n<p>\u00abA la vista de la situaci\u00f3n actual en los territorios de Palestina, cualquier prueba, directa o indirecta, que sea posible recabar en nuestro pa\u00eds ha de ser incorporada a un marco procesal que permita su utilizaci\u00f3n posterior\u00bb, detall\u00f3 el decreto, al que tuvo acceso la AFP.<\/p>\n\n\n\n<p>La iniciativa \u00abcoincide con la recomendaci\u00f3n recogida en el informe de la Comisi\u00f3n Internacional Independiente de Investigaci\u00f3n de Naciones Unidas sobre el territorio Palestino Ocupado que insta a los Estados parte a cooperar con la investigaci\u00f3n de la Fiscal\u00eda de la Corte Penal Internacional\u00bb, agreg\u00f3.<\/p>\n\n\n\n<p>Informe con \u00abtestigos protegidos\u00bb<br>La fiscal\u00eda general menciona un informe de la Polic\u00eda Nacional espa\u00f1ola sobre \u00ablas acciones del ej\u00e9rcito israel\u00ed contra la poblaci\u00f3n civil en la Franja de Gaza que podr\u00edan ser contrarias al Derecho Internacional\u00bb.<\/p>\n\n\n\n<p>Este informe, que Espa\u00f1a planea entregar a las autoridades competentes, contiene testimonios \u00abde testigos protegidos\u00bb, as\u00ed como \u00abimportantes elementos probatorios sobre las acciones y circunstancias en el terreno\u00bb.<\/p>\n\n\n\n<p>Seg\u00fan el fiscal general, todo esto podr\u00eda servir como prueba \u00abde cargo de los delitos cometidos\u00bb.<\/p>\n\n\n\n<p>El fiscal de la CPI emiti\u00f3 \u00f3rdenes de arresto contra el primer ministro israel\u00ed, Benjamin Netanyahu, y su exministro de Defensa Yoav Gallant, sospechosos de cr\u00edmenes de lesa humanidad y cr\u00edmenes de guerra.<\/p>\n\n\n\n<p>Por otro lado, Espa\u00f1a es uno de los pa\u00edses que se han sumado al procedimiento iniciado por Sud\u00e1frica ante la Corte Internacional de Justicia (CIJ) \u2014una jurisdicci\u00f3n distinta de la CPI\u2014 en el que se acusa a Israel de cometer \u00abgenocidio\u00bb en la Franja de Gaza.<\/p>\n\n\n\n<p>La CIJ, con sede en La Haya y m\u00e1xima instancia judicial de Naciones Unidas, hab\u00eda instado a Israel en enero de 2024 a prevenir cualquier acto de genocidio.<\/p>\n\n\n\n<p>Pero el tribunal a\u00fan no ha comenzado a deliberar sobre la cuesti\u00f3n de fondo de si Israel est\u00e1 cometiendo genocidio en Gaza, un proceso que podr\u00eda llevar meses o incluso a\u00f1os.<\/p>\n\n\n\n<p>\u00abCrisis humanitaria insoportable\u00bb<br>El Gobierno espa\u00f1ol, que reconoci\u00f3 al Estado de Palestina en mayo de 2024 junto con Irlanda y Noruega, se ha convertido en una de las voces europeas m\u00e1s cr\u00edticas con Netanyahu, lo que ha tensado las relaciones bilaterales.<\/p>\n\n\n\n<p>La etapa final de la Vuelta ciclista de Espa\u00f1a el domingo tuvo que ser cancelada ante manifestaciones propalestinas que reunieron a decenas de miles de personas en Madrid.<\/p>\n\n\n\n<p>Pedro S\u00e1nchez expres\u00f3 su \u00abprofunda admiraci\u00f3n\u00bb por los manifestantes y sugiri\u00f3 excluir a Israel de las competiciones internacionales \u00abhasta que no cese la barbarie\u00bb en Gaza.<\/p>\n\n\n\n<p>El martes, el rey Felipe VI, el jefe del Estado espa\u00f1ol, denunci\u00f3 desde Egipto la \u00abcrisis humanitaria insoportable\u00bb en Gaza.<\/p>\n\n\n\n<p>Israel no tiene embajador en Espa\u00f1a desde que Madrid reconoci\u00f3 a Palestina como Estado en mayo de 2024.<\/p>\n\n\n\n<p>Madrid tambi\u00e9n llam\u00f3 a consultas a su embajadora en Israel la semana pasada, tras el duro intercambio de cr\u00edticas entre ambos pa\u00edses, despu\u00e9s del anuncio del Gobierno espa\u00f1ol de la aplicaci\u00f3n de nuevas medidas para \u00abponer fin al genocidio en Gaza\u00bb, public\u00f3 La Naci\u00f3n.<\/p>\n","protected":false},"excerpt":{"rendered":"<p>Espa\u00f1a anunci\u00f3 este jueves que investigar\u00e1 las \u00abgraves violaciones\u00bb de derechos humanos cometidas en la Franja de Gaza para cooperar con la Corte Penal Internacional, un nuevo lanzazo a la campa\u00f1a israel\u00ed en el enclave palestino. \u00abEl fiscal general del Estado ha dictado un decreto por el que acuerda la creaci\u00f3n de un equipo de [&hellip;]<\/p>\n","protected":false},"author":4,"featured_media":4732,"comment_status":"open","ping_status":"open","sticky":false,"template":"","format":"standard","meta":{"footnotes":""},"categories":[20],"tags":[],"class_list":{"0":"post-4731","1":"post","2":"type-post","3":"status-publish","4":"format-standard","5":"has-post-thumbnail","7":"category-internacionales"},"yoast_head":"<!-- This site is optimized with the Yoast SEO plugin v27.4 - https:\/\/yoast.com\/product\/yoast-seo-wordpress\/ -->\n<title>Espa\u00f1a investigar\u00e1 &quot;graves violaciones&quot; de derechos humanos en Gaza - Diario del Sur<\/title>\n<meta name=\"robots\" content=\"index, follow, max-snippet:-1, max-image-preview:large, max-video-preview:-1\" \/>\n<link rel=\"canonical\" href=\"https:\/\/diariodelsurdigital.com.ar\/?p=4731\" \/>\n<meta property=\"og:locale\" content=\"es_ES\" \/>\n<meta property=\"og:type\" content=\"article\" \/>\n<meta property=\"og:title\" content=\"Espa\u00f1a investigar\u00e1 &quot;graves violaciones&quot; de derechos humanos en Gaza - Diario del Sur\" \/>\n<meta property=\"og:description\" content=\"Espa\u00f1a anunci\u00f3 este jueves que investigar\u00e1 las \u00abgraves violaciones\u00bb de derechos humanos cometidas en la Franja de Gaza para cooperar con la Corte Penal Internacional, un nuevo lanzazo a la campa\u00f1a israel\u00ed en el enclave palestino. \u00abEl fiscal general del Estado ha dictado un decreto por el que acuerda la creaci\u00f3n de un equipo de [&hellip;]\" \/>\n<meta property=\"og:url\" content=\"https:\/\/diariodelsurdigital.com.ar\/?p=4731\" \/>\n<meta property=\"og:site_name\" content=\"Diario del Sur\" \/>\n<meta property=\"article:published_time\" content=\"2025-09-19T12:28:23+00:00\" \/>\n<meta property=\"article:modified_time\" content=\"2025-09-19T12:28:25+00:00\" \/>\n<meta property=\"og:image\" content=\"https:\/\/diariodelsurdigital.com.ar\/wp-content\/uploads\/2025\/09\/md-5-1.webp\" \/>\n\t<meta property=\"og:image:width\" content=\"992\" \/>\n\t<meta property=\"og:image:height\" content=\"661\" \/>\n\t<meta property=\"og:image:type\" content=\"image\/webp\" \/>\n<meta name=\"author\" content=\"Diario del Sur Digital\" \/>\n<meta name=\"twitter:card\" content=\"summary_large_image\" \/>\n<meta name=\"twitter:label1\" content=\"Escrito por\" \/>\n\t<meta name=\"twitter:data1\" content=\"Diario del Sur Digital\" \/>\n\t<meta name=\"twitter:label2\" content=\"Tiempo de lectura\" \/>\n\t<meta name=\"twitter:data2\" content=\"4 minutos\" \/>\n<script type=\"application\/ld+json\" class=\"yoast-schema-graph\">{\"@context\":\"https:\\\/\\\/schema.org\",\"@graph\":[{\"@type\":\"Article\",\"@id\":\"https:\\\/\\\/diariodelsurdigital.com.ar\\\/?p=4731#article\",\"isPartOf\":{\"@id\":\"https:\\\/\\\/diariodelsurdigital.com.ar\\\/?p=4731\"},\"author\":{\"name\":\"Diario del Sur Digital\",\"@id\":\"https:\\\/\\\/diariodelsurdigital.com.ar\\\/#\\\/schema\\\/person\\\/1a4992532ed62965c968031b49195c81\"},\"headline\":\"Espa\u00f1a investigar\u00e1 \u00abgraves violaciones\u00bb de derechos humanos en Gaza\",\"datePublished\":\"2025-09-19T12:28:23+00:00\",\"dateModified\":\"2025-09-19T12:28:25+00:00\",\"mainEntityOfPage\":{\"@id\":\"https:\\\/\\\/diariodelsurdigital.com.ar\\\/?p=4731\"},\"wordCount\":674,\"commentCount\":0,\"image\":{\"@id\":\"https:\\\/\\\/diariodelsurdigital.com.ar\\\/?p=4731#primaryimage\"},\"thumbnailUrl\":\"https:\\\/\\\/diariodelsurdigital.com.ar\\\/wp-content\\\/uploads\\\/2025\\\/09\\\/md-5-1.webp\",\"articleSection\":[\"Internacionales\"],\"inLanguage\":\"es\",\"potentialAction\":[{\"@type\":\"CommentAction\",\"name\":\"Comment\",\"target\":[\"https:\\\/\\\/diariodelsurdigital.com.ar\\\/?p=4731#respond\"]}]},{\"@type\":\"WebPage\",\"@id\":\"https:\\\/\\\/diariodelsurdigital.com.ar\\\/?p=4731\",\"url\":\"https:\\\/\\\/diariodelsurdigital.com.ar\\\/?p=4731\",\"name\":\"Espa\u00f1a investigar\u00e1 \\\"graves violaciones\\\" de derechos humanos en Gaza - Diario del Sur\",\"isPartOf\":{\"@id\":\"https:\\\/\\\/diariodelsurdigital.com.ar\\\/#website\"},\"primaryImageOfPage\":{\"@id\":\"https:\\\/\\\/diariodelsurdigital.com.ar\\\/?p=4731#primaryimage\"},\"image\":{\"@id\":\"https:\\\/\\\/diariodelsurdigital.com.ar\\\/?p=4731#primaryimage\"},\"thumbnailUrl\":\"https:\\\/\\\/diariodelsurdigital.com.ar\\\/wp-content\\\/uploads\\\/2025\\\/09\\\/md-5-1.webp\",\"datePublished\":\"2025-09-19T12:28:23+00:00\",\"dateModified\":\"2025-09-19T12:28:25+00:00\",\"author\":{\"@id\":\"https:\\\/\\\/diariodelsurdigital.com.ar\\\/#\\\/schema\\\/person\\\/1a4992532ed62965c968031b49195c81\"},\"breadcrumb\":{\"@id\":\"https:\\\/\\\/diariodelsurdigital.com.ar\\\/?p=4731#breadcrumb\"},\"inLanguage\":\"es\",\"potentialAction\":[{\"@type\":\"ReadAction\",\"target\":[\"https:\\\/\\\/diariodelsurdigital.com.ar\\\/?p=4731\"]}]},{\"@type\":\"ImageObject\",\"inLanguage\":\"es\",\"@id\":\"https:\\\/\\\/diariodelsurdigital.com.ar\\\/?p=4731#primaryimage\",\"url\":\"https:\\\/\\\/diariodelsurdigital.com.ar\\\/wp-content\\\/uploads\\\/2025\\\/09\\\/md-5-1.webp\",\"contentUrl\":\"https:\\\/\\\/diariodelsurdigital.com.ar\\\/wp-content\\\/uploads\\\/2025\\\/09\\\/md-5-1.webp\",\"width\":992,\"height\":661},{\"@type\":\"BreadcrumbList\",\"@id\":\"https:\\\/\\\/diariodelsurdigital.com.ar\\\/?p=4731#breadcrumb\",\"itemListElement\":[{\"@type\":\"ListItem\",\"position\":1,\"name\":\"Portada\",\"item\":\"https:\\\/\\\/diariodelsurdigital.com.ar\\\/\"},{\"@type\":\"ListItem\",\"position\":2,\"name\":\"Espa\u00f1a investigar\u00e1 \u00abgraves violaciones\u00bb de derechos humanos en Gaza\"}]},{\"@type\":\"WebSite\",\"@id\":\"https:\\\/\\\/diariodelsurdigital.com.ar\\\/#website\",\"url\":\"https:\\\/\\\/diariodelsurdigital.com.ar\\\/\",\"name\":\"Diario del Sur\",\"description\":\"Digital\",\"potentialAction\":[{\"@type\":\"SearchAction\",\"target\":{\"@type\":\"EntryPoint\",\"urlTemplate\":\"https:\\\/\\\/diariodelsurdigital.com.ar\\\/?s={search_term_string}\"},\"query-input\":{\"@type\":\"PropertyValueSpecification\",\"valueRequired\":true,\"valueName\":\"search_term_string\"}}],\"inLanguage\":\"es\"},{\"@type\":\"Person\",\"@id\":\"https:\\\/\\\/diariodelsurdigital.com.ar\\\/#\\\/schema\\\/person\\\/1a4992532ed62965c968031b49195c81\",\"name\":\"Diario del Sur Digital\",\"image\":{\"@type\":\"ImageObject\",\"inLanguage\":\"es\",\"@id\":\"https:\\\/\\\/secure.gravatar.com\\\/avatar\\\/f0c7c47fc7146d19828273b9b8eda651c9c7ab583767e6338d3d3bee825adf76?s=96&d=mm&r=g\",\"url\":\"https:\\\/\\\/secure.gravatar.com\\\/avatar\\\/f0c7c47fc7146d19828273b9b8eda651c9c7ab583767e6338d3d3bee825adf76?s=96&d=mm&r=g\",\"contentUrl\":\"https:\\\/\\\/secure.gravatar.com\\\/avatar\\\/f0c7c47fc7146d19828273b9b8eda651c9c7ab583767e6338d3d3bee825adf76?s=96&d=mm&r=g\",\"caption\":\"Diario del Sur Digital\"},\"url\":\"https:\\\/\\\/diariodelsurdigital.com.ar\\\/?author=4\"}]}<\/script>\n<!-- \/ Yoast SEO plugin. -->","yoast_head_json":{"title":"Espa\u00f1a investigar\u00e1 \"graves violaciones\" de derechos humanos en Gaza - Diario del Sur","robots":{"index":"index","follow":"follow","max-snippet":"max-snippet:-1","max-image-preview":"max-image-preview:large","max-video-preview":"max-video-preview:-1"},"canonical":"https:\/\/diariodelsurdigital.com.ar\/?p=4731","og_locale":"es_ES","og_type":"article","og_title":"Espa\u00f1a investigar\u00e1 \"graves violaciones\" de derechos humanos en Gaza - Diario del Sur","og_description":"Espa\u00f1a anunci\u00f3 este jueves que investigar\u00e1 las \u00abgraves violaciones\u00bb de derechos humanos cometidas en la Franja de Gaza para cooperar con la Corte Penal Internacional, un nuevo lanzazo a la campa\u00f1a israel\u00ed en el enclave palestino. \u00abEl fiscal general del Estado ha dictado un decreto por el que acuerda la creaci\u00f3n de un equipo de [&hellip;]","og_url":"https:\/\/diariodelsurdigital.com.ar\/?p=4731","og_site_name":"Diario del Sur","article_published_time":"2025-09-19T12:28:23+00:00","article_modified_time":"2025-09-19T12:28:25+00:00","og_image":[{"width":992,"height":661,"url":"https:\/\/diariodelsurdigital.com.ar\/wp-content\/uploads\/2025\/09\/md-5-1.webp","type":"image\/webp"}],"author":"Diario del Sur Digital","twitter_card":"summary_large_image","twitter_misc":{"Escrito por":"Diario del Sur Digital","Tiempo de lectura":"4 minutos"},"schema":{"@context":"https:\/\/schema.org","@graph":[{"@type":"Article","@id":"https:\/\/diariodelsurdigital.com.ar\/?p=4731#article","isPartOf":{"@id":"https:\/\/diariodelsurdigital.com.ar\/?p=4731"},"author":{"name":"Diario del Sur Digital","@id":"https:\/\/diariodelsurdigital.com.ar\/#\/schema\/person\/1a4992532ed62965c968031b49195c81"},"headline":"Espa\u00f1a investigar\u00e1 \u00abgraves violaciones\u00bb de derechos humanos en Gaza","datePublished":"2025-09-19T12:28:23+00:00","dateModified":"2025-09-19T12:28:25+00:00","mainEntityOfPage":{"@id":"https:\/\/diariodelsurdigital.com.ar\/?p=4731"},"wordCount":674,"commentCount":0,"image":{"@id":"https:\/\/diariodelsurdigital.com.ar\/?p=4731#primaryimage"},"thumbnailUrl":"https:\/\/diariodelsurdigital.com.ar\/wp-content\/uploads\/2025\/09\/md-5-1.webp","articleSection":["Internacionales"],"inLanguage":"es","potentialAction":[{"@type":"CommentAction","name":"Comment","target":["https:\/\/diariodelsurdigital.com.ar\/?p=4731#respond"]}]},{"@type":"WebPage","@id":"https:\/\/diariodelsurdigital.com.ar\/?p=4731","url":"https:\/\/diariodelsurdigital.com.ar\/?p=4731","name":"Espa\u00f1a investigar\u00e1 \"graves violaciones\" de derechos humanos en Gaza - Diario del Sur","isPartOf":{"@id":"https:\/\/diariodelsurdigital.com.ar\/#website"},"primaryImageOfPage":{"@id":"https:\/\/diariodelsurdigital.com.ar\/?p=4731#primaryimage"},"image":{"@id":"https:\/\/diariodelsurdigital.com.ar\/?p=4731#primaryimage"},"thumbnailUrl":"https:\/\/diariodelsurdigital.com.ar\/wp-content\/uploads\/2025\/09\/md-5-1.webp","datePublished":"2025-09-19T12:28:23+00:00","dateModified":"2025-09-19T12:28:25+00:00","author":{"@id":"https:\/\/diariodelsurdigital.com.ar\/#\/schema\/person\/1a4992532ed62965c968031b49195c81"},"breadcrumb":{"@id":"https:\/\/diariodelsurdigital.com.ar\/?p=4731#breadcrumb"},"inLanguage":"es","potentialAction":[{"@type":"ReadAction","target":["https:\/\/diariodelsurdigital.com.ar\/?p=4731"]}]},{"@type":"ImageObject","inLanguage":"es","@id":"https:\/\/diariodelsurdigital.com.ar\/?p=4731#primaryimage","url":"https:\/\/diariodelsurdigital.com.ar\/wp-content\/uploads\/2025\/09\/md-5-1.webp","contentUrl":"https:\/\/diariodelsurdigital.com.ar\/wp-content\/uploads\/2025\/09\/md-5-1.webp","width":992,"height":661},{"@type":"BreadcrumbList","@id":"https:\/\/diariodelsurdigital.com.ar\/?p=4731#breadcrumb","itemListElement":[{"@type":"ListItem","position":1,"name":"Portada","item":"https:\/\/diariodelsurdigital.com.ar\/"},{"@type":"ListItem","position":2,"name":"Espa\u00f1a investigar\u00e1 \u00abgraves violaciones\u00bb de derechos humanos en Gaza"}]},{"@type":"WebSite","@id":"https:\/\/diariodelsurdigital.com.ar\/#website","url":"https:\/\/diariodelsurdigital.com.ar\/","name":"Diario del Sur","description":"Digital","potentialAction":[{"@type":"SearchAction","target":{"@type":"EntryPoint","urlTemplate":"https:\/\/diariodelsurdigital.com.ar\/?s={search_term_string}"},"query-input":{"@type":"PropertyValueSpecification","valueRequired":true,"valueName":"search_term_string"}}],"inLanguage":"es"},{"@type":"Person","@id":"https:\/\/diariodelsurdigital.com.ar\/#\/schema\/person\/1a4992532ed62965c968031b49195c81","name":"Diario del Sur Digital","image":{"@type":"ImageObject","inLanguage":"es","@id":"https:\/\/secure.gravatar.com\/avatar\/f0c7c47fc7146d19828273b9b8eda651c9c7ab583767e6338d3d3bee825adf76?s=96&d=mm&r=g","url":"https:\/\/secure.gravatar.com\/avatar\/f0c7c47fc7146d19828273b9b8eda651c9c7ab583767e6338d3d3bee825adf76?s=96&d=mm&r=g","contentUrl":"https:\/\/secure.gravatar.com\/avatar\/f0c7c47fc7146d19828273b9b8eda651c9c7ab583767e6338d3d3bee825adf76?s=96&d=mm&r=g","caption":"Diario del Sur Digital"},"url":"https:\/\/diariodelsurdigital.com.ar\/?author=4"}]}},"_links":{"self":[{"href":"https:\/\/diariodelsurdigital.com.ar\/index.php?rest_route=\/wp\/v2\/posts\/4731","targetHints":{"allow":["GET"]}}],"collection":[{"href":"https:\/\/diariodelsurdigital.com.ar\/index.php?rest_route=\/wp\/v2\/posts"}],"about":[{"href":"https:\/\/diariodelsurdigital.com.ar\/index.php?rest_route=\/wp\/v2\/types\/post"}],"author":[{"embeddable":true,"href":"https:\/\/diariodelsurdigital.com.ar\/index.php?rest_route=\/wp\/v2\/users\/4"}],"replies":[{"embeddable":true,"href":"https:\/\/diariodelsurdigital.com.ar\/index.php?rest_route=%2Fwp%2Fv2%2Fcomments&post=4731"}],"version-history":[{"count":1,"href":"https:\/\/diariodelsurdigital.com.ar\/index.php?rest_route=\/wp\/v2\/posts\/4731\/revisions"}],"predecessor-version":[{"id":4733,"href":"https:\/\/diariodelsurdigital.com.ar\/index.php?rest_route=\/wp\/v2\/posts\/4731\/revisions\/4733"}],"wp:featuredmedia":[{"embeddable":true,"href":"https:\/\/diariodelsurdigital.com.ar\/index.php?rest_route=\/wp\/v2\/media\/4732"}],"wp:attachment":[{"href":"https:\/\/diariodelsurdigital.com.ar\/index.php?rest_route=%2Fwp%2Fv2%2Fmedia&parent=4731"}],"wp:term":[{"taxonomy":"category","embeddable":true,"href":"https:\/\/diariodelsurdigital.com.ar\/index.php?rest_route=%2Fwp%2Fv2%2Fcategories&post=4731"},{"taxonomy":"post_tag","embeddable":true,"href":"https:\/\/diariodelsurdigital.com.ar\/index.php?rest_route=%2Fwp%2Fv2%2Ftags&post=4731"}],"curies":[{"name":"wp","href":"https:\/\/api.w.org\/{rel}","templated":true}]}}