{"id":475,"date":"2025-01-06T20:59:58","date_gmt":"2025-01-06T23:59:58","guid":{"rendered":"https:\/\/diariodelsurdigital.com.ar\/?p=475"},"modified":"2025-01-06T21:00:00","modified_gmt":"2025-01-07T00:00:00","slug":"vecinos-de-villa-adela-reclaman-mas-controles-ante-el-aumento-de-las-picadas-de-motos","status":"publish","type":"post","link":"https:\/\/diariodelsurdigital.com.ar\/?p=475","title":{"rendered":"Vecinos de Villa Adela reclaman m\u00e1s controles ante el aumento de las \u00abpicadas de motos\u00bb"},"content":{"rendered":"\n<h2 class=\"wp-block-heading\" id=\"nota-title\">Una actividad que se repite en esta zona de la ciudad, vuelve a ser el foco de preocupaci\u00f3n de los vecinos. Aseguran que estas \u201ccarreras\u201d son una constante, poniendo en riesgo a peatones y automovilistas.<\/h2>\n\n\n\n<p><a href=\"whatsapp:\/\/send?text=DRU:%20Vecinos%20de%20Villa%20Adela%20reclaman%20m%C3%A1s%20controles%20ante%20el%20aumento%20de%20las%20%22picadas%20de%20motos%22%20-%20https:\/\/www.diarioriouruguay.com.ar\/uid-84219\"><\/a><a href=\"https:\/\/www.diarioriouruguay.com.ar\/concordia\/vecinos-de-villa-adela-reclaman-ms-controles-ante-el-aumento-de-las-picadas-de-motos.htm#\"><\/a><a href=\"https:\/\/www.diarioriouruguay.com.ar\/concordia\/vecinos-de-villa-adela-reclaman-ms-controles-ante-el-aumento-de-las-picadas-de-motos.htm#\"><\/a><\/p>\n\n\n\n<p>Luego la \u201cpista de carrera\u201d de estos veh\u00edculos continua desde la rotonda por la avenida Presidente Per\u00f3n. Los vecinos remarcan que m\u00e1s all\u00e1 del riesgo que generan para peatones y automovilistas, lo molesto que resultan los escapes libres, es una zona donde se da mucha circulaci\u00f3n de camiones y los accidentes pueden ser fatales.<\/p>\n\n\n\n<p>Precisaron que est\u00e1n al tanto de que el personal de Tr\u00e1nsito realiza controles en el centro y en la Costanera de la ciudad de Concordia; sin embargo, piden la urgente incorporaci\u00f3n de mayores operativos de control en esta zona de la localidad.<\/p>\n\n\n\n<p>Cabe recordar que esta no es una problem\u00e1tica nueva, ya que los propios vecinos hicieron llegar a este medio oportunamente, filmaciones donde se puede ver este tipo de actividad que parece no tener un punto final.<\/p>\n\n\n\n<p>Fuente: Diario R\u00edo Uruguay<\/p>\n","protected":false},"excerpt":{"rendered":"<p>Una actividad que se repite en esta zona de la ciudad, vuelve a ser el foco de preocupaci\u00f3n de los vecinos. Aseguran que estas \u201ccarreras\u201d son una constante, poniendo en riesgo a peatones y automovilistas. Luego la \u201cpista de carrera\u201d de estos veh\u00edculos continua desde la rotonda por la avenida Presidente Per\u00f3n. Los vecinos remarcan [&hellip;]<\/p>\n","protected":false},"author":2,"featured_media":476,"comment_status":"open","ping_status":"open","sticky":false,"template":"","format":"standard","meta":{"footnotes":""},"categories":[16],"tags":[],"class_list":{"0":"post-475","1":"post","2":"type-post","3":"status-publish","4":"format-standard","5":"has-post-thumbnail","7":"category-locales"},"yoast_head":"<!-- This site is optimized with the Yoast SEO plugin v27.4 - https:\/\/yoast.com\/product\/yoast-seo-wordpress\/ -->\n<title>Vecinos de Villa Adela reclaman m\u00e1s controles ante el aumento de las &quot;picadas de motos&quot; - Diario del Sur<\/title>\n<meta name=\"robots\" content=\"index, follow, max-snippet:-1, max-image-preview:large, max-video-preview:-1\" \/>\n<link rel=\"canonical\" href=\"https:\/\/diariodelsurdigital.com.ar\/?p=475\" \/>\n<meta property=\"og:locale\" content=\"es_ES\" \/>\n<meta property=\"og:type\" content=\"article\" \/>\n<meta property=\"og:title\" content=\"Vecinos de Villa Adela reclaman m\u00e1s controles ante el aumento de las &quot;picadas de motos&quot; - Diario del Sur\" \/>\n<meta property=\"og:description\" content=\"Una actividad que se repite en esta zona de la ciudad, vuelve a ser el foco de preocupaci\u00f3n de los vecinos. Aseguran que estas \u201ccarreras\u201d son una constante, poniendo en riesgo a peatones y automovilistas. Luego la \u201cpista de carrera\u201d de estos veh\u00edculos continua desde la rotonda por la avenida Presidente Per\u00f3n. Los vecinos remarcan [&hellip;]\" \/>\n<meta property=\"og:url\" content=\"https:\/\/diariodelsurdigital.com.ar\/?p=475\" \/>\n<meta property=\"og:site_name\" content=\"Diario del Sur\" \/>\n<meta property=\"article:published_time\" content=\"2025-01-06T23:59:58+00:00\" \/>\n<meta property=\"article:modified_time\" content=\"2025-01-07T00:00:00+00:00\" \/>\n<meta property=\"og:image\" content=\"https:\/\/diariodelsurdigital.com.ar\/wp-content\/uploads\/2025\/01\/r_1512140839.jpg\" \/>\n\t<meta property=\"og:image:width\" content=\"483\" \/>\n\t<meta property=\"og:image:height\" content=\"322\" \/>\n\t<meta property=\"og:image:type\" content=\"image\/jpeg\" \/>\n<meta name=\"author\" content=\"Diario del Sur Digital\" \/>\n<meta name=\"twitter:card\" content=\"summary_large_image\" \/>\n<meta name=\"twitter:label1\" content=\"Escrito por\" \/>\n\t<meta name=\"twitter:data1\" content=\"Diario del Sur Digital\" \/>\n\t<meta name=\"twitter:label2\" content=\"Tiempo de lectura\" \/>\n\t<meta name=\"twitter:data2\" content=\"1 minuto\" \/>\n<script type=\"application\/ld+json\" class=\"yoast-schema-graph\">{\"@context\":\"https:\\\/\\\/schema.org\",\"@graph\":[{\"@type\":\"Article\",\"@id\":\"https:\\\/\\\/diariodelsurdigital.com.ar\\\/?p=475#article\",\"isPartOf\":{\"@id\":\"https:\\\/\\\/diariodelsurdigital.com.ar\\\/?p=475\"},\"author\":{\"name\":\"Diario del Sur Digital\",\"@id\":\"https:\\\/\\\/diariodelsurdigital.com.ar\\\/#\\\/schema\\\/person\\\/6136a32571657f7dba980b88b04c5465\"},\"headline\":\"Vecinos de Villa Adela reclaman m\u00e1s controles ante el aumento de las \u00abpicadas de motos\u00bb\",\"datePublished\":\"2025-01-06T23:59:58+00:00\",\"dateModified\":\"2025-01-07T00:00:00+00:00\",\"mainEntityOfPage\":{\"@id\":\"https:\\\/\\\/diariodelsurdigital.com.ar\\\/?p=475\"},\"wordCount\":197,\"commentCount\":0,\"image\":{\"@id\":\"https:\\\/\\\/diariodelsurdigital.com.ar\\\/?p=475#primaryimage\"},\"thumbnailUrl\":\"https:\\\/\\\/diariodelsurdigital.com.ar\\\/wp-content\\\/uploads\\\/2025\\\/01\\\/r_1512140839.jpg\",\"articleSection\":[\"Locales\"],\"inLanguage\":\"es\",\"potentialAction\":[{\"@type\":\"CommentAction\",\"name\":\"Comment\",\"target\":[\"https:\\\/\\\/diariodelsurdigital.com.ar\\\/?p=475#respond\"]}]},{\"@type\":\"WebPage\",\"@id\":\"https:\\\/\\\/diariodelsurdigital.com.ar\\\/?p=475\",\"url\":\"https:\\\/\\\/diariodelsurdigital.com.ar\\\/?p=475\",\"name\":\"Vecinos de Villa Adela reclaman m\u00e1s controles ante el aumento de las \\\"picadas de motos\\\" - Diario del Sur\",\"isPartOf\":{\"@id\":\"https:\\\/\\\/diariodelsurdigital.com.ar\\\/#website\"},\"primaryImageOfPage\":{\"@id\":\"https:\\\/\\\/diariodelsurdigital.com.ar\\\/?p=475#primaryimage\"},\"image\":{\"@id\":\"https:\\\/\\\/diariodelsurdigital.com.ar\\\/?p=475#primaryimage\"},\"thumbnailUrl\":\"https:\\\/\\\/diariodelsurdigital.com.ar\\\/wp-content\\\/uploads\\\/2025\\\/01\\\/r_1512140839.jpg\",\"datePublished\":\"2025-01-06T23:59:58+00:00\",\"dateModified\":\"2025-01-07T00:00:00+00:00\",\"author\":{\"@id\":\"https:\\\/\\\/diariodelsurdigital.com.ar\\\/#\\\/schema\\\/person\\\/6136a32571657f7dba980b88b04c5465\"},\"breadcrumb\":{\"@id\":\"https:\\\/\\\/diariodelsurdigital.com.ar\\\/?p=475#breadcrumb\"},\"inLanguage\":\"es\",\"potentialAction\":[{\"@type\":\"ReadAction\",\"target\":[\"https:\\\/\\\/diariodelsurdigital.com.ar\\\/?p=475\"]}]},{\"@type\":\"ImageObject\",\"inLanguage\":\"es\",\"@id\":\"https:\\\/\\\/diariodelsurdigital.com.ar\\\/?p=475#primaryimage\",\"url\":\"https:\\\/\\\/diariodelsurdigital.com.ar\\\/wp-content\\\/uploads\\\/2025\\\/01\\\/r_1512140839.jpg\",\"contentUrl\":\"https:\\\/\\\/diariodelsurdigital.com.ar\\\/wp-content\\\/uploads\\\/2025\\\/01\\\/r_1512140839.jpg\",\"width\":483,\"height\":322},{\"@type\":\"BreadcrumbList\",\"@id\":\"https:\\\/\\\/diariodelsurdigital.com.ar\\\/?p=475#breadcrumb\",\"itemListElement\":[{\"@type\":\"ListItem\",\"position\":1,\"name\":\"Portada\",\"item\":\"https:\\\/\\\/diariodelsurdigital.com.ar\\\/\"},{\"@type\":\"ListItem\",\"position\":2,\"name\":\"Vecinos de Villa Adela reclaman m\u00e1s controles ante el aumento de las \u00abpicadas de motos\u00bb\"}]},{\"@type\":\"WebSite\",\"@id\":\"https:\\\/\\\/diariodelsurdigital.com.ar\\\/#website\",\"url\":\"https:\\\/\\\/diariodelsurdigital.com.ar\\\/\",\"name\":\"Diario del Sur\",\"description\":\"Digital\",\"potentialAction\":[{\"@type\":\"SearchAction\",\"target\":{\"@type\":\"EntryPoint\",\"urlTemplate\":\"https:\\\/\\\/diariodelsurdigital.com.ar\\\/?s={search_term_string}\"},\"query-input\":{\"@type\":\"PropertyValueSpecification\",\"valueRequired\":true,\"valueName\":\"search_term_string\"}}],\"inLanguage\":\"es\"},{\"@type\":\"Person\",\"@id\":\"https:\\\/\\\/diariodelsurdigital.com.ar\\\/#\\\/schema\\\/person\\\/6136a32571657f7dba980b88b04c5465\",\"name\":\"Diario del Sur Digital\",\"image\":{\"@type\":\"ImageObject\",\"inLanguage\":\"es\",\"@id\":\"https:\\\/\\\/secure.gravatar.com\\\/avatar\\\/4c29ceac98541dd42460b2474aaa5dd37594d6ce6cb3cf2c101d09b48ee287ba?s=96&d=mm&r=g\",\"url\":\"https:\\\/\\\/secure.gravatar.com\\\/avatar\\\/4c29ceac98541dd42460b2474aaa5dd37594d6ce6cb3cf2c101d09b48ee287ba?s=96&d=mm&r=g\",\"contentUrl\":\"https:\\\/\\\/secure.gravatar.com\\\/avatar\\\/4c29ceac98541dd42460b2474aaa5dd37594d6ce6cb3cf2c101d09b48ee287ba?s=96&d=mm&r=g\",\"caption\":\"Diario del Sur Digital\"},\"url\":\"https:\\\/\\\/diariodelsurdigital.com.ar\\\/?author=2\"}]}<\/script>\n<!-- \/ Yoast SEO plugin. -->","yoast_head_json":{"title":"Vecinos de Villa Adela reclaman m\u00e1s controles ante el aumento de las \"picadas de motos\" - Diario del Sur","robots":{"index":"index","follow":"follow","max-snippet":"max-snippet:-1","max-image-preview":"max-image-preview:large","max-video-preview":"max-video-preview:-1"},"canonical":"https:\/\/diariodelsurdigital.com.ar\/?p=475","og_locale":"es_ES","og_type":"article","og_title":"Vecinos de Villa Adela reclaman m\u00e1s controles ante el aumento de las \"picadas de motos\" - Diario del Sur","og_description":"Una actividad que se repite en esta zona de la ciudad, vuelve a ser el foco de preocupaci\u00f3n de los vecinos. Aseguran que estas \u201ccarreras\u201d son una constante, poniendo en riesgo a peatones y automovilistas. Luego la \u201cpista de carrera\u201d de estos veh\u00edculos continua desde la rotonda por la avenida Presidente Per\u00f3n. Los vecinos remarcan [&hellip;]","og_url":"https:\/\/diariodelsurdigital.com.ar\/?p=475","og_site_name":"Diario del Sur","article_published_time":"2025-01-06T23:59:58+00:00","article_modified_time":"2025-01-07T00:00:00+00:00","og_image":[{"width":483,"height":322,"url":"https:\/\/diariodelsurdigital.com.ar\/wp-content\/uploads\/2025\/01\/r_1512140839.jpg","type":"image\/jpeg"}],"author":"Diario del Sur Digital","twitter_card":"summary_large_image","twitter_misc":{"Escrito por":"Diario del Sur Digital","Tiempo de lectura":"1 minuto"},"schema":{"@context":"https:\/\/schema.org","@graph":[{"@type":"Article","@id":"https:\/\/diariodelsurdigital.com.ar\/?p=475#article","isPartOf":{"@id":"https:\/\/diariodelsurdigital.com.ar\/?p=475"},"author":{"name":"Diario del Sur Digital","@id":"https:\/\/diariodelsurdigital.com.ar\/#\/schema\/person\/6136a32571657f7dba980b88b04c5465"},"headline":"Vecinos de Villa Adela reclaman m\u00e1s controles ante el aumento de las \u00abpicadas de motos\u00bb","datePublished":"2025-01-06T23:59:58+00:00","dateModified":"2025-01-07T00:00:00+00:00","mainEntityOfPage":{"@id":"https:\/\/diariodelsurdigital.com.ar\/?p=475"},"wordCount":197,"commentCount":0,"image":{"@id":"https:\/\/diariodelsurdigital.com.ar\/?p=475#primaryimage"},"thumbnailUrl":"https:\/\/diariodelsurdigital.com.ar\/wp-content\/uploads\/2025\/01\/r_1512140839.jpg","articleSection":["Locales"],"inLanguage":"es","potentialAction":[{"@type":"CommentAction","name":"Comment","target":["https:\/\/diariodelsurdigital.com.ar\/?p=475#respond"]}]},{"@type":"WebPage","@id":"https:\/\/diariodelsurdigital.com.ar\/?p=475","url":"https:\/\/diariodelsurdigital.com.ar\/?p=475","name":"Vecinos de Villa Adela reclaman m\u00e1s controles ante el aumento de las \"picadas de motos\" - Diario del Sur","isPartOf":{"@id":"https:\/\/diariodelsurdigital.com.ar\/#website"},"primaryImageOfPage":{"@id":"https:\/\/diariodelsurdigital.com.ar\/?p=475#primaryimage"},"image":{"@id":"https:\/\/diariodelsurdigital.com.ar\/?p=475#primaryimage"},"thumbnailUrl":"https:\/\/diariodelsurdigital.com.ar\/wp-content\/uploads\/2025\/01\/r_1512140839.jpg","datePublished":"2025-01-06T23:59:58+00:00","dateModified":"2025-01-07T00:00:00+00:00","author":{"@id":"https:\/\/diariodelsurdigital.com.ar\/#\/schema\/person\/6136a32571657f7dba980b88b04c5465"},"breadcrumb":{"@id":"https:\/\/diariodelsurdigital.com.ar\/?p=475#breadcrumb"},"inLanguage":"es","potentialAction":[{"@type":"ReadAction","target":["https:\/\/diariodelsurdigital.com.ar\/?p=475"]}]},{"@type":"ImageObject","inLanguage":"es","@id":"https:\/\/diariodelsurdigital.com.ar\/?p=475#primaryimage","url":"https:\/\/diariodelsurdigital.com.ar\/wp-content\/uploads\/2025\/01\/r_1512140839.jpg","contentUrl":"https:\/\/diariodelsurdigital.com.ar\/wp-content\/uploads\/2025\/01\/r_1512140839.jpg","width":483,"height":322},{"@type":"BreadcrumbList","@id":"https:\/\/diariodelsurdigital.com.ar\/?p=475#breadcrumb","itemListElement":[{"@type":"ListItem","position":1,"name":"Portada","item":"https:\/\/diariodelsurdigital.com.ar\/"},{"@type":"ListItem","position":2,"name":"Vecinos de Villa Adela reclaman m\u00e1s controles ante el aumento de las \u00abpicadas de motos\u00bb"}]},{"@type":"WebSite","@id":"https:\/\/diariodelsurdigital.com.ar\/#website","url":"https:\/\/diariodelsurdigital.com.ar\/","name":"Diario del Sur","description":"Digital","potentialAction":[{"@type":"SearchAction","target":{"@type":"EntryPoint","urlTemplate":"https:\/\/diariodelsurdigital.com.ar\/?s={search_term_string}"},"query-input":{"@type":"PropertyValueSpecification","valueRequired":true,"valueName":"search_term_string"}}],"inLanguage":"es"},{"@type":"Person","@id":"https:\/\/diariodelsurdigital.com.ar\/#\/schema\/person\/6136a32571657f7dba980b88b04c5465","name":"Diario del Sur Digital","image":{"@type":"ImageObject","inLanguage":"es","@id":"https:\/\/secure.gravatar.com\/avatar\/4c29ceac98541dd42460b2474aaa5dd37594d6ce6cb3cf2c101d09b48ee287ba?s=96&d=mm&r=g","url":"https:\/\/secure.gravatar.com\/avatar\/4c29ceac98541dd42460b2474aaa5dd37594d6ce6cb3cf2c101d09b48ee287ba?s=96&d=mm&r=g","contentUrl":"https:\/\/secure.gravatar.com\/avatar\/4c29ceac98541dd42460b2474aaa5dd37594d6ce6cb3cf2c101d09b48ee287ba?s=96&d=mm&r=g","caption":"Diario del Sur Digital"},"url":"https:\/\/diariodelsurdigital.com.ar\/?author=2"}]}},"_links":{"self":[{"href":"https:\/\/diariodelsurdigital.com.ar\/index.php?rest_route=\/wp\/v2\/posts\/475","targetHints":{"allow":["GET"]}}],"collection":[{"href":"https:\/\/diariodelsurdigital.com.ar\/index.php?rest_route=\/wp\/v2\/posts"}],"about":[{"href":"https:\/\/diariodelsurdigital.com.ar\/index.php?rest_route=\/wp\/v2\/types\/post"}],"author":[{"embeddable":true,"href":"https:\/\/diariodelsurdigital.com.ar\/index.php?rest_route=\/wp\/v2\/users\/2"}],"replies":[{"embeddable":true,"href":"https:\/\/diariodelsurdigital.com.ar\/index.php?rest_route=%2Fwp%2Fv2%2Fcomments&post=475"}],"version-history":[{"count":1,"href":"https:\/\/diariodelsurdigital.com.ar\/index.php?rest_route=\/wp\/v2\/posts\/475\/revisions"}],"predecessor-version":[{"id":477,"href":"https:\/\/diariodelsurdigital.com.ar\/index.php?rest_route=\/wp\/v2\/posts\/475\/revisions\/477"}],"wp:featuredmedia":[{"embeddable":true,"href":"https:\/\/diariodelsurdigital.com.ar\/index.php?rest_route=\/wp\/v2\/media\/476"}],"wp:attachment":[{"href":"https:\/\/diariodelsurdigital.com.ar\/index.php?rest_route=%2Fwp%2Fv2%2Fmedia&parent=475"}],"wp:term":[{"taxonomy":"category","embeddable":true,"href":"https:\/\/diariodelsurdigital.com.ar\/index.php?rest_route=%2Fwp%2Fv2%2Fcategories&post=475"},{"taxonomy":"post_tag","embeddable":true,"href":"https:\/\/diariodelsurdigital.com.ar\/index.php?rest_route=%2Fwp%2Fv2%2Ftags&post=475"}],"curies":[{"name":"wp","href":"https:\/\/api.w.org\/{rel}","templated":true}]}}