{"id":4781,"date":"2025-09-22T10:42:25","date_gmt":"2025-09-22T13:42:25","guid":{"rendered":"https:\/\/diariodelsurdigital.com.ar\/?p=4781"},"modified":"2025-09-22T10:42:26","modified_gmt":"2025-09-22T13:42:26","slug":"brasil-ordenan-investigar-a-bolsonaro-por-su-rol-en-la-crisis-sanitaria-del-covid-19","status":"publish","type":"post","link":"https:\/\/diariodelsurdigital.com.ar\/?p=4781","title":{"rendered":"Brasil: Ordenan investigar a Bolsonaro por su rol en la crisis sanitaria del Covid-19"},"content":{"rendered":"\n<p>La decisi\u00f3n fue tomada por el juez del Supremo Tribunal Federal, Fl\u00e1vio Dino, e involucra al expresidente, sus tres hijos, exfuncionarios y aliados. Se investigar\u00e1n delitos como malversaci\u00f3n de fondos, fraude en licitaciones y propagaci\u00f3n de epidemia con resultado de muerte en un pa\u00eds con m\u00e1s de 700.000 muertes por la enfermedad.<\/p>\n\n\n\n<p><br>El juez del Supremo Tribunal Federal (STF), Fl\u00e1vio Dino, orden\u00f3 este jueves la apertura de una investigaci\u00f3n por las irregularidades cometidas durante la gesti\u00f3n de la pandemia de COVID-19 bajo el gobierno del expresidente, Jair Bolsonaro.<\/p>\n\n\n\n<p>Por su parte, el ex mandatario, ya condenado por conspiraci\u00f3n golpista, la decisi\u00f3n alcanza tambi\u00e9n a sus tres hijos, Fl\u00e1vio, Eduardo y Carlos y a otros 20 aliados, y est\u00e1 basada en los hallazgos del informe elaborado por la Comisi\u00f3n Parlamentaria de Investigaci\u00f3n (CPI) en 2021.<\/p>\n\n\n\n<p>El magistrado consider\u00f3 que ese informe contiene pruebas suficientes para justificar una investigaci\u00f3n penal. \u201cLa investigaci\u00f3n parlamentaria revel\u00f3 indicios de delitos contra la Administraci\u00f3n P\u00fablica, especialmente en contrataciones, fraudes en licitaciones, sobreprecios, desv\u00edo de fondos p\u00fablicos y contratos con empresas fachada para servicios ficticios\u201d, argument\u00f3 Dino, quien autoriz\u00f3 la apertura formal de la causa, dando un plazo de 60 d\u00edas para que la Polic\u00eda avance, con posibilidad de pr\u00f3rroga.<\/p>\n\n\n\n<p>De este modo, Dino pidi\u00f3 reabrir partes del caso que hab\u00edan sido archivadas en 2022 por la Procuradur\u00eda General, entonces encabezada por Augusto Aras, un aliado de Bolsonaro que desestim\u00f3 el contenido del informe de la comisi\u00f3n del Senado. Ese documento analizaba la gesti\u00f3n del gobierno frente a la crisis sanitaria y denunciaba m\u00faltiples irregularidades y acusaba a Bolsonaro de nueve delitos, entre ellos cr\u00edmenes contra la humanidad, infracci\u00f3n de normas sanitarias, charlataner\u00eda m\u00e9dica, incitaci\u00f3n al delito, falsificaci\u00f3n de documentos, malversaci\u00f3n, prevaricato y propagaci\u00f3n de epidemia con resultado de muerte y atentados contra la dignidad del cargo.<\/p>\n\n\n\n<p>Los investigados son sospechosos de haber incitado el incumplimiento de las normas sanitarias, adem\u00e1s de haber desviado recursos p\u00fablicos durante la emergencia. Tambi\u00e9n figuran entre los acusados el exjefe de gabinete Onyx Lorenzoni, el excanciller Ernesto Ara\u00fajo y las diputadas Beatriz Kicis y Carla Zambelli, esta \u00faltima detenida en Italia a la espera de extradici\u00f3n por un ataque inform\u00e1tico al Consejo Nacional de Justicia.<\/p>\n\n\n\n<p>En su fallo, Dino, quien durante la pandemia se desempe\u00f1aba como gobernador del estado de Maranh\u00e3o y fue un asiduo cr\u00edtico del negacionismo del gobierno federal, record\u00f3 que \u201cla investigaci\u00f3n parlamentaria se\u00f1al\u00f3 indicios claros de cr\u00edmenes contra la administraci\u00f3n p\u00fablica\u201d.<\/p>\n\n\n\n<p>El informe final de la CPI sobre la pandemia, de 1.180 p\u00e1ginas y aprobado en octubre de 2021 por siete votos contra cuatro, recomendaba imputar a 66 personas f\u00edsicas y dos jur\u00eddicas. El documento se bas\u00f3 en m\u00e1s de 67 sesiones de la comisi\u00f3n a lo largo de seis meses y citaba al expresidente m\u00e1s de 80 veces. En ese entonces, el relator de la CPI, Renan Calheiros, subray\u00f3 como omisi\u00f3n clave el retraso en la compra de vacunas. Tambi\u00e9n acus\u00f3 al gobierno de actuar sin rigor t\u00e9cnico, \u201cexponiendo deliberadamente a la poblaci\u00f3n a un riesgo concreto de infecci\u00f3n masiva\u201d.<\/p>\n\n\n\n<p>Entre las pruebas citadas se encuentra la compra de medicamentos ineficaces, como la cloroquina, que fueron promovidos y distribuidos en el sistema de salud p\u00fablica. El informe tambi\u00e9n responsabiliz\u00f3 a Bolsonaro por el colapso sanitario en Manaos y por delitos contra pueblos ind\u00edgenas, adem\u00e1s de recomendar su eliminaci\u00f3n de redes sociales por poner en riesgo a la poblaci\u00f3n al difundir informaci\u00f3n falsa.<\/p>\n\n\n\n<p>\u00abGripecita\u00bb<\/p>\n\n\n\n<p>Esta investigaci\u00f3n fue anunciada apenas una semana despu\u00e9s de que la Primera Sala del Supremo, de la cual Dino forma parte, condenara a Bolsonaro por conspiraci\u00f3n golpista tras su derrota electoral en 2022. La solicitud surge dos d\u00edas despu\u00e9s de que la C\u00e1mara de Diputados aprobara la Enmienda de Blindaje (PEC), que dificulta el arresto y procesamiento de representantes y senadores.<\/p>\n\n\n\n<p>Con este desarrollo, el ex mandatario podr\u00eda volver al banquillo por segunda vez en un per\u00edodo breve. Muchas de las causas que hoy enfrenta Bolsonaro se originan en la pandemia, a la que lleg\u00f3 a calificar como una \u201cgripecita\u201d. El proceso por intento de golpe de Estado, por el cual ya fue condenado a 27 a\u00f1os y tres meses de c\u00e1rcel, se inici\u00f3 mientras era investigado por falsificar su cartilla de vacunaci\u00f3n para evadir las restricciones internacionales impuestas durante la emergencia sanitaria.<\/p>\n\n\n\n<p>A esto se suma lo denunciado por Amnist\u00eda Internacional en el informe \u00abMil d\u00edas sin derechos\u00bb, donde se acus\u00f3 al expresidente de haber gestionado la pandemia con una combinaci\u00f3n de negacionismo, negligencia y desprecio por los derechos humanos, contribuyendo de forma directa al agravamiento de la crisis sanitaria y a la p\u00e9rdida evitable de m\u00e1s de 120.000 vidas s\u00f3lo en el primer a\u00f1o. La organizaci\u00f3n denunci\u00f3 tambi\u00e9n el abandono estatal hacia poblaciones vulnerables, como comunidades ind\u00edgenas, quilombolas y habitantes de las favelas, as\u00ed como la omisi\u00f3n reiterada ante fallos judiciales que exig\u00edan garantizar el acceso a la salud en plena emergencia. <\/p>\n","protected":false},"excerpt":{"rendered":"<p>La decisi\u00f3n fue tomada por el juez del Supremo Tribunal Federal, Fl\u00e1vio Dino, e involucra al expresidente, sus tres hijos, exfuncionarios y aliados. Se investigar\u00e1n delitos como malversaci\u00f3n de fondos, fraude en licitaciones y propagaci\u00f3n de epidemia con resultado de muerte en un pa\u00eds con m\u00e1s de 700.000 muertes por la enfermedad. El juez del [&hellip;]<\/p>\n","protected":false},"author":4,"featured_media":4782,"comment_status":"open","ping_status":"open","sticky":false,"template":"","format":"standard","meta":{"footnotes":""},"categories":[20,22],"tags":[],"class_list":{"0":"post-4781","1":"post","2":"type-post","3":"status-publish","4":"format-standard","5":"has-post-thumbnail","7":"category-internacionales","8":"category-politica"},"yoast_head":"<!-- This site is optimized with the Yoast SEO plugin v27.4 - https:\/\/yoast.com\/product\/yoast-seo-wordpress\/ -->\n<title>Brasil: Ordenan investigar a Bolsonaro por su rol en la crisis sanitaria del Covid-19 - Diario del Sur<\/title>\n<meta name=\"robots\" content=\"index, follow, max-snippet:-1, max-image-preview:large, max-video-preview:-1\" \/>\n<link rel=\"canonical\" href=\"https:\/\/diariodelsurdigital.com.ar\/?p=4781\" \/>\n<meta property=\"og:locale\" content=\"es_ES\" \/>\n<meta property=\"og:type\" content=\"article\" \/>\n<meta property=\"og:title\" content=\"Brasil: Ordenan investigar a Bolsonaro por su rol en la crisis sanitaria del Covid-19 - Diario del Sur\" \/>\n<meta property=\"og:description\" content=\"La decisi\u00f3n fue tomada por el juez del Supremo Tribunal Federal, Fl\u00e1vio Dino, e involucra al expresidente, sus tres hijos, exfuncionarios y aliados. Se investigar\u00e1n delitos como malversaci\u00f3n de fondos, fraude en licitaciones y propagaci\u00f3n de epidemia con resultado de muerte en un pa\u00eds con m\u00e1s de 700.000 muertes por la enfermedad. El juez del [&hellip;]\" \/>\n<meta property=\"og:url\" content=\"https:\/\/diariodelsurdigital.com.ar\/?p=4781\" \/>\n<meta property=\"og:site_name\" content=\"Diario del Sur\" \/>\n<meta property=\"article:published_time\" content=\"2025-09-22T13:42:25+00:00\" \/>\n<meta property=\"article:modified_time\" content=\"2025-09-22T13:42:26+00:00\" \/>\n<meta property=\"og:image\" content=\"https:\/\/diariodelsurdigital.com.ar\/wp-content\/uploads\/2025\/09\/md-10-1.webp\" \/>\n\t<meta property=\"og:image:width\" content=\"992\" \/>\n\t<meta property=\"og:image:height\" content=\"661\" \/>\n\t<meta property=\"og:image:type\" content=\"image\/webp\" \/>\n<meta name=\"author\" content=\"Diario del Sur Digital\" \/>\n<meta name=\"twitter:card\" content=\"summary_large_image\" \/>\n<meta name=\"twitter:label1\" content=\"Escrito por\" \/>\n\t<meta name=\"twitter:data1\" content=\"Diario del Sur Digital\" \/>\n\t<meta name=\"twitter:label2\" content=\"Tiempo de lectura\" \/>\n\t<meta name=\"twitter:data2\" content=\"4 minutos\" \/>\n<script type=\"application\/ld+json\" class=\"yoast-schema-graph\">{\"@context\":\"https:\\\/\\\/schema.org\",\"@graph\":[{\"@type\":\"Article\",\"@id\":\"https:\\\/\\\/diariodelsurdigital.com.ar\\\/?p=4781#article\",\"isPartOf\":{\"@id\":\"https:\\\/\\\/diariodelsurdigital.com.ar\\\/?p=4781\"},\"author\":{\"name\":\"Diario del Sur Digital\",\"@id\":\"https:\\\/\\\/diariodelsurdigital.com.ar\\\/#\\\/schema\\\/person\\\/1a4992532ed62965c968031b49195c81\"},\"headline\":\"Brasil: Ordenan investigar a Bolsonaro por su rol en la crisis sanitaria del Covid-19\",\"datePublished\":\"2025-09-22T13:42:25+00:00\",\"dateModified\":\"2025-09-22T13:42:26+00:00\",\"mainEntityOfPage\":{\"@id\":\"https:\\\/\\\/diariodelsurdigital.com.ar\\\/?p=4781\"},\"wordCount\":905,\"commentCount\":0,\"image\":{\"@id\":\"https:\\\/\\\/diariodelsurdigital.com.ar\\\/?p=4781#primaryimage\"},\"thumbnailUrl\":\"https:\\\/\\\/diariodelsurdigital.com.ar\\\/wp-content\\\/uploads\\\/2025\\\/09\\\/md-10-1.webp\",\"articleSection\":[\"Internacionales\",\"Pol\u00edtica\"],\"inLanguage\":\"es\",\"potentialAction\":[{\"@type\":\"CommentAction\",\"name\":\"Comment\",\"target\":[\"https:\\\/\\\/diariodelsurdigital.com.ar\\\/?p=4781#respond\"]}]},{\"@type\":\"WebPage\",\"@id\":\"https:\\\/\\\/diariodelsurdigital.com.ar\\\/?p=4781\",\"url\":\"https:\\\/\\\/diariodelsurdigital.com.ar\\\/?p=4781\",\"name\":\"Brasil: Ordenan investigar a Bolsonaro por su rol en la crisis sanitaria del Covid-19 - Diario del Sur\",\"isPartOf\":{\"@id\":\"https:\\\/\\\/diariodelsurdigital.com.ar\\\/#website\"},\"primaryImageOfPage\":{\"@id\":\"https:\\\/\\\/diariodelsurdigital.com.ar\\\/?p=4781#primaryimage\"},\"image\":{\"@id\":\"https:\\\/\\\/diariodelsurdigital.com.ar\\\/?p=4781#primaryimage\"},\"thumbnailUrl\":\"https:\\\/\\\/diariodelsurdigital.com.ar\\\/wp-content\\\/uploads\\\/2025\\\/09\\\/md-10-1.webp\",\"datePublished\":\"2025-09-22T13:42:25+00:00\",\"dateModified\":\"2025-09-22T13:42:26+00:00\",\"author\":{\"@id\":\"https:\\\/\\\/diariodelsurdigital.com.ar\\\/#\\\/schema\\\/person\\\/1a4992532ed62965c968031b49195c81\"},\"breadcrumb\":{\"@id\":\"https:\\\/\\\/diariodelsurdigital.com.ar\\\/?p=4781#breadcrumb\"},\"inLanguage\":\"es\",\"potentialAction\":[{\"@type\":\"ReadAction\",\"target\":[\"https:\\\/\\\/diariodelsurdigital.com.ar\\\/?p=4781\"]}]},{\"@type\":\"ImageObject\",\"inLanguage\":\"es\",\"@id\":\"https:\\\/\\\/diariodelsurdigital.com.ar\\\/?p=4781#primaryimage\",\"url\":\"https:\\\/\\\/diariodelsurdigital.com.ar\\\/wp-content\\\/uploads\\\/2025\\\/09\\\/md-10-1.webp\",\"contentUrl\":\"https:\\\/\\\/diariodelsurdigital.com.ar\\\/wp-content\\\/uploads\\\/2025\\\/09\\\/md-10-1.webp\",\"width\":992,\"height\":661},{\"@type\":\"BreadcrumbList\",\"@id\":\"https:\\\/\\\/diariodelsurdigital.com.ar\\\/?p=4781#breadcrumb\",\"itemListElement\":[{\"@type\":\"ListItem\",\"position\":1,\"name\":\"Portada\",\"item\":\"https:\\\/\\\/diariodelsurdigital.com.ar\\\/\"},{\"@type\":\"ListItem\",\"position\":2,\"name\":\"Brasil: Ordenan investigar a Bolsonaro por su rol en la crisis sanitaria del Covid-19\"}]},{\"@type\":\"WebSite\",\"@id\":\"https:\\\/\\\/diariodelsurdigital.com.ar\\\/#website\",\"url\":\"https:\\\/\\\/diariodelsurdigital.com.ar\\\/\",\"name\":\"Diario del Sur\",\"description\":\"Digital\",\"potentialAction\":[{\"@type\":\"SearchAction\",\"target\":{\"@type\":\"EntryPoint\",\"urlTemplate\":\"https:\\\/\\\/diariodelsurdigital.com.ar\\\/?s={search_term_string}\"},\"query-input\":{\"@type\":\"PropertyValueSpecification\",\"valueRequired\":true,\"valueName\":\"search_term_string\"}}],\"inLanguage\":\"es\"},{\"@type\":\"Person\",\"@id\":\"https:\\\/\\\/diariodelsurdigital.com.ar\\\/#\\\/schema\\\/person\\\/1a4992532ed62965c968031b49195c81\",\"name\":\"Diario del Sur Digital\",\"image\":{\"@type\":\"ImageObject\",\"inLanguage\":\"es\",\"@id\":\"https:\\\/\\\/secure.gravatar.com\\\/avatar\\\/f0c7c47fc7146d19828273b9b8eda651c9c7ab583767e6338d3d3bee825adf76?s=96&d=mm&r=g\",\"url\":\"https:\\\/\\\/secure.gravatar.com\\\/avatar\\\/f0c7c47fc7146d19828273b9b8eda651c9c7ab583767e6338d3d3bee825adf76?s=96&d=mm&r=g\",\"contentUrl\":\"https:\\\/\\\/secure.gravatar.com\\\/avatar\\\/f0c7c47fc7146d19828273b9b8eda651c9c7ab583767e6338d3d3bee825adf76?s=96&d=mm&r=g\",\"caption\":\"Diario del Sur Digital\"},\"url\":\"https:\\\/\\\/diariodelsurdigital.com.ar\\\/?author=4\"}]}<\/script>\n<!-- \/ Yoast SEO plugin. -->","yoast_head_json":{"title":"Brasil: Ordenan investigar a Bolsonaro por su rol en la crisis sanitaria del Covid-19 - Diario del Sur","robots":{"index":"index","follow":"follow","max-snippet":"max-snippet:-1","max-image-preview":"max-image-preview:large","max-video-preview":"max-video-preview:-1"},"canonical":"https:\/\/diariodelsurdigital.com.ar\/?p=4781","og_locale":"es_ES","og_type":"article","og_title":"Brasil: Ordenan investigar a Bolsonaro por su rol en la crisis sanitaria del Covid-19 - Diario del Sur","og_description":"La decisi\u00f3n fue tomada por el juez del Supremo Tribunal Federal, Fl\u00e1vio Dino, e involucra al expresidente, sus tres hijos, exfuncionarios y aliados. Se investigar\u00e1n delitos como malversaci\u00f3n de fondos, fraude en licitaciones y propagaci\u00f3n de epidemia con resultado de muerte en un pa\u00eds con m\u00e1s de 700.000 muertes por la enfermedad. El juez del [&hellip;]","og_url":"https:\/\/diariodelsurdigital.com.ar\/?p=4781","og_site_name":"Diario del Sur","article_published_time":"2025-09-22T13:42:25+00:00","article_modified_time":"2025-09-22T13:42:26+00:00","og_image":[{"width":992,"height":661,"url":"https:\/\/diariodelsurdigital.com.ar\/wp-content\/uploads\/2025\/09\/md-10-1.webp","type":"image\/webp"}],"author":"Diario del Sur Digital","twitter_card":"summary_large_image","twitter_misc":{"Escrito por":"Diario del Sur Digital","Tiempo de lectura":"4 minutos"},"schema":{"@context":"https:\/\/schema.org","@graph":[{"@type":"Article","@id":"https:\/\/diariodelsurdigital.com.ar\/?p=4781#article","isPartOf":{"@id":"https:\/\/diariodelsurdigital.com.ar\/?p=4781"},"author":{"name":"Diario del Sur Digital","@id":"https:\/\/diariodelsurdigital.com.ar\/#\/schema\/person\/1a4992532ed62965c968031b49195c81"},"headline":"Brasil: Ordenan investigar a Bolsonaro por su rol en la crisis sanitaria del Covid-19","datePublished":"2025-09-22T13:42:25+00:00","dateModified":"2025-09-22T13:42:26+00:00","mainEntityOfPage":{"@id":"https:\/\/diariodelsurdigital.com.ar\/?p=4781"},"wordCount":905,"commentCount":0,"image":{"@id":"https:\/\/diariodelsurdigital.com.ar\/?p=4781#primaryimage"},"thumbnailUrl":"https:\/\/diariodelsurdigital.com.ar\/wp-content\/uploads\/2025\/09\/md-10-1.webp","articleSection":["Internacionales","Pol\u00edtica"],"inLanguage":"es","potentialAction":[{"@type":"CommentAction","name":"Comment","target":["https:\/\/diariodelsurdigital.com.ar\/?p=4781#respond"]}]},{"@type":"WebPage","@id":"https:\/\/diariodelsurdigital.com.ar\/?p=4781","url":"https:\/\/diariodelsurdigital.com.ar\/?p=4781","name":"Brasil: Ordenan investigar a Bolsonaro por su rol en la crisis sanitaria del Covid-19 - Diario del Sur","isPartOf":{"@id":"https:\/\/diariodelsurdigital.com.ar\/#website"},"primaryImageOfPage":{"@id":"https:\/\/diariodelsurdigital.com.ar\/?p=4781#primaryimage"},"image":{"@id":"https:\/\/diariodelsurdigital.com.ar\/?p=4781#primaryimage"},"thumbnailUrl":"https:\/\/diariodelsurdigital.com.ar\/wp-content\/uploads\/2025\/09\/md-10-1.webp","datePublished":"2025-09-22T13:42:25+00:00","dateModified":"2025-09-22T13:42:26+00:00","author":{"@id":"https:\/\/diariodelsurdigital.com.ar\/#\/schema\/person\/1a4992532ed62965c968031b49195c81"},"breadcrumb":{"@id":"https:\/\/diariodelsurdigital.com.ar\/?p=4781#breadcrumb"},"inLanguage":"es","potentialAction":[{"@type":"ReadAction","target":["https:\/\/diariodelsurdigital.com.ar\/?p=4781"]}]},{"@type":"ImageObject","inLanguage":"es","@id":"https:\/\/diariodelsurdigital.com.ar\/?p=4781#primaryimage","url":"https:\/\/diariodelsurdigital.com.ar\/wp-content\/uploads\/2025\/09\/md-10-1.webp","contentUrl":"https:\/\/diariodelsurdigital.com.ar\/wp-content\/uploads\/2025\/09\/md-10-1.webp","width":992,"height":661},{"@type":"BreadcrumbList","@id":"https:\/\/diariodelsurdigital.com.ar\/?p=4781#breadcrumb","itemListElement":[{"@type":"ListItem","position":1,"name":"Portada","item":"https:\/\/diariodelsurdigital.com.ar\/"},{"@type":"ListItem","position":2,"name":"Brasil: Ordenan investigar a Bolsonaro por su rol en la crisis sanitaria del Covid-19"}]},{"@type":"WebSite","@id":"https:\/\/diariodelsurdigital.com.ar\/#website","url":"https:\/\/diariodelsurdigital.com.ar\/","name":"Diario del Sur","description":"Digital","potentialAction":[{"@type":"SearchAction","target":{"@type":"EntryPoint","urlTemplate":"https:\/\/diariodelsurdigital.com.ar\/?s={search_term_string}"},"query-input":{"@type":"PropertyValueSpecification","valueRequired":true,"valueName":"search_term_string"}}],"inLanguage":"es"},{"@type":"Person","@id":"https:\/\/diariodelsurdigital.com.ar\/#\/schema\/person\/1a4992532ed62965c968031b49195c81","name":"Diario del Sur Digital","image":{"@type":"ImageObject","inLanguage":"es","@id":"https:\/\/secure.gravatar.com\/avatar\/f0c7c47fc7146d19828273b9b8eda651c9c7ab583767e6338d3d3bee825adf76?s=96&d=mm&r=g","url":"https:\/\/secure.gravatar.com\/avatar\/f0c7c47fc7146d19828273b9b8eda651c9c7ab583767e6338d3d3bee825adf76?s=96&d=mm&r=g","contentUrl":"https:\/\/secure.gravatar.com\/avatar\/f0c7c47fc7146d19828273b9b8eda651c9c7ab583767e6338d3d3bee825adf76?s=96&d=mm&r=g","caption":"Diario del Sur Digital"},"url":"https:\/\/diariodelsurdigital.com.ar\/?author=4"}]}},"_links":{"self":[{"href":"https:\/\/diariodelsurdigital.com.ar\/index.php?rest_route=\/wp\/v2\/posts\/4781","targetHints":{"allow":["GET"]}}],"collection":[{"href":"https:\/\/diariodelsurdigital.com.ar\/index.php?rest_route=\/wp\/v2\/posts"}],"about":[{"href":"https:\/\/diariodelsurdigital.com.ar\/index.php?rest_route=\/wp\/v2\/types\/post"}],"author":[{"embeddable":true,"href":"https:\/\/diariodelsurdigital.com.ar\/index.php?rest_route=\/wp\/v2\/users\/4"}],"replies":[{"embeddable":true,"href":"https:\/\/diariodelsurdigital.com.ar\/index.php?rest_route=%2Fwp%2Fv2%2Fcomments&post=4781"}],"version-history":[{"count":1,"href":"https:\/\/diariodelsurdigital.com.ar\/index.php?rest_route=\/wp\/v2\/posts\/4781\/revisions"}],"predecessor-version":[{"id":4783,"href":"https:\/\/diariodelsurdigital.com.ar\/index.php?rest_route=\/wp\/v2\/posts\/4781\/revisions\/4783"}],"wp:featuredmedia":[{"embeddable":true,"href":"https:\/\/diariodelsurdigital.com.ar\/index.php?rest_route=\/wp\/v2\/media\/4782"}],"wp:attachment":[{"href":"https:\/\/diariodelsurdigital.com.ar\/index.php?rest_route=%2Fwp%2Fv2%2Fmedia&parent=4781"}],"wp:term":[{"taxonomy":"category","embeddable":true,"href":"https:\/\/diariodelsurdigital.com.ar\/index.php?rest_route=%2Fwp%2Fv2%2Fcategories&post=4781"},{"taxonomy":"post_tag","embeddable":true,"href":"https:\/\/diariodelsurdigital.com.ar\/index.php?rest_route=%2Fwp%2Fv2%2Ftags&post=4781"}],"curies":[{"name":"wp","href":"https:\/\/api.w.org\/{rel}","templated":true}]}}