{"id":4794,"date":"2025-09-23T14:31:15","date_gmt":"2025-09-23T17:31:15","guid":{"rendered":"https:\/\/diariodelsurdigital.com.ar\/?p=4794"},"modified":"2025-09-23T14:31:16","modified_gmt":"2025-09-23T17:31:16","slug":"afirman-que-frigerio-padece-el-sindrome-del-pato-rengo-y-pierde-capacidad-de-gobierno","status":"publish","type":"post","link":"https:\/\/diariodelsurdigital.com.ar\/?p=4794","title":{"rendered":"Afirman que Frigerio padece el \u00abs\u00edndrome del pato rengo\u00bb y pierde capacidad de gobierno"},"content":{"rendered":"\n<p>El ex Secretario de Producci\u00f3n de la Provincia y referente del Centro de Estudio de Desarrollo Macroecon\u00f3mico (Cedma), \u00c1lvaro Gab\u00e1s public\u00f3 una columna de opini\u00f3n en la que sostuvo que el gobernador Rogelio Frigerio perdi\u00f3 su \u201ccapacidad real de decisi\u00f3n\u201d y liderazgo pol\u00edtico al subordinarse al gobierno nacional de Javier Milei. Desperdici\u00f3 la posibilidad de erigirse como referente federal y aparece reducido \u201caun mero delegado del poder nacional\u201d.<\/p>\n\n\n\n<p>\u201cEn pol\u00edtica, el \u2018pato rengo\u2019 es aquel gobernante que, aunque mantiene el poder formal, ha perdido la capacidad real de decisi\u00f3n, de conducci\u00f3n y de influencia sobre la agenda p\u00fablica. Rogelio Frigerio encarna este s\u00edndrome en Entre R\u00edos desde el inicio de su mandato, y lo profundiza d\u00eda tras d\u00eda\u201d, enfatiz\u00f3 Gab\u00e1s.<\/p>\n\n\n\n<p>\u201cEl gobernador eligi\u00f3 caminar a la sombra de Javier Milei. Renunci\u00f3 a construir un liderazgo propio en la Regi\u00f3n Centro y desperdici\u00f3 la posibilidad de erigirse como referente federal. En lugar de eso, se subordin\u00f3 a un proyecto autoritario y centralista que castiga a las provincias. Hoy, lejos del federalismo y sin margen pol\u00edtico, Frigerio aparece reducido a un mero delegado del poder nacional\u201d, manifest\u00f3 luego.<\/p>\n\n\n\n<p>\u201cLa legitimidad de su gesti\u00f3n se erosiona r\u00e1pidamente. Los \u00faltimos resultados electorales en la Provincia de Buenos Aires fueron un golpe de realidad: la sociedad ya expresa un claro rechazo al modelo de ajuste y exclusi\u00f3n de Milei. Y Frigerio, aunque con otras formas ret\u00f3ricas, aplic\u00f3 la misma receta en Entre R\u00edos\u201d, asegur\u00f3.<\/p>\n\n\n\n<p>\u201cEl saldo est\u00e1 a la vista\u201d, dijo y enumer\u00f3:<\/p>\n\n\n\n<p>Ajuste fiscal brutal que paraliz\u00f3 la obra p\u00fablica y ca\u00edda del salario real.<br>Desmantelamiento de la salud (Iosper) y degradaci\u00f3n de la educaci\u00f3n.<br>Endeudamiento provincial que hipoteca el futuro.<br>Ausencia total de pol\u00edticas de compensaci\u00f3n social.<br>Una elocuente indiferencia a las necesidades de los entrerrianos.<br>\u201cEl resultado: un gobernador debilitado, atrapado en la l\u00f3gica del sometimiento, sin capacidad de reacci\u00f3n. La alianza con La Libertad Avanza no muestra futuro, carece de signos vitales y evidencia m\u00e1s subordinaci\u00f3n que estrategia\u201d, consider\u00f3.<\/p>\n\n\n\n<p>\u201cPor primera vez, un gobernador entrerriano llega a la antesala de las elecciones de medio t\u00e9rmino con el \u2018s\u00edndrome del pato rengo\u2019 instalado en su propia gesti\u00f3n. Frigerio gobierna con poder formal, pero con un poder pol\u00edtico socavado\u201d, finaliz\u00f3.<\/p>\n","protected":false},"excerpt":{"rendered":"<p>El ex Secretario de Producci\u00f3n de la Provincia y referente del Centro de Estudio de Desarrollo Macroecon\u00f3mico (Cedma), \u00c1lvaro Gab\u00e1s public\u00f3 una columna de opini\u00f3n en la que sostuvo que el gobernador Rogelio Frigerio perdi\u00f3 su \u201ccapacidad real de decisi\u00f3n\u201d y liderazgo pol\u00edtico al subordinarse al gobierno nacional de Javier Milei. Desperdici\u00f3 la posibilidad de [&hellip;]<\/p>\n","protected":false},"author":4,"featured_media":4795,"comment_status":"open","ping_status":"open","sticky":false,"template":"","format":"standard","meta":{"footnotes":""},"categories":[22,17],"tags":[],"class_list":{"0":"post-4794","1":"post","2":"type-post","3":"status-publish","4":"format-standard","5":"has-post-thumbnail","7":"category-politica","8":"category-provinciales"},"yoast_head":"<!-- This site is optimized with the Yoast SEO plugin v27.4 - https:\/\/yoast.com\/product\/yoast-seo-wordpress\/ -->\n<title>Afirman que Frigerio padece el &quot;s\u00edndrome del pato rengo&quot; y pierde capacidad de gobierno - Diario del Sur<\/title>\n<meta name=\"robots\" content=\"index, follow, max-snippet:-1, max-image-preview:large, max-video-preview:-1\" \/>\n<link rel=\"canonical\" href=\"https:\/\/diariodelsurdigital.com.ar\/?p=4794\" \/>\n<meta property=\"og:locale\" content=\"es_ES\" \/>\n<meta property=\"og:type\" content=\"article\" \/>\n<meta property=\"og:title\" content=\"Afirman que Frigerio padece el &quot;s\u00edndrome del pato rengo&quot; y pierde capacidad de gobierno - Diario del Sur\" \/>\n<meta property=\"og:description\" content=\"El ex Secretario de Producci\u00f3n de la Provincia y referente del Centro de Estudio de Desarrollo Macroecon\u00f3mico (Cedma), \u00c1lvaro Gab\u00e1s public\u00f3 una columna de opini\u00f3n en la que sostuvo que el gobernador Rogelio Frigerio perdi\u00f3 su \u201ccapacidad real de decisi\u00f3n\u201d y liderazgo pol\u00edtico al subordinarse al gobierno nacional de Javier Milei. Desperdici\u00f3 la posibilidad de [&hellip;]\" \/>\n<meta property=\"og:url\" content=\"https:\/\/diariodelsurdigital.com.ar\/?p=4794\" \/>\n<meta property=\"og:site_name\" content=\"Diario del Sur\" \/>\n<meta property=\"article:published_time\" content=\"2025-09-23T17:31:15+00:00\" \/>\n<meta property=\"article:modified_time\" content=\"2025-09-23T17:31:16+00:00\" \/>\n<meta property=\"og:image\" content=\"https:\/\/diariodelsurdigital.com.ar\/wp-content\/uploads\/2025\/09\/md-1-2.webp\" \/>\n\t<meta property=\"og:image:width\" content=\"992\" \/>\n\t<meta property=\"og:image:height\" content=\"770\" \/>\n\t<meta property=\"og:image:type\" content=\"image\/webp\" \/>\n<meta name=\"author\" content=\"Diario del Sur Digital\" \/>\n<meta name=\"twitter:card\" content=\"summary_large_image\" \/>\n<meta name=\"twitter:label1\" content=\"Escrito por\" \/>\n\t<meta name=\"twitter:data1\" content=\"Diario del Sur Digital\" \/>\n\t<meta name=\"twitter:label2\" content=\"Tiempo de lectura\" \/>\n\t<meta name=\"twitter:data2\" content=\"2 minutos\" \/>\n<script type=\"application\/ld+json\" class=\"yoast-schema-graph\">{\"@context\":\"https:\\\/\\\/schema.org\",\"@graph\":[{\"@type\":\"Article\",\"@id\":\"https:\\\/\\\/diariodelsurdigital.com.ar\\\/?p=4794#article\",\"isPartOf\":{\"@id\":\"https:\\\/\\\/diariodelsurdigital.com.ar\\\/?p=4794\"},\"author\":{\"name\":\"Diario del Sur Digital\",\"@id\":\"https:\\\/\\\/diariodelsurdigital.com.ar\\\/#\\\/schema\\\/person\\\/1a4992532ed62965c968031b49195c81\"},\"headline\":\"Afirman que Frigerio padece el \u00abs\u00edndrome del pato rengo\u00bb y pierde capacidad de gobierno\",\"datePublished\":\"2025-09-23T17:31:15+00:00\",\"dateModified\":\"2025-09-23T17:31:16+00:00\",\"mainEntityOfPage\":{\"@id\":\"https:\\\/\\\/diariodelsurdigital.com.ar\\\/?p=4794\"},\"wordCount\":418,\"commentCount\":0,\"image\":{\"@id\":\"https:\\\/\\\/diariodelsurdigital.com.ar\\\/?p=4794#primaryimage\"},\"thumbnailUrl\":\"https:\\\/\\\/diariodelsurdigital.com.ar\\\/wp-content\\\/uploads\\\/2025\\\/09\\\/md-1-2.webp\",\"articleSection\":[\"Pol\u00edtica\",\"Provinciales\"],\"inLanguage\":\"es\",\"potentialAction\":[{\"@type\":\"CommentAction\",\"name\":\"Comment\",\"target\":[\"https:\\\/\\\/diariodelsurdigital.com.ar\\\/?p=4794#respond\"]}]},{\"@type\":\"WebPage\",\"@id\":\"https:\\\/\\\/diariodelsurdigital.com.ar\\\/?p=4794\",\"url\":\"https:\\\/\\\/diariodelsurdigital.com.ar\\\/?p=4794\",\"name\":\"Afirman que Frigerio padece el \\\"s\u00edndrome del pato rengo\\\" y pierde capacidad de gobierno - Diario del Sur\",\"isPartOf\":{\"@id\":\"https:\\\/\\\/diariodelsurdigital.com.ar\\\/#website\"},\"primaryImageOfPage\":{\"@id\":\"https:\\\/\\\/diariodelsurdigital.com.ar\\\/?p=4794#primaryimage\"},\"image\":{\"@id\":\"https:\\\/\\\/diariodelsurdigital.com.ar\\\/?p=4794#primaryimage\"},\"thumbnailUrl\":\"https:\\\/\\\/diariodelsurdigital.com.ar\\\/wp-content\\\/uploads\\\/2025\\\/09\\\/md-1-2.webp\",\"datePublished\":\"2025-09-23T17:31:15+00:00\",\"dateModified\":\"2025-09-23T17:31:16+00:00\",\"author\":{\"@id\":\"https:\\\/\\\/diariodelsurdigital.com.ar\\\/#\\\/schema\\\/person\\\/1a4992532ed62965c968031b49195c81\"},\"breadcrumb\":{\"@id\":\"https:\\\/\\\/diariodelsurdigital.com.ar\\\/?p=4794#breadcrumb\"},\"inLanguage\":\"es\",\"potentialAction\":[{\"@type\":\"ReadAction\",\"target\":[\"https:\\\/\\\/diariodelsurdigital.com.ar\\\/?p=4794\"]}]},{\"@type\":\"ImageObject\",\"inLanguage\":\"es\",\"@id\":\"https:\\\/\\\/diariodelsurdigital.com.ar\\\/?p=4794#primaryimage\",\"url\":\"https:\\\/\\\/diariodelsurdigital.com.ar\\\/wp-content\\\/uploads\\\/2025\\\/09\\\/md-1-2.webp\",\"contentUrl\":\"https:\\\/\\\/diariodelsurdigital.com.ar\\\/wp-content\\\/uploads\\\/2025\\\/09\\\/md-1-2.webp\",\"width\":992,\"height\":770},{\"@type\":\"BreadcrumbList\",\"@id\":\"https:\\\/\\\/diariodelsurdigital.com.ar\\\/?p=4794#breadcrumb\",\"itemListElement\":[{\"@type\":\"ListItem\",\"position\":1,\"name\":\"Portada\",\"item\":\"https:\\\/\\\/diariodelsurdigital.com.ar\\\/\"},{\"@type\":\"ListItem\",\"position\":2,\"name\":\"Afirman que Frigerio padece el \u00abs\u00edndrome del pato rengo\u00bb y pierde capacidad de gobierno\"}]},{\"@type\":\"WebSite\",\"@id\":\"https:\\\/\\\/diariodelsurdigital.com.ar\\\/#website\",\"url\":\"https:\\\/\\\/diariodelsurdigital.com.ar\\\/\",\"name\":\"Diario del Sur\",\"description\":\"Digital\",\"potentialAction\":[{\"@type\":\"SearchAction\",\"target\":{\"@type\":\"EntryPoint\",\"urlTemplate\":\"https:\\\/\\\/diariodelsurdigital.com.ar\\\/?s={search_term_string}\"},\"query-input\":{\"@type\":\"PropertyValueSpecification\",\"valueRequired\":true,\"valueName\":\"search_term_string\"}}],\"inLanguage\":\"es\"},{\"@type\":\"Person\",\"@id\":\"https:\\\/\\\/diariodelsurdigital.com.ar\\\/#\\\/schema\\\/person\\\/1a4992532ed62965c968031b49195c81\",\"name\":\"Diario del Sur Digital\",\"image\":{\"@type\":\"ImageObject\",\"inLanguage\":\"es\",\"@id\":\"https:\\\/\\\/secure.gravatar.com\\\/avatar\\\/f0c7c47fc7146d19828273b9b8eda651c9c7ab583767e6338d3d3bee825adf76?s=96&d=mm&r=g\",\"url\":\"https:\\\/\\\/secure.gravatar.com\\\/avatar\\\/f0c7c47fc7146d19828273b9b8eda651c9c7ab583767e6338d3d3bee825adf76?s=96&d=mm&r=g\",\"contentUrl\":\"https:\\\/\\\/secure.gravatar.com\\\/avatar\\\/f0c7c47fc7146d19828273b9b8eda651c9c7ab583767e6338d3d3bee825adf76?s=96&d=mm&r=g\",\"caption\":\"Diario del Sur Digital\"},\"url\":\"https:\\\/\\\/diariodelsurdigital.com.ar\\\/?author=4\"}]}<\/script>\n<!-- \/ Yoast SEO plugin. -->","yoast_head_json":{"title":"Afirman que Frigerio padece el \"s\u00edndrome del pato rengo\" y pierde capacidad de gobierno - Diario del Sur","robots":{"index":"index","follow":"follow","max-snippet":"max-snippet:-1","max-image-preview":"max-image-preview:large","max-video-preview":"max-video-preview:-1"},"canonical":"https:\/\/diariodelsurdigital.com.ar\/?p=4794","og_locale":"es_ES","og_type":"article","og_title":"Afirman que Frigerio padece el \"s\u00edndrome del pato rengo\" y pierde capacidad de gobierno - Diario del Sur","og_description":"El ex Secretario de Producci\u00f3n de la Provincia y referente del Centro de Estudio de Desarrollo Macroecon\u00f3mico (Cedma), \u00c1lvaro Gab\u00e1s public\u00f3 una columna de opini\u00f3n en la que sostuvo que el gobernador Rogelio Frigerio perdi\u00f3 su \u201ccapacidad real de decisi\u00f3n\u201d y liderazgo pol\u00edtico al subordinarse al gobierno nacional de Javier Milei. Desperdici\u00f3 la posibilidad de [&hellip;]","og_url":"https:\/\/diariodelsurdigital.com.ar\/?p=4794","og_site_name":"Diario del Sur","article_published_time":"2025-09-23T17:31:15+00:00","article_modified_time":"2025-09-23T17:31:16+00:00","og_image":[{"width":992,"height":770,"url":"https:\/\/diariodelsurdigital.com.ar\/wp-content\/uploads\/2025\/09\/md-1-2.webp","type":"image\/webp"}],"author":"Diario del Sur Digital","twitter_card":"summary_large_image","twitter_misc":{"Escrito por":"Diario del Sur Digital","Tiempo de lectura":"2 minutos"},"schema":{"@context":"https:\/\/schema.org","@graph":[{"@type":"Article","@id":"https:\/\/diariodelsurdigital.com.ar\/?p=4794#article","isPartOf":{"@id":"https:\/\/diariodelsurdigital.com.ar\/?p=4794"},"author":{"name":"Diario del Sur Digital","@id":"https:\/\/diariodelsurdigital.com.ar\/#\/schema\/person\/1a4992532ed62965c968031b49195c81"},"headline":"Afirman que Frigerio padece el \u00abs\u00edndrome del pato rengo\u00bb y pierde capacidad de gobierno","datePublished":"2025-09-23T17:31:15+00:00","dateModified":"2025-09-23T17:31:16+00:00","mainEntityOfPage":{"@id":"https:\/\/diariodelsurdigital.com.ar\/?p=4794"},"wordCount":418,"commentCount":0,"image":{"@id":"https:\/\/diariodelsurdigital.com.ar\/?p=4794#primaryimage"},"thumbnailUrl":"https:\/\/diariodelsurdigital.com.ar\/wp-content\/uploads\/2025\/09\/md-1-2.webp","articleSection":["Pol\u00edtica","Provinciales"],"inLanguage":"es","potentialAction":[{"@type":"CommentAction","name":"Comment","target":["https:\/\/diariodelsurdigital.com.ar\/?p=4794#respond"]}]},{"@type":"WebPage","@id":"https:\/\/diariodelsurdigital.com.ar\/?p=4794","url":"https:\/\/diariodelsurdigital.com.ar\/?p=4794","name":"Afirman que Frigerio padece el \"s\u00edndrome del pato rengo\" y pierde capacidad de gobierno - Diario del Sur","isPartOf":{"@id":"https:\/\/diariodelsurdigital.com.ar\/#website"},"primaryImageOfPage":{"@id":"https:\/\/diariodelsurdigital.com.ar\/?p=4794#primaryimage"},"image":{"@id":"https:\/\/diariodelsurdigital.com.ar\/?p=4794#primaryimage"},"thumbnailUrl":"https:\/\/diariodelsurdigital.com.ar\/wp-content\/uploads\/2025\/09\/md-1-2.webp","datePublished":"2025-09-23T17:31:15+00:00","dateModified":"2025-09-23T17:31:16+00:00","author":{"@id":"https:\/\/diariodelsurdigital.com.ar\/#\/schema\/person\/1a4992532ed62965c968031b49195c81"},"breadcrumb":{"@id":"https:\/\/diariodelsurdigital.com.ar\/?p=4794#breadcrumb"},"inLanguage":"es","potentialAction":[{"@type":"ReadAction","target":["https:\/\/diariodelsurdigital.com.ar\/?p=4794"]}]},{"@type":"ImageObject","inLanguage":"es","@id":"https:\/\/diariodelsurdigital.com.ar\/?p=4794#primaryimage","url":"https:\/\/diariodelsurdigital.com.ar\/wp-content\/uploads\/2025\/09\/md-1-2.webp","contentUrl":"https:\/\/diariodelsurdigital.com.ar\/wp-content\/uploads\/2025\/09\/md-1-2.webp","width":992,"height":770},{"@type":"BreadcrumbList","@id":"https:\/\/diariodelsurdigital.com.ar\/?p=4794#breadcrumb","itemListElement":[{"@type":"ListItem","position":1,"name":"Portada","item":"https:\/\/diariodelsurdigital.com.ar\/"},{"@type":"ListItem","position":2,"name":"Afirman que Frigerio padece el \u00abs\u00edndrome del pato rengo\u00bb y pierde capacidad de gobierno"}]},{"@type":"WebSite","@id":"https:\/\/diariodelsurdigital.com.ar\/#website","url":"https:\/\/diariodelsurdigital.com.ar\/","name":"Diario del Sur","description":"Digital","potentialAction":[{"@type":"SearchAction","target":{"@type":"EntryPoint","urlTemplate":"https:\/\/diariodelsurdigital.com.ar\/?s={search_term_string}"},"query-input":{"@type":"PropertyValueSpecification","valueRequired":true,"valueName":"search_term_string"}}],"inLanguage":"es"},{"@type":"Person","@id":"https:\/\/diariodelsurdigital.com.ar\/#\/schema\/person\/1a4992532ed62965c968031b49195c81","name":"Diario del Sur Digital","image":{"@type":"ImageObject","inLanguage":"es","@id":"https:\/\/secure.gravatar.com\/avatar\/f0c7c47fc7146d19828273b9b8eda651c9c7ab583767e6338d3d3bee825adf76?s=96&d=mm&r=g","url":"https:\/\/secure.gravatar.com\/avatar\/f0c7c47fc7146d19828273b9b8eda651c9c7ab583767e6338d3d3bee825adf76?s=96&d=mm&r=g","contentUrl":"https:\/\/secure.gravatar.com\/avatar\/f0c7c47fc7146d19828273b9b8eda651c9c7ab583767e6338d3d3bee825adf76?s=96&d=mm&r=g","caption":"Diario del Sur Digital"},"url":"https:\/\/diariodelsurdigital.com.ar\/?author=4"}]}},"_links":{"self":[{"href":"https:\/\/diariodelsurdigital.com.ar\/index.php?rest_route=\/wp\/v2\/posts\/4794","targetHints":{"allow":["GET"]}}],"collection":[{"href":"https:\/\/diariodelsurdigital.com.ar\/index.php?rest_route=\/wp\/v2\/posts"}],"about":[{"href":"https:\/\/diariodelsurdigital.com.ar\/index.php?rest_route=\/wp\/v2\/types\/post"}],"author":[{"embeddable":true,"href":"https:\/\/diariodelsurdigital.com.ar\/index.php?rest_route=\/wp\/v2\/users\/4"}],"replies":[{"embeddable":true,"href":"https:\/\/diariodelsurdigital.com.ar\/index.php?rest_route=%2Fwp%2Fv2%2Fcomments&post=4794"}],"version-history":[{"count":1,"href":"https:\/\/diariodelsurdigital.com.ar\/index.php?rest_route=\/wp\/v2\/posts\/4794\/revisions"}],"predecessor-version":[{"id":4796,"href":"https:\/\/diariodelsurdigital.com.ar\/index.php?rest_route=\/wp\/v2\/posts\/4794\/revisions\/4796"}],"wp:featuredmedia":[{"embeddable":true,"href":"https:\/\/diariodelsurdigital.com.ar\/index.php?rest_route=\/wp\/v2\/media\/4795"}],"wp:attachment":[{"href":"https:\/\/diariodelsurdigital.com.ar\/index.php?rest_route=%2Fwp%2Fv2%2Fmedia&parent=4794"}],"wp:term":[{"taxonomy":"category","embeddable":true,"href":"https:\/\/diariodelsurdigital.com.ar\/index.php?rest_route=%2Fwp%2Fv2%2Fcategories&post=4794"},{"taxonomy":"post_tag","embeddable":true,"href":"https:\/\/diariodelsurdigital.com.ar\/index.php?rest_route=%2Fwp%2Fv2%2Ftags&post=4794"}],"curies":[{"name":"wp","href":"https:\/\/api.w.org\/{rel}","templated":true}]}}