{"id":4797,"date":"2025-09-23T14:49:39","date_gmt":"2025-09-23T17:49:39","guid":{"rendered":"https:\/\/diariodelsurdigital.com.ar\/?p=4797"},"modified":"2025-09-23T14:49:40","modified_gmt":"2025-09-23T17:49:40","slug":"pami-en-crisis-sueldos-congelados-paros-en-todo-el-pais-y-prestaciones-en-riesgo","status":"publish","type":"post","link":"https:\/\/diariodelsurdigital.com.ar\/?p=4797","title":{"rendered":"PAMI en crisis: Sueldos congelados, paros en todo el pa\u00eds y prestaciones en riesgo"},"content":{"rendered":"\n<p>Con salarios estancados desde diciembre de 2024 y prestaciones en riesgo, los gremios intensifican medidas de fuerza y acciones judiciales para exigir paritarias y condiciones dignas.<\/p>\n\n\n\n<p>Los trabajadores del PAMI (Programa de Atenci\u00f3n M\u00e9dica Integral) enfrentan una crisis sin precedentes debido al congelamiento salarial desde diciembre de 2024, que desencaden\u00f3 un plan de lucha nacional y presentaciones judiciales, impulsadas por los gremios con representaci\u00f3n en el organismo.<\/p>\n\n\n\n<p>La falta de aumentos, en un contexto de inflaci\u00f3n mensual alta, gener\u00f3 una p\u00e9rdida hist\u00f3rica del poder adquisitivo, afectando a m\u00e1s de la mitad de los empleados que recurren a adelantos de sueldo para subsistir. Este escenario, agravado por el deterioro de las prestaciones del instituto, cre\u00f3 un clima de tensi\u00f3n y malestar en la obra social de los jubilados.<\/p>\n\n\n\n<p>PAMI: Plan de lucha en unidad<\/p>\n\n\n\n<p>Las conducciones de APPAMIA, SUTEPA, ATE y UTI, en unidad lanzaron medidas de fuerza, mientras la delegaci\u00f3n de UPCN en la obra social realiz\u00f3 un amparo en la Justicia para exigir la convocatoria a paritarias.<\/p>\n\n\n\n<p>Representantes gremiales, entre ellos Roberto Souto (APPAMIA), Hern\u00e1n Corredoir\u00e1 (SUTEPA), Ram\u00f3n Farias (ATE) y Osvaldo Barrerada (UTI), se reunieron este mi\u00e9rcoles en la sede de UTI para reafirmar su unidad y anunciar la continuidad de las medidas de fuerza. Las mimas incluyen ceses de tareas de una hora los d\u00edas martes 23 y jueves 25 de septiembre, de 11 a 12 horas, en todos los edificios del PAMI a nivel nacional. Los gremios advirtieron que las acciones se intensificar\u00e1n si no hay respuestas a sus demandas de apertura inmediata de paritarias y salarios dignos.<\/p>\n\n\n\n<p>El conflicto comenz\u00f3 a visibilizarse la semana pasada con un acto en el hall central de la sede del PAMI, donde los secretarios generales de UTI, ATE y SUTEPA destacaron la unidad hist\u00f3rica alcanzada y la urgencia de una respuesta frente al ajuste salarial y la falta de di\u00e1logo con las autoridades. El plan de lucha se inici\u00f3 el 18 de septiembre con un cese de tareas a nivel nacional, y los gremios aseguran que las medidas escalar\u00e1n progresivamente si no se atienden sus reclamos.<\/p>\n\n\n\n<p>Amparo de UPCN por paritarias en PAMI<\/p>\n\n\n\n<p>Por su parte, UPCN ha elevado el conflicto al \u00e1mbito judicial, presentando un recurso de amparo por mora para exigir que el Ministerio de Trabajo convoque a la comisi\u00f3n negociadora del convenio colectivo (CCT 697\/05-E). En su presentaci\u00f3n, el gremio subray\u00f3 que \u201cla paritaria es un derecho\u201d y denunci\u00f3 la inacci\u00f3n de las autoridades ante los reiterados pedidos de negociaci\u00f3n. Con salarios congelados por casi 300 d\u00edas, los trabajadores enfrentan una situaci\u00f3n insostenible que tambi\u00e9n pone en riesgo la calidad de las prestaciones para los jubilados.<\/p>\n\n\n\n<p>La unidad de APPAMIA, SUTEPA, ATE y UTI refleja la gravedad del conflicto. Con asambleas en todo el pa\u00eds y acciones legales en marcha, los gremios exigen soluciones urgentes para garantizar salarios justos, condiciones laborales dignas y la continuidad de las prestaciones esenciales para los adultos mayores. Mientras la crisis se profundiza, la incertidumbre sobre el futuro del instituto y sus trabajadores crece, dejando al PAMI en el centro de un conflicto que promete intensificarse, public\u00f3 Mundo Gremial.<\/p>\n","protected":false},"excerpt":{"rendered":"<p>Con salarios estancados desde diciembre de 2024 y prestaciones en riesgo, los gremios intensifican medidas de fuerza y acciones judiciales para exigir paritarias y condiciones dignas. Los trabajadores del PAMI (Programa de Atenci\u00f3n M\u00e9dica Integral) enfrentan una crisis sin precedentes debido al congelamiento salarial desde diciembre de 2024, que desencaden\u00f3 un plan de lucha nacional [&hellip;]<\/p>\n","protected":false},"author":4,"featured_media":4798,"comment_status":"open","ping_status":"open","sticky":false,"template":"","format":"standard","meta":{"footnotes":""},"categories":[19],"tags":[],"class_list":{"0":"post-4797","1":"post","2":"type-post","3":"status-publish","4":"format-standard","5":"has-post-thumbnail","7":"category-interes-general"},"yoast_head":"<!-- This site is optimized with the Yoast SEO plugin v27.4 - https:\/\/yoast.com\/product\/yoast-seo-wordpress\/ -->\n<title>PAMI en crisis: Sueldos congelados, paros en todo el pa\u00eds y prestaciones en riesgo - Diario del Sur<\/title>\n<meta name=\"robots\" content=\"index, follow, max-snippet:-1, max-image-preview:large, max-video-preview:-1\" \/>\n<link rel=\"canonical\" href=\"https:\/\/diariodelsurdigital.com.ar\/?p=4797\" \/>\n<meta property=\"og:locale\" content=\"es_ES\" \/>\n<meta property=\"og:type\" content=\"article\" \/>\n<meta property=\"og:title\" content=\"PAMI en crisis: Sueldos congelados, paros en todo el pa\u00eds y prestaciones en riesgo - Diario del Sur\" \/>\n<meta property=\"og:description\" content=\"Con salarios estancados desde diciembre de 2024 y prestaciones en riesgo, los gremios intensifican medidas de fuerza y acciones judiciales para exigir paritarias y condiciones dignas. Los trabajadores del PAMI (Programa de Atenci\u00f3n M\u00e9dica Integral) enfrentan una crisis sin precedentes debido al congelamiento salarial desde diciembre de 2024, que desencaden\u00f3 un plan de lucha nacional [&hellip;]\" \/>\n<meta property=\"og:url\" content=\"https:\/\/diariodelsurdigital.com.ar\/?p=4797\" \/>\n<meta property=\"og:site_name\" content=\"Diario del Sur\" \/>\n<meta property=\"article:published_time\" content=\"2025-09-23T17:49:39+00:00\" \/>\n<meta property=\"article:modified_time\" content=\"2025-09-23T17:49:40+00:00\" \/>\n<meta property=\"og:image\" content=\"https:\/\/diariodelsurdigital.com.ar\/wp-content\/uploads\/2025\/09\/md-2-3.webp\" \/>\n\t<meta property=\"og:image:width\" content=\"992\" \/>\n\t<meta property=\"og:image:height\" content=\"558\" \/>\n\t<meta property=\"og:image:type\" content=\"image\/webp\" \/>\n<meta name=\"author\" content=\"Diario del Sur Digital\" \/>\n<meta name=\"twitter:card\" content=\"summary_large_image\" \/>\n<meta name=\"twitter:label1\" content=\"Escrito por\" \/>\n\t<meta name=\"twitter:data1\" content=\"Diario del Sur Digital\" \/>\n\t<meta name=\"twitter:label2\" content=\"Tiempo de lectura\" \/>\n\t<meta name=\"twitter:data2\" content=\"3 minutos\" \/>\n<script type=\"application\/ld+json\" class=\"yoast-schema-graph\">{\"@context\":\"https:\\\/\\\/schema.org\",\"@graph\":[{\"@type\":\"Article\",\"@id\":\"https:\\\/\\\/diariodelsurdigital.com.ar\\\/?p=4797#article\",\"isPartOf\":{\"@id\":\"https:\\\/\\\/diariodelsurdigital.com.ar\\\/?p=4797\"},\"author\":{\"name\":\"Diario del Sur Digital\",\"@id\":\"https:\\\/\\\/diariodelsurdigital.com.ar\\\/#\\\/schema\\\/person\\\/1a4992532ed62965c968031b49195c81\"},\"headline\":\"PAMI en crisis: Sueldos congelados, paros en todo el pa\u00eds y prestaciones en riesgo\",\"datePublished\":\"2025-09-23T17:49:39+00:00\",\"dateModified\":\"2025-09-23T17:49:40+00:00\",\"mainEntityOfPage\":{\"@id\":\"https:\\\/\\\/diariodelsurdigital.com.ar\\\/?p=4797\"},\"wordCount\":550,\"commentCount\":0,\"image\":{\"@id\":\"https:\\\/\\\/diariodelsurdigital.com.ar\\\/?p=4797#primaryimage\"},\"thumbnailUrl\":\"https:\\\/\\\/diariodelsurdigital.com.ar\\\/wp-content\\\/uploads\\\/2025\\\/09\\\/md-2-3.webp\",\"articleSection\":[\"Inter\u00e9s General\"],\"inLanguage\":\"es\",\"potentialAction\":[{\"@type\":\"CommentAction\",\"name\":\"Comment\",\"target\":[\"https:\\\/\\\/diariodelsurdigital.com.ar\\\/?p=4797#respond\"]}]},{\"@type\":\"WebPage\",\"@id\":\"https:\\\/\\\/diariodelsurdigital.com.ar\\\/?p=4797\",\"url\":\"https:\\\/\\\/diariodelsurdigital.com.ar\\\/?p=4797\",\"name\":\"PAMI en crisis: Sueldos congelados, paros en todo el pa\u00eds y prestaciones en riesgo - Diario del Sur\",\"isPartOf\":{\"@id\":\"https:\\\/\\\/diariodelsurdigital.com.ar\\\/#website\"},\"primaryImageOfPage\":{\"@id\":\"https:\\\/\\\/diariodelsurdigital.com.ar\\\/?p=4797#primaryimage\"},\"image\":{\"@id\":\"https:\\\/\\\/diariodelsurdigital.com.ar\\\/?p=4797#primaryimage\"},\"thumbnailUrl\":\"https:\\\/\\\/diariodelsurdigital.com.ar\\\/wp-content\\\/uploads\\\/2025\\\/09\\\/md-2-3.webp\",\"datePublished\":\"2025-09-23T17:49:39+00:00\",\"dateModified\":\"2025-09-23T17:49:40+00:00\",\"author\":{\"@id\":\"https:\\\/\\\/diariodelsurdigital.com.ar\\\/#\\\/schema\\\/person\\\/1a4992532ed62965c968031b49195c81\"},\"breadcrumb\":{\"@id\":\"https:\\\/\\\/diariodelsurdigital.com.ar\\\/?p=4797#breadcrumb\"},\"inLanguage\":\"es\",\"potentialAction\":[{\"@type\":\"ReadAction\",\"target\":[\"https:\\\/\\\/diariodelsurdigital.com.ar\\\/?p=4797\"]}]},{\"@type\":\"ImageObject\",\"inLanguage\":\"es\",\"@id\":\"https:\\\/\\\/diariodelsurdigital.com.ar\\\/?p=4797#primaryimage\",\"url\":\"https:\\\/\\\/diariodelsurdigital.com.ar\\\/wp-content\\\/uploads\\\/2025\\\/09\\\/md-2-3.webp\",\"contentUrl\":\"https:\\\/\\\/diariodelsurdigital.com.ar\\\/wp-content\\\/uploads\\\/2025\\\/09\\\/md-2-3.webp\",\"width\":992,\"height\":558},{\"@type\":\"BreadcrumbList\",\"@id\":\"https:\\\/\\\/diariodelsurdigital.com.ar\\\/?p=4797#breadcrumb\",\"itemListElement\":[{\"@type\":\"ListItem\",\"position\":1,\"name\":\"Portada\",\"item\":\"https:\\\/\\\/diariodelsurdigital.com.ar\\\/\"},{\"@type\":\"ListItem\",\"position\":2,\"name\":\"PAMI en crisis: Sueldos congelados, paros en todo el pa\u00eds y prestaciones en riesgo\"}]},{\"@type\":\"WebSite\",\"@id\":\"https:\\\/\\\/diariodelsurdigital.com.ar\\\/#website\",\"url\":\"https:\\\/\\\/diariodelsurdigital.com.ar\\\/\",\"name\":\"Diario del Sur\",\"description\":\"Digital\",\"potentialAction\":[{\"@type\":\"SearchAction\",\"target\":{\"@type\":\"EntryPoint\",\"urlTemplate\":\"https:\\\/\\\/diariodelsurdigital.com.ar\\\/?s={search_term_string}\"},\"query-input\":{\"@type\":\"PropertyValueSpecification\",\"valueRequired\":true,\"valueName\":\"search_term_string\"}}],\"inLanguage\":\"es\"},{\"@type\":\"Person\",\"@id\":\"https:\\\/\\\/diariodelsurdigital.com.ar\\\/#\\\/schema\\\/person\\\/1a4992532ed62965c968031b49195c81\",\"name\":\"Diario del Sur Digital\",\"image\":{\"@type\":\"ImageObject\",\"inLanguage\":\"es\",\"@id\":\"https:\\\/\\\/secure.gravatar.com\\\/avatar\\\/f0c7c47fc7146d19828273b9b8eda651c9c7ab583767e6338d3d3bee825adf76?s=96&d=mm&r=g\",\"url\":\"https:\\\/\\\/secure.gravatar.com\\\/avatar\\\/f0c7c47fc7146d19828273b9b8eda651c9c7ab583767e6338d3d3bee825adf76?s=96&d=mm&r=g\",\"contentUrl\":\"https:\\\/\\\/secure.gravatar.com\\\/avatar\\\/f0c7c47fc7146d19828273b9b8eda651c9c7ab583767e6338d3d3bee825adf76?s=96&d=mm&r=g\",\"caption\":\"Diario del Sur Digital\"},\"url\":\"https:\\\/\\\/diariodelsurdigital.com.ar\\\/?author=4\"}]}<\/script>\n<!-- \/ Yoast SEO plugin. -->","yoast_head_json":{"title":"PAMI en crisis: Sueldos congelados, paros en todo el pa\u00eds y prestaciones en riesgo - Diario del Sur","robots":{"index":"index","follow":"follow","max-snippet":"max-snippet:-1","max-image-preview":"max-image-preview:large","max-video-preview":"max-video-preview:-1"},"canonical":"https:\/\/diariodelsurdigital.com.ar\/?p=4797","og_locale":"es_ES","og_type":"article","og_title":"PAMI en crisis: Sueldos congelados, paros en todo el pa\u00eds y prestaciones en riesgo - Diario del Sur","og_description":"Con salarios estancados desde diciembre de 2024 y prestaciones en riesgo, los gremios intensifican medidas de fuerza y acciones judiciales para exigir paritarias y condiciones dignas. Los trabajadores del PAMI (Programa de Atenci\u00f3n M\u00e9dica Integral) enfrentan una crisis sin precedentes debido al congelamiento salarial desde diciembre de 2024, que desencaden\u00f3 un plan de lucha nacional [&hellip;]","og_url":"https:\/\/diariodelsurdigital.com.ar\/?p=4797","og_site_name":"Diario del Sur","article_published_time":"2025-09-23T17:49:39+00:00","article_modified_time":"2025-09-23T17:49:40+00:00","og_image":[{"width":992,"height":558,"url":"https:\/\/diariodelsurdigital.com.ar\/wp-content\/uploads\/2025\/09\/md-2-3.webp","type":"image\/webp"}],"author":"Diario del Sur Digital","twitter_card":"summary_large_image","twitter_misc":{"Escrito por":"Diario del Sur Digital","Tiempo de lectura":"3 minutos"},"schema":{"@context":"https:\/\/schema.org","@graph":[{"@type":"Article","@id":"https:\/\/diariodelsurdigital.com.ar\/?p=4797#article","isPartOf":{"@id":"https:\/\/diariodelsurdigital.com.ar\/?p=4797"},"author":{"name":"Diario del Sur Digital","@id":"https:\/\/diariodelsurdigital.com.ar\/#\/schema\/person\/1a4992532ed62965c968031b49195c81"},"headline":"PAMI en crisis: Sueldos congelados, paros en todo el pa\u00eds y prestaciones en riesgo","datePublished":"2025-09-23T17:49:39+00:00","dateModified":"2025-09-23T17:49:40+00:00","mainEntityOfPage":{"@id":"https:\/\/diariodelsurdigital.com.ar\/?p=4797"},"wordCount":550,"commentCount":0,"image":{"@id":"https:\/\/diariodelsurdigital.com.ar\/?p=4797#primaryimage"},"thumbnailUrl":"https:\/\/diariodelsurdigital.com.ar\/wp-content\/uploads\/2025\/09\/md-2-3.webp","articleSection":["Inter\u00e9s General"],"inLanguage":"es","potentialAction":[{"@type":"CommentAction","name":"Comment","target":["https:\/\/diariodelsurdigital.com.ar\/?p=4797#respond"]}]},{"@type":"WebPage","@id":"https:\/\/diariodelsurdigital.com.ar\/?p=4797","url":"https:\/\/diariodelsurdigital.com.ar\/?p=4797","name":"PAMI en crisis: Sueldos congelados, paros en todo el pa\u00eds y prestaciones en riesgo - Diario del Sur","isPartOf":{"@id":"https:\/\/diariodelsurdigital.com.ar\/#website"},"primaryImageOfPage":{"@id":"https:\/\/diariodelsurdigital.com.ar\/?p=4797#primaryimage"},"image":{"@id":"https:\/\/diariodelsurdigital.com.ar\/?p=4797#primaryimage"},"thumbnailUrl":"https:\/\/diariodelsurdigital.com.ar\/wp-content\/uploads\/2025\/09\/md-2-3.webp","datePublished":"2025-09-23T17:49:39+00:00","dateModified":"2025-09-23T17:49:40+00:00","author":{"@id":"https:\/\/diariodelsurdigital.com.ar\/#\/schema\/person\/1a4992532ed62965c968031b49195c81"},"breadcrumb":{"@id":"https:\/\/diariodelsurdigital.com.ar\/?p=4797#breadcrumb"},"inLanguage":"es","potentialAction":[{"@type":"ReadAction","target":["https:\/\/diariodelsurdigital.com.ar\/?p=4797"]}]},{"@type":"ImageObject","inLanguage":"es","@id":"https:\/\/diariodelsurdigital.com.ar\/?p=4797#primaryimage","url":"https:\/\/diariodelsurdigital.com.ar\/wp-content\/uploads\/2025\/09\/md-2-3.webp","contentUrl":"https:\/\/diariodelsurdigital.com.ar\/wp-content\/uploads\/2025\/09\/md-2-3.webp","width":992,"height":558},{"@type":"BreadcrumbList","@id":"https:\/\/diariodelsurdigital.com.ar\/?p=4797#breadcrumb","itemListElement":[{"@type":"ListItem","position":1,"name":"Portada","item":"https:\/\/diariodelsurdigital.com.ar\/"},{"@type":"ListItem","position":2,"name":"PAMI en crisis: Sueldos congelados, paros en todo el pa\u00eds y prestaciones en riesgo"}]},{"@type":"WebSite","@id":"https:\/\/diariodelsurdigital.com.ar\/#website","url":"https:\/\/diariodelsurdigital.com.ar\/","name":"Diario del Sur","description":"Digital","potentialAction":[{"@type":"SearchAction","target":{"@type":"EntryPoint","urlTemplate":"https:\/\/diariodelsurdigital.com.ar\/?s={search_term_string}"},"query-input":{"@type":"PropertyValueSpecification","valueRequired":true,"valueName":"search_term_string"}}],"inLanguage":"es"},{"@type":"Person","@id":"https:\/\/diariodelsurdigital.com.ar\/#\/schema\/person\/1a4992532ed62965c968031b49195c81","name":"Diario del Sur Digital","image":{"@type":"ImageObject","inLanguage":"es","@id":"https:\/\/secure.gravatar.com\/avatar\/f0c7c47fc7146d19828273b9b8eda651c9c7ab583767e6338d3d3bee825adf76?s=96&d=mm&r=g","url":"https:\/\/secure.gravatar.com\/avatar\/f0c7c47fc7146d19828273b9b8eda651c9c7ab583767e6338d3d3bee825adf76?s=96&d=mm&r=g","contentUrl":"https:\/\/secure.gravatar.com\/avatar\/f0c7c47fc7146d19828273b9b8eda651c9c7ab583767e6338d3d3bee825adf76?s=96&d=mm&r=g","caption":"Diario del Sur Digital"},"url":"https:\/\/diariodelsurdigital.com.ar\/?author=4"}]}},"_links":{"self":[{"href":"https:\/\/diariodelsurdigital.com.ar\/index.php?rest_route=\/wp\/v2\/posts\/4797","targetHints":{"allow":["GET"]}}],"collection":[{"href":"https:\/\/diariodelsurdigital.com.ar\/index.php?rest_route=\/wp\/v2\/posts"}],"about":[{"href":"https:\/\/diariodelsurdigital.com.ar\/index.php?rest_route=\/wp\/v2\/types\/post"}],"author":[{"embeddable":true,"href":"https:\/\/diariodelsurdigital.com.ar\/index.php?rest_route=\/wp\/v2\/users\/4"}],"replies":[{"embeddable":true,"href":"https:\/\/diariodelsurdigital.com.ar\/index.php?rest_route=%2Fwp%2Fv2%2Fcomments&post=4797"}],"version-history":[{"count":1,"href":"https:\/\/diariodelsurdigital.com.ar\/index.php?rest_route=\/wp\/v2\/posts\/4797\/revisions"}],"predecessor-version":[{"id":4799,"href":"https:\/\/diariodelsurdigital.com.ar\/index.php?rest_route=\/wp\/v2\/posts\/4797\/revisions\/4799"}],"wp:featuredmedia":[{"embeddable":true,"href":"https:\/\/diariodelsurdigital.com.ar\/index.php?rest_route=\/wp\/v2\/media\/4798"}],"wp:attachment":[{"href":"https:\/\/diariodelsurdigital.com.ar\/index.php?rest_route=%2Fwp%2Fv2%2Fmedia&parent=4797"}],"wp:term":[{"taxonomy":"category","embeddable":true,"href":"https:\/\/diariodelsurdigital.com.ar\/index.php?rest_route=%2Fwp%2Fv2%2Fcategories&post=4797"},{"taxonomy":"post_tag","embeddable":true,"href":"https:\/\/diariodelsurdigital.com.ar\/index.php?rest_route=%2Fwp%2Fv2%2Ftags&post=4797"}],"curies":[{"name":"wp","href":"https:\/\/api.w.org\/{rel}","templated":true}]}}