{"id":4800,"date":"2025-09-23T14:52:01","date_gmt":"2025-09-23T17:52:01","guid":{"rendered":"https:\/\/diariodelsurdigital.com.ar\/?p=4800"},"modified":"2025-09-23T14:52:02","modified_gmt":"2025-09-23T17:52:02","slug":"crisis-salarial-8-de-cada-10-argentinos-no-cubre-sus-necesidades-basicas-y-el-sueldo-se-les-acaba-en-menos-de-dos-semanas","status":"publish","type":"post","link":"https:\/\/diariodelsurdigital.com.ar\/?p=4800","title":{"rendered":"Crisis salarial: 8 de cada 10 argentinos no cubre sus necesidades b\u00e1sicas y el sueldo se les acaba en menos de dos semanas"},"content":{"rendered":"\n<p>El 86% de los trabajadores en Argentina afirma que su salario no cubre sus necesidades b\u00e1sicas. Adem\u00e1s, el 58% de quienes integran la fuerza laboral se\u00f1ala que su poder adquisitivo se redujo en los \u00faltimos meses, lo cual refleja la percepci\u00f3n generalizada de insatisfacci\u00f3n con los ingresos y la p\u00e9rdida de capacidad de compra. La mayor\u00eda no logra conservar su sueldo m\u00e1s de dos semanas.<\/p>\n\n\n\n<p><\/p>\n\n\n\n<p>As\u00ed surge de un informe de Bumeran que tambi\u00e9n relev\u00f3 la situaci\u00f3n salarial en el resto de los pa\u00edses de la regi\u00f3n. En Panam\u00e1, el 92% de los trabajadores declara que su ingreso no cubre lo esencial; en Ecuador, el 89%; en Per\u00fa, el 84%; y en Chile, el 83%.<\/p>\n\n\n\n<p>En el plano local, casi 6 de cada 10 encuestados sostiene que su situaci\u00f3n econ\u00f3mica personal empeor\u00f3 en los \u00faltimos meses, siendo el porcentaje m\u00e1s alto entre los pa\u00edses analizados. En Chile, el 46% comparte esta percepci\u00f3n; en Panam\u00e1, el 35%; en Ecuador, el 32%; y en Per\u00fa, el 27 por ciento.<\/p>\n\n\n\n<p>Solo un 10% de los argentinos consultados asegura que su poder adquisitivo mejor\u00f3, mientras que el 32% indica que se mantuvo igual.<\/p>\n\n\n\n<p>Federico Barni, CEO de Bumeran, dijo: \u201cEstos datos abren el interrogante sobre si los ajustes salariales son realmente suficientes para acompa\u00f1ar el costo de vida y garantizar condiciones acordes para los trabajadores\u201d.<\/p>\n\n\n\n<p>En cuanto a los principales gastos, el 43% de los asalariados identifica el alquiler como su mayor desembolso mensual, seguido por el 30% que se\u00f1ala la alimentaci\u00f3n, el 12% el pago de deudas, el 5% la educaci\u00f3n, el 3% el transporte, otro 3% la salud, el 2% otros<\/p>\n\n\n\n<p>Esto explica en gran medida la tibia y heterog\u00e9nea recuperaci\u00f3n de la demanda. Seg\u00fan Scentia, el consumo masivo retrocedi\u00f3 1,9% en agosto, pese a un avance del 4% interanual, partiendo desde una base baja de comparaci\u00f3n. A su vez, las ventas minoristas de las pymes se contrajeron 2,6% en agosto en comparaci\u00f3n con igual mes de 2024 y 2,2% respecto de julio.<\/p>\n\n\n\n<p>La duraci\u00f3n del salario es otro indicador de la fragilidad econ\u00f3mica. El 26% de los argentinos, de acuerdo a Bumeran, afirma que su sueldo solo les alcanza para dos semanas, mientras que el 24% destina el total de su ingreso al pago de cuentas apenas lo recibe. El 16% logra que dure tres semanas, el 13% menos de una semana, el 11% todo el mes y el 10% apenas una semana.<\/p>\n\n\n\n<p>En ese contexto, el 89% de los talentos dice que no puede ahorrar. La cifra se alinea con lo que sucede en el resto de la regi\u00f3n: en primer lugar se encuentra Chile con el 92%, seguido por Ecuador con el 90%; Per\u00fa con el 84%; y Panam\u00e1 con el 77%.<\/p>\n\n\n\n<p>Por otra parte, el 31% de los argentinos que logra reservar una parte de su salario lo invierte en fondos de inversi\u00f3n, el 25% compra d\u00f3lares u otra moneda extranjera, el 18% adquiere acciones o bonos, el 12% lo mantiene en una cuenta de ahorro bancaria y el 7% opta por plazos fijos.<\/p>\n\n\n\n<p>Las razones para no ahorrar se concentran en la insuficiencia de ingresos: el 62% de los encuestados se\u00f1ala que su salario no alcanza, el 13% prioriza el pago de cuentas, el 11% enfrenta demasiados gastos, otro 11% tiene deudas y el 3% menciona otros motivos.<\/p>\n\n\n\n<p>El endeudamiento es otro aspecto que gana terreno. El 72% de los trabajadores reconoce tener alg\u00fan tipo de deuda. En Ecuador y Panam\u00e1, la proporci\u00f3n asciende al 93%; en Chile, al 91%; y en Per\u00fa, al 80%.<\/p>\n\n\n\n<p>Ante la posibilidad de un aumento salarial, el 37% usar\u00eda la mejora para el pago de deudas, el 27% optar\u00eda por ahorrar, el 17% lo emplear\u00eda en alimentaci\u00f3n y recreaci\u00f3n, el 16% invertir\u00eda y el 3% lo utilizar\u00eda en otros rubros.<\/p>\n\n\n\n<p>Vale destacar sobre la primera menci\u00f3n que la morosidad bancaria evidencia una tendencia al alza. En julio, el nivel general de incumplimiento lleg\u00f3 al 3,2%. El atraso en los pagos de pr\u00e9stamos a familias alcanz\u00f3 el 5,6%, el nivel m\u00e1s alto desde 2008, precis\u00f3 el CEPA, public\u00f3 InfoBae.<\/p>\n\n\n\n<p>El informe mensual del Banco Central (BCRA) detalla que el 7,2% de los pr\u00e9stamos personales en el sector privado presenta alg\u00fan tipo de irregularidad, cifra que representa un retorno a los valores de 2020. En lo que refiere a tarjetas de cr\u00e9dito, la frecuencia de atraso tambi\u00e9n empeor\u00f3 y se ubic\u00f3 en 4,8%.<\/p>\n","protected":false},"excerpt":{"rendered":"<p>El 86% de los trabajadores en Argentina afirma que su salario no cubre sus necesidades b\u00e1sicas. Adem\u00e1s, el 58% de quienes integran la fuerza laboral se\u00f1ala que su poder adquisitivo se redujo en los \u00faltimos meses, lo cual refleja la percepci\u00f3n generalizada de insatisfacci\u00f3n con los ingresos y la p\u00e9rdida de capacidad de compra. La [&hellip;]<\/p>\n","protected":false},"author":4,"featured_media":4801,"comment_status":"open","ping_status":"open","sticky":false,"template":"","format":"standard","meta":{"footnotes":""},"categories":[19,18],"tags":[],"class_list":{"0":"post-4800","1":"post","2":"type-post","3":"status-publish","4":"format-standard","5":"has-post-thumbnail","7":"category-interes-general","8":"category-nacionales"},"yoast_head":"<!-- This site is optimized with the Yoast SEO plugin v27.4 - https:\/\/yoast.com\/product\/yoast-seo-wordpress\/ -->\n<title>Crisis salarial: 8 de cada 10 argentinos no cubre sus necesidades b\u00e1sicas y el sueldo se les acaba en menos de dos semanas - Diario del Sur<\/title>\n<meta name=\"robots\" content=\"index, follow, max-snippet:-1, max-image-preview:large, max-video-preview:-1\" \/>\n<link rel=\"canonical\" href=\"https:\/\/diariodelsurdigital.com.ar\/?p=4800\" \/>\n<meta property=\"og:locale\" content=\"es_ES\" \/>\n<meta property=\"og:type\" content=\"article\" \/>\n<meta property=\"og:title\" content=\"Crisis salarial: 8 de cada 10 argentinos no cubre sus necesidades b\u00e1sicas y el sueldo se les acaba en menos de dos semanas - Diario del Sur\" \/>\n<meta property=\"og:description\" content=\"El 86% de los trabajadores en Argentina afirma que su salario no cubre sus necesidades b\u00e1sicas. Adem\u00e1s, el 58% de quienes integran la fuerza laboral se\u00f1ala que su poder adquisitivo se redujo en los \u00faltimos meses, lo cual refleja la percepci\u00f3n generalizada de insatisfacci\u00f3n con los ingresos y la p\u00e9rdida de capacidad de compra. La [&hellip;]\" \/>\n<meta property=\"og:url\" content=\"https:\/\/diariodelsurdigital.com.ar\/?p=4800\" \/>\n<meta property=\"og:site_name\" content=\"Diario del Sur\" \/>\n<meta property=\"article:published_time\" content=\"2025-09-23T17:52:01+00:00\" \/>\n<meta property=\"article:modified_time\" content=\"2025-09-23T17:52:02+00:00\" \/>\n<meta property=\"og:image\" content=\"https:\/\/diariodelsurdigital.com.ar\/wp-content\/uploads\/2025\/09\/md-3-2.webp\" \/>\n\t<meta property=\"og:image:width\" content=\"992\" \/>\n\t<meta property=\"og:image:height\" content=\"596\" \/>\n\t<meta property=\"og:image:type\" content=\"image\/webp\" \/>\n<meta name=\"author\" content=\"Diario del Sur Digital\" \/>\n<meta name=\"twitter:card\" content=\"summary_large_image\" \/>\n<meta name=\"twitter:label1\" content=\"Escrito por\" \/>\n\t<meta name=\"twitter:data1\" content=\"Diario del Sur Digital\" \/>\n\t<meta name=\"twitter:label2\" content=\"Tiempo de lectura\" \/>\n\t<meta name=\"twitter:data2\" content=\"4 minutos\" \/>\n<script type=\"application\/ld+json\" class=\"yoast-schema-graph\">{\"@context\":\"https:\\\/\\\/schema.org\",\"@graph\":[{\"@type\":\"Article\",\"@id\":\"https:\\\/\\\/diariodelsurdigital.com.ar\\\/?p=4800#article\",\"isPartOf\":{\"@id\":\"https:\\\/\\\/diariodelsurdigital.com.ar\\\/?p=4800\"},\"author\":{\"name\":\"Diario del Sur Digital\",\"@id\":\"https:\\\/\\\/diariodelsurdigital.com.ar\\\/#\\\/schema\\\/person\\\/1a4992532ed62965c968031b49195c81\"},\"headline\":\"Crisis salarial: 8 de cada 10 argentinos no cubre sus necesidades b\u00e1sicas y el sueldo se les acaba en menos de dos semanas\",\"datePublished\":\"2025-09-23T17:52:01+00:00\",\"dateModified\":\"2025-09-23T17:52:02+00:00\",\"mainEntityOfPage\":{\"@id\":\"https:\\\/\\\/diariodelsurdigital.com.ar\\\/?p=4800\"},\"wordCount\":738,\"commentCount\":0,\"image\":{\"@id\":\"https:\\\/\\\/diariodelsurdigital.com.ar\\\/?p=4800#primaryimage\"},\"thumbnailUrl\":\"https:\\\/\\\/diariodelsurdigital.com.ar\\\/wp-content\\\/uploads\\\/2025\\\/09\\\/md-3-2.webp\",\"articleSection\":[\"Inter\u00e9s General\",\"Nacionales\"],\"inLanguage\":\"es\",\"potentialAction\":[{\"@type\":\"CommentAction\",\"name\":\"Comment\",\"target\":[\"https:\\\/\\\/diariodelsurdigital.com.ar\\\/?p=4800#respond\"]}]},{\"@type\":\"WebPage\",\"@id\":\"https:\\\/\\\/diariodelsurdigital.com.ar\\\/?p=4800\",\"url\":\"https:\\\/\\\/diariodelsurdigital.com.ar\\\/?p=4800\",\"name\":\"Crisis salarial: 8 de cada 10 argentinos no cubre sus necesidades b\u00e1sicas y el sueldo se les acaba en menos de dos semanas - Diario del Sur\",\"isPartOf\":{\"@id\":\"https:\\\/\\\/diariodelsurdigital.com.ar\\\/#website\"},\"primaryImageOfPage\":{\"@id\":\"https:\\\/\\\/diariodelsurdigital.com.ar\\\/?p=4800#primaryimage\"},\"image\":{\"@id\":\"https:\\\/\\\/diariodelsurdigital.com.ar\\\/?p=4800#primaryimage\"},\"thumbnailUrl\":\"https:\\\/\\\/diariodelsurdigital.com.ar\\\/wp-content\\\/uploads\\\/2025\\\/09\\\/md-3-2.webp\",\"datePublished\":\"2025-09-23T17:52:01+00:00\",\"dateModified\":\"2025-09-23T17:52:02+00:00\",\"author\":{\"@id\":\"https:\\\/\\\/diariodelsurdigital.com.ar\\\/#\\\/schema\\\/person\\\/1a4992532ed62965c968031b49195c81\"},\"breadcrumb\":{\"@id\":\"https:\\\/\\\/diariodelsurdigital.com.ar\\\/?p=4800#breadcrumb\"},\"inLanguage\":\"es\",\"potentialAction\":[{\"@type\":\"ReadAction\",\"target\":[\"https:\\\/\\\/diariodelsurdigital.com.ar\\\/?p=4800\"]}]},{\"@type\":\"ImageObject\",\"inLanguage\":\"es\",\"@id\":\"https:\\\/\\\/diariodelsurdigital.com.ar\\\/?p=4800#primaryimage\",\"url\":\"https:\\\/\\\/diariodelsurdigital.com.ar\\\/wp-content\\\/uploads\\\/2025\\\/09\\\/md-3-2.webp\",\"contentUrl\":\"https:\\\/\\\/diariodelsurdigital.com.ar\\\/wp-content\\\/uploads\\\/2025\\\/09\\\/md-3-2.webp\",\"width\":992,\"height\":596},{\"@type\":\"BreadcrumbList\",\"@id\":\"https:\\\/\\\/diariodelsurdigital.com.ar\\\/?p=4800#breadcrumb\",\"itemListElement\":[{\"@type\":\"ListItem\",\"position\":1,\"name\":\"Portada\",\"item\":\"https:\\\/\\\/diariodelsurdigital.com.ar\\\/\"},{\"@type\":\"ListItem\",\"position\":2,\"name\":\"Crisis salarial: 8 de cada 10 argentinos no cubre sus necesidades b\u00e1sicas y el sueldo se les acaba en menos de dos semanas\"}]},{\"@type\":\"WebSite\",\"@id\":\"https:\\\/\\\/diariodelsurdigital.com.ar\\\/#website\",\"url\":\"https:\\\/\\\/diariodelsurdigital.com.ar\\\/\",\"name\":\"Diario del Sur\",\"description\":\"Digital\",\"potentialAction\":[{\"@type\":\"SearchAction\",\"target\":{\"@type\":\"EntryPoint\",\"urlTemplate\":\"https:\\\/\\\/diariodelsurdigital.com.ar\\\/?s={search_term_string}\"},\"query-input\":{\"@type\":\"PropertyValueSpecification\",\"valueRequired\":true,\"valueName\":\"search_term_string\"}}],\"inLanguage\":\"es\"},{\"@type\":\"Person\",\"@id\":\"https:\\\/\\\/diariodelsurdigital.com.ar\\\/#\\\/schema\\\/person\\\/1a4992532ed62965c968031b49195c81\",\"name\":\"Diario del Sur Digital\",\"image\":{\"@type\":\"ImageObject\",\"inLanguage\":\"es\",\"@id\":\"https:\\\/\\\/secure.gravatar.com\\\/avatar\\\/f0c7c47fc7146d19828273b9b8eda651c9c7ab583767e6338d3d3bee825adf76?s=96&d=mm&r=g\",\"url\":\"https:\\\/\\\/secure.gravatar.com\\\/avatar\\\/f0c7c47fc7146d19828273b9b8eda651c9c7ab583767e6338d3d3bee825adf76?s=96&d=mm&r=g\",\"contentUrl\":\"https:\\\/\\\/secure.gravatar.com\\\/avatar\\\/f0c7c47fc7146d19828273b9b8eda651c9c7ab583767e6338d3d3bee825adf76?s=96&d=mm&r=g\",\"caption\":\"Diario del Sur Digital\"},\"url\":\"https:\\\/\\\/diariodelsurdigital.com.ar\\\/?author=4\"}]}<\/script>\n<!-- \/ Yoast SEO plugin. -->","yoast_head_json":{"title":"Crisis salarial: 8 de cada 10 argentinos no cubre sus necesidades b\u00e1sicas y el sueldo se les acaba en menos de dos semanas - Diario del Sur","robots":{"index":"index","follow":"follow","max-snippet":"max-snippet:-1","max-image-preview":"max-image-preview:large","max-video-preview":"max-video-preview:-1"},"canonical":"https:\/\/diariodelsurdigital.com.ar\/?p=4800","og_locale":"es_ES","og_type":"article","og_title":"Crisis salarial: 8 de cada 10 argentinos no cubre sus necesidades b\u00e1sicas y el sueldo se les acaba en menos de dos semanas - Diario del Sur","og_description":"El 86% de los trabajadores en Argentina afirma que su salario no cubre sus necesidades b\u00e1sicas. Adem\u00e1s, el 58% de quienes integran la fuerza laboral se\u00f1ala que su poder adquisitivo se redujo en los \u00faltimos meses, lo cual refleja la percepci\u00f3n generalizada de insatisfacci\u00f3n con los ingresos y la p\u00e9rdida de capacidad de compra. La [&hellip;]","og_url":"https:\/\/diariodelsurdigital.com.ar\/?p=4800","og_site_name":"Diario del Sur","article_published_time":"2025-09-23T17:52:01+00:00","article_modified_time":"2025-09-23T17:52:02+00:00","og_image":[{"width":992,"height":596,"url":"https:\/\/diariodelsurdigital.com.ar\/wp-content\/uploads\/2025\/09\/md-3-2.webp","type":"image\/webp"}],"author":"Diario del Sur Digital","twitter_card":"summary_large_image","twitter_misc":{"Escrito por":"Diario del Sur Digital","Tiempo de lectura":"4 minutos"},"schema":{"@context":"https:\/\/schema.org","@graph":[{"@type":"Article","@id":"https:\/\/diariodelsurdigital.com.ar\/?p=4800#article","isPartOf":{"@id":"https:\/\/diariodelsurdigital.com.ar\/?p=4800"},"author":{"name":"Diario del Sur Digital","@id":"https:\/\/diariodelsurdigital.com.ar\/#\/schema\/person\/1a4992532ed62965c968031b49195c81"},"headline":"Crisis salarial: 8 de cada 10 argentinos no cubre sus necesidades b\u00e1sicas y el sueldo se les acaba en menos de dos semanas","datePublished":"2025-09-23T17:52:01+00:00","dateModified":"2025-09-23T17:52:02+00:00","mainEntityOfPage":{"@id":"https:\/\/diariodelsurdigital.com.ar\/?p=4800"},"wordCount":738,"commentCount":0,"image":{"@id":"https:\/\/diariodelsurdigital.com.ar\/?p=4800#primaryimage"},"thumbnailUrl":"https:\/\/diariodelsurdigital.com.ar\/wp-content\/uploads\/2025\/09\/md-3-2.webp","articleSection":["Inter\u00e9s General","Nacionales"],"inLanguage":"es","potentialAction":[{"@type":"CommentAction","name":"Comment","target":["https:\/\/diariodelsurdigital.com.ar\/?p=4800#respond"]}]},{"@type":"WebPage","@id":"https:\/\/diariodelsurdigital.com.ar\/?p=4800","url":"https:\/\/diariodelsurdigital.com.ar\/?p=4800","name":"Crisis salarial: 8 de cada 10 argentinos no cubre sus necesidades b\u00e1sicas y el sueldo se les acaba en menos de dos semanas - Diario del Sur","isPartOf":{"@id":"https:\/\/diariodelsurdigital.com.ar\/#website"},"primaryImageOfPage":{"@id":"https:\/\/diariodelsurdigital.com.ar\/?p=4800#primaryimage"},"image":{"@id":"https:\/\/diariodelsurdigital.com.ar\/?p=4800#primaryimage"},"thumbnailUrl":"https:\/\/diariodelsurdigital.com.ar\/wp-content\/uploads\/2025\/09\/md-3-2.webp","datePublished":"2025-09-23T17:52:01+00:00","dateModified":"2025-09-23T17:52:02+00:00","author":{"@id":"https:\/\/diariodelsurdigital.com.ar\/#\/schema\/person\/1a4992532ed62965c968031b49195c81"},"breadcrumb":{"@id":"https:\/\/diariodelsurdigital.com.ar\/?p=4800#breadcrumb"},"inLanguage":"es","potentialAction":[{"@type":"ReadAction","target":["https:\/\/diariodelsurdigital.com.ar\/?p=4800"]}]},{"@type":"ImageObject","inLanguage":"es","@id":"https:\/\/diariodelsurdigital.com.ar\/?p=4800#primaryimage","url":"https:\/\/diariodelsurdigital.com.ar\/wp-content\/uploads\/2025\/09\/md-3-2.webp","contentUrl":"https:\/\/diariodelsurdigital.com.ar\/wp-content\/uploads\/2025\/09\/md-3-2.webp","width":992,"height":596},{"@type":"BreadcrumbList","@id":"https:\/\/diariodelsurdigital.com.ar\/?p=4800#breadcrumb","itemListElement":[{"@type":"ListItem","position":1,"name":"Portada","item":"https:\/\/diariodelsurdigital.com.ar\/"},{"@type":"ListItem","position":2,"name":"Crisis salarial: 8 de cada 10 argentinos no cubre sus necesidades b\u00e1sicas y el sueldo se les acaba en menos de dos semanas"}]},{"@type":"WebSite","@id":"https:\/\/diariodelsurdigital.com.ar\/#website","url":"https:\/\/diariodelsurdigital.com.ar\/","name":"Diario del Sur","description":"Digital","potentialAction":[{"@type":"SearchAction","target":{"@type":"EntryPoint","urlTemplate":"https:\/\/diariodelsurdigital.com.ar\/?s={search_term_string}"},"query-input":{"@type":"PropertyValueSpecification","valueRequired":true,"valueName":"search_term_string"}}],"inLanguage":"es"},{"@type":"Person","@id":"https:\/\/diariodelsurdigital.com.ar\/#\/schema\/person\/1a4992532ed62965c968031b49195c81","name":"Diario del Sur Digital","image":{"@type":"ImageObject","inLanguage":"es","@id":"https:\/\/secure.gravatar.com\/avatar\/f0c7c47fc7146d19828273b9b8eda651c9c7ab583767e6338d3d3bee825adf76?s=96&d=mm&r=g","url":"https:\/\/secure.gravatar.com\/avatar\/f0c7c47fc7146d19828273b9b8eda651c9c7ab583767e6338d3d3bee825adf76?s=96&d=mm&r=g","contentUrl":"https:\/\/secure.gravatar.com\/avatar\/f0c7c47fc7146d19828273b9b8eda651c9c7ab583767e6338d3d3bee825adf76?s=96&d=mm&r=g","caption":"Diario del Sur Digital"},"url":"https:\/\/diariodelsurdigital.com.ar\/?author=4"}]}},"_links":{"self":[{"href":"https:\/\/diariodelsurdigital.com.ar\/index.php?rest_route=\/wp\/v2\/posts\/4800","targetHints":{"allow":["GET"]}}],"collection":[{"href":"https:\/\/diariodelsurdigital.com.ar\/index.php?rest_route=\/wp\/v2\/posts"}],"about":[{"href":"https:\/\/diariodelsurdigital.com.ar\/index.php?rest_route=\/wp\/v2\/types\/post"}],"author":[{"embeddable":true,"href":"https:\/\/diariodelsurdigital.com.ar\/index.php?rest_route=\/wp\/v2\/users\/4"}],"replies":[{"embeddable":true,"href":"https:\/\/diariodelsurdigital.com.ar\/index.php?rest_route=%2Fwp%2Fv2%2Fcomments&post=4800"}],"version-history":[{"count":1,"href":"https:\/\/diariodelsurdigital.com.ar\/index.php?rest_route=\/wp\/v2\/posts\/4800\/revisions"}],"predecessor-version":[{"id":4802,"href":"https:\/\/diariodelsurdigital.com.ar\/index.php?rest_route=\/wp\/v2\/posts\/4800\/revisions\/4802"}],"wp:featuredmedia":[{"embeddable":true,"href":"https:\/\/diariodelsurdigital.com.ar\/index.php?rest_route=\/wp\/v2\/media\/4801"}],"wp:attachment":[{"href":"https:\/\/diariodelsurdigital.com.ar\/index.php?rest_route=%2Fwp%2Fv2%2Fmedia&parent=4800"}],"wp:term":[{"taxonomy":"category","embeddable":true,"href":"https:\/\/diariodelsurdigital.com.ar\/index.php?rest_route=%2Fwp%2Fv2%2Fcategories&post=4800"},{"taxonomy":"post_tag","embeddable":true,"href":"https:\/\/diariodelsurdigital.com.ar\/index.php?rest_route=%2Fwp%2Fv2%2Ftags&post=4800"}],"curies":[{"name":"wp","href":"https:\/\/api.w.org\/{rel}","templated":true}]}}